{"id":42587,"date":"2023-07-22T18:46:00","date_gmt":"2023-07-22T21:46:00","guid":{"rendered":"http:\/\/ondauno.com.ar\/?p=42587"},"modified":"2023-07-22T18:49:21","modified_gmt":"2023-07-22T21:49:21","slug":"vuelo-sanitario-a-la-plata-derivacion-de-un-paciente-con-emergencia-medica","status":"publish","type":"post","link":"https:\/\/ondauno.com.ar\/index.php\/2023\/07\/22\/vuelo-sanitario-a-la-plata-derivacion-de-un-paciente-con-emergencia-medica\/","title":{"rendered":"Vuelo sanitario a La Plata: derivaci\u00f3n de un paciente con emergencia m\u00e9dica"},"content":{"rendered":"<div class=\"ondau-before-content_3\" style=\"margin-top: -30px;\" id=\"ondau-1545290515\"><a href=\"https:\/\/www.lps.com.ar\/\" aria-label=\"la-perse2\"><img loading=\"lazy\" decoding=\"async\" src=\"https:\/\/ondauno.com.ar\/wp-content\/uploads\/2021\/10\/la-perse2.jpg\" alt=\"\"  srcset=\"https:\/\/ondauno.com.ar\/wp-content\/uploads\/2021\/10\/la-perse2.jpg 1353w, https:\/\/ondauno.com.ar\/wp-content\/uploads\/2021\/10\/la-perse2-300x43.jpg 300w, https:\/\/ondauno.com.ar\/wp-content\/uploads\/2021\/10\/la-perse2-1024x148.jpg 1024w, https:\/\/ondauno.com.ar\/wp-content\/uploads\/2021\/10\/la-perse2-768x111.jpg 768w, https:\/\/ondauno.com.ar\/wp-content\/uploads\/2021\/10\/la-perse2-696x100.jpg 696w, https:\/\/ondauno.com.ar\/wp-content\/uploads\/2021\/10\/la-perse2-1068x154.jpg 1068w\" sizes=\"(max-width: 1353px) 100vw, 1353px\" class=\"no-lazyload\" width=\"1353\" height=\"195\"  style=\"display: inline-block;\" \/><\/a><\/div>\n<p>En un operativo coordinado y veloz, a las 14 hs de este sabado, se realiz\u00f3 un vuelo sanitario para la derivaci\u00f3n de un paciente masculino de 61 a\u00f1os con diagn\u00f3stico de Hemorragia intraparenquimatosa con vuelco ventricular. El paciente fue trasladado desde la Unidad de Cuidados Intensivos del Centro de Salud al Hospital Alejandro Korn Romero en La Plata.<\/p>\n\n\n\n<p>El vuelo sanitario fue llevado a cabo a bordo de un Cessna Caravan, matr\u00edcula LV-WYZ, perteneciente a la Direcci\u00f3n de Aeron\u00e1utica de la provincia de Buenos Aires. Este tipo de operativos requiere de una r\u00e1pida y eficiente coordinaci\u00f3n entre diferentes entidades y servicios para garantizar la atenci\u00f3n m\u00e9dica adecuada durante el traslado.<\/p>\n\n\n\n<div class=\"wp-block-jetpack-tiled-gallery aligncenter is-style-rectangular\"><div class=\"tiled-gallery__gallery\"><div class=\"tiled-gallery__row\"><div class=\"tiled-gallery__col\"><figure class=\"tiled-gallery__item\"><img decoding=\"async\" data-srcset=\"https:\/\/i0.wp.com\/ondauno.com.ar\/wp-content\/uploads\/2023\/07\/WhatsApp-Image-2023-07-22-at-15.08.46.jpeg?strip=info&#038;w=600&#038;ssl=1 600w,https:\/\/i0.wp.com\/ondauno.com.ar\/wp-content\/uploads\/2023\/07\/WhatsApp-Image-2023-07-22-at-15.08.46.jpeg?strip=info&#038;w=900&#038;ssl=1 900w,https:\/\/i0.wp.com\/ondauno.com.ar\/wp-content\/uploads\/2023\/07\/WhatsApp-Image-2023-07-22-at-15.08.46.jpeg?strip=info&#038;w=1200&#038;ssl=1 1200w\" alt=\"\" data-height=\"1600\" data-id=\"42590\" data-link=\"https:\/\/ondauno.com.ar\/?attachment_id=42590\" data-url=\"https:\/\/ondauno.com.ar\/wp-content\/uploads\/2023\/07\/WhatsApp-Image-2023-07-22-at-15.08.46.jpeg\" data-width=\"1200\" data-src=\"https:\/\/i0.wp.com\/ondauno.com.ar\/wp-content\/uploads\/2023\/07\/WhatsApp-Image-2023-07-22-at-15.08.46.jpeg?ssl=1\" src=\"data:image\/gif;base64,R0lGODlhAQABAAAAACH5BAEKAAEALAAAAAABAAEAAAICTAEAOw==\" class=\"lazyload\" \/><noscript><img decoding=\"async\" srcset=\"https:\/\/i0.wp.com\/ondauno.com.ar\/wp-content\/uploads\/2023\/07\/WhatsApp-Image-2023-07-22-at-15.08.46.jpeg?strip=info&#038;w=600&#038;ssl=1 600w,https:\/\/i0.wp.com\/ondauno.com.ar\/wp-content\/uploads\/2023\/07\/WhatsApp-Image-2023-07-22-at-15.08.46.jpeg?strip=info&#038;w=900&#038;ssl=1 900w,https:\/\/i0.wp.com\/ondauno.com.ar\/wp-content\/uploads\/2023\/07\/WhatsApp-Image-2023-07-22-at-15.08.46.jpeg?strip=info&#038;w=1200&#038;ssl=1 1200w\" alt=\"\" data-height=\"1600\" data-id=\"42590\" data-link=\"https:\/\/ondauno.com.ar\/?attachment_id=42590\" data-url=\"https:\/\/ondauno.com.ar\/wp-content\/uploads\/2023\/07\/WhatsApp-Image-2023-07-22-at-15.08.46.jpeg\" data-width=\"1200\" src=\"https:\/\/i0.wp.com\/ondauno.com.ar\/wp-content\/uploads\/2023\/07\/WhatsApp-Image-2023-07-22-at-15.08.46.jpeg?ssl=1\"\/><\/noscript><\/figure><\/div><div class=\"tiled-gallery__col\"><figure class=\"tiled-gallery__item\"><img decoding=\"async\" data-srcset=\"https:\/\/i0.wp.com\/ondauno.com.ar\/wp-content\/uploads\/2023\/07\/WhatsApp-Image-2023-07-22-at-15.22.37-1.jpeg?strip=info&#038;w=600&#038;ssl=1 600w,https:\/\/i0.wp.com\/ondauno.com.ar\/wp-content\/uploads\/2023\/07\/WhatsApp-Image-2023-07-22-at-15.22.37-1.jpeg?strip=info&#038;w=900&#038;ssl=1 900w,https:\/\/i0.wp.com\/ondauno.com.ar\/wp-content\/uploads\/2023\/07\/WhatsApp-Image-2023-07-22-at-15.22.37-1.jpeg?strip=info&#038;w=1200&#038;ssl=1 1200w,https:\/\/i0.wp.com\/ondauno.com.ar\/wp-content\/uploads\/2023\/07\/WhatsApp-Image-2023-07-22-at-15.22.37-1.jpeg?strip=info&#038;w=1280&#038;ssl=1 1280w\" alt=\"\" data-height=\"960\" data-id=\"42588\" data-link=\"https:\/\/ondauno.com.ar\/?attachment_id=42588\" data-url=\"https:\/\/ondauno.com.ar\/wp-content\/uploads\/2023\/07\/WhatsApp-Image-2023-07-22-at-15.22.37-1.jpeg\" data-width=\"1280\" data-src=\"https:\/\/i0.wp.com\/ondauno.com.ar\/wp-content\/uploads\/2023\/07\/WhatsApp-Image-2023-07-22-at-15.22.37-1.jpeg?ssl=1\" src=\"data:image\/gif;base64,R0lGODlhAQABAAAAACH5BAEKAAEALAAAAAABAAEAAAICTAEAOw==\" class=\"lazyload\" \/><noscript><img decoding=\"async\" srcset=\"https:\/\/i0.wp.com\/ondauno.com.ar\/wp-content\/uploads\/2023\/07\/WhatsApp-Image-2023-07-22-at-15.22.37-1.jpeg?strip=info&#038;w=600&#038;ssl=1 600w,https:\/\/i0.wp.com\/ondauno.com.ar\/wp-content\/uploads\/2023\/07\/WhatsApp-Image-2023-07-22-at-15.22.37-1.jpeg?strip=info&#038;w=900&#038;ssl=1 900w,https:\/\/i0.wp.com\/ondauno.com.ar\/wp-content\/uploads\/2023\/07\/WhatsApp-Image-2023-07-22-at-15.22.37-1.jpeg?strip=info&#038;w=1200&#038;ssl=1 1200w,https:\/\/i0.wp.com\/ondauno.com.ar\/wp-content\/uploads\/2023\/07\/WhatsApp-Image-2023-07-22-at-15.22.37-1.jpeg?strip=info&#038;w=1280&#038;ssl=1 1280w\" alt=\"\" data-height=\"960\" data-id=\"42588\" data-link=\"https:\/\/ondauno.com.ar\/?attachment_id=42588\" data-url=\"https:\/\/ondauno.com.ar\/wp-content\/uploads\/2023\/07\/WhatsApp-Image-2023-07-22-at-15.22.37-1.jpeg\" data-width=\"1280\" src=\"https:\/\/i0.wp.com\/ondauno.com.ar\/wp-content\/uploads\/2023\/07\/WhatsApp-Image-2023-07-22-at-15.22.37-1.jpeg?ssl=1\"\/><\/noscript><\/figure><\/div><\/div><\/div><\/div>\n\n\n\n<p>El operativo cont\u00f3 con la participaci\u00f3n de los Servicios de UCI y de Emergencias del Centro de Salud, la polic\u00eda vial de la provincia, bomberos voluntarios de Tres Arroyos y personal del Aer\u00f3dromo Municipal. La colaboraci\u00f3n de todas estas instituciones fue fundamental para garantizar el \u00e9xito y la seguridad del vuelo sanitario.<\/p>\n\n\n\n<p>Este tipo de acciones demuestran la importancia de contar con recursos adecuados para atender emergencias m\u00e9dicas y asegurar la pronta derivaci\u00f3n de pacientes en situaciones cr\u00edticas. La coordinaci\u00f3n entre servicios m\u00e9dicos y de emergencias es esencial para brindar una atenci\u00f3n integral y oportuna a quienes lo necesitan.<\/p>\n\n\n\n<p>Se destaca el compromiso y dedicaci\u00f3n del personal m\u00e9dico y de las fuerzas de seguridad y bomberos involucrados en este vuelo sanitario, quienes trabajaron en conjunto para garantizar la salud y bienestar del paciente durante todo el proceso de traslado.<\/p>\n","protected":false},"excerpt":{"rendered":"<p>En un operativo coordinado y veloz, a las 14 hs de este sabado, se realiz\u00f3 un vuelo sanitario para la derivaci\u00f3n de un paciente masculino de 61 a\u00f1os con diagn\u00f3stico de Hemorragia intraparenquimatosa con vuelco ventricular. El paciente fue trasladado desde la Unidad de Cuidados Intensivos del Centro de Salud al Hospital Alejandro Korn Romero [&hellip;]<\/p>\n","protected":false},"author":1,"featured_media":42589,"comment_status":"open","ping_status":"open","sticky":false,"template":"","format":"standard","meta":{"tdm_status":"","tdm_grid_status":"","_jetpack_memberships_contains_paid_content":false,"footnotes":"","jetpack_publicize_message":"","jetpack_publicize_feature_enabled":true,"jetpack_social_post_already_shared":true,"jetpack_social_options":{"image_generator_settings":{"template":"highway","default_image_id":0,"font":"","enabled":false},"version":2}},"categories":[2],"tags":[],"class_list":{"0":"post-42587","1":"post","2":"type-post","3":"status-publish","4":"format-standard","5":"has-post-thumbnail","7":"category-locales"},"yoast_head":"<!-- This site is optimized with the Yoast SEO plugin v22.7 - https:\/\/yoast.com\/wordpress\/plugins\/seo\/ -->\n<title>Vuelo sanitario a La Plata: derivaci\u00f3n de un paciente con emergencia m\u00e9dica - 103.9 fm<\/title>\n<meta name=\"robots\" content=\"index, follow, max-snippet:-1, max-image-preview:large, max-video-preview:-1\" \/>\n<link rel=\"canonical\" href=\"https:\/\/ondauno.com.ar\/index.php\/2023\/07\/22\/vuelo-sanitario-a-la-plata-derivacion-de-un-paciente-con-emergencia-medica\/\" \/>\n<meta property=\"og:locale\" content=\"es_ES\" \/>\n<meta property=\"og:type\" content=\"article\" \/>\n<meta property=\"og:title\" content=\"Vuelo sanitario a La Plata: derivaci\u00f3n de un paciente con emergencia m\u00e9dica - 103.9 fm\" \/>\n<meta property=\"og:description\" content=\"En un operativo coordinado y veloz, a las 14 hs de este sabado, se realiz\u00f3 un vuelo sanitario para la derivaci\u00f3n de un paciente masculino de 61 a\u00f1os con diagn\u00f3stico de Hemorragia intraparenquimatosa con vuelco ventricular. El paciente fue trasladado desde la Unidad de Cuidados Intensivos del Centro de Salud al Hospital Alejandro Korn Romero [&hellip;]\" \/>\n<meta property=\"og:url\" content=\"https:\/\/ondauno.com.ar\/index.php\/2023\/07\/22\/vuelo-sanitario-a-la-plata-derivacion-de-un-paciente-con-emergencia-medica\/\" \/>\n<meta property=\"og:site_name\" content=\"103.9 fm\" \/>\n<meta property=\"article:publisher\" content=\"https:\/\/www.facebook.com\/ondauno103.9\" \/>\n<meta property=\"article:published_time\" content=\"2023-07-22T21:46:00+00:00\" \/>\n<meta property=\"article:modified_time\" content=\"2023-07-22T21:49:21+00:00\" \/>\n<meta property=\"og:image\" content=\"https:\/\/ondauno.com.ar\/wp-content\/uploads\/2023\/07\/WhatsApp-Image-2023-07-22-at-15.22.37.jpeg\" \/>\n\t<meta property=\"og:image:width\" content=\"1280\" \/>\n\t<meta property=\"og:image:height\" content=\"960\" \/>\n\t<meta property=\"og:image:type\" content=\"image\/jpeg\" \/>\n<meta name=\"author\" content=\"OndaUno\" \/>\n<meta name=\"twitter:card\" content=\"summary_large_image\" \/>\n<meta name=\"twitter:label1\" content=\"Escrito por\" \/>\n\t<meta name=\"twitter:data1\" content=\"OndaUno\" \/>\n\t<meta name=\"twitter:label2\" content=\"Tiempo de lectura\" \/>\n\t<meta name=\"twitter:data2\" content=\"1 minuto\" \/>\n<script type=\"application\/ld+json\" class=\"yoast-schema-graph\">{\"@context\":\"https:\/\/schema.org\",\"@graph\":[{\"@type\":\"WebPage\",\"@id\":\"https:\/\/ondauno.com.ar\/index.php\/2023\/07\/22\/vuelo-sanitario-a-la-plata-derivacion-de-un-paciente-con-emergencia-medica\/\",\"url\":\"https:\/\/ondauno.com.ar\/index.php\/2023\/07\/22\/vuelo-sanitario-a-la-plata-derivacion-de-un-paciente-con-emergencia-medica\/\",\"name\":\"Vuelo sanitario a La Plata: derivaci\u00f3n de un paciente con emergencia m\u00e9dica - 103.9 fm\",\"isPartOf\":{\"@id\":\"https:\/\/ondauno.com.ar\/#website\"},\"primaryImageOfPage\":{\"@id\":\"https:\/\/ondauno.com.ar\/index.php\/2023\/07\/22\/vuelo-sanitario-a-la-plata-derivacion-de-un-paciente-con-emergencia-medica\/#primaryimage\"},\"image\":{\"@id\":\"https:\/\/ondauno.com.ar\/index.php\/2023\/07\/22\/vuelo-sanitario-a-la-plata-derivacion-de-un-paciente-con-emergencia-medica\/#primaryimage\"},\"thumbnailUrl\":\"https:\/\/ondauno.com.ar\/wp-content\/uploads\/2023\/07\/WhatsApp-Image-2023-07-22-at-15.22.37.jpeg\",\"datePublished\":\"2023-07-22T21:46:00+00:00\",\"dateModified\":\"2023-07-22T21:49:21+00:00\",\"author\":{\"@id\":\"https:\/\/ondauno.com.ar\/#\/schema\/person\/7ec851ddeceb4133d7d7132dc645714e\"},\"breadcrumb\":{\"@id\":\"https:\/\/ondauno.com.ar\/index.php\/2023\/07\/22\/vuelo-sanitario-a-la-plata-derivacion-de-un-paciente-con-emergencia-medica\/#breadcrumb\"},\"inLanguage\":\"es-AR\",\"potentialAction\":[{\"@type\":\"ReadAction\",\"target\":[\"https:\/\/ondauno.com.ar\/index.php\/2023\/07\/22\/vuelo-sanitario-a-la-plata-derivacion-de-un-paciente-con-emergencia-medica\/\"]}]},{\"@type\":\"ImageObject\",\"inLanguage\":\"es-AR\",\"@id\":\"https:\/\/ondauno.com.ar\/index.php\/2023\/07\/22\/vuelo-sanitario-a-la-plata-derivacion-de-un-paciente-con-emergencia-medica\/#primaryimage\",\"url\":\"https:\/\/ondauno.com.ar\/wp-content\/uploads\/2023\/07\/WhatsApp-Image-2023-07-22-at-15.22.37.jpeg\",\"contentUrl\":\"https:\/\/ondauno.com.ar\/wp-content\/uploads\/2023\/07\/WhatsApp-Image-2023-07-22-at-15.22.37.jpeg\",\"width\":1280,\"height\":960},{\"@type\":\"BreadcrumbList\",\"@id\":\"https:\/\/ondauno.com.ar\/index.php\/2023\/07\/22\/vuelo-sanitario-a-la-plata-derivacion-de-un-paciente-con-emergencia-medica\/#breadcrumb\",\"itemListElement\":[{\"@type\":\"ListItem\",\"position\":1,\"name\":\"Inicio\",\"item\":\"https:\/\/ondauno.com.ar\/\"},{\"@type\":\"ListItem\",\"position\":2,\"name\":\"Vuelo sanitario a La Plata: derivaci\u00f3n de un paciente con emergencia m\u00e9dica\"}]},{\"@type\":\"WebSite\",\"@id\":\"https:\/\/ondauno.com.ar\/#website\",\"url\":\"https:\/\/ondauno.com.ar\/\",\"name\":\"103.9 fm\",\"description\":\"LA PRIMERA RADIO MULTIMEDIA DE TRES ARROYOS\",\"potentialAction\":[{\"@type\":\"SearchAction\",\"target\":{\"@type\":\"EntryPoint\",\"urlTemplate\":\"https:\/\/ondauno.com.ar\/?s={search_term_string}\"},\"query-input\":\"required name=search_term_string\"}],\"inLanguage\":\"es-AR\"},{\"@type\":\"Person\",\"@id\":\"https:\/\/ondauno.com.ar\/#\/schema\/person\/7ec851ddeceb4133d7d7132dc645714e\",\"name\":\"OndaUno\",\"image\":{\"@type\":\"ImageObject\",\"inLanguage\":\"es-AR\",\"@id\":\"https:\/\/ondauno.com.ar\/#\/schema\/person\/image\/\",\"url\":\"https:\/\/secure.gravatar.com\/avatar\/93b8009f0de7021f1feb2bd5b32fb9e8?s=96&d=mm&r=g\",\"contentUrl\":\"https:\/\/secure.gravatar.com\/avatar\/93b8009f0de7021f1feb2bd5b32fb9e8?s=96&d=mm&r=g\",\"caption\":\"OndaUno\"},\"url\":\"https:\/\/ondauno.com.ar\/index.php\/author\/ondauno\/\"}]}<\/script>\n<!-- \/ Yoast SEO plugin. -->","yoast_head_json":{"title":"Vuelo sanitario a La Plata: derivaci\u00f3n de un paciente con emergencia m\u00e9dica - 103.9 fm","robots":{"index":"index","follow":"follow","max-snippet":"max-snippet:-1","max-image-preview":"max-image-preview:large","max-video-preview":"max-video-preview:-1"},"canonical":"https:\/\/ondauno.com.ar\/index.php\/2023\/07\/22\/vuelo-sanitario-a-la-plata-derivacion-de-un-paciente-con-emergencia-medica\/","og_locale":"es_ES","og_type":"article","og_title":"Vuelo sanitario a La Plata: derivaci\u00f3n de un paciente con emergencia m\u00e9dica - 103.9 fm","og_description":"En un operativo coordinado y veloz, a las 14 hs de este sabado, se realiz\u00f3 un vuelo sanitario para la derivaci\u00f3n de un paciente masculino de 61 a\u00f1os con diagn\u00f3stico de Hemorragia intraparenquimatosa con vuelco ventricular. El paciente fue trasladado desde la Unidad de Cuidados Intensivos del Centro de Salud al Hospital Alejandro Korn Romero [&hellip;]","og_url":"https:\/\/ondauno.com.ar\/index.php\/2023\/07\/22\/vuelo-sanitario-a-la-plata-derivacion-de-un-paciente-con-emergencia-medica\/","og_site_name":"103.9 fm","article_publisher":"https:\/\/www.facebook.com\/ondauno103.9","article_published_time":"2023-07-22T21:46:00+00:00","article_modified_time":"2023-07-22T21:49:21+00:00","og_image":[{"width":1280,"height":960,"url":"https:\/\/ondauno.com.ar\/wp-content\/uploads\/2023\/07\/WhatsApp-Image-2023-07-22-at-15.22.37.jpeg","type":"image\/jpeg"}],"author":"OndaUno","twitter_card":"summary_large_image","twitter_misc":{"Escrito por":"OndaUno","Tiempo de lectura":"1 minuto"},"schema":{"@context":"https:\/\/schema.org","@graph":[{"@type":"WebPage","@id":"https:\/\/ondauno.com.ar\/index.php\/2023\/07\/22\/vuelo-sanitario-a-la-plata-derivacion-de-un-paciente-con-emergencia-medica\/","url":"https:\/\/ondauno.com.ar\/index.php\/2023\/07\/22\/vuelo-sanitario-a-la-plata-derivacion-de-un-paciente-con-emergencia-medica\/","name":"Vuelo sanitario a La Plata: derivaci\u00f3n de un paciente con emergencia m\u00e9dica - 103.9 fm","isPartOf":{"@id":"https:\/\/ondauno.com.ar\/#website"},"primaryImageOfPage":{"@id":"https:\/\/ondauno.com.ar\/index.php\/2023\/07\/22\/vuelo-sanitario-a-la-plata-derivacion-de-un-paciente-con-emergencia-medica\/#primaryimage"},"image":{"@id":"https:\/\/ondauno.com.ar\/index.php\/2023\/07\/22\/vuelo-sanitario-a-la-plata-derivacion-de-un-paciente-con-emergencia-medica\/#primaryimage"},"thumbnailUrl":"https:\/\/ondauno.com.ar\/wp-content\/uploads\/2023\/07\/WhatsApp-Image-2023-07-22-at-15.22.37.jpeg","datePublished":"2023-07-22T21:46:00+00:00","dateModified":"2023-07-22T21:49:21+00:00","author":{"@id":"https:\/\/ondauno.com.ar\/#\/schema\/person\/7ec851ddeceb4133d7d7132dc645714e"},"breadcrumb":{"@id":"https:\/\/ondauno.com.ar\/index.php\/2023\/07\/22\/vuelo-sanitario-a-la-plata-derivacion-de-un-paciente-con-emergencia-medica\/#breadcrumb"},"inLanguage":"es-AR","potentialAction":[{"@type":"ReadAction","target":["https:\/\/ondauno.com.ar\/index.php\/2023\/07\/22\/vuelo-sanitario-a-la-plata-derivacion-de-un-paciente-con-emergencia-medica\/"]}]},{"@type":"ImageObject","inLanguage":"es-AR","@id":"https:\/\/ondauno.com.ar\/index.php\/2023\/07\/22\/vuelo-sanitario-a-la-plata-derivacion-de-un-paciente-con-emergencia-medica\/#primaryimage","url":"https:\/\/ondauno.com.ar\/wp-content\/uploads\/2023\/07\/WhatsApp-Image-2023-07-22-at-15.22.37.jpeg","contentUrl":"https:\/\/ondauno.com.ar\/wp-content\/uploads\/2023\/07\/WhatsApp-Image-2023-07-22-at-15.22.37.jpeg","width":1280,"height":960},{"@type":"BreadcrumbList","@id":"https:\/\/ondauno.com.ar\/index.php\/2023\/07\/22\/vuelo-sanitario-a-la-plata-derivacion-de-un-paciente-con-emergencia-medica\/#breadcrumb","itemListElement":[{"@type":"ListItem","position":1,"name":"Inicio","item":"https:\/\/ondauno.com.ar\/"},{"@type":"ListItem","position":2,"name":"Vuelo sanitario a La Plata: derivaci\u00f3n de un paciente con emergencia m\u00e9dica"}]},{"@type":"WebSite","@id":"https:\/\/ondauno.com.ar\/#website","url":"https:\/\/ondauno.com.ar\/","name":"103.9 fm","description":"LA PRIMERA RADIO MULTIMEDIA DE TRES ARROYOS","potentialAction":[{"@type":"SearchAction","target":{"@type":"EntryPoint","urlTemplate":"https:\/\/ondauno.com.ar\/?s={search_term_string}"},"query-input":"required name=search_term_string"}],"inLanguage":"es-AR"},{"@type":"Person","@id":"https:\/\/ondauno.com.ar\/#\/schema\/person\/7ec851ddeceb4133d7d7132dc645714e","name":"OndaUno","image":{"@type":"ImageObject","inLanguage":"es-AR","@id":"https:\/\/ondauno.com.ar\/#\/schema\/person\/image\/","url":"https:\/\/secure.gravatar.com\/avatar\/93b8009f0de7021f1feb2bd5b32fb9e8?s=96&d=mm&r=g","contentUrl":"https:\/\/secure.gravatar.com\/avatar\/93b8009f0de7021f1feb2bd5b32fb9e8?s=96&d=mm&r=g","caption":"OndaUno"},"url":"https:\/\/ondauno.com.ar\/index.php\/author\/ondauno\/"}]}},"jetpack_publicize_connections":[],"jetpack_featured_media_url":"https:\/\/ondauno.com.ar\/wp-content\/uploads\/2023\/07\/WhatsApp-Image-2023-07-22-at-15.22.37.jpeg","jetpack_sharing_enabled":true,"_links":{"self":[{"href":"https:\/\/ondauno.com.ar\/index.php\/wp-json\/wp\/v2\/posts\/42587","targetHints":{"allow":["GET"]}}],"collection":[{"href":"https:\/\/ondauno.com.ar\/index.php\/wp-json\/wp\/v2\/posts"}],"about":[{"href":"https:\/\/ondauno.com.ar\/index.php\/wp-json\/wp\/v2\/types\/post"}],"author":[{"embeddable":true,"href":"https:\/\/ondauno.com.ar\/index.php\/wp-json\/wp\/v2\/users\/1"}],"replies":[{"embeddable":true,"href":"https:\/\/ondauno.com.ar\/index.php\/wp-json\/wp\/v2\/comments?post=42587"}],"version-history":[{"count":0,"href":"https:\/\/ondauno.com.ar\/index.php\/wp-json\/wp\/v2\/posts\/42587\/revisions"}],"wp:featuredmedia":[{"embeddable":true,"href":"https:\/\/ondauno.com.ar\/index.php\/wp-json\/wp\/v2\/media\/42589"}],"wp:attachment":[{"href":"https:\/\/ondauno.com.ar\/index.php\/wp-json\/wp\/v2\/media?parent=42587"}],"wp:term":[{"taxonomy":"category","embeddable":true,"href":"https:\/\/ondauno.com.ar\/index.php\/wp-json\/wp\/v2\/categories?post=42587"},{"taxonomy":"post_tag","embeddable":true,"href":"https:\/\/ondauno.com.ar\/index.php\/wp-json\/wp\/v2\/tags?post=42587"}],"curies":[{"name":"wp","href":"https:\/\/api.w.org\/{rel}","templated":true}]}}