{"id":42183,"date":"2023-07-05T16:51:09","date_gmt":"2023-07-05T19:51:09","guid":{"rendered":"http:\/\/ondauno.com.ar\/?p=42183"},"modified":"2023-07-05T16:51:10","modified_gmt":"2023-07-05T19:51:10","slug":"los-gremios-docentes-no-defienden-la-educacion-publica-de-calidad-sino-los-intereses-de-un-partido-politico","status":"publish","type":"post","link":"https:\/\/ondauno.com.ar\/index.php\/2023\/07\/05\/los-gremios-docentes-no-defienden-la-educacion-publica-de-calidad-sino-los-intereses-de-un-partido-politico\/","title":{"rendered":"\u201cLos gremios docentes no defienden la educaci\u00f3n p\u00fablica de calidad sino los intereses de un partido pol\u00edtico\u201d"},"content":{"rendered":"<div class=\"ondau-before-content_3\" style=\"margin-top: -30px;\" id=\"ondau-1486094131\"><a href=\"https:\/\/www.lps.com.ar\/\" aria-label=\"la-perse2\"><img loading=\"lazy\" decoding=\"async\" src=\"https:\/\/ondauno.com.ar\/wp-content\/uploads\/2021\/10\/la-perse2.jpg\" alt=\"\"  srcset=\"https:\/\/ondauno.com.ar\/wp-content\/uploads\/2021\/10\/la-perse2.jpg 1353w, https:\/\/ondauno.com.ar\/wp-content\/uploads\/2021\/10\/la-perse2-300x43.jpg 300w, https:\/\/ondauno.com.ar\/wp-content\/uploads\/2021\/10\/la-perse2-1024x148.jpg 1024w, https:\/\/ondauno.com.ar\/wp-content\/uploads\/2021\/10\/la-perse2-768x111.jpg 768w, https:\/\/ondauno.com.ar\/wp-content\/uploads\/2021\/10\/la-perse2-696x100.jpg 696w, https:\/\/ondauno.com.ar\/wp-content\/uploads\/2021\/10\/la-perse2-1068x154.jpg 1068w\" sizes=\"(max-width: 1353px) 100vw, 1353px\" class=\"no-lazyload\" width=\"1353\" height=\"195\"  style=\"display: inline-block;\" \/><\/a><\/div>\n<p>Lo dijo la precandidata a senadora provincial de Juntos, por La Fuerza del Cambio, Nerina Neumann, y agreg\u00f3: \u201ca Mar\u00eda Eugenia Vidal, en cuatro a\u00f1os, le hicieron sesenta y dos (62) paros, con un salario promedio de 1800 d\u00f3lares. En cambio a Kicillof s\u00f3lo dos (2) en igual per\u00edodo, y con un salario promedio que apenas llega a los 600 d\u00f3lares\u201d.<\/p>\n\n\n\n<p>La precandidata a senadora provincial de la Sexta secci\u00f3n electoral por La Fuerza del Cambio, Nerina Neumann, se refiri\u00f3 a la situaci\u00f3n en la que se encuentra la educaci\u00f3n en la provincia de Buenos Aires, y a la responsabilidad de los gremios docentes.<\/p>\n\n\n\n<p>\u201cEst\u00e1 claro que los gremios durante la actual gesti\u00f3n nunca estuvieron enfocados en la defensa de los trabajadores, sino en ser socios del Ejecutivo provincial. Incluso algunos gremialistas han utilizado las estructuras sindicales para participar de las internas partidarias del oficialismo, integrando sus listas\u201d, se\u00f1alo al respecto.<\/p>\n\n\n\n<p>Y en el mismo sentido agreg\u00f3 que \u201cresulta inadmisible que quien tiene que defender los derechos de los trabajadores sea funcionario o representante de la patronal, en este caso el Gobierno. No se puede estar de los dos lados del mostrador. Eso explica que durante el \u00faltimo per\u00edodo de gobierno del kirchnerismo en la Provincia hayan sido c\u00f3mplices del brutal ajuste que han sufrido los trabajadores\u201d.<\/p>\n\n\n\n<p>Seg\u00fan la Distribuci\u00f3n del Ingreso en la Argentina que elabora el Instituto Nacional de Estad\u00edsticas y Censos (Indec) con datos que corresponden al \u00faltimo trimestre de 2021, concluy\u00f3 que el sector m\u00e1s acaudalado del pa\u00eds gan\u00f3 una cifra promedio de $ 98.481, equivalente a unos US$ 487,5 (oficial). En comparaci\u00f3n, en el a\u00f1o 2015 se cobraban $ 44.160, lo que significaban en ese entonces unos US$ 3083 (oficial). Por su parte, el salario promedio docente en d\u00f3lares en el periodo de tiempo 2015-2018 era de US$ 1850, y al d\u00eda de hoy efectivamente son unos US$ 600. Un ajuste del 300 por ciento.<\/p>\n\n\n\n<figure class=\"wp-block-image\"><img loading=\"lazy\" decoding=\"async\" width=\"450\" height=\"437\" data-src=\"http:\/\/ondauno.com.ar\/wp-content\/uploads\/2023\/07\/WhatsApp-Image-2023-07-05-at-11.49.41-1.jpeg\" alt=\"\" class=\"wp-image-42185 lazyload\" data-srcset=\"https:\/\/ondauno.com.ar\/wp-content\/uploads\/2023\/07\/WhatsApp-Image-2023-07-05-at-11.49.41-1.jpeg 450w, https:\/\/ondauno.com.ar\/wp-content\/uploads\/2023\/07\/WhatsApp-Image-2023-07-05-at-11.49.41-1-300x291.jpeg 300w, https:\/\/ondauno.com.ar\/wp-content\/uploads\/2023\/07\/WhatsApp-Image-2023-07-05-at-11.49.41-1-432x420.jpeg 432w\" data-sizes=\"auto, (max-width: 450px) 100vw, 450px\" src=\"data:image\/gif;base64,R0lGODlhAQABAAAAACH5BAEKAAEALAAAAAABAAEAAAICTAEAOw==\" style=\"--smush-placeholder-width: 450px; --smush-placeholder-aspect-ratio: 450\/437;\" \/><noscript><img loading=\"lazy\" decoding=\"async\" width=\"450\" height=\"437\" src=\"http:\/\/ondauno.com.ar\/wp-content\/uploads\/2023\/07\/WhatsApp-Image-2023-07-05-at-11.49.41-1.jpeg\" alt=\"\" class=\"wp-image-42185\" srcset=\"https:\/\/ondauno.com.ar\/wp-content\/uploads\/2023\/07\/WhatsApp-Image-2023-07-05-at-11.49.41-1.jpeg 450w, https:\/\/ondauno.com.ar\/wp-content\/uploads\/2023\/07\/WhatsApp-Image-2023-07-05-at-11.49.41-1-300x291.jpeg 300w, https:\/\/ondauno.com.ar\/wp-content\/uploads\/2023\/07\/WhatsApp-Image-2023-07-05-at-11.49.41-1-432x420.jpeg 432w\" sizes=\"auto, (max-width: 450px) 100vw, 450px\" \/><\/noscript><\/figure>\n\n\n\n<p>\u201cDesde Juntos \u2013continu\u00f3 Neumann-, y con Patricia Bullrich y N\u00e9stor Grindetti a la cabeza, vamos a dar un debate serio sobre la educaci\u00f3n, para que queden claras las responsabilidades que le caben a cada actor en este proceso continuo de p\u00e9rdida de calidad, que terminan sufriendo hoy las familias bonaerenses\u201d.<\/p>\n\n\n\n<p>\u201cCon Maxi Abad, desde el radicalismo hace tiempo que venimos advirtiendo sobre la necesidad de generar una gran revoluci\u00f3n educativa, que tenga como protagonistas a los docentes, alumnos, padres y un estado presente\u201d, dijo, y agreg\u00f3: \u201ccuando hablamos de inclusi\u00f3n, entre otras cuestiones, hablamos de educaci\u00f3n p\u00fablica de calidad, para ofrecer las mismas oportunidades a todos. Y no como ocurre hoy, que quienes pueden optan por un servicio educativo de gesti\u00f3n privada, que, para comenzar, le garantiza los 180 d\u00edas de clases\u201d.<\/p>\n\n\n\n<p>\u201cAdem\u00e1s de escuelas que no pueden funcionar por falta de mantenimiento, con salarios docentes a la baja, los bonaerenses debemos lidiar con paros constantes por diferentes motivos, algunos justificados en reclamos leg\u00edtimos, y otros s\u00f3lo por especulaciones pol\u00edticas, como el \u00faltimo que hicieron los gremios docentes por los disturbios que se produjeron en la provincia de Jujuy, con una clara motivaci\u00f3n pol\u00edtica\u201d, manifest\u00f3 la precandidata oriunda de Coronel Su\u00e1rez.<\/p>\n\n\n\n<p>\u201cDebemos dejar de ser rehenes de los gremios docentes en la Provincia, que se han apropiado de la educaci\u00f3n p\u00fablica para hacer de ella un espacio de militancia y bajada de l\u00ednea pol\u00edtica, adem\u00e1s de un trampol\u00edn electoral para sus dirigentes\u201d, finaliz\u00f3 diciendo Neumann.<\/p>\n","protected":false},"excerpt":{"rendered":"<p>Lo dijo la precandidata a senadora provincial de Juntos, por La Fuerza del Cambio, Nerina Neumann, y agreg\u00f3: \u201ca Mar\u00eda Eugenia Vidal, en cuatro a\u00f1os, le hicieron sesenta y dos (62) paros, con un salario promedio de 1800 d\u00f3lares. En cambio a Kicillof s\u00f3lo dos (2) en igual per\u00edodo, y con un salario promedio que [&hellip;]<\/p>\n","protected":false},"author":1,"featured_media":42184,"comment_status":"open","ping_status":"open","sticky":false,"template":"","format":"standard","meta":{"tdm_status":"","tdm_grid_status":"","_jetpack_memberships_contains_paid_content":false,"footnotes":"","jetpack_publicize_message":"","jetpack_publicize_feature_enabled":true,"jetpack_social_post_already_shared":true,"jetpack_social_options":{"image_generator_settings":{"template":"highway","default_image_id":0,"font":"","enabled":false},"version":2}},"categories":[30],"tags":[],"class_list":{"0":"post-42183","1":"post","2":"type-post","3":"status-publish","4":"format-standard","5":"has-post-thumbnail","7":"category-provinciales"},"yoast_head":"<!-- This site is optimized with the Yoast SEO plugin v22.7 - https:\/\/yoast.com\/wordpress\/plugins\/seo\/ -->\n<title>\u201cLos gremios docentes no defienden la educaci\u00f3n p\u00fablica de calidad sino los intereses de un partido pol\u00edtico\u201d - 103.9 fm<\/title>\n<meta name=\"robots\" content=\"index, follow, max-snippet:-1, max-image-preview:large, max-video-preview:-1\" \/>\n<link rel=\"canonical\" href=\"https:\/\/ondauno.com.ar\/index.php\/2023\/07\/05\/los-gremios-docentes-no-defienden-la-educacion-publica-de-calidad-sino-los-intereses-de-un-partido-politico\/\" \/>\n<meta property=\"og:locale\" content=\"es_ES\" \/>\n<meta property=\"og:type\" content=\"article\" \/>\n<meta property=\"og:title\" content=\"\u201cLos gremios docentes no defienden la educaci\u00f3n p\u00fablica de calidad sino los intereses de un partido pol\u00edtico\u201d - 103.9 fm\" \/>\n<meta property=\"og:description\" content=\"Lo dijo la precandidata a senadora provincial de Juntos, por La Fuerza del Cambio, Nerina Neumann, y agreg\u00f3: \u201ca Mar\u00eda Eugenia Vidal, en cuatro a\u00f1os, le hicieron sesenta y dos (62) paros, con un salario promedio de 1800 d\u00f3lares. En cambio a Kicillof s\u00f3lo dos (2) en igual per\u00edodo, y con un salario promedio que [&hellip;]\" \/>\n<meta property=\"og:url\" content=\"https:\/\/ondauno.com.ar\/index.php\/2023\/07\/05\/los-gremios-docentes-no-defienden-la-educacion-publica-de-calidad-sino-los-intereses-de-un-partido-politico\/\" \/>\n<meta property=\"og:site_name\" content=\"103.9 fm\" \/>\n<meta property=\"article:publisher\" content=\"https:\/\/www.facebook.com\/ondauno103.9\" \/>\n<meta property=\"article:published_time\" content=\"2023-07-05T19:51:09+00:00\" \/>\n<meta property=\"article:modified_time\" content=\"2023-07-05T19:51:10+00:00\" \/>\n<meta property=\"og:image\" content=\"https:\/\/ondauno.com.ar\/wp-content\/uploads\/2023\/07\/WhatsApp-Image-2023-07-05-at-11.49.41.jpeg\" \/>\n\t<meta property=\"og:image:width\" content=\"1200\" \/>\n\t<meta property=\"og:image:height\" content=\"1600\" \/>\n\t<meta property=\"og:image:type\" content=\"image\/jpeg\" \/>\n<meta name=\"author\" content=\"OndaUno\" \/>\n<meta name=\"twitter:card\" content=\"summary_large_image\" \/>\n<meta name=\"twitter:label1\" content=\"Escrito por\" \/>\n\t<meta name=\"twitter:data1\" content=\"OndaUno\" \/>\n\t<meta name=\"twitter:label2\" content=\"Tiempo de lectura\" \/>\n\t<meta name=\"twitter:data2\" content=\"3 minutos\" \/>\n<script type=\"application\/ld+json\" class=\"yoast-schema-graph\">{\"@context\":\"https:\/\/schema.org\",\"@graph\":[{\"@type\":\"WebPage\",\"@id\":\"https:\/\/ondauno.com.ar\/index.php\/2023\/07\/05\/los-gremios-docentes-no-defienden-la-educacion-publica-de-calidad-sino-los-intereses-de-un-partido-politico\/\",\"url\":\"https:\/\/ondauno.com.ar\/index.php\/2023\/07\/05\/los-gremios-docentes-no-defienden-la-educacion-publica-de-calidad-sino-los-intereses-de-un-partido-politico\/\",\"name\":\"\u201cLos gremios docentes no defienden la educaci\u00f3n p\u00fablica de calidad sino los intereses de un partido pol\u00edtico\u201d - 103.9 fm\",\"isPartOf\":{\"@id\":\"https:\/\/ondauno.com.ar\/#website\"},\"primaryImageOfPage\":{\"@id\":\"https:\/\/ondauno.com.ar\/index.php\/2023\/07\/05\/los-gremios-docentes-no-defienden-la-educacion-publica-de-calidad-sino-los-intereses-de-un-partido-politico\/#primaryimage\"},\"image\":{\"@id\":\"https:\/\/ondauno.com.ar\/index.php\/2023\/07\/05\/los-gremios-docentes-no-defienden-la-educacion-publica-de-calidad-sino-los-intereses-de-un-partido-politico\/#primaryimage\"},\"thumbnailUrl\":\"https:\/\/ondauno.com.ar\/wp-content\/uploads\/2023\/07\/WhatsApp-Image-2023-07-05-at-11.49.41.jpeg\",\"datePublished\":\"2023-07-05T19:51:09+00:00\",\"dateModified\":\"2023-07-05T19:51:10+00:00\",\"author\":{\"@id\":\"https:\/\/ondauno.com.ar\/#\/schema\/person\/7ec851ddeceb4133d7d7132dc645714e\"},\"breadcrumb\":{\"@id\":\"https:\/\/ondauno.com.ar\/index.php\/2023\/07\/05\/los-gremios-docentes-no-defienden-la-educacion-publica-de-calidad-sino-los-intereses-de-un-partido-politico\/#breadcrumb\"},\"inLanguage\":\"es-AR\",\"potentialAction\":[{\"@type\":\"ReadAction\",\"target\":[\"https:\/\/ondauno.com.ar\/index.php\/2023\/07\/05\/los-gremios-docentes-no-defienden-la-educacion-publica-de-calidad-sino-los-intereses-de-un-partido-politico\/\"]}]},{\"@type\":\"ImageObject\",\"inLanguage\":\"es-AR\",\"@id\":\"https:\/\/ondauno.com.ar\/index.php\/2023\/07\/05\/los-gremios-docentes-no-defienden-la-educacion-publica-de-calidad-sino-los-intereses-de-un-partido-politico\/#primaryimage\",\"url\":\"https:\/\/ondauno.com.ar\/wp-content\/uploads\/2023\/07\/WhatsApp-Image-2023-07-05-at-11.49.41.jpeg\",\"contentUrl\":\"https:\/\/ondauno.com.ar\/wp-content\/uploads\/2023\/07\/WhatsApp-Image-2023-07-05-at-11.49.41.jpeg\",\"width\":1200,\"height\":1600},{\"@type\":\"BreadcrumbList\",\"@id\":\"https:\/\/ondauno.com.ar\/index.php\/2023\/07\/05\/los-gremios-docentes-no-defienden-la-educacion-publica-de-calidad-sino-los-intereses-de-un-partido-politico\/#breadcrumb\",\"itemListElement\":[{\"@type\":\"ListItem\",\"position\":1,\"name\":\"Inicio\",\"item\":\"https:\/\/ondauno.com.ar\/\"},{\"@type\":\"ListItem\",\"position\":2,\"name\":\"\u201cLos gremios docentes no defienden la educaci\u00f3n p\u00fablica de calidad sino los intereses de un partido pol\u00edtico\u201d\"}]},{\"@type\":\"WebSite\",\"@id\":\"https:\/\/ondauno.com.ar\/#website\",\"url\":\"https:\/\/ondauno.com.ar\/\",\"name\":\"103.9 fm\",\"description\":\"LA PRIMERA RADIO MULTIMEDIA DE TRES ARROYOS\",\"potentialAction\":[{\"@type\":\"SearchAction\",\"target\":{\"@type\":\"EntryPoint\",\"urlTemplate\":\"https:\/\/ondauno.com.ar\/?s={search_term_string}\"},\"query-input\":\"required name=search_term_string\"}],\"inLanguage\":\"es-AR\"},{\"@type\":\"Person\",\"@id\":\"https:\/\/ondauno.com.ar\/#\/schema\/person\/7ec851ddeceb4133d7d7132dc645714e\",\"name\":\"OndaUno\",\"image\":{\"@type\":\"ImageObject\",\"inLanguage\":\"es-AR\",\"@id\":\"https:\/\/ondauno.com.ar\/#\/schema\/person\/image\/\",\"url\":\"https:\/\/secure.gravatar.com\/avatar\/93b8009f0de7021f1feb2bd5b32fb9e8?s=96&d=mm&r=g\",\"contentUrl\":\"https:\/\/secure.gravatar.com\/avatar\/93b8009f0de7021f1feb2bd5b32fb9e8?s=96&d=mm&r=g\",\"caption\":\"OndaUno\"},\"url\":\"https:\/\/ondauno.com.ar\/index.php\/author\/ondauno\/\"}]}<\/script>\n<!-- \/ Yoast SEO plugin. -->","yoast_head_json":{"title":"\u201cLos gremios docentes no defienden la educaci\u00f3n p\u00fablica de calidad sino los intereses de un partido pol\u00edtico\u201d - 103.9 fm","robots":{"index":"index","follow":"follow","max-snippet":"max-snippet:-1","max-image-preview":"max-image-preview:large","max-video-preview":"max-video-preview:-1"},"canonical":"https:\/\/ondauno.com.ar\/index.php\/2023\/07\/05\/los-gremios-docentes-no-defienden-la-educacion-publica-de-calidad-sino-los-intereses-de-un-partido-politico\/","og_locale":"es_ES","og_type":"article","og_title":"\u201cLos gremios docentes no defienden la educaci\u00f3n p\u00fablica de calidad sino los intereses de un partido pol\u00edtico\u201d - 103.9 fm","og_description":"Lo dijo la precandidata a senadora provincial de Juntos, por La Fuerza del Cambio, Nerina Neumann, y agreg\u00f3: \u201ca Mar\u00eda Eugenia Vidal, en cuatro a\u00f1os, le hicieron sesenta y dos (62) paros, con un salario promedio de 1800 d\u00f3lares. En cambio a Kicillof s\u00f3lo dos (2) en igual per\u00edodo, y con un salario promedio que [&hellip;]","og_url":"https:\/\/ondauno.com.ar\/index.php\/2023\/07\/05\/los-gremios-docentes-no-defienden-la-educacion-publica-de-calidad-sino-los-intereses-de-un-partido-politico\/","og_site_name":"103.9 fm","article_publisher":"https:\/\/www.facebook.com\/ondauno103.9","article_published_time":"2023-07-05T19:51:09+00:00","article_modified_time":"2023-07-05T19:51:10+00:00","og_image":[{"width":1200,"height":1600,"url":"https:\/\/ondauno.com.ar\/wp-content\/uploads\/2023\/07\/WhatsApp-Image-2023-07-05-at-11.49.41.jpeg","type":"image\/jpeg"}],"author":"OndaUno","twitter_card":"summary_large_image","twitter_misc":{"Escrito por":"OndaUno","Tiempo de lectura":"3 minutos"},"schema":{"@context":"https:\/\/schema.org","@graph":[{"@type":"WebPage","@id":"https:\/\/ondauno.com.ar\/index.php\/2023\/07\/05\/los-gremios-docentes-no-defienden-la-educacion-publica-de-calidad-sino-los-intereses-de-un-partido-politico\/","url":"https:\/\/ondauno.com.ar\/index.php\/2023\/07\/05\/los-gremios-docentes-no-defienden-la-educacion-publica-de-calidad-sino-los-intereses-de-un-partido-politico\/","name":"\u201cLos gremios docentes no defienden la educaci\u00f3n p\u00fablica de calidad sino los intereses de un partido pol\u00edtico\u201d - 103.9 fm","isPartOf":{"@id":"https:\/\/ondauno.com.ar\/#website"},"primaryImageOfPage":{"@id":"https:\/\/ondauno.com.ar\/index.php\/2023\/07\/05\/los-gremios-docentes-no-defienden-la-educacion-publica-de-calidad-sino-los-intereses-de-un-partido-politico\/#primaryimage"},"image":{"@id":"https:\/\/ondauno.com.ar\/index.php\/2023\/07\/05\/los-gremios-docentes-no-defienden-la-educacion-publica-de-calidad-sino-los-intereses-de-un-partido-politico\/#primaryimage"},"thumbnailUrl":"https:\/\/ondauno.com.ar\/wp-content\/uploads\/2023\/07\/WhatsApp-Image-2023-07-05-at-11.49.41.jpeg","datePublished":"2023-07-05T19:51:09+00:00","dateModified":"2023-07-05T19:51:10+00:00","author":{"@id":"https:\/\/ondauno.com.ar\/#\/schema\/person\/7ec851ddeceb4133d7d7132dc645714e"},"breadcrumb":{"@id":"https:\/\/ondauno.com.ar\/index.php\/2023\/07\/05\/los-gremios-docentes-no-defienden-la-educacion-publica-de-calidad-sino-los-intereses-de-un-partido-politico\/#breadcrumb"},"inLanguage":"es-AR","potentialAction":[{"@type":"ReadAction","target":["https:\/\/ondauno.com.ar\/index.php\/2023\/07\/05\/los-gremios-docentes-no-defienden-la-educacion-publica-de-calidad-sino-los-intereses-de-un-partido-politico\/"]}]},{"@type":"ImageObject","inLanguage":"es-AR","@id":"https:\/\/ondauno.com.ar\/index.php\/2023\/07\/05\/los-gremios-docentes-no-defienden-la-educacion-publica-de-calidad-sino-los-intereses-de-un-partido-politico\/#primaryimage","url":"https:\/\/ondauno.com.ar\/wp-content\/uploads\/2023\/07\/WhatsApp-Image-2023-07-05-at-11.49.41.jpeg","contentUrl":"https:\/\/ondauno.com.ar\/wp-content\/uploads\/2023\/07\/WhatsApp-Image-2023-07-05-at-11.49.41.jpeg","width":1200,"height":1600},{"@type":"BreadcrumbList","@id":"https:\/\/ondauno.com.ar\/index.php\/2023\/07\/05\/los-gremios-docentes-no-defienden-la-educacion-publica-de-calidad-sino-los-intereses-de-un-partido-politico\/#breadcrumb","itemListElement":[{"@type":"ListItem","position":1,"name":"Inicio","item":"https:\/\/ondauno.com.ar\/"},{"@type":"ListItem","position":2,"name":"\u201cLos gremios docentes no defienden la educaci\u00f3n p\u00fablica de calidad sino los intereses de un partido pol\u00edtico\u201d"}]},{"@type":"WebSite","@id":"https:\/\/ondauno.com.ar\/#website","url":"https:\/\/ondauno.com.ar\/","name":"103.9 fm","description":"LA PRIMERA RADIO MULTIMEDIA DE TRES ARROYOS","potentialAction":[{"@type":"SearchAction","target":{"@type":"EntryPoint","urlTemplate":"https:\/\/ondauno.com.ar\/?s={search_term_string}"},"query-input":"required name=search_term_string"}],"inLanguage":"es-AR"},{"@type":"Person","@id":"https:\/\/ondauno.com.ar\/#\/schema\/person\/7ec851ddeceb4133d7d7132dc645714e","name":"OndaUno","image":{"@type":"ImageObject","inLanguage":"es-AR","@id":"https:\/\/ondauno.com.ar\/#\/schema\/person\/image\/","url":"https:\/\/secure.gravatar.com\/avatar\/93b8009f0de7021f1feb2bd5b32fb9e8?s=96&d=mm&r=g","contentUrl":"https:\/\/secure.gravatar.com\/avatar\/93b8009f0de7021f1feb2bd5b32fb9e8?s=96&d=mm&r=g","caption":"OndaUno"},"url":"https:\/\/ondauno.com.ar\/index.php\/author\/ondauno\/"}]}},"jetpack_publicize_connections":[],"jetpack_featured_media_url":"https:\/\/ondauno.com.ar\/wp-content\/uploads\/2023\/07\/WhatsApp-Image-2023-07-05-at-11.49.41.jpeg","jetpack_sharing_enabled":true,"_links":{"self":[{"href":"https:\/\/ondauno.com.ar\/index.php\/wp-json\/wp\/v2\/posts\/42183","targetHints":{"allow":["GET"]}}],"collection":[{"href":"https:\/\/ondauno.com.ar\/index.php\/wp-json\/wp\/v2\/posts"}],"about":[{"href":"https:\/\/ondauno.com.ar\/index.php\/wp-json\/wp\/v2\/types\/post"}],"author":[{"embeddable":true,"href":"https:\/\/ondauno.com.ar\/index.php\/wp-json\/wp\/v2\/users\/1"}],"replies":[{"embeddable":true,"href":"https:\/\/ondauno.com.ar\/index.php\/wp-json\/wp\/v2\/comments?post=42183"}],"version-history":[{"count":0,"href":"https:\/\/ondauno.com.ar\/index.php\/wp-json\/wp\/v2\/posts\/42183\/revisions"}],"wp:featuredmedia":[{"embeddable":true,"href":"https:\/\/ondauno.com.ar\/index.php\/wp-json\/wp\/v2\/media\/42184"}],"wp:attachment":[{"href":"https:\/\/ondauno.com.ar\/index.php\/wp-json\/wp\/v2\/media?parent=42183"}],"wp:term":[{"taxonomy":"category","embeddable":true,"href":"https:\/\/ondauno.com.ar\/index.php\/wp-json\/wp\/v2\/categories?post=42183"},{"taxonomy":"post_tag","embeddable":true,"href":"https:\/\/ondauno.com.ar\/index.php\/wp-json\/wp\/v2\/tags?post=42183"}],"curies":[{"name":"wp","href":"https:\/\/api.w.org\/{rel}","templated":true}]}}