{"id":42112,"date":"2023-07-01T15:26:27","date_gmt":"2023-07-01T18:26:27","guid":{"rendered":"http:\/\/ondauno.com.ar\/?p=42112"},"modified":"2023-07-01T15:26:29","modified_gmt":"2023-07-01T18:26:29","slug":"chaves-esclarecen-el-robo-de-las-placas-del-cementerio","status":"publish","type":"post","link":"https:\/\/ondauno.com.ar\/index.php\/2023\/07\/01\/chaves-esclarecen-el-robo-de-las-placas-del-cementerio\/","title":{"rendered":"Chaves: esclarecen el robo de  las placas del cementerio"},"content":{"rendered":"<div class=\"ondau-before-content_3\" style=\"margin-top: -30px;\" id=\"ondau-1812326338\"><a href=\"https:\/\/www.lps.com.ar\/\" aria-label=\"la-perse2\"><img loading=\"lazy\" decoding=\"async\" src=\"https:\/\/ondauno.com.ar\/wp-content\/uploads\/2021\/10\/la-perse2.jpg\" alt=\"\"  srcset=\"https:\/\/ondauno.com.ar\/wp-content\/uploads\/2021\/10\/la-perse2.jpg 1353w, https:\/\/ondauno.com.ar\/wp-content\/uploads\/2021\/10\/la-perse2-300x43.jpg 300w, https:\/\/ondauno.com.ar\/wp-content\/uploads\/2021\/10\/la-perse2-1024x148.jpg 1024w, https:\/\/ondauno.com.ar\/wp-content\/uploads\/2021\/10\/la-perse2-768x111.jpg 768w, https:\/\/ondauno.com.ar\/wp-content\/uploads\/2021\/10\/la-perse2-696x100.jpg 696w, https:\/\/ondauno.com.ar\/wp-content\/uploads\/2021\/10\/la-perse2-1068x154.jpg 1068w\" sizes=\"(max-width: 1353px) 100vw, 1353px\" class=\"no-lazyload\" width=\"1353\" height=\"195\"  style=\"display: inline-block;\" \/><\/a><\/div>\n<p>En el d\u00eda de hoy, personal de la Polic\u00eda Comunal de Adolfo Gonzales Chaves dirigidos por el Comisario Inspector Daniel Dupuy y Comisario Marcos Navarro, Jefe de Estacion de EPS , coordinados por el Ayudante Fiscal Dr. Juan Ustarroz, luego llevarse a cabo de una minuciosa investigaci\u00f3n , por pares del Gabinete T\u00e9cnico Operativo, en el d\u00eda de la fecha efectivizan una diligencia de allanamiento en una vivienda de la localidad de Tandil , donde reside uno de los integrantes de la banda identificado en las pesquisas realizadas, el cual con c\u00f3mplices el dia 30 de mayo pasado sustrajeron casi 250 placas met\u00e1licas de las l\u00e1pidas del cementerio local.- <\/p>\n\n\n\n<ul class=\"wp-block-gallery columns-3 is-cropped wp-block-gallery-1 is-layout-flex wp-block-gallery-is-layout-flex\"><li class=\"blocks-gallery-item\"><figure><img loading=\"lazy\" decoding=\"async\" width=\"1024\" height=\"768\" data-src=\"http:\/\/ondauno.com.ar\/wp-content\/uploads\/2023\/07\/WhatsApp-Image-2023-06-30-at-09.30.24-1024x768.jpeg\" alt=\"\" data-id=\"42116\" data-link=\"http:\/\/ondauno.com.ar\/?attachment_id=42116\" class=\"wp-image-42116 lazyload\" data-srcset=\"https:\/\/ondauno.com.ar\/wp-content\/uploads\/2023\/07\/WhatsApp-Image-2023-06-30-at-09.30.24-1024x768.jpeg 1024w, https:\/\/ondauno.com.ar\/wp-content\/uploads\/2023\/07\/WhatsApp-Image-2023-06-30-at-09.30.24-300x225.jpeg 300w, https:\/\/ondauno.com.ar\/wp-content\/uploads\/2023\/07\/WhatsApp-Image-2023-06-30-at-09.30.24-768x576.jpeg 768w, https:\/\/ondauno.com.ar\/wp-content\/uploads\/2023\/07\/WhatsApp-Image-2023-06-30-at-09.30.24-80x60.jpeg 80w, https:\/\/ondauno.com.ar\/wp-content\/uploads\/2023\/07\/WhatsApp-Image-2023-06-30-at-09.30.24-265x198.jpeg 265w, https:\/\/ondauno.com.ar\/wp-content\/uploads\/2023\/07\/WhatsApp-Image-2023-06-30-at-09.30.24-696x522.jpeg 696w, https:\/\/ondauno.com.ar\/wp-content\/uploads\/2023\/07\/WhatsApp-Image-2023-06-30-at-09.30.24-1068x801.jpeg 1068w, https:\/\/ondauno.com.ar\/wp-content\/uploads\/2023\/07\/WhatsApp-Image-2023-06-30-at-09.30.24-560x420.jpeg 560w, https:\/\/ondauno.com.ar\/wp-content\/uploads\/2023\/07\/WhatsApp-Image-2023-06-30-at-09.30.24.jpeg 1280w\" data-sizes=\"auto, (max-width: 1024px) 100vw, 1024px\" src=\"data:image\/gif;base64,R0lGODlhAQABAAAAACH5BAEKAAEALAAAAAABAAEAAAICTAEAOw==\" style=\"--smush-placeholder-width: 1024px; --smush-placeholder-aspect-ratio: 1024\/768;\" \/><noscript><img loading=\"lazy\" decoding=\"async\" width=\"1024\" height=\"768\" src=\"http:\/\/ondauno.com.ar\/wp-content\/uploads\/2023\/07\/WhatsApp-Image-2023-06-30-at-09.30.24-1024x768.jpeg\" alt=\"\" data-id=\"42116\" data-link=\"http:\/\/ondauno.com.ar\/?attachment_id=42116\" class=\"wp-image-42116\" srcset=\"https:\/\/ondauno.com.ar\/wp-content\/uploads\/2023\/07\/WhatsApp-Image-2023-06-30-at-09.30.24-1024x768.jpeg 1024w, https:\/\/ondauno.com.ar\/wp-content\/uploads\/2023\/07\/WhatsApp-Image-2023-06-30-at-09.30.24-300x225.jpeg 300w, https:\/\/ondauno.com.ar\/wp-content\/uploads\/2023\/07\/WhatsApp-Image-2023-06-30-at-09.30.24-768x576.jpeg 768w, https:\/\/ondauno.com.ar\/wp-content\/uploads\/2023\/07\/WhatsApp-Image-2023-06-30-at-09.30.24-80x60.jpeg 80w, https:\/\/ondauno.com.ar\/wp-content\/uploads\/2023\/07\/WhatsApp-Image-2023-06-30-at-09.30.24-265x198.jpeg 265w, https:\/\/ondauno.com.ar\/wp-content\/uploads\/2023\/07\/WhatsApp-Image-2023-06-30-at-09.30.24-696x522.jpeg 696w, https:\/\/ondauno.com.ar\/wp-content\/uploads\/2023\/07\/WhatsApp-Image-2023-06-30-at-09.30.24-1068x801.jpeg 1068w, https:\/\/ondauno.com.ar\/wp-content\/uploads\/2023\/07\/WhatsApp-Image-2023-06-30-at-09.30.24-560x420.jpeg 560w, https:\/\/ondauno.com.ar\/wp-content\/uploads\/2023\/07\/WhatsApp-Image-2023-06-30-at-09.30.24.jpeg 1280w\" sizes=\"auto, (max-width: 1024px) 100vw, 1024px\" \/><\/noscript><\/figure><\/li><li class=\"blocks-gallery-item\"><figure><img loading=\"lazy\" decoding=\"async\" width=\"1024\" height=\"576\" data-src=\"http:\/\/ondauno.com.ar\/wp-content\/uploads\/2023\/07\/WhatsApp-Image-2023-06-30-at-09.30.23-1024x576.jpeg\" alt=\"\" data-id=\"42115\" data-link=\"http:\/\/ondauno.com.ar\/?attachment_id=42115\" class=\"wp-image-42115 lazyload\" data-srcset=\"https:\/\/ondauno.com.ar\/wp-content\/uploads\/2023\/07\/WhatsApp-Image-2023-06-30-at-09.30.23.jpeg 1024w, https:\/\/ondauno.com.ar\/wp-content\/uploads\/2023\/07\/WhatsApp-Image-2023-06-30-at-09.30.23-300x169.jpeg 300w, https:\/\/ondauno.com.ar\/wp-content\/uploads\/2023\/07\/WhatsApp-Image-2023-06-30-at-09.30.23-768x432.jpeg 768w, https:\/\/ondauno.com.ar\/wp-content\/uploads\/2023\/07\/WhatsApp-Image-2023-06-30-at-09.30.23-696x392.jpeg 696w, https:\/\/ondauno.com.ar\/wp-content\/uploads\/2023\/07\/WhatsApp-Image-2023-06-30-at-09.30.23-747x420.jpeg 747w\" data-sizes=\"auto, (max-width: 1024px) 100vw, 1024px\" src=\"data:image\/gif;base64,R0lGODlhAQABAAAAACH5BAEKAAEALAAAAAABAAEAAAICTAEAOw==\" style=\"--smush-placeholder-width: 1024px; --smush-placeholder-aspect-ratio: 1024\/576;\" \/><noscript><img loading=\"lazy\" decoding=\"async\" width=\"1024\" height=\"576\" src=\"http:\/\/ondauno.com.ar\/wp-content\/uploads\/2023\/07\/WhatsApp-Image-2023-06-30-at-09.30.23-1024x576.jpeg\" alt=\"\" data-id=\"42115\" data-link=\"http:\/\/ondauno.com.ar\/?attachment_id=42115\" class=\"wp-image-42115\" srcset=\"https:\/\/ondauno.com.ar\/wp-content\/uploads\/2023\/07\/WhatsApp-Image-2023-06-30-at-09.30.23.jpeg 1024w, https:\/\/ondauno.com.ar\/wp-content\/uploads\/2023\/07\/WhatsApp-Image-2023-06-30-at-09.30.23-300x169.jpeg 300w, https:\/\/ondauno.com.ar\/wp-content\/uploads\/2023\/07\/WhatsApp-Image-2023-06-30-at-09.30.23-768x432.jpeg 768w, https:\/\/ondauno.com.ar\/wp-content\/uploads\/2023\/07\/WhatsApp-Image-2023-06-30-at-09.30.23-696x392.jpeg 696w, https:\/\/ondauno.com.ar\/wp-content\/uploads\/2023\/07\/WhatsApp-Image-2023-06-30-at-09.30.23-747x420.jpeg 747w\" sizes=\"auto, (max-width: 1024px) 100vw, 1024px\" \/><\/noscript><\/figure><\/li><li class=\"blocks-gallery-item\"><figure><img loading=\"lazy\" decoding=\"async\" width=\"766\" height=\"1024\" data-src=\"http:\/\/ondauno.com.ar\/wp-content\/uploads\/2023\/07\/WhatsApp-Image-2023-06-30-at-09.30.23-2-766x1024.jpeg\" alt=\"\" data-id=\"42114\" data-link=\"http:\/\/ondauno.com.ar\/?attachment_id=42114\" class=\"wp-image-42114 lazyload\" data-srcset=\"https:\/\/ondauno.com.ar\/wp-content\/uploads\/2023\/07\/WhatsApp-Image-2023-06-30-at-09.30.23-2.jpeg 766w, https:\/\/ondauno.com.ar\/wp-content\/uploads\/2023\/07\/WhatsApp-Image-2023-06-30-at-09.30.23-2-224x300.jpeg 224w, https:\/\/ondauno.com.ar\/wp-content\/uploads\/2023\/07\/WhatsApp-Image-2023-06-30-at-09.30.23-2-696x930.jpeg 696w, https:\/\/ondauno.com.ar\/wp-content\/uploads\/2023\/07\/WhatsApp-Image-2023-06-30-at-09.30.23-2-314x420.jpeg 314w\" data-sizes=\"auto, (max-width: 766px) 100vw, 766px\" src=\"data:image\/gif;base64,R0lGODlhAQABAAAAACH5BAEKAAEALAAAAAABAAEAAAICTAEAOw==\" style=\"--smush-placeholder-width: 766px; --smush-placeholder-aspect-ratio: 766\/1024;\" \/><noscript><img loading=\"lazy\" decoding=\"async\" width=\"766\" height=\"1024\" src=\"http:\/\/ondauno.com.ar\/wp-content\/uploads\/2023\/07\/WhatsApp-Image-2023-06-30-at-09.30.23-2-766x1024.jpeg\" alt=\"\" data-id=\"42114\" data-link=\"http:\/\/ondauno.com.ar\/?attachment_id=42114\" class=\"wp-image-42114\" srcset=\"https:\/\/ondauno.com.ar\/wp-content\/uploads\/2023\/07\/WhatsApp-Image-2023-06-30-at-09.30.23-2.jpeg 766w, https:\/\/ondauno.com.ar\/wp-content\/uploads\/2023\/07\/WhatsApp-Image-2023-06-30-at-09.30.23-2-224x300.jpeg 224w, https:\/\/ondauno.com.ar\/wp-content\/uploads\/2023\/07\/WhatsApp-Image-2023-06-30-at-09.30.23-2-696x930.jpeg 696w, https:\/\/ondauno.com.ar\/wp-content\/uploads\/2023\/07\/WhatsApp-Image-2023-06-30-at-09.30.23-2-314x420.jpeg 314w\" sizes=\"auto, (max-width: 766px) 100vw, 766px\" \/><\/noscript><\/figure><\/li><\/ul>\n\n\n\n<p>El procedimiento, realizado en el barrio \u201cLa Movediza \u201c de Tandil cont\u00f3 con el apoyo del GAD , Caballer\u00eda, CPR De Gonzales Chaves, DDI y Comisar\u00eda 2da. de Tandil. En el operativo se secuestro no s\u00f3lo el autom\u00f3vil con que se consumo el delito , sino adem\u00e1s herramientas para extraer las placas, dinero por m\u00e1s de 220.000 pesos y  m\u00e1s de 2.000 d\u00f3lares, c\u00f3mo as\u00ed tambi\u00e9n de 24 frascos con casi 2kg de flores de marihuana por un valor estimado en el mill\u00f3n de pesos, la cual se hallaba lista para su comercializaci\u00f3n. Se secuestraron adem\u00e1s tel\u00e9fonos celulares que servir\u00e1n para continuar con el avance de la investigaci\u00f3n para dar con los compradores de las placas robadas. En los pr\u00f3ximos d\u00edas el Dr. Ustarroz formalizar\u00e1 la situaci\u00f3n procesal de los \u00edntegrates de la banda.- Es dable mencionar que tambi\u00e9n se cont\u00f3 con las c\u00e1maras del Centro de Monitoreo de Aldolfo Gonzales Chaves , el cual se encuentra a cargo de Marcos Orellano , dependiente del Municipio Local .-<\/p>\n","protected":false},"excerpt":{"rendered":"<p>En el d\u00eda de hoy, personal de la Polic\u00eda Comunal de Adolfo Gonzales Chaves dirigidos por el Comisario Inspector Daniel Dupuy y Comisario Marcos Navarro, Jefe de Estacion de EPS , coordinados por el Ayudante Fiscal Dr. Juan Ustarroz, luego llevarse a cabo de una minuciosa investigaci\u00f3n , por pares del Gabinete T\u00e9cnico Operativo, en [&hellip;]<\/p>\n","protected":false},"author":1,"featured_media":42113,"comment_status":"open","ping_status":"open","sticky":false,"template":"","format":"standard","meta":{"tdm_status":"","tdm_grid_status":"","_jetpack_memberships_contains_paid_content":false,"footnotes":"","jetpack_publicize_message":"","jetpack_publicize_feature_enabled":true,"jetpack_social_post_already_shared":true,"jetpack_social_options":{"image_generator_settings":{"template":"highway","default_image_id":0,"font":"","enabled":false},"version":2}},"categories":[29],"tags":[],"class_list":{"0":"post-42112","1":"post","2":"type-post","3":"status-publish","4":"format-standard","5":"has-post-thumbnail","7":"category-policiales"},"yoast_head":"<!-- This site is optimized with the Yoast SEO plugin v22.7 - https:\/\/yoast.com\/wordpress\/plugins\/seo\/ -->\n<title>Chaves: esclarecen el robo de las placas del cementerio - 103.9 fm<\/title>\n<meta name=\"robots\" content=\"index, follow, max-snippet:-1, max-image-preview:large, max-video-preview:-1\" \/>\n<link rel=\"canonical\" href=\"https:\/\/ondauno.com.ar\/index.php\/2023\/07\/01\/chaves-esclarecen-el-robo-de-las-placas-del-cementerio\/\" \/>\n<meta property=\"og:locale\" content=\"es_ES\" \/>\n<meta property=\"og:type\" content=\"article\" \/>\n<meta property=\"og:title\" content=\"Chaves: esclarecen el robo de las placas del cementerio - 103.9 fm\" \/>\n<meta property=\"og:description\" content=\"En el d\u00eda de hoy, personal de la Polic\u00eda Comunal de Adolfo Gonzales Chaves dirigidos por el Comisario Inspector Daniel Dupuy y Comisario Marcos Navarro, Jefe de Estacion de EPS , coordinados por el Ayudante Fiscal Dr. Juan Ustarroz, luego llevarse a cabo de una minuciosa investigaci\u00f3n , por pares del Gabinete T\u00e9cnico Operativo, en [&hellip;]\" \/>\n<meta property=\"og:url\" content=\"https:\/\/ondauno.com.ar\/index.php\/2023\/07\/01\/chaves-esclarecen-el-robo-de-las-placas-del-cementerio\/\" \/>\n<meta property=\"og:site_name\" content=\"103.9 fm\" \/>\n<meta property=\"article:publisher\" content=\"https:\/\/www.facebook.com\/ondauno103.9\" \/>\n<meta property=\"article:published_time\" content=\"2023-07-01T18:26:27+00:00\" \/>\n<meta property=\"article:modified_time\" content=\"2023-07-01T18:26:29+00:00\" \/>\n<meta property=\"og:image\" content=\"https:\/\/ondauno.com.ar\/wp-content\/uploads\/2023\/07\/WhatsApp-Image-2023-06-30-at-09.30.23-1.jpeg\" \/>\n\t<meta property=\"og:image:width\" content=\"1160\" \/>\n\t<meta property=\"og:image:height\" content=\"868\" \/>\n\t<meta property=\"og:image:type\" content=\"image\/jpeg\" \/>\n<meta name=\"author\" content=\"OndaUno\" \/>\n<meta name=\"twitter:card\" content=\"summary_large_image\" \/>\n<meta name=\"twitter:label1\" content=\"Escrito por\" \/>\n\t<meta name=\"twitter:data1\" content=\"OndaUno\" \/>\n\t<meta name=\"twitter:label2\" content=\"Tiempo de lectura\" \/>\n\t<meta name=\"twitter:data2\" content=\"1 minuto\" \/>\n<script type=\"application\/ld+json\" class=\"yoast-schema-graph\">{\"@context\":\"https:\/\/schema.org\",\"@graph\":[{\"@type\":\"WebPage\",\"@id\":\"https:\/\/ondauno.com.ar\/index.php\/2023\/07\/01\/chaves-esclarecen-el-robo-de-las-placas-del-cementerio\/\",\"url\":\"https:\/\/ondauno.com.ar\/index.php\/2023\/07\/01\/chaves-esclarecen-el-robo-de-las-placas-del-cementerio\/\",\"name\":\"Chaves: esclarecen el robo de las placas del cementerio - 103.9 fm\",\"isPartOf\":{\"@id\":\"https:\/\/ondauno.com.ar\/#website\"},\"primaryImageOfPage\":{\"@id\":\"https:\/\/ondauno.com.ar\/index.php\/2023\/07\/01\/chaves-esclarecen-el-robo-de-las-placas-del-cementerio\/#primaryimage\"},\"image\":{\"@id\":\"https:\/\/ondauno.com.ar\/index.php\/2023\/07\/01\/chaves-esclarecen-el-robo-de-las-placas-del-cementerio\/#primaryimage\"},\"thumbnailUrl\":\"https:\/\/ondauno.com.ar\/wp-content\/uploads\/2023\/07\/WhatsApp-Image-2023-06-30-at-09.30.23-1.jpeg\",\"datePublished\":\"2023-07-01T18:26:27+00:00\",\"dateModified\":\"2023-07-01T18:26:29+00:00\",\"author\":{\"@id\":\"https:\/\/ondauno.com.ar\/#\/schema\/person\/7ec851ddeceb4133d7d7132dc645714e\"},\"breadcrumb\":{\"@id\":\"https:\/\/ondauno.com.ar\/index.php\/2023\/07\/01\/chaves-esclarecen-el-robo-de-las-placas-del-cementerio\/#breadcrumb\"},\"inLanguage\":\"es-AR\",\"potentialAction\":[{\"@type\":\"ReadAction\",\"target\":[\"https:\/\/ondauno.com.ar\/index.php\/2023\/07\/01\/chaves-esclarecen-el-robo-de-las-placas-del-cementerio\/\"]}]},{\"@type\":\"ImageObject\",\"inLanguage\":\"es-AR\",\"@id\":\"https:\/\/ondauno.com.ar\/index.php\/2023\/07\/01\/chaves-esclarecen-el-robo-de-las-placas-del-cementerio\/#primaryimage\",\"url\":\"https:\/\/ondauno.com.ar\/wp-content\/uploads\/2023\/07\/WhatsApp-Image-2023-06-30-at-09.30.23-1.jpeg\",\"contentUrl\":\"https:\/\/ondauno.com.ar\/wp-content\/uploads\/2023\/07\/WhatsApp-Image-2023-06-30-at-09.30.23-1.jpeg\",\"width\":1160,\"height\":868},{\"@type\":\"BreadcrumbList\",\"@id\":\"https:\/\/ondauno.com.ar\/index.php\/2023\/07\/01\/chaves-esclarecen-el-robo-de-las-placas-del-cementerio\/#breadcrumb\",\"itemListElement\":[{\"@type\":\"ListItem\",\"position\":1,\"name\":\"Inicio\",\"item\":\"https:\/\/ondauno.com.ar\/\"},{\"@type\":\"ListItem\",\"position\":2,\"name\":\"Chaves: esclarecen el robo de las placas del cementerio\"}]},{\"@type\":\"WebSite\",\"@id\":\"https:\/\/ondauno.com.ar\/#website\",\"url\":\"https:\/\/ondauno.com.ar\/\",\"name\":\"103.9 fm\",\"description\":\"LA PRIMERA RADIO MULTIMEDIA DE TRES ARROYOS\",\"potentialAction\":[{\"@type\":\"SearchAction\",\"target\":{\"@type\":\"EntryPoint\",\"urlTemplate\":\"https:\/\/ondauno.com.ar\/?s={search_term_string}\"},\"query-input\":\"required name=search_term_string\"}],\"inLanguage\":\"es-AR\"},{\"@type\":\"Person\",\"@id\":\"https:\/\/ondauno.com.ar\/#\/schema\/person\/7ec851ddeceb4133d7d7132dc645714e\",\"name\":\"OndaUno\",\"image\":{\"@type\":\"ImageObject\",\"inLanguage\":\"es-AR\",\"@id\":\"https:\/\/ondauno.com.ar\/#\/schema\/person\/image\/\",\"url\":\"https:\/\/secure.gravatar.com\/avatar\/93b8009f0de7021f1feb2bd5b32fb9e8?s=96&d=mm&r=g\",\"contentUrl\":\"https:\/\/secure.gravatar.com\/avatar\/93b8009f0de7021f1feb2bd5b32fb9e8?s=96&d=mm&r=g\",\"caption\":\"OndaUno\"},\"url\":\"https:\/\/ondauno.com.ar\/index.php\/author\/ondauno\/\"}]}<\/script>\n<!-- \/ Yoast SEO plugin. -->","yoast_head_json":{"title":"Chaves: esclarecen el robo de las placas del cementerio - 103.9 fm","robots":{"index":"index","follow":"follow","max-snippet":"max-snippet:-1","max-image-preview":"max-image-preview:large","max-video-preview":"max-video-preview:-1"},"canonical":"https:\/\/ondauno.com.ar\/index.php\/2023\/07\/01\/chaves-esclarecen-el-robo-de-las-placas-del-cementerio\/","og_locale":"es_ES","og_type":"article","og_title":"Chaves: esclarecen el robo de las placas del cementerio - 103.9 fm","og_description":"En el d\u00eda de hoy, personal de la Polic\u00eda Comunal de Adolfo Gonzales Chaves dirigidos por el Comisario Inspector Daniel Dupuy y Comisario Marcos Navarro, Jefe de Estacion de EPS , coordinados por el Ayudante Fiscal Dr. Juan Ustarroz, luego llevarse a cabo de una minuciosa investigaci\u00f3n , por pares del Gabinete T\u00e9cnico Operativo, en [&hellip;]","og_url":"https:\/\/ondauno.com.ar\/index.php\/2023\/07\/01\/chaves-esclarecen-el-robo-de-las-placas-del-cementerio\/","og_site_name":"103.9 fm","article_publisher":"https:\/\/www.facebook.com\/ondauno103.9","article_published_time":"2023-07-01T18:26:27+00:00","article_modified_time":"2023-07-01T18:26:29+00:00","og_image":[{"width":1160,"height":868,"url":"https:\/\/ondauno.com.ar\/wp-content\/uploads\/2023\/07\/WhatsApp-Image-2023-06-30-at-09.30.23-1.jpeg","type":"image\/jpeg"}],"author":"OndaUno","twitter_card":"summary_large_image","twitter_misc":{"Escrito por":"OndaUno","Tiempo de lectura":"1 minuto"},"schema":{"@context":"https:\/\/schema.org","@graph":[{"@type":"WebPage","@id":"https:\/\/ondauno.com.ar\/index.php\/2023\/07\/01\/chaves-esclarecen-el-robo-de-las-placas-del-cementerio\/","url":"https:\/\/ondauno.com.ar\/index.php\/2023\/07\/01\/chaves-esclarecen-el-robo-de-las-placas-del-cementerio\/","name":"Chaves: esclarecen el robo de las placas del cementerio - 103.9 fm","isPartOf":{"@id":"https:\/\/ondauno.com.ar\/#website"},"primaryImageOfPage":{"@id":"https:\/\/ondauno.com.ar\/index.php\/2023\/07\/01\/chaves-esclarecen-el-robo-de-las-placas-del-cementerio\/#primaryimage"},"image":{"@id":"https:\/\/ondauno.com.ar\/index.php\/2023\/07\/01\/chaves-esclarecen-el-robo-de-las-placas-del-cementerio\/#primaryimage"},"thumbnailUrl":"https:\/\/ondauno.com.ar\/wp-content\/uploads\/2023\/07\/WhatsApp-Image-2023-06-30-at-09.30.23-1.jpeg","datePublished":"2023-07-01T18:26:27+00:00","dateModified":"2023-07-01T18:26:29+00:00","author":{"@id":"https:\/\/ondauno.com.ar\/#\/schema\/person\/7ec851ddeceb4133d7d7132dc645714e"},"breadcrumb":{"@id":"https:\/\/ondauno.com.ar\/index.php\/2023\/07\/01\/chaves-esclarecen-el-robo-de-las-placas-del-cementerio\/#breadcrumb"},"inLanguage":"es-AR","potentialAction":[{"@type":"ReadAction","target":["https:\/\/ondauno.com.ar\/index.php\/2023\/07\/01\/chaves-esclarecen-el-robo-de-las-placas-del-cementerio\/"]}]},{"@type":"ImageObject","inLanguage":"es-AR","@id":"https:\/\/ondauno.com.ar\/index.php\/2023\/07\/01\/chaves-esclarecen-el-robo-de-las-placas-del-cementerio\/#primaryimage","url":"https:\/\/ondauno.com.ar\/wp-content\/uploads\/2023\/07\/WhatsApp-Image-2023-06-30-at-09.30.23-1.jpeg","contentUrl":"https:\/\/ondauno.com.ar\/wp-content\/uploads\/2023\/07\/WhatsApp-Image-2023-06-30-at-09.30.23-1.jpeg","width":1160,"height":868},{"@type":"BreadcrumbList","@id":"https:\/\/ondauno.com.ar\/index.php\/2023\/07\/01\/chaves-esclarecen-el-robo-de-las-placas-del-cementerio\/#breadcrumb","itemListElement":[{"@type":"ListItem","position":1,"name":"Inicio","item":"https:\/\/ondauno.com.ar\/"},{"@type":"ListItem","position":2,"name":"Chaves: esclarecen el robo de las placas del cementerio"}]},{"@type":"WebSite","@id":"https:\/\/ondauno.com.ar\/#website","url":"https:\/\/ondauno.com.ar\/","name":"103.9 fm","description":"LA PRIMERA RADIO MULTIMEDIA DE TRES ARROYOS","potentialAction":[{"@type":"SearchAction","target":{"@type":"EntryPoint","urlTemplate":"https:\/\/ondauno.com.ar\/?s={search_term_string}"},"query-input":"required name=search_term_string"}],"inLanguage":"es-AR"},{"@type":"Person","@id":"https:\/\/ondauno.com.ar\/#\/schema\/person\/7ec851ddeceb4133d7d7132dc645714e","name":"OndaUno","image":{"@type":"ImageObject","inLanguage":"es-AR","@id":"https:\/\/ondauno.com.ar\/#\/schema\/person\/image\/","url":"https:\/\/secure.gravatar.com\/avatar\/93b8009f0de7021f1feb2bd5b32fb9e8?s=96&d=mm&r=g","contentUrl":"https:\/\/secure.gravatar.com\/avatar\/93b8009f0de7021f1feb2bd5b32fb9e8?s=96&d=mm&r=g","caption":"OndaUno"},"url":"https:\/\/ondauno.com.ar\/index.php\/author\/ondauno\/"}]}},"jetpack_publicize_connections":[],"jetpack_featured_media_url":"https:\/\/ondauno.com.ar\/wp-content\/uploads\/2023\/07\/WhatsApp-Image-2023-06-30-at-09.30.23-1.jpeg","jetpack_sharing_enabled":true,"_links":{"self":[{"href":"https:\/\/ondauno.com.ar\/index.php\/wp-json\/wp\/v2\/posts\/42112","targetHints":{"allow":["GET"]}}],"collection":[{"href":"https:\/\/ondauno.com.ar\/index.php\/wp-json\/wp\/v2\/posts"}],"about":[{"href":"https:\/\/ondauno.com.ar\/index.php\/wp-json\/wp\/v2\/types\/post"}],"author":[{"embeddable":true,"href":"https:\/\/ondauno.com.ar\/index.php\/wp-json\/wp\/v2\/users\/1"}],"replies":[{"embeddable":true,"href":"https:\/\/ondauno.com.ar\/index.php\/wp-json\/wp\/v2\/comments?post=42112"}],"version-history":[{"count":0,"href":"https:\/\/ondauno.com.ar\/index.php\/wp-json\/wp\/v2\/posts\/42112\/revisions"}],"wp:featuredmedia":[{"embeddable":true,"href":"https:\/\/ondauno.com.ar\/index.php\/wp-json\/wp\/v2\/media\/42113"}],"wp:attachment":[{"href":"https:\/\/ondauno.com.ar\/index.php\/wp-json\/wp\/v2\/media?parent=42112"}],"wp:term":[{"taxonomy":"category","embeddable":true,"href":"https:\/\/ondauno.com.ar\/index.php\/wp-json\/wp\/v2\/categories?post=42112"},{"taxonomy":"post_tag","embeddable":true,"href":"https:\/\/ondauno.com.ar\/index.php\/wp-json\/wp\/v2\/tags?post=42112"}],"curies":[{"name":"wp","href":"https:\/\/api.w.org\/{rel}","templated":true}]}}