{"id":42022,"date":"2023-06-27T14:54:07","date_gmt":"2023-06-27T17:54:07","guid":{"rendered":"http:\/\/ondauno.com.ar\/?p=42022"},"modified":"2023-06-27T14:54:08","modified_gmt":"2023-06-27T17:54:08","slug":"mario-alvarez-nadie-gana-solo-es-un-trabajo-en-equipo","status":"publish","type":"post","link":"https:\/\/ondauno.com.ar\/index.php\/2023\/06\/27\/mario-alvarez-nadie-gana-solo-es-un-trabajo-en-equipo\/","title":{"rendered":"Mario \u00c1lvarez: \u201cnadie gana solo, es un trabajo en equipo\u201d"},"content":{"rendered":"<div class=\"ondau-before-content_3\" style=\"margin-top: -30px;\" id=\"ondau-2131911349\"><a href=\"https:\/\/www.lps.com.ar\/\" aria-label=\"la-perse2\"><img loading=\"lazy\" decoding=\"async\" src=\"https:\/\/ondauno.com.ar\/wp-content\/uploads\/2021\/10\/la-perse2.jpg\" alt=\"\"  srcset=\"https:\/\/ondauno.com.ar\/wp-content\/uploads\/2021\/10\/la-perse2.jpg 1353w, https:\/\/ondauno.com.ar\/wp-content\/uploads\/2021\/10\/la-perse2-300x43.jpg 300w, https:\/\/ondauno.com.ar\/wp-content\/uploads\/2021\/10\/la-perse2-1024x148.jpg 1024w, https:\/\/ondauno.com.ar\/wp-content\/uploads\/2021\/10\/la-perse2-768x111.jpg 768w, https:\/\/ondauno.com.ar\/wp-content\/uploads\/2021\/10\/la-perse2-696x100.jpg 696w, https:\/\/ondauno.com.ar\/wp-content\/uploads\/2021\/10\/la-perse2-1068x154.jpg 1068w\" sizes=\"(max-width: 1353px) 100vw, 1353px\" class=\"no-lazyload\" width=\"1353\" height=\"195\"  style=\"display: inline-block;\" \/><\/a><\/div>\n<p class=\"has-small-font-size\"><em>Foto gentileza RCC<\/em><\/p>\n\n\n\n<p>El arquero, de 37 a\u00f1os, fue fundamental para que Recreativo Claromec\u00f3 grite campe\u00f3n en el apertura de segunda.<\/p>\n\n\n\n<p>El domingo, en Orense, se luci\u00f3 bajo los tres palos con varias intervenciones decisivas. A los 52 del segundo tiempo, Alumni se puso en ventaja con el tanto de Kevin Schmidt. Pero dos minutos despu\u00e9s, el propio \u00c1lvarez empat\u00f3 el partido en la \u00faltima jugada y le dio el t\u00edtulo a su equipo.<\/p>\n\n\n\n<p>Ayer, Mario pas\u00f3 por \u201cPartido Clave\u201d. Destac\u00f3 la uni\u00f3n grupal, el trabajo del cuerpo t\u00e9cnico y la acertada elecci\u00f3n de refuerzos. Asegura que hoy vive el f\u00fatbol con m\u00e1s tranquilidad, transmitiendo su experiencia a los m\u00e1s chicos.<\/p>\n\n\n\n<p>De cara al clausura, resalt\u00f3 la importancia de no relajarse y corregir dos falencias puntuales. Si bien se ilusiona con el ascenso, siente que este ser\u00e1 su \u00faltimo a\u00f1o como futbolista.<\/p>\n\n\n\n<p>\u00a1Escuch\u00e1 la charla completa!<\/p>\n\n\n\n<figure class=\"wp-block-image\"><img loading=\"lazy\" decoding=\"async\" width=\"1024\" height=\"161\" data-src=\"http:\/\/ondauno.com.ar\/wp-content\/uploads\/2022\/03\/Escucha-la-nota1-1024x161.jpg\" alt=\"\" class=\"wp-image-32072 lazyload\" data-srcset=\"https:\/\/ondauno.com.ar\/wp-content\/uploads\/2022\/03\/Escucha-la-nota1-1024x161.jpg 1024w, https:\/\/ondauno.com.ar\/wp-content\/uploads\/2022\/03\/Escucha-la-nota1-300x47.jpg 300w, https:\/\/ondauno.com.ar\/wp-content\/uploads\/2022\/03\/Escucha-la-nota1-768x121.jpg 768w, https:\/\/ondauno.com.ar\/wp-content\/uploads\/2022\/03\/Escucha-la-nota1-696x110.jpg 696w, https:\/\/ondauno.com.ar\/wp-content\/uploads\/2022\/03\/Escucha-la-nota1-1068x168.jpg 1068w, https:\/\/ondauno.com.ar\/wp-content\/uploads\/2022\/03\/Escucha-la-nota1-1920x302.jpg 1920w\" data-sizes=\"auto, (max-width: 1024px) 100vw, 1024px\" src=\"data:image\/gif;base64,R0lGODlhAQABAAAAACH5BAEKAAEALAAAAAABAAEAAAICTAEAOw==\" style=\"--smush-placeholder-width: 1024px; --smush-placeholder-aspect-ratio: 1024\/161;\" \/><noscript><img loading=\"lazy\" decoding=\"async\" width=\"1024\" height=\"161\" src=\"http:\/\/ondauno.com.ar\/wp-content\/uploads\/2022\/03\/Escucha-la-nota1-1024x161.jpg\" alt=\"\" class=\"wp-image-32072\" srcset=\"https:\/\/ondauno.com.ar\/wp-content\/uploads\/2022\/03\/Escucha-la-nota1-1024x161.jpg 1024w, https:\/\/ondauno.com.ar\/wp-content\/uploads\/2022\/03\/Escucha-la-nota1-300x47.jpg 300w, https:\/\/ondauno.com.ar\/wp-content\/uploads\/2022\/03\/Escucha-la-nota1-768x121.jpg 768w, https:\/\/ondauno.com.ar\/wp-content\/uploads\/2022\/03\/Escucha-la-nota1-696x110.jpg 696w, https:\/\/ondauno.com.ar\/wp-content\/uploads\/2022\/03\/Escucha-la-nota1-1068x168.jpg 1068w, https:\/\/ondauno.com.ar\/wp-content\/uploads\/2022\/03\/Escucha-la-nota1-1920x302.jpg 1920w\" sizes=\"auto, (max-width: 1024px) 100vw, 1024px\" \/><\/noscript><\/figure>\n\n\n\n<figure><iframe loading=\"lazy\" width=\"100%\" height=\"166\" data-src=\"https:\/\/w.soundcloud.com\/player\/?url=https%3A\/\/api.soundcloud.com\/tracks\/1551312529&amp;color=%23ff5500&amp;auto_play=false&amp;hide_related=false&amp;show_comments=true&amp;show_user=true&amp;show_reposts=false&amp;show_teaser=true\" src=\"data:image\/gif;base64,R0lGODlhAQABAAAAACH5BAEKAAEALAAAAAABAAEAAAICTAEAOw==\" class=\"lazyload\" data-load-mode=\"1\"><\/iframe><\/figure>\n\n\n\n<p><\/p>\n","protected":false},"excerpt":{"rendered":"<p>Foto gentileza RCC El arquero, de 37 a\u00f1os, fue fundamental para que Recreativo Claromec\u00f3 grite campe\u00f3n en el apertura de segunda. El domingo, en Orense, se luci\u00f3 bajo los tres palos con varias intervenciones decisivas. A los 52 del segundo tiempo, Alumni se puso en ventaja con el tanto de Kevin Schmidt. Pero dos minutos [&hellip;]<\/p>\n","protected":false},"author":1,"featured_media":0,"comment_status":"open","ping_status":"open","sticky":false,"template":"","format":"standard","meta":{"tdm_status":"","tdm_grid_status":"","_jetpack_memberships_contains_paid_content":false,"footnotes":"","jetpack_publicize_message":"","jetpack_publicize_feature_enabled":true,"jetpack_social_post_already_shared":true,"jetpack_social_options":{"image_generator_settings":{"template":"highway","default_image_id":0,"font":"","enabled":false},"version":2}},"categories":[27],"tags":[],"class_list":{"0":"post-42022","1":"post","2":"type-post","3":"status-publish","4":"format-standard","6":"category-futbol"},"yoast_head":"<!-- This site is optimized with the Yoast SEO plugin v22.7 - https:\/\/yoast.com\/wordpress\/plugins\/seo\/ -->\n<title>Mario \u00c1lvarez: \u201cnadie gana solo, es un trabajo en equipo\u201d - 103.9 fm<\/title>\n<meta name=\"robots\" content=\"index, follow, max-snippet:-1, max-image-preview:large, max-video-preview:-1\" \/>\n<link rel=\"canonical\" href=\"https:\/\/ondauno.com.ar\/index.php\/2023\/06\/27\/mario-alvarez-nadie-gana-solo-es-un-trabajo-en-equipo\/\" \/>\n<meta property=\"og:locale\" content=\"es_ES\" \/>\n<meta property=\"og:type\" content=\"article\" \/>\n<meta property=\"og:title\" content=\"Mario \u00c1lvarez: \u201cnadie gana solo, es un trabajo en equipo\u201d - 103.9 fm\" \/>\n<meta property=\"og:description\" content=\"Foto gentileza RCC El arquero, de 37 a\u00f1os, fue fundamental para que Recreativo Claromec\u00f3 grite campe\u00f3n en el apertura de segunda. El domingo, en Orense, se luci\u00f3 bajo los tres palos con varias intervenciones decisivas. A los 52 del segundo tiempo, Alumni se puso en ventaja con el tanto de Kevin Schmidt. Pero dos minutos [&hellip;]\" \/>\n<meta property=\"og:url\" content=\"https:\/\/ondauno.com.ar\/index.php\/2023\/06\/27\/mario-alvarez-nadie-gana-solo-es-un-trabajo-en-equipo\/\" \/>\n<meta property=\"og:site_name\" content=\"103.9 fm\" \/>\n<meta property=\"article:publisher\" content=\"https:\/\/www.facebook.com\/ondauno103.9\" \/>\n<meta property=\"article:published_time\" content=\"2023-06-27T17:54:07+00:00\" \/>\n<meta property=\"article:modified_time\" content=\"2023-06-27T17:54:08+00:00\" \/>\n<meta property=\"og:image\" content=\"https:\/\/ondauno.com.ar\/wp-content\/uploads\/2023\/06\/mario-alvarez.jpg\" \/>\n\t<meta property=\"og:image:width\" content=\"526\" \/>\n\t<meta property=\"og:image:height\" content=\"801\" \/>\n\t<meta property=\"og:image:type\" content=\"image\/jpeg\" \/>\n<meta name=\"author\" content=\"OndaUno\" \/>\n<meta name=\"twitter:card\" content=\"summary_large_image\" \/>\n<meta name=\"twitter:label1\" content=\"Escrito por\" \/>\n\t<meta name=\"twitter:data1\" content=\"OndaUno\" \/>\n\t<meta name=\"twitter:label2\" content=\"Tiempo de lectura\" \/>\n\t<meta name=\"twitter:data2\" content=\"1 minuto\" \/>\n<script type=\"application\/ld+json\" class=\"yoast-schema-graph\">{\"@context\":\"https:\/\/schema.org\",\"@graph\":[{\"@type\":\"WebPage\",\"@id\":\"https:\/\/ondauno.com.ar\/index.php\/2023\/06\/27\/mario-alvarez-nadie-gana-solo-es-un-trabajo-en-equipo\/\",\"url\":\"https:\/\/ondauno.com.ar\/index.php\/2023\/06\/27\/mario-alvarez-nadie-gana-solo-es-un-trabajo-en-equipo\/\",\"name\":\"Mario \u00c1lvarez: \u201cnadie gana solo, es un trabajo en equipo\u201d - 103.9 fm\",\"isPartOf\":{\"@id\":\"https:\/\/ondauno.com.ar\/#website\"},\"primaryImageOfPage\":{\"@id\":\"https:\/\/ondauno.com.ar\/index.php\/2023\/06\/27\/mario-alvarez-nadie-gana-solo-es-un-trabajo-en-equipo\/#primaryimage\"},\"image\":{\"@id\":\"https:\/\/ondauno.com.ar\/index.php\/2023\/06\/27\/mario-alvarez-nadie-gana-solo-es-un-trabajo-en-equipo\/#primaryimage\"},\"thumbnailUrl\":\"http:\/\/ondauno.com.ar\/wp-content\/uploads\/2022\/03\/Escucha-la-nota1-1024x161.jpg\",\"datePublished\":\"2023-06-27T17:54:07+00:00\",\"dateModified\":\"2023-06-27T17:54:08+00:00\",\"author\":{\"@id\":\"https:\/\/ondauno.com.ar\/#\/schema\/person\/7ec851ddeceb4133d7d7132dc645714e\"},\"breadcrumb\":{\"@id\":\"https:\/\/ondauno.com.ar\/index.php\/2023\/06\/27\/mario-alvarez-nadie-gana-solo-es-un-trabajo-en-equipo\/#breadcrumb\"},\"inLanguage\":\"es-AR\",\"potentialAction\":[{\"@type\":\"ReadAction\",\"target\":[\"https:\/\/ondauno.com.ar\/index.php\/2023\/06\/27\/mario-alvarez-nadie-gana-solo-es-un-trabajo-en-equipo\/\"]}]},{\"@type\":\"ImageObject\",\"inLanguage\":\"es-AR\",\"@id\":\"https:\/\/ondauno.com.ar\/index.php\/2023\/06\/27\/mario-alvarez-nadie-gana-solo-es-un-trabajo-en-equipo\/#primaryimage\",\"url\":\"https:\/\/ondauno.com.ar\/wp-content\/uploads\/2022\/03\/Escucha-la-nota1.jpg\",\"contentUrl\":\"https:\/\/ondauno.com.ar\/wp-content\/uploads\/2022\/03\/Escucha-la-nota1.jpg\",\"width\":5397,\"height\":850},{\"@type\":\"BreadcrumbList\",\"@id\":\"https:\/\/ondauno.com.ar\/index.php\/2023\/06\/27\/mario-alvarez-nadie-gana-solo-es-un-trabajo-en-equipo\/#breadcrumb\",\"itemListElement\":[{\"@type\":\"ListItem\",\"position\":1,\"name\":\"Inicio\",\"item\":\"https:\/\/ondauno.com.ar\/\"},{\"@type\":\"ListItem\",\"position\":2,\"name\":\"Mario \u00c1lvarez: \u201cnadie gana solo, es un trabajo en equipo\u201d\"}]},{\"@type\":\"WebSite\",\"@id\":\"https:\/\/ondauno.com.ar\/#website\",\"url\":\"https:\/\/ondauno.com.ar\/\",\"name\":\"103.9 fm\",\"description\":\"LA PRIMERA RADIO MULTIMEDIA DE TRES ARROYOS\",\"potentialAction\":[{\"@type\":\"SearchAction\",\"target\":{\"@type\":\"EntryPoint\",\"urlTemplate\":\"https:\/\/ondauno.com.ar\/?s={search_term_string}\"},\"query-input\":\"required name=search_term_string\"}],\"inLanguage\":\"es-AR\"},{\"@type\":\"Person\",\"@id\":\"https:\/\/ondauno.com.ar\/#\/schema\/person\/7ec851ddeceb4133d7d7132dc645714e\",\"name\":\"OndaUno\",\"image\":{\"@type\":\"ImageObject\",\"inLanguage\":\"es-AR\",\"@id\":\"https:\/\/ondauno.com.ar\/#\/schema\/person\/image\/\",\"url\":\"https:\/\/secure.gravatar.com\/avatar\/93b8009f0de7021f1feb2bd5b32fb9e8?s=96&d=mm&r=g\",\"contentUrl\":\"https:\/\/secure.gravatar.com\/avatar\/93b8009f0de7021f1feb2bd5b32fb9e8?s=96&d=mm&r=g\",\"caption\":\"OndaUno\"},\"url\":\"https:\/\/ondauno.com.ar\/index.php\/author\/ondauno\/\"}]}<\/script>\n<!-- \/ Yoast SEO plugin. -->","yoast_head_json":{"title":"Mario \u00c1lvarez: \u201cnadie gana solo, es un trabajo en equipo\u201d - 103.9 fm","robots":{"index":"index","follow":"follow","max-snippet":"max-snippet:-1","max-image-preview":"max-image-preview:large","max-video-preview":"max-video-preview:-1"},"canonical":"https:\/\/ondauno.com.ar\/index.php\/2023\/06\/27\/mario-alvarez-nadie-gana-solo-es-un-trabajo-en-equipo\/","og_locale":"es_ES","og_type":"article","og_title":"Mario \u00c1lvarez: \u201cnadie gana solo, es un trabajo en equipo\u201d - 103.9 fm","og_description":"Foto gentileza RCC El arquero, de 37 a\u00f1os, fue fundamental para que Recreativo Claromec\u00f3 grite campe\u00f3n en el apertura de segunda. El domingo, en Orense, se luci\u00f3 bajo los tres palos con varias intervenciones decisivas. A los 52 del segundo tiempo, Alumni se puso en ventaja con el tanto de Kevin Schmidt. Pero dos minutos [&hellip;]","og_url":"https:\/\/ondauno.com.ar\/index.php\/2023\/06\/27\/mario-alvarez-nadie-gana-solo-es-un-trabajo-en-equipo\/","og_site_name":"103.9 fm","article_publisher":"https:\/\/www.facebook.com\/ondauno103.9","article_published_time":"2023-06-27T17:54:07+00:00","article_modified_time":"2023-06-27T17:54:08+00:00","og_image":[{"width":526,"height":801,"url":"https:\/\/ondauno.com.ar\/wp-content\/uploads\/2023\/06\/mario-alvarez.jpg","type":"image\/jpeg"}],"author":"OndaUno","twitter_card":"summary_large_image","twitter_misc":{"Escrito por":"OndaUno","Tiempo de lectura":"1 minuto"},"schema":{"@context":"https:\/\/schema.org","@graph":[{"@type":"WebPage","@id":"https:\/\/ondauno.com.ar\/index.php\/2023\/06\/27\/mario-alvarez-nadie-gana-solo-es-un-trabajo-en-equipo\/","url":"https:\/\/ondauno.com.ar\/index.php\/2023\/06\/27\/mario-alvarez-nadie-gana-solo-es-un-trabajo-en-equipo\/","name":"Mario \u00c1lvarez: \u201cnadie gana solo, es un trabajo en equipo\u201d - 103.9 fm","isPartOf":{"@id":"https:\/\/ondauno.com.ar\/#website"},"primaryImageOfPage":{"@id":"https:\/\/ondauno.com.ar\/index.php\/2023\/06\/27\/mario-alvarez-nadie-gana-solo-es-un-trabajo-en-equipo\/#primaryimage"},"image":{"@id":"https:\/\/ondauno.com.ar\/index.php\/2023\/06\/27\/mario-alvarez-nadie-gana-solo-es-un-trabajo-en-equipo\/#primaryimage"},"thumbnailUrl":"http:\/\/ondauno.com.ar\/wp-content\/uploads\/2022\/03\/Escucha-la-nota1-1024x161.jpg","datePublished":"2023-06-27T17:54:07+00:00","dateModified":"2023-06-27T17:54:08+00:00","author":{"@id":"https:\/\/ondauno.com.ar\/#\/schema\/person\/7ec851ddeceb4133d7d7132dc645714e"},"breadcrumb":{"@id":"https:\/\/ondauno.com.ar\/index.php\/2023\/06\/27\/mario-alvarez-nadie-gana-solo-es-un-trabajo-en-equipo\/#breadcrumb"},"inLanguage":"es-AR","potentialAction":[{"@type":"ReadAction","target":["https:\/\/ondauno.com.ar\/index.php\/2023\/06\/27\/mario-alvarez-nadie-gana-solo-es-un-trabajo-en-equipo\/"]}]},{"@type":"ImageObject","inLanguage":"es-AR","@id":"https:\/\/ondauno.com.ar\/index.php\/2023\/06\/27\/mario-alvarez-nadie-gana-solo-es-un-trabajo-en-equipo\/#primaryimage","url":"https:\/\/ondauno.com.ar\/wp-content\/uploads\/2022\/03\/Escucha-la-nota1.jpg","contentUrl":"https:\/\/ondauno.com.ar\/wp-content\/uploads\/2022\/03\/Escucha-la-nota1.jpg","width":5397,"height":850},{"@type":"BreadcrumbList","@id":"https:\/\/ondauno.com.ar\/index.php\/2023\/06\/27\/mario-alvarez-nadie-gana-solo-es-un-trabajo-en-equipo\/#breadcrumb","itemListElement":[{"@type":"ListItem","position":1,"name":"Inicio","item":"https:\/\/ondauno.com.ar\/"},{"@type":"ListItem","position":2,"name":"Mario \u00c1lvarez: \u201cnadie gana solo, es un trabajo en equipo\u201d"}]},{"@type":"WebSite","@id":"https:\/\/ondauno.com.ar\/#website","url":"https:\/\/ondauno.com.ar\/","name":"103.9 fm","description":"LA PRIMERA RADIO MULTIMEDIA DE TRES ARROYOS","potentialAction":[{"@type":"SearchAction","target":{"@type":"EntryPoint","urlTemplate":"https:\/\/ondauno.com.ar\/?s={search_term_string}"},"query-input":"required name=search_term_string"}],"inLanguage":"es-AR"},{"@type":"Person","@id":"https:\/\/ondauno.com.ar\/#\/schema\/person\/7ec851ddeceb4133d7d7132dc645714e","name":"OndaUno","image":{"@type":"ImageObject","inLanguage":"es-AR","@id":"https:\/\/ondauno.com.ar\/#\/schema\/person\/image\/","url":"https:\/\/secure.gravatar.com\/avatar\/93b8009f0de7021f1feb2bd5b32fb9e8?s=96&d=mm&r=g","contentUrl":"https:\/\/secure.gravatar.com\/avatar\/93b8009f0de7021f1feb2bd5b32fb9e8?s=96&d=mm&r=g","caption":"OndaUno"},"url":"https:\/\/ondauno.com.ar\/index.php\/author\/ondauno\/"}]}},"jetpack_publicize_connections":[],"jetpack_featured_media_url":"","jetpack_sharing_enabled":true,"_links":{"self":[{"href":"https:\/\/ondauno.com.ar\/index.php\/wp-json\/wp\/v2\/posts\/42022","targetHints":{"allow":["GET"]}}],"collection":[{"href":"https:\/\/ondauno.com.ar\/index.php\/wp-json\/wp\/v2\/posts"}],"about":[{"href":"https:\/\/ondauno.com.ar\/index.php\/wp-json\/wp\/v2\/types\/post"}],"author":[{"embeddable":true,"href":"https:\/\/ondauno.com.ar\/index.php\/wp-json\/wp\/v2\/users\/1"}],"replies":[{"embeddable":true,"href":"https:\/\/ondauno.com.ar\/index.php\/wp-json\/wp\/v2\/comments?post=42022"}],"version-history":[{"count":0,"href":"https:\/\/ondauno.com.ar\/index.php\/wp-json\/wp\/v2\/posts\/42022\/revisions"}],"wp:attachment":[{"href":"https:\/\/ondauno.com.ar\/index.php\/wp-json\/wp\/v2\/media?parent=42022"}],"wp:term":[{"taxonomy":"category","embeddable":true,"href":"https:\/\/ondauno.com.ar\/index.php\/wp-json\/wp\/v2\/categories?post=42022"},{"taxonomy":"post_tag","embeddable":true,"href":"https:\/\/ondauno.com.ar\/index.php\/wp-json\/wp\/v2\/tags?post=42022"}],"curies":[{"name":"wp","href":"https:\/\/api.w.org\/{rel}","templated":true}]}}