{"id":4190,"date":"2020-01-04T17:53:16","date_gmt":"2020-01-04T20:53:16","guid":{"rendered":"http:\/\/ondauno.com.ar\/?p=4190"},"modified":"2020-01-04T17:54:32","modified_gmt":"2020-01-04T20:54:32","slug":"se-puso-en-marcha-el-plan-nacional-de-lecturas","status":"publish","type":"post","link":"https:\/\/ondauno.com.ar\/index.php\/2020\/01\/04\/se-puso-en-marcha-el-plan-nacional-de-lecturas\/","title":{"rendered":"Se puso en marcha el Plan Nacional de Lecturas"},"content":{"rendered":"<div class=\"ondau-before-content_3\" style=\"margin-top: -30px;\" id=\"ondau-2221364332\"><a href=\"https:\/\/www.lps.com.ar\/\" aria-label=\"la-perse2\"><img loading=\"lazy\" decoding=\"async\" src=\"https:\/\/ondauno.com.ar\/wp-content\/uploads\/2021\/10\/la-perse2.jpg\" alt=\"\"  srcset=\"https:\/\/ondauno.com.ar\/wp-content\/uploads\/2021\/10\/la-perse2.jpg 1353w, https:\/\/ondauno.com.ar\/wp-content\/uploads\/2021\/10\/la-perse2-300x43.jpg 300w, https:\/\/ondauno.com.ar\/wp-content\/uploads\/2021\/10\/la-perse2-1024x148.jpg 1024w, https:\/\/ondauno.com.ar\/wp-content\/uploads\/2021\/10\/la-perse2-768x111.jpg 768w, https:\/\/ondauno.com.ar\/wp-content\/uploads\/2021\/10\/la-perse2-696x100.jpg 696w, https:\/\/ondauno.com.ar\/wp-content\/uploads\/2021\/10\/la-perse2-1068x154.jpg 1068w\" sizes=\"(max-width: 1353px) 100vw, 1353px\" class=\"no-lazyload\" width=\"1353\" height=\"195\"  style=\"display: inline-block;\" \/><\/a><\/div>\nEl ministro de Cultura de la Naci\u00f3n, Trist\u00e1n Bauer, particip\u00f3 del&nbsp;<strong>relanzamiento&nbsp;<\/strong><strong>del Plan Nacional de la Lectura<\/strong>, presentado esta ma\u00f1ana por el presidente de la Naci\u00f3n, Alberto Fern\u00e1ndez, junto al ministro de Educaci\u00f3n, Nicol\u00e1s Trotta, y a la coordinadora del programa, Natalia Porta L\u00f3pez, en el&nbsp;<a href=\"https:\/\/www.casarosada.gob.ar\/la-casa-rosada\/museo\" target=\"_blank\" rel=\"noreferrer noopener\">Museo del Bicentenario&nbsp;<\/a><a href=\"https:\/\/www.casarosada.gob.ar\/la-casa-rosada\/museo\" target=\"_blank\" rel=\"noreferrer noopener\">de la Casa Rosada.<\/a>&nbsp;El Plan&nbsp;tiene el objetivo de fortalecer el trabajo de docentes y bibliotecarios y apunta a alcanzar a&nbsp;<strong>diez millones de ni\u00f1os\/as y adolescentes<\/strong>&nbsp;de nivel primario y secundario de todo el pa\u00eds.\n\n\n\n\n<blockquote class=\"wp-block-quote is-layout-flow wp-block-quote-is-layout-flow\">El presidente, Alberto Fern\u00e1ndez, celebr\u00f3 la iniciativa explicando que \u201cel&nbsp;Plan busca volver a poner un libro en la mano de los chicos, volver a hacer que sus padres les cuenten los mejores cuentos y volver a entender lo valioso de la lectura y del que escribe\u201d. Y destac\u00f3 &#8220;el h\u00e1bito de la lectura en los chicos que, en tiempos de pantallas, es maravilloso y necesario para estimular la imaginaci\u00f3n&#8221;.\n<\/blockquote>\n\n\n\nEl ministro a cargo de la cartera educativa, Nicol\u00e1s Trotta, anunci\u00f3 que el objetivo es&nbsp;<em>\u201cllegar a las familias para que las lecturas vuelvan a ser parte de las experiencias cotidianas en los hogares&#8221;<\/em>. En ese contexto explic\u00f3 que&nbsp;<em>&#8220;el 70 por ciento de los menores en situaci\u00f3n de vulnerabilidad econ\u00f3mica no han tenido la posibilidad de que alguien les lea un cuento. Leer es un derecho y buscamos hacerlo efectivo como herramienta para democratizar el conocimiento\u201d.<\/em>\n\n\n\n\n<h3 class=\"wp-block-heading\">El Plan Nacional de la Lectura en 9 pasos<\/h3>\n\n\n\n<ol class=\"wp-block-list\"><li>Se nombrar\u00e1 a Consejo Asesor de Lectura integrado por personalidades del campo literario, representantes de la comunidad educativa y de las 24 jurisdicciones del pa\u00eds, para definir los acuerdos en torno a las colecciones, textos y obras que formen parte del Plan.<\/li><li>Se crear\u00e1 la Red Federal de Mediadores y Comunidades de Lectura en escuelas, bibliotecas y otros espacios, para compartir trayectos de formaci\u00f3n, encuentros con autoras, autores y especialistas y nuevas colecciones de libros que el Estado volver\u00e1 a distribuir.<\/li><li>Se realizar\u00e1 una Encuesta Nacional de Lectura sobre el estado de la cuesti\u00f3n en el pa\u00eds. Se compartir\u00e1n datos y experiencias con los Planes de Lectura de los pa\u00edses Latinoamericanos y de Iberoam\u00e9rica.<\/li><li>Se lllamar\u00e1 al concurso \u201cYo sue\u00f1o, yo escribo\u201d. Estudiantes de todos los niveles podr\u00e1n presentar sus cuentos y poemas que luego ser\u00e1n publicados.<\/li><li>Se articular\u00e1n pol\u00edticas y programas con los Ministerios Nacionales de Cultura, Salud, Desarrollo Social, Trabajo y Econom\u00eda.<\/li><li>Se fortalecer\u00e1 bibliotecas y otros espacios de la comunidad educativa para que sean centros de fomento de la cultura.<\/li><li>Se elaborar\u00e1&nbsp;un cronograma de 180&nbsp;posibles&nbsp;lecturas para escuelas secundarias&nbsp;y de adultos, una para cada d\u00eda de clases&nbsp;con la&nbsp;reedici\u00f3n de&nbsp;la colecci\u00f3n&nbsp;\u201cLeer por leer\u201d&nbsp;y&nbsp;una nueva serie de antolog\u00edas para cada a\u00f1o de la escuela primaria.<\/li><li>El Plan se complementar\u00e1 con una campa\u00f1a de difusi\u00f3n en los medios de comunicaci\u00f3n, \u201cUna que leamos todos\u201d, con propuestas para leer en familia.<\/li><li>Tambi\u00e9n se implementar\u00e1n trayectos de formaci\u00f3n virtual y presencial en pedagog\u00eda de la lectura, a cargo de especialistas&nbsp;y&nbsp;escritores.<\/li><\/ol>\n","protected":false},"excerpt":{"rendered":"<p>El ministro de Cultura de la Naci\u00f3n, Trist\u00e1n Bauer, particip\u00f3 del&nbsp;relanzamiento&nbsp;del Plan Nacional de la Lectura, presentado esta ma\u00f1ana por el presidente de la Naci\u00f3n, Alberto Fern\u00e1ndez, junto al ministro de Educaci\u00f3n, Nicol\u00e1s Trotta, y a la coordinadora del programa, Natalia Porta L\u00f3pez, en el&nbsp;Museo del Bicentenario&nbsp;de la Casa Rosada.&nbsp;El Plan&nbsp;tiene el objetivo de fortalecer [&hellip;]<\/p>\n","protected":false},"author":2,"featured_media":0,"comment_status":"open","ping_status":"open","sticky":false,"template":"","format":"standard","meta":{"tdm_status":"","tdm_grid_status":"","_jetpack_memberships_contains_paid_content":false,"footnotes":"","jetpack_publicize_message":"","jetpack_publicize_feature_enabled":true,"jetpack_social_post_already_shared":false,"jetpack_social_options":{"image_generator_settings":{"template":"highway","default_image_id":0,"font":"","enabled":false},"version":2}},"categories":[3],"tags":[],"class_list":{"0":"post-4190","1":"post","2":"type-post","3":"status-publish","4":"format-standard","6":"category-nacionales"},"yoast_head":"<!-- This site is optimized with the Yoast SEO plugin v22.7 - https:\/\/yoast.com\/wordpress\/plugins\/seo\/ -->\n<title>Se puso en marcha el Plan Nacional de Lecturas - 103.9 fm<\/title>\n<meta name=\"robots\" content=\"index, follow, max-snippet:-1, max-image-preview:large, max-video-preview:-1\" \/>\n<link rel=\"canonical\" href=\"https:\/\/ondauno.com.ar\/index.php\/2020\/01\/04\/se-puso-en-marcha-el-plan-nacional-de-lecturas\/\" \/>\n<meta property=\"og:locale\" content=\"es_ES\" \/>\n<meta property=\"og:type\" content=\"article\" \/>\n<meta property=\"og:title\" content=\"Se puso en marcha el Plan Nacional de Lecturas - 103.9 fm\" \/>\n<meta property=\"og:description\" content=\"El ministro de Cultura de la Naci\u00f3n, Trist\u00e1n Bauer, particip\u00f3 del&nbsp;relanzamiento&nbsp;del Plan Nacional de la Lectura, presentado esta ma\u00f1ana por el presidente de la Naci\u00f3n, Alberto Fern\u00e1ndez, junto al ministro de Educaci\u00f3n, Nicol\u00e1s Trotta, y a la coordinadora del programa, Natalia Porta L\u00f3pez, en el&nbsp;Museo del Bicentenario&nbsp;de la Casa Rosada.&nbsp;El Plan&nbsp;tiene el objetivo de fortalecer [&hellip;]\" \/>\n<meta property=\"og:url\" content=\"https:\/\/ondauno.com.ar\/index.php\/2020\/01\/04\/se-puso-en-marcha-el-plan-nacional-de-lecturas\/\" \/>\n<meta property=\"og:site_name\" content=\"103.9 fm\" \/>\n<meta property=\"article:publisher\" content=\"https:\/\/www.facebook.com\/ondauno103.9\" \/>\n<meta property=\"article:published_time\" content=\"2020-01-04T20:53:16+00:00\" \/>\n<meta property=\"article:modified_time\" content=\"2020-01-04T20:54:32+00:00\" \/>\n<meta property=\"og:image\" content=\"https:\/\/ondauno.com.ar\/wp-content\/uploads\/2020\/01\/cropped-cropped-planheaderlibros.png\" \/>\n\t<meta property=\"og:image:width\" content=\"1038\" \/>\n\t<meta property=\"og:image:height\" content=\"342\" \/>\n\t<meta property=\"og:image:type\" content=\"image\/png\" \/>\n<meta name=\"author\" content=\"fernando garcia\" \/>\n<meta name=\"twitter:card\" content=\"summary_large_image\" \/>\n<meta name=\"twitter:label1\" content=\"Escrito por\" \/>\n\t<meta name=\"twitter:data1\" content=\"fernando garcia\" \/>\n\t<meta name=\"twitter:label2\" content=\"Tiempo de lectura\" \/>\n\t<meta name=\"twitter:data2\" content=\"3 minutos\" \/>\n<script type=\"application\/ld+json\" class=\"yoast-schema-graph\">{\"@context\":\"https:\/\/schema.org\",\"@graph\":[{\"@type\":\"WebPage\",\"@id\":\"https:\/\/ondauno.com.ar\/index.php\/2020\/01\/04\/se-puso-en-marcha-el-plan-nacional-de-lecturas\/\",\"url\":\"https:\/\/ondauno.com.ar\/index.php\/2020\/01\/04\/se-puso-en-marcha-el-plan-nacional-de-lecturas\/\",\"name\":\"Se puso en marcha el Plan Nacional de Lecturas - 103.9 fm\",\"isPartOf\":{\"@id\":\"https:\/\/ondauno.com.ar\/#website\"},\"datePublished\":\"2020-01-04T20:53:16+00:00\",\"dateModified\":\"2020-01-04T20:54:32+00:00\",\"author\":{\"@id\":\"https:\/\/ondauno.com.ar\/#\/schema\/person\/201d1b68e6c75e0fd396fe5f8af5d139\"},\"breadcrumb\":{\"@id\":\"https:\/\/ondauno.com.ar\/index.php\/2020\/01\/04\/se-puso-en-marcha-el-plan-nacional-de-lecturas\/#breadcrumb\"},\"inLanguage\":\"es-AR\",\"potentialAction\":[{\"@type\":\"ReadAction\",\"target\":[\"https:\/\/ondauno.com.ar\/index.php\/2020\/01\/04\/se-puso-en-marcha-el-plan-nacional-de-lecturas\/\"]}]},{\"@type\":\"BreadcrumbList\",\"@id\":\"https:\/\/ondauno.com.ar\/index.php\/2020\/01\/04\/se-puso-en-marcha-el-plan-nacional-de-lecturas\/#breadcrumb\",\"itemListElement\":[{\"@type\":\"ListItem\",\"position\":1,\"name\":\"Inicio\",\"item\":\"https:\/\/ondauno.com.ar\/\"},{\"@type\":\"ListItem\",\"position\":2,\"name\":\"Se puso en marcha el Plan Nacional de Lecturas\"}]},{\"@type\":\"WebSite\",\"@id\":\"https:\/\/ondauno.com.ar\/#website\",\"url\":\"https:\/\/ondauno.com.ar\/\",\"name\":\"103.9 fm\",\"description\":\"LA PRIMERA RADIO MULTIMEDIA DE TRES ARROYOS\",\"potentialAction\":[{\"@type\":\"SearchAction\",\"target\":{\"@type\":\"EntryPoint\",\"urlTemplate\":\"https:\/\/ondauno.com.ar\/?s={search_term_string}\"},\"query-input\":\"required name=search_term_string\"}],\"inLanguage\":\"es-AR\"},{\"@type\":\"Person\",\"@id\":\"https:\/\/ondauno.com.ar\/#\/schema\/person\/201d1b68e6c75e0fd396fe5f8af5d139\",\"name\":\"fernando garcia\",\"image\":{\"@type\":\"ImageObject\",\"inLanguage\":\"es-AR\",\"@id\":\"https:\/\/ondauno.com.ar\/#\/schema\/person\/image\/\",\"url\":\"https:\/\/secure.gravatar.com\/avatar\/5f7254642ad81272e79a2e69653cfdfc?s=96&d=mm&r=g\",\"contentUrl\":\"https:\/\/secure.gravatar.com\/avatar\/5f7254642ad81272e79a2e69653cfdfc?s=96&d=mm&r=g\",\"caption\":\"fernando garcia\"},\"url\":\"https:\/\/ondauno.com.ar\/index.php\/author\/ondaunoeditor\/\"}]}<\/script>\n<!-- \/ Yoast SEO plugin. -->","yoast_head_json":{"title":"Se puso en marcha el Plan Nacional de Lecturas - 103.9 fm","robots":{"index":"index","follow":"follow","max-snippet":"max-snippet:-1","max-image-preview":"max-image-preview:large","max-video-preview":"max-video-preview:-1"},"canonical":"https:\/\/ondauno.com.ar\/index.php\/2020\/01\/04\/se-puso-en-marcha-el-plan-nacional-de-lecturas\/","og_locale":"es_ES","og_type":"article","og_title":"Se puso en marcha el Plan Nacional de Lecturas - 103.9 fm","og_description":"El ministro de Cultura de la Naci\u00f3n, Trist\u00e1n Bauer, particip\u00f3 del&nbsp;relanzamiento&nbsp;del Plan Nacional de la Lectura, presentado esta ma\u00f1ana por el presidente de la Naci\u00f3n, Alberto Fern\u00e1ndez, junto al ministro de Educaci\u00f3n, Nicol\u00e1s Trotta, y a la coordinadora del programa, Natalia Porta L\u00f3pez, en el&nbsp;Museo del Bicentenario&nbsp;de la Casa Rosada.&nbsp;El Plan&nbsp;tiene el objetivo de fortalecer [&hellip;]","og_url":"https:\/\/ondauno.com.ar\/index.php\/2020\/01\/04\/se-puso-en-marcha-el-plan-nacional-de-lecturas\/","og_site_name":"103.9 fm","article_publisher":"https:\/\/www.facebook.com\/ondauno103.9","article_published_time":"2020-01-04T20:53:16+00:00","article_modified_time":"2020-01-04T20:54:32+00:00","og_image":[{"width":1038,"height":342,"url":"https:\/\/ondauno.com.ar\/wp-content\/uploads\/2020\/01\/cropped-cropped-planheaderlibros.png","type":"image\/png"}],"author":"fernando garcia","twitter_card":"summary_large_image","twitter_misc":{"Escrito por":"fernando garcia","Tiempo de lectura":"3 minutos"},"schema":{"@context":"https:\/\/schema.org","@graph":[{"@type":"WebPage","@id":"https:\/\/ondauno.com.ar\/index.php\/2020\/01\/04\/se-puso-en-marcha-el-plan-nacional-de-lecturas\/","url":"https:\/\/ondauno.com.ar\/index.php\/2020\/01\/04\/se-puso-en-marcha-el-plan-nacional-de-lecturas\/","name":"Se puso en marcha el Plan Nacional de Lecturas - 103.9 fm","isPartOf":{"@id":"https:\/\/ondauno.com.ar\/#website"},"datePublished":"2020-01-04T20:53:16+00:00","dateModified":"2020-01-04T20:54:32+00:00","author":{"@id":"https:\/\/ondauno.com.ar\/#\/schema\/person\/201d1b68e6c75e0fd396fe5f8af5d139"},"breadcrumb":{"@id":"https:\/\/ondauno.com.ar\/index.php\/2020\/01\/04\/se-puso-en-marcha-el-plan-nacional-de-lecturas\/#breadcrumb"},"inLanguage":"es-AR","potentialAction":[{"@type":"ReadAction","target":["https:\/\/ondauno.com.ar\/index.php\/2020\/01\/04\/se-puso-en-marcha-el-plan-nacional-de-lecturas\/"]}]},{"@type":"BreadcrumbList","@id":"https:\/\/ondauno.com.ar\/index.php\/2020\/01\/04\/se-puso-en-marcha-el-plan-nacional-de-lecturas\/#breadcrumb","itemListElement":[{"@type":"ListItem","position":1,"name":"Inicio","item":"https:\/\/ondauno.com.ar\/"},{"@type":"ListItem","position":2,"name":"Se puso en marcha el Plan Nacional de Lecturas"}]},{"@type":"WebSite","@id":"https:\/\/ondauno.com.ar\/#website","url":"https:\/\/ondauno.com.ar\/","name":"103.9 fm","description":"LA PRIMERA RADIO MULTIMEDIA DE TRES ARROYOS","potentialAction":[{"@type":"SearchAction","target":{"@type":"EntryPoint","urlTemplate":"https:\/\/ondauno.com.ar\/?s={search_term_string}"},"query-input":"required name=search_term_string"}],"inLanguage":"es-AR"},{"@type":"Person","@id":"https:\/\/ondauno.com.ar\/#\/schema\/person\/201d1b68e6c75e0fd396fe5f8af5d139","name":"fernando garcia","image":{"@type":"ImageObject","inLanguage":"es-AR","@id":"https:\/\/ondauno.com.ar\/#\/schema\/person\/image\/","url":"https:\/\/secure.gravatar.com\/avatar\/5f7254642ad81272e79a2e69653cfdfc?s=96&d=mm&r=g","contentUrl":"https:\/\/secure.gravatar.com\/avatar\/5f7254642ad81272e79a2e69653cfdfc?s=96&d=mm&r=g","caption":"fernando garcia"},"url":"https:\/\/ondauno.com.ar\/index.php\/author\/ondaunoeditor\/"}]}},"jetpack_publicize_connections":[],"jetpack_featured_media_url":"","jetpack_sharing_enabled":true,"_links":{"self":[{"href":"https:\/\/ondauno.com.ar\/index.php\/wp-json\/wp\/v2\/posts\/4190","targetHints":{"allow":["GET"]}}],"collection":[{"href":"https:\/\/ondauno.com.ar\/index.php\/wp-json\/wp\/v2\/posts"}],"about":[{"href":"https:\/\/ondauno.com.ar\/index.php\/wp-json\/wp\/v2\/types\/post"}],"author":[{"embeddable":true,"href":"https:\/\/ondauno.com.ar\/index.php\/wp-json\/wp\/v2\/users\/2"}],"replies":[{"embeddable":true,"href":"https:\/\/ondauno.com.ar\/index.php\/wp-json\/wp\/v2\/comments?post=4190"}],"version-history":[{"count":0,"href":"https:\/\/ondauno.com.ar\/index.php\/wp-json\/wp\/v2\/posts\/4190\/revisions"}],"wp:attachment":[{"href":"https:\/\/ondauno.com.ar\/index.php\/wp-json\/wp\/v2\/media?parent=4190"}],"wp:term":[{"taxonomy":"category","embeddable":true,"href":"https:\/\/ondauno.com.ar\/index.php\/wp-json\/wp\/v2\/categories?post=4190"},{"taxonomy":"post_tag","embeddable":true,"href":"https:\/\/ondauno.com.ar\/index.php\/wp-json\/wp\/v2\/tags?post=4190"}],"curies":[{"name":"wp","href":"https:\/\/api.w.org\/{rel}","templated":true}]}}