{"id":41832,"date":"2023-06-16T13:30:28","date_gmt":"2023-06-16T16:30:28","guid":{"rendered":"http:\/\/ondauno.com.ar\/?p=41832"},"modified":"2023-06-16T13:30:29","modified_gmt":"2023-06-16T16:30:29","slug":"cuatro-oferentes-en-la-licitacion-de-carros-gastronomicos-para-claromeco-y-orense","status":"publish","type":"post","link":"https:\/\/ondauno.com.ar\/index.php\/2023\/06\/16\/cuatro-oferentes-en-la-licitacion-de-carros-gastronomicos-para-claromeco-y-orense\/","title":{"rendered":"Cuatro oferentes en la licitaci\u00f3n de carros gastron\u00f3micos para Claromec\u00f3 y Orense"},"content":{"rendered":"<div class=\"ondau-before-content_3\" style=\"margin-top: -30px;\" id=\"ondau-2739802985\"><a href=\"https:\/\/www.lps.com.ar\/\" aria-label=\"la-perse2\"><img loading=\"lazy\" decoding=\"async\" src=\"https:\/\/ondauno.com.ar\/wp-content\/uploads\/2021\/10\/la-perse2.jpg\" alt=\"\"  srcset=\"https:\/\/ondauno.com.ar\/wp-content\/uploads\/2021\/10\/la-perse2.jpg 1353w, https:\/\/ondauno.com.ar\/wp-content\/uploads\/2021\/10\/la-perse2-300x43.jpg 300w, https:\/\/ondauno.com.ar\/wp-content\/uploads\/2021\/10\/la-perse2-1024x148.jpg 1024w, https:\/\/ondauno.com.ar\/wp-content\/uploads\/2021\/10\/la-perse2-768x111.jpg 768w, https:\/\/ondauno.com.ar\/wp-content\/uploads\/2021\/10\/la-perse2-696x100.jpg 696w, https:\/\/ondauno.com.ar\/wp-content\/uploads\/2021\/10\/la-perse2-1068x154.jpg 1068w\" sizes=\"(max-width: 1353px) 100vw, 1353px\" class=\"no-lazyload\" width=\"1353\" height=\"195\"  style=\"display: inline-block;\" \/><\/a><\/div>\n<p>Cuatro propuestas se recibieron en la ma\u00f1ana de este viernes para la licitaci\u00f3n de carros gastron\u00f3micos a ubicar en Claromec\u00f3, mientras que no hubo oferentes para Orense. <\/p>\n\n\n\n<p>La apertura de sobres, demorada por un corte del servicio el\u00e9ctrico, se concret\u00f3 poco despu\u00e9s de las 10.50, hora que se fij\u00f3 como plazo l\u00edmite para la recepci\u00f3n de ofertas. Fue en la Asesor\u00eda Letrada, y cont\u00f3 con la participaci\u00f3n del director de Turismo, Alejandro Trybuchowicz; la jefa de Compras, \u00a0Julia Svarre;\u00a0 el director de Asesor\u00eda Letrada,\u00a0 Dr. Horacio E. Hid, la concejala Soledad Cadenas (Juntos) y un representante por uno de los oferentes. <\/p>\n\n\n\n<figure class=\"wp-block-image\"><img decoding=\"async\" data-src=\"https:\/\/ondauno.com.ar\/wp-content\/uploads\/2023\/06\/WhatsApp-Image-2023-06-16-at-12.43.42-1024x768.jpeg\" alt=\"\" class=\"wp-image-41834 lazyload\" src=\"data:image\/gif;base64,R0lGODlhAQABAAAAACH5BAEKAAEALAAAAAABAAEAAAICTAEAOw==\" style=\"--smush-placeholder-width: 1024px; --smush-placeholder-aspect-ratio: 1024\/768;\" \/><noscript><img decoding=\"async\" src=\"https:\/\/ondauno.com.ar\/wp-content\/uploads\/2023\/06\/WhatsApp-Image-2023-06-16-at-12.43.42-1024x768.jpeg\" alt=\"\" class=\"wp-image-41834\"\/><\/noscript><\/figure>\n","protected":false},"excerpt":{"rendered":"<p>Cuatro propuestas se recibieron en la ma\u00f1ana de este viernes para la licitaci\u00f3n de carros gastron\u00f3micos a ubicar en Claromec\u00f3, mientras que no hubo oferentes para Orense. La apertura de sobres, demorada por un corte del servicio el\u00e9ctrico, se concret\u00f3 poco despu\u00e9s de las 10.50, hora que se fij\u00f3 como plazo l\u00edmite para la recepci\u00f3n [&hellip;]<\/p>\n","protected":false},"author":1,"featured_media":0,"comment_status":"open","ping_status":"open","sticky":false,"template":"","format":"standard","meta":{"tdm_status":"","tdm_grid_status":"","_jetpack_memberships_contains_paid_content":false,"footnotes":"","jetpack_publicize_message":"","jetpack_publicize_feature_enabled":true,"jetpack_social_post_already_shared":true,"jetpack_social_options":{"image_generator_settings":{"template":"highway","default_image_id":0,"font":"","enabled":false},"version":2}},"categories":[2],"tags":[],"class_list":{"0":"post-41832","1":"post","2":"type-post","3":"status-publish","4":"format-standard","6":"category-locales"},"yoast_head":"<!-- This site is optimized with the Yoast SEO plugin v22.7 - https:\/\/yoast.com\/wordpress\/plugins\/seo\/ -->\n<title>Cuatro oferentes en la licitaci\u00f3n de carros gastron\u00f3micos para Claromec\u00f3 y Orense - 103.9 fm<\/title>\n<meta name=\"robots\" content=\"index, follow, max-snippet:-1, max-image-preview:large, max-video-preview:-1\" \/>\n<link rel=\"canonical\" href=\"https:\/\/ondauno.com.ar\/index.php\/2023\/06\/16\/cuatro-oferentes-en-la-licitacion-de-carros-gastronomicos-para-claromeco-y-orense\/\" \/>\n<meta property=\"og:locale\" content=\"es_ES\" \/>\n<meta property=\"og:type\" content=\"article\" \/>\n<meta property=\"og:title\" content=\"Cuatro oferentes en la licitaci\u00f3n de carros gastron\u00f3micos para Claromec\u00f3 y Orense - 103.9 fm\" \/>\n<meta property=\"og:description\" content=\"Cuatro propuestas se recibieron en la ma\u00f1ana de este viernes para la licitaci\u00f3n de carros gastron\u00f3micos a ubicar en Claromec\u00f3, mientras que no hubo oferentes para Orense. La apertura de sobres, demorada por un corte del servicio el\u00e9ctrico, se concret\u00f3 poco despu\u00e9s de las 10.50, hora que se fij\u00f3 como plazo l\u00edmite para la recepci\u00f3n [&hellip;]\" \/>\n<meta property=\"og:url\" content=\"https:\/\/ondauno.com.ar\/index.php\/2023\/06\/16\/cuatro-oferentes-en-la-licitacion-de-carros-gastronomicos-para-claromeco-y-orense\/\" \/>\n<meta property=\"og:site_name\" content=\"103.9 fm\" \/>\n<meta property=\"article:publisher\" content=\"https:\/\/www.facebook.com\/ondauno103.9\" \/>\n<meta property=\"article:published_time\" content=\"2023-06-16T16:30:28+00:00\" \/>\n<meta property=\"article:modified_time\" content=\"2023-06-16T16:30:29+00:00\" \/>\n<meta property=\"og:image\" content=\"https:\/\/ondauno.com.ar\/wp-content\/uploads\/2023\/06\/WhatsApp-Image-2023-06-16-at-12.43.43.jpeg\" \/>\n\t<meta property=\"og:image:width\" content=\"1600\" \/>\n\t<meta property=\"og:image:height\" content=\"1200\" \/>\n\t<meta property=\"og:image:type\" content=\"image\/jpeg\" \/>\n<meta name=\"author\" content=\"OndaUno\" \/>\n<meta name=\"twitter:card\" content=\"summary_large_image\" \/>\n<meta name=\"twitter:label1\" content=\"Escrito por\" \/>\n\t<meta name=\"twitter:data1\" content=\"OndaUno\" \/>\n\t<meta name=\"twitter:label2\" content=\"Tiempo de lectura\" \/>\n\t<meta name=\"twitter:data2\" content=\"1 minuto\" \/>\n<script type=\"application\/ld+json\" class=\"yoast-schema-graph\">{\"@context\":\"https:\/\/schema.org\",\"@graph\":[{\"@type\":\"WebPage\",\"@id\":\"https:\/\/ondauno.com.ar\/index.php\/2023\/06\/16\/cuatro-oferentes-en-la-licitacion-de-carros-gastronomicos-para-claromeco-y-orense\/\",\"url\":\"https:\/\/ondauno.com.ar\/index.php\/2023\/06\/16\/cuatro-oferentes-en-la-licitacion-de-carros-gastronomicos-para-claromeco-y-orense\/\",\"name\":\"Cuatro oferentes en la licitaci\u00f3n de carros gastron\u00f3micos para Claromec\u00f3 y Orense - 103.9 fm\",\"isPartOf\":{\"@id\":\"https:\/\/ondauno.com.ar\/#website\"},\"primaryImageOfPage\":{\"@id\":\"https:\/\/ondauno.com.ar\/index.php\/2023\/06\/16\/cuatro-oferentes-en-la-licitacion-de-carros-gastronomicos-para-claromeco-y-orense\/#primaryimage\"},\"image\":{\"@id\":\"https:\/\/ondauno.com.ar\/index.php\/2023\/06\/16\/cuatro-oferentes-en-la-licitacion-de-carros-gastronomicos-para-claromeco-y-orense\/#primaryimage\"},\"thumbnailUrl\":\"https:\/\/ondauno.com.ar\/wp-content\/uploads\/2023\/06\/WhatsApp-Image-2023-06-16-at-12.43.42-1024x768.jpeg\",\"datePublished\":\"2023-06-16T16:30:28+00:00\",\"dateModified\":\"2023-06-16T16:30:29+00:00\",\"author\":{\"@id\":\"https:\/\/ondauno.com.ar\/#\/schema\/person\/7ec851ddeceb4133d7d7132dc645714e\"},\"breadcrumb\":{\"@id\":\"https:\/\/ondauno.com.ar\/index.php\/2023\/06\/16\/cuatro-oferentes-en-la-licitacion-de-carros-gastronomicos-para-claromeco-y-orense\/#breadcrumb\"},\"inLanguage\":\"es-AR\",\"potentialAction\":[{\"@type\":\"ReadAction\",\"target\":[\"https:\/\/ondauno.com.ar\/index.php\/2023\/06\/16\/cuatro-oferentes-en-la-licitacion-de-carros-gastronomicos-para-claromeco-y-orense\/\"]}]},{\"@type\":\"ImageObject\",\"inLanguage\":\"es-AR\",\"@id\":\"https:\/\/ondauno.com.ar\/index.php\/2023\/06\/16\/cuatro-oferentes-en-la-licitacion-de-carros-gastronomicos-para-claromeco-y-orense\/#primaryimage\",\"url\":\"\",\"contentUrl\":\"\"},{\"@type\":\"BreadcrumbList\",\"@id\":\"https:\/\/ondauno.com.ar\/index.php\/2023\/06\/16\/cuatro-oferentes-en-la-licitacion-de-carros-gastronomicos-para-claromeco-y-orense\/#breadcrumb\",\"itemListElement\":[{\"@type\":\"ListItem\",\"position\":1,\"name\":\"Inicio\",\"item\":\"https:\/\/ondauno.com.ar\/\"},{\"@type\":\"ListItem\",\"position\":2,\"name\":\"Cuatro oferentes en la licitaci\u00f3n de carros gastron\u00f3micos para Claromec\u00f3 y Orense\"}]},{\"@type\":\"WebSite\",\"@id\":\"https:\/\/ondauno.com.ar\/#website\",\"url\":\"https:\/\/ondauno.com.ar\/\",\"name\":\"103.9 fm\",\"description\":\"LA PRIMERA RADIO MULTIMEDIA DE TRES ARROYOS\",\"potentialAction\":[{\"@type\":\"SearchAction\",\"target\":{\"@type\":\"EntryPoint\",\"urlTemplate\":\"https:\/\/ondauno.com.ar\/?s={search_term_string}\"},\"query-input\":\"required name=search_term_string\"}],\"inLanguage\":\"es-AR\"},{\"@type\":\"Person\",\"@id\":\"https:\/\/ondauno.com.ar\/#\/schema\/person\/7ec851ddeceb4133d7d7132dc645714e\",\"name\":\"OndaUno\",\"image\":{\"@type\":\"ImageObject\",\"inLanguage\":\"es-AR\",\"@id\":\"https:\/\/ondauno.com.ar\/#\/schema\/person\/image\/\",\"url\":\"https:\/\/secure.gravatar.com\/avatar\/93b8009f0de7021f1feb2bd5b32fb9e8?s=96&d=mm&r=g\",\"contentUrl\":\"https:\/\/secure.gravatar.com\/avatar\/93b8009f0de7021f1feb2bd5b32fb9e8?s=96&d=mm&r=g\",\"caption\":\"OndaUno\"},\"url\":\"https:\/\/ondauno.com.ar\/index.php\/author\/ondauno\/\"}]}<\/script>\n<!-- \/ Yoast SEO plugin. -->","yoast_head_json":{"title":"Cuatro oferentes en la licitaci\u00f3n de carros gastron\u00f3micos para Claromec\u00f3 y Orense - 103.9 fm","robots":{"index":"index","follow":"follow","max-snippet":"max-snippet:-1","max-image-preview":"max-image-preview:large","max-video-preview":"max-video-preview:-1"},"canonical":"https:\/\/ondauno.com.ar\/index.php\/2023\/06\/16\/cuatro-oferentes-en-la-licitacion-de-carros-gastronomicos-para-claromeco-y-orense\/","og_locale":"es_ES","og_type":"article","og_title":"Cuatro oferentes en la licitaci\u00f3n de carros gastron\u00f3micos para Claromec\u00f3 y Orense - 103.9 fm","og_description":"Cuatro propuestas se recibieron en la ma\u00f1ana de este viernes para la licitaci\u00f3n de carros gastron\u00f3micos a ubicar en Claromec\u00f3, mientras que no hubo oferentes para Orense. La apertura de sobres, demorada por un corte del servicio el\u00e9ctrico, se concret\u00f3 poco despu\u00e9s de las 10.50, hora que se fij\u00f3 como plazo l\u00edmite para la recepci\u00f3n [&hellip;]","og_url":"https:\/\/ondauno.com.ar\/index.php\/2023\/06\/16\/cuatro-oferentes-en-la-licitacion-de-carros-gastronomicos-para-claromeco-y-orense\/","og_site_name":"103.9 fm","article_publisher":"https:\/\/www.facebook.com\/ondauno103.9","article_published_time":"2023-06-16T16:30:28+00:00","article_modified_time":"2023-06-16T16:30:29+00:00","og_image":[{"width":1600,"height":1200,"url":"https:\/\/ondauno.com.ar\/wp-content\/uploads\/2023\/06\/WhatsApp-Image-2023-06-16-at-12.43.43.jpeg","type":"image\/jpeg"}],"author":"OndaUno","twitter_card":"summary_large_image","twitter_misc":{"Escrito por":"OndaUno","Tiempo de lectura":"1 minuto"},"schema":{"@context":"https:\/\/schema.org","@graph":[{"@type":"WebPage","@id":"https:\/\/ondauno.com.ar\/index.php\/2023\/06\/16\/cuatro-oferentes-en-la-licitacion-de-carros-gastronomicos-para-claromeco-y-orense\/","url":"https:\/\/ondauno.com.ar\/index.php\/2023\/06\/16\/cuatro-oferentes-en-la-licitacion-de-carros-gastronomicos-para-claromeco-y-orense\/","name":"Cuatro oferentes en la licitaci\u00f3n de carros gastron\u00f3micos para Claromec\u00f3 y Orense - 103.9 fm","isPartOf":{"@id":"https:\/\/ondauno.com.ar\/#website"},"primaryImageOfPage":{"@id":"https:\/\/ondauno.com.ar\/index.php\/2023\/06\/16\/cuatro-oferentes-en-la-licitacion-de-carros-gastronomicos-para-claromeco-y-orense\/#primaryimage"},"image":{"@id":"https:\/\/ondauno.com.ar\/index.php\/2023\/06\/16\/cuatro-oferentes-en-la-licitacion-de-carros-gastronomicos-para-claromeco-y-orense\/#primaryimage"},"thumbnailUrl":"https:\/\/ondauno.com.ar\/wp-content\/uploads\/2023\/06\/WhatsApp-Image-2023-06-16-at-12.43.42-1024x768.jpeg","datePublished":"2023-06-16T16:30:28+00:00","dateModified":"2023-06-16T16:30:29+00:00","author":{"@id":"https:\/\/ondauno.com.ar\/#\/schema\/person\/7ec851ddeceb4133d7d7132dc645714e"},"breadcrumb":{"@id":"https:\/\/ondauno.com.ar\/index.php\/2023\/06\/16\/cuatro-oferentes-en-la-licitacion-de-carros-gastronomicos-para-claromeco-y-orense\/#breadcrumb"},"inLanguage":"es-AR","potentialAction":[{"@type":"ReadAction","target":["https:\/\/ondauno.com.ar\/index.php\/2023\/06\/16\/cuatro-oferentes-en-la-licitacion-de-carros-gastronomicos-para-claromeco-y-orense\/"]}]},{"@type":"ImageObject","inLanguage":"es-AR","@id":"https:\/\/ondauno.com.ar\/index.php\/2023\/06\/16\/cuatro-oferentes-en-la-licitacion-de-carros-gastronomicos-para-claromeco-y-orense\/#primaryimage","url":"","contentUrl":""},{"@type":"BreadcrumbList","@id":"https:\/\/ondauno.com.ar\/index.php\/2023\/06\/16\/cuatro-oferentes-en-la-licitacion-de-carros-gastronomicos-para-claromeco-y-orense\/#breadcrumb","itemListElement":[{"@type":"ListItem","position":1,"name":"Inicio","item":"https:\/\/ondauno.com.ar\/"},{"@type":"ListItem","position":2,"name":"Cuatro oferentes en la licitaci\u00f3n de carros gastron\u00f3micos para Claromec\u00f3 y Orense"}]},{"@type":"WebSite","@id":"https:\/\/ondauno.com.ar\/#website","url":"https:\/\/ondauno.com.ar\/","name":"103.9 fm","description":"LA PRIMERA RADIO MULTIMEDIA DE TRES ARROYOS","potentialAction":[{"@type":"SearchAction","target":{"@type":"EntryPoint","urlTemplate":"https:\/\/ondauno.com.ar\/?s={search_term_string}"},"query-input":"required name=search_term_string"}],"inLanguage":"es-AR"},{"@type":"Person","@id":"https:\/\/ondauno.com.ar\/#\/schema\/person\/7ec851ddeceb4133d7d7132dc645714e","name":"OndaUno","image":{"@type":"ImageObject","inLanguage":"es-AR","@id":"https:\/\/ondauno.com.ar\/#\/schema\/person\/image\/","url":"https:\/\/secure.gravatar.com\/avatar\/93b8009f0de7021f1feb2bd5b32fb9e8?s=96&d=mm&r=g","contentUrl":"https:\/\/secure.gravatar.com\/avatar\/93b8009f0de7021f1feb2bd5b32fb9e8?s=96&d=mm&r=g","caption":"OndaUno"},"url":"https:\/\/ondauno.com.ar\/index.php\/author\/ondauno\/"}]}},"jetpack_publicize_connections":[],"jetpack_featured_media_url":"","jetpack_sharing_enabled":true,"_links":{"self":[{"href":"https:\/\/ondauno.com.ar\/index.php\/wp-json\/wp\/v2\/posts\/41832","targetHints":{"allow":["GET"]}}],"collection":[{"href":"https:\/\/ondauno.com.ar\/index.php\/wp-json\/wp\/v2\/posts"}],"about":[{"href":"https:\/\/ondauno.com.ar\/index.php\/wp-json\/wp\/v2\/types\/post"}],"author":[{"embeddable":true,"href":"https:\/\/ondauno.com.ar\/index.php\/wp-json\/wp\/v2\/users\/1"}],"replies":[{"embeddable":true,"href":"https:\/\/ondauno.com.ar\/index.php\/wp-json\/wp\/v2\/comments?post=41832"}],"version-history":[{"count":0,"href":"https:\/\/ondauno.com.ar\/index.php\/wp-json\/wp\/v2\/posts\/41832\/revisions"}],"wp:attachment":[{"href":"https:\/\/ondauno.com.ar\/index.php\/wp-json\/wp\/v2\/media?parent=41832"}],"wp:term":[{"taxonomy":"category","embeddable":true,"href":"https:\/\/ondauno.com.ar\/index.php\/wp-json\/wp\/v2\/categories?post=41832"},{"taxonomy":"post_tag","embeddable":true,"href":"https:\/\/ondauno.com.ar\/index.php\/wp-json\/wp\/v2\/tags?post=41832"}],"curies":[{"name":"wp","href":"https:\/\/api.w.org\/{rel}","templated":true}]}}