{"id":41664,"date":"2023-06-08T21:26:52","date_gmt":"2023-06-09T00:26:52","guid":{"rendered":"http:\/\/ondauno.com.ar\/?p=41664"},"modified":"2023-06-08T21:27:55","modified_gmt":"2023-06-09T00:27:55","slug":"cuarto-intermedio-en-el-radicalismo-para-definir-las-precandidaturas","status":"publish","type":"post","link":"https:\/\/ondauno.com.ar\/index.php\/2023\/06\/08\/cuarto-intermedio-en-el-radicalismo-para-definir-las-precandidaturas\/","title":{"rendered":"Cuarto intermedio en el radicalismo para definir las precandidaturas"},"content":{"rendered":"<div class=\"ondau-before-content_3\" style=\"margin-top: -30px;\" id=\"ondau-3995240258\"><a href=\"https:\/\/www.lps.com.ar\/\" aria-label=\"la-perse2\"><img loading=\"lazy\" decoding=\"async\" src=\"https:\/\/ondauno.com.ar\/wp-content\/uploads\/2021\/10\/la-perse2.jpg\" alt=\"\"  srcset=\"https:\/\/ondauno.com.ar\/wp-content\/uploads\/2021\/10\/la-perse2.jpg 1353w, https:\/\/ondauno.com.ar\/wp-content\/uploads\/2021\/10\/la-perse2-300x43.jpg 300w, https:\/\/ondauno.com.ar\/wp-content\/uploads\/2021\/10\/la-perse2-1024x148.jpg 1024w, https:\/\/ondauno.com.ar\/wp-content\/uploads\/2021\/10\/la-perse2-768x111.jpg 768w, https:\/\/ondauno.com.ar\/wp-content\/uploads\/2021\/10\/la-perse2-696x100.jpg 696w, https:\/\/ondauno.com.ar\/wp-content\/uploads\/2021\/10\/la-perse2-1068x154.jpg 1068w\" sizes=\"(max-width: 1353px) 100vw, 1353px\" class=\"no-lazyload\" width=\"1353\" height=\"195\"  style=\"display: inline-block;\" \/><\/a><\/div>\n<p>Por medio de un comunicado de prensa el Comit\u00e9 Enrique Betolaza dio a conocer que despu\u00e9s de un encuentro realizado el mi\u00e9rcoles, se resolvi\u00f3 aplicar un cuarto intermedio hasta este viernes a la noche.<\/p>\n\n\n\n<p class=\"has-small-font-size\"><em><strong>COMUNICADO DE PRENSA<\/strong><\/em><\/p>\n\n\n\n<p>En la noche de ayer en el comite Enrique Betolaza se desarrollo la reuni\u00f3n de Comision Directiva ampliada a afiliados, con gran concurrencia de los mismos. <\/p>\n\n\n\n<p>En la misma se escuch\u00f3 la voz de los afiliados que quisieron expresarse, que en su mayor\u00eda solicitan definiciones en torno a la estrategia pol\u00edtica del partido y pre candidaturas, siempre consensuadas organicamente.<\/p>\n\n\n\n<p>Luego de varias horas de intercambio de ideas se decide esperar en un cuarto intermedio, hasta el dia Viernes 9 de junio para definir sobre las precandidatura posibles y as\u00ed poder avanzar en la estrategia electoral del partido.<\/p>\n\n\n\n<p>Mesa Directiva Uni\u00f3n C\u00edvica Radical de Tres Arroyos<\/p>\n","protected":false},"excerpt":{"rendered":"<p>Por medio de un comunicado de prensa el Comit\u00e9 Enrique Betolaza dio a conocer que despu\u00e9s de un encuentro realizado el mi\u00e9rcoles, se resolvi\u00f3 aplicar un cuarto intermedio hasta este viernes a la noche. COMUNICADO DE PRENSA En la noche de ayer en el comite Enrique Betolaza se desarrollo la reuni\u00f3n de Comision Directiva ampliada [&hellip;]<\/p>\n","protected":false},"author":1,"featured_media":0,"comment_status":"open","ping_status":"open","sticky":false,"template":"","format":"standard","meta":{"tdm_status":"","tdm_grid_status":"","_jetpack_memberships_contains_paid_content":false,"footnotes":"","jetpack_publicize_message":"","jetpack_publicize_feature_enabled":true,"jetpack_social_post_already_shared":true,"jetpack_social_options":{"image_generator_settings":{"template":"highway","default_image_id":0,"font":"","enabled":false},"version":2}},"categories":[2],"tags":[],"class_list":{"0":"post-41664","1":"post","2":"type-post","3":"status-publish","4":"format-standard","6":"category-locales"},"yoast_head":"<!-- This site is optimized with the Yoast SEO plugin v22.7 - https:\/\/yoast.com\/wordpress\/plugins\/seo\/ -->\n<title>Cuarto intermedio en el radicalismo para definir las precandidaturas - 103.9 fm<\/title>\n<meta name=\"robots\" content=\"index, follow, max-snippet:-1, max-image-preview:large, max-video-preview:-1\" \/>\n<link rel=\"canonical\" href=\"https:\/\/ondauno.com.ar\/index.php\/2023\/06\/08\/cuarto-intermedio-en-el-radicalismo-para-definir-las-precandidaturas\/\" \/>\n<meta property=\"og:locale\" content=\"es_ES\" \/>\n<meta property=\"og:type\" content=\"article\" \/>\n<meta property=\"og:title\" content=\"Cuarto intermedio en el radicalismo para definir las precandidaturas - 103.9 fm\" \/>\n<meta property=\"og:description\" content=\"Por medio de un comunicado de prensa el Comit\u00e9 Enrique Betolaza dio a conocer que despu\u00e9s de un encuentro realizado el mi\u00e9rcoles, se resolvi\u00f3 aplicar un cuarto intermedio hasta este viernes a la noche. COMUNICADO DE PRENSA En la noche de ayer en el comite Enrique Betolaza se desarrollo la reuni\u00f3n de Comision Directiva ampliada [&hellip;]\" \/>\n<meta property=\"og:url\" content=\"https:\/\/ondauno.com.ar\/index.php\/2023\/06\/08\/cuarto-intermedio-en-el-radicalismo-para-definir-las-precandidaturas\/\" \/>\n<meta property=\"og:site_name\" content=\"103.9 fm\" \/>\n<meta property=\"article:publisher\" content=\"https:\/\/www.facebook.com\/ondauno103.9\" \/>\n<meta property=\"article:published_time\" content=\"2023-06-09T00:26:52+00:00\" \/>\n<meta property=\"article:modified_time\" content=\"2023-06-09T00:27:55+00:00\" \/>\n<meta property=\"og:image\" content=\"https:\/\/ondauno.com.ar\/wp-content\/uploads\/2023\/06\/51645312_1209573149450930_2146036355690397696_n.jpg\" \/>\n\t<meta property=\"og:image:width\" content=\"717\" \/>\n\t<meta property=\"og:image:height\" content=\"649\" \/>\n\t<meta property=\"og:image:type\" content=\"image\/jpeg\" \/>\n<meta name=\"author\" content=\"OndaUno\" \/>\n<meta name=\"twitter:card\" content=\"summary_large_image\" \/>\n<meta name=\"twitter:label1\" content=\"Escrito por\" \/>\n\t<meta name=\"twitter:data1\" content=\"OndaUno\" \/>\n\t<meta name=\"twitter:label2\" content=\"Tiempo de lectura\" \/>\n\t<meta name=\"twitter:data2\" content=\"1 minuto\" \/>\n<script type=\"application\/ld+json\" class=\"yoast-schema-graph\">{\"@context\":\"https:\/\/schema.org\",\"@graph\":[{\"@type\":\"WebPage\",\"@id\":\"https:\/\/ondauno.com.ar\/index.php\/2023\/06\/08\/cuarto-intermedio-en-el-radicalismo-para-definir-las-precandidaturas\/\",\"url\":\"https:\/\/ondauno.com.ar\/index.php\/2023\/06\/08\/cuarto-intermedio-en-el-radicalismo-para-definir-las-precandidaturas\/\",\"name\":\"Cuarto intermedio en el radicalismo para definir las precandidaturas - 103.9 fm\",\"isPartOf\":{\"@id\":\"https:\/\/ondauno.com.ar\/#website\"},\"datePublished\":\"2023-06-09T00:26:52+00:00\",\"dateModified\":\"2023-06-09T00:27:55+00:00\",\"author\":{\"@id\":\"https:\/\/ondauno.com.ar\/#\/schema\/person\/7ec851ddeceb4133d7d7132dc645714e\"},\"breadcrumb\":{\"@id\":\"https:\/\/ondauno.com.ar\/index.php\/2023\/06\/08\/cuarto-intermedio-en-el-radicalismo-para-definir-las-precandidaturas\/#breadcrumb\"},\"inLanguage\":\"es-AR\",\"potentialAction\":[{\"@type\":\"ReadAction\",\"target\":[\"https:\/\/ondauno.com.ar\/index.php\/2023\/06\/08\/cuarto-intermedio-en-el-radicalismo-para-definir-las-precandidaturas\/\"]}]},{\"@type\":\"BreadcrumbList\",\"@id\":\"https:\/\/ondauno.com.ar\/index.php\/2023\/06\/08\/cuarto-intermedio-en-el-radicalismo-para-definir-las-precandidaturas\/#breadcrumb\",\"itemListElement\":[{\"@type\":\"ListItem\",\"position\":1,\"name\":\"Inicio\",\"item\":\"https:\/\/ondauno.com.ar\/\"},{\"@type\":\"ListItem\",\"position\":2,\"name\":\"Cuarto intermedio en el radicalismo para definir las precandidaturas\"}]},{\"@type\":\"WebSite\",\"@id\":\"https:\/\/ondauno.com.ar\/#website\",\"url\":\"https:\/\/ondauno.com.ar\/\",\"name\":\"103.9 fm\",\"description\":\"LA PRIMERA RADIO MULTIMEDIA DE TRES ARROYOS\",\"potentialAction\":[{\"@type\":\"SearchAction\",\"target\":{\"@type\":\"EntryPoint\",\"urlTemplate\":\"https:\/\/ondauno.com.ar\/?s={search_term_string}\"},\"query-input\":\"required name=search_term_string\"}],\"inLanguage\":\"es-AR\"},{\"@type\":\"Person\",\"@id\":\"https:\/\/ondauno.com.ar\/#\/schema\/person\/7ec851ddeceb4133d7d7132dc645714e\",\"name\":\"OndaUno\",\"image\":{\"@type\":\"ImageObject\",\"inLanguage\":\"es-AR\",\"@id\":\"https:\/\/ondauno.com.ar\/#\/schema\/person\/image\/\",\"url\":\"https:\/\/secure.gravatar.com\/avatar\/93b8009f0de7021f1feb2bd5b32fb9e8?s=96&d=mm&r=g\",\"contentUrl\":\"https:\/\/secure.gravatar.com\/avatar\/93b8009f0de7021f1feb2bd5b32fb9e8?s=96&d=mm&r=g\",\"caption\":\"OndaUno\"},\"url\":\"https:\/\/ondauno.com.ar\/index.php\/author\/ondauno\/\"}]}<\/script>\n<!-- \/ Yoast SEO plugin. -->","yoast_head_json":{"title":"Cuarto intermedio en el radicalismo para definir las precandidaturas - 103.9 fm","robots":{"index":"index","follow":"follow","max-snippet":"max-snippet:-1","max-image-preview":"max-image-preview:large","max-video-preview":"max-video-preview:-1"},"canonical":"https:\/\/ondauno.com.ar\/index.php\/2023\/06\/08\/cuarto-intermedio-en-el-radicalismo-para-definir-las-precandidaturas\/","og_locale":"es_ES","og_type":"article","og_title":"Cuarto intermedio en el radicalismo para definir las precandidaturas - 103.9 fm","og_description":"Por medio de un comunicado de prensa el Comit\u00e9 Enrique Betolaza dio a conocer que despu\u00e9s de un encuentro realizado el mi\u00e9rcoles, se resolvi\u00f3 aplicar un cuarto intermedio hasta este viernes a la noche. COMUNICADO DE PRENSA En la noche de ayer en el comite Enrique Betolaza se desarrollo la reuni\u00f3n de Comision Directiva ampliada [&hellip;]","og_url":"https:\/\/ondauno.com.ar\/index.php\/2023\/06\/08\/cuarto-intermedio-en-el-radicalismo-para-definir-las-precandidaturas\/","og_site_name":"103.9 fm","article_publisher":"https:\/\/www.facebook.com\/ondauno103.9","article_published_time":"2023-06-09T00:26:52+00:00","article_modified_time":"2023-06-09T00:27:55+00:00","og_image":[{"width":717,"height":649,"url":"https:\/\/ondauno.com.ar\/wp-content\/uploads\/2023\/06\/51645312_1209573149450930_2146036355690397696_n.jpg","type":"image\/jpeg"}],"author":"OndaUno","twitter_card":"summary_large_image","twitter_misc":{"Escrito por":"OndaUno","Tiempo de lectura":"1 minuto"},"schema":{"@context":"https:\/\/schema.org","@graph":[{"@type":"WebPage","@id":"https:\/\/ondauno.com.ar\/index.php\/2023\/06\/08\/cuarto-intermedio-en-el-radicalismo-para-definir-las-precandidaturas\/","url":"https:\/\/ondauno.com.ar\/index.php\/2023\/06\/08\/cuarto-intermedio-en-el-radicalismo-para-definir-las-precandidaturas\/","name":"Cuarto intermedio en el radicalismo para definir las precandidaturas - 103.9 fm","isPartOf":{"@id":"https:\/\/ondauno.com.ar\/#website"},"datePublished":"2023-06-09T00:26:52+00:00","dateModified":"2023-06-09T00:27:55+00:00","author":{"@id":"https:\/\/ondauno.com.ar\/#\/schema\/person\/7ec851ddeceb4133d7d7132dc645714e"},"breadcrumb":{"@id":"https:\/\/ondauno.com.ar\/index.php\/2023\/06\/08\/cuarto-intermedio-en-el-radicalismo-para-definir-las-precandidaturas\/#breadcrumb"},"inLanguage":"es-AR","potentialAction":[{"@type":"ReadAction","target":["https:\/\/ondauno.com.ar\/index.php\/2023\/06\/08\/cuarto-intermedio-en-el-radicalismo-para-definir-las-precandidaturas\/"]}]},{"@type":"BreadcrumbList","@id":"https:\/\/ondauno.com.ar\/index.php\/2023\/06\/08\/cuarto-intermedio-en-el-radicalismo-para-definir-las-precandidaturas\/#breadcrumb","itemListElement":[{"@type":"ListItem","position":1,"name":"Inicio","item":"https:\/\/ondauno.com.ar\/"},{"@type":"ListItem","position":2,"name":"Cuarto intermedio en el radicalismo para definir las precandidaturas"}]},{"@type":"WebSite","@id":"https:\/\/ondauno.com.ar\/#website","url":"https:\/\/ondauno.com.ar\/","name":"103.9 fm","description":"LA PRIMERA RADIO MULTIMEDIA DE TRES ARROYOS","potentialAction":[{"@type":"SearchAction","target":{"@type":"EntryPoint","urlTemplate":"https:\/\/ondauno.com.ar\/?s={search_term_string}"},"query-input":"required name=search_term_string"}],"inLanguage":"es-AR"},{"@type":"Person","@id":"https:\/\/ondauno.com.ar\/#\/schema\/person\/7ec851ddeceb4133d7d7132dc645714e","name":"OndaUno","image":{"@type":"ImageObject","inLanguage":"es-AR","@id":"https:\/\/ondauno.com.ar\/#\/schema\/person\/image\/","url":"https:\/\/secure.gravatar.com\/avatar\/93b8009f0de7021f1feb2bd5b32fb9e8?s=96&d=mm&r=g","contentUrl":"https:\/\/secure.gravatar.com\/avatar\/93b8009f0de7021f1feb2bd5b32fb9e8?s=96&d=mm&r=g","caption":"OndaUno"},"url":"https:\/\/ondauno.com.ar\/index.php\/author\/ondauno\/"}]}},"jetpack_publicize_connections":[],"jetpack_featured_media_url":"","jetpack_sharing_enabled":true,"_links":{"self":[{"href":"https:\/\/ondauno.com.ar\/index.php\/wp-json\/wp\/v2\/posts\/41664","targetHints":{"allow":["GET"]}}],"collection":[{"href":"https:\/\/ondauno.com.ar\/index.php\/wp-json\/wp\/v2\/posts"}],"about":[{"href":"https:\/\/ondauno.com.ar\/index.php\/wp-json\/wp\/v2\/types\/post"}],"author":[{"embeddable":true,"href":"https:\/\/ondauno.com.ar\/index.php\/wp-json\/wp\/v2\/users\/1"}],"replies":[{"embeddable":true,"href":"https:\/\/ondauno.com.ar\/index.php\/wp-json\/wp\/v2\/comments?post=41664"}],"version-history":[{"count":0,"href":"https:\/\/ondauno.com.ar\/index.php\/wp-json\/wp\/v2\/posts\/41664\/revisions"}],"wp:attachment":[{"href":"https:\/\/ondauno.com.ar\/index.php\/wp-json\/wp\/v2\/media?parent=41664"}],"wp:term":[{"taxonomy":"category","embeddable":true,"href":"https:\/\/ondauno.com.ar\/index.php\/wp-json\/wp\/v2\/categories?post=41664"},{"taxonomy":"post_tag","embeddable":true,"href":"https:\/\/ondauno.com.ar\/index.php\/wp-json\/wp\/v2\/tags?post=41664"}],"curies":[{"name":"wp","href":"https:\/\/api.w.org\/{rel}","templated":true}]}}