{"id":4161,"date":"2020-01-04T11:37:36","date_gmt":"2020-01-04T14:37:36","guid":{"rendered":"http:\/\/ondauno.com.ar\/?p=4161"},"modified":"2020-01-04T17:41:20","modified_gmt":"2020-01-04T20:41:20","slug":"el-veterinario-pedro-poliero-volco-tras-ser-embestido-en-la-ruta-73","status":"publish","type":"post","link":"https:\/\/ondauno.com.ar\/index.php\/2020\/01\/04\/el-veterinario-pedro-poliero-volco-tras-ser-embestido-en-la-ruta-73\/","title":{"rendered":"El veterinario Pedro Poliero volc\u00f3 tras ser embestido en la Ruta 73"},"content":{"rendered":"<div class=\"ondau-before-content_3\" style=\"margin-top: -30px;\" id=\"ondau-2489884007\"><a href=\"https:\/\/www.lps.com.ar\/\" aria-label=\"la-perse2\"><img loading=\"lazy\" decoding=\"async\" src=\"https:\/\/ondauno.com.ar\/wp-content\/uploads\/2021\/10\/la-perse2.jpg\" alt=\"\"  srcset=\"https:\/\/ondauno.com.ar\/wp-content\/uploads\/2021\/10\/la-perse2.jpg 1353w, https:\/\/ondauno.com.ar\/wp-content\/uploads\/2021\/10\/la-perse2-300x43.jpg 300w, https:\/\/ondauno.com.ar\/wp-content\/uploads\/2021\/10\/la-perse2-1024x148.jpg 1024w, https:\/\/ondauno.com.ar\/wp-content\/uploads\/2021\/10\/la-perse2-768x111.jpg 768w, https:\/\/ondauno.com.ar\/wp-content\/uploads\/2021\/10\/la-perse2-696x100.jpg 696w, https:\/\/ondauno.com.ar\/wp-content\/uploads\/2021\/10\/la-perse2-1068x154.jpg 1068w\" sizes=\"(max-width: 1353px) 100vw, 1353px\" class=\"no-lazyload\" width=\"1353\" height=\"195\"  style=\"display: inline-block;\" \/><\/a><\/div>\n<p>El veterinario Pedro Eduardo Poliero circulaba anoche hacia Claromec\u00f3  y a la altura de la curva de Olsen, en la Ruta N \u00b0 73 kil\u00f3metro 41 lo embisti\u00f3 de frente una mujer en un Peugeot 307 , Mar\u00eda Laura Propersi 45) que circulaba de la mano contraria.<\/p>\n\n\n\n<p>Como consecuencia del impacto la camioneta Renault Duster en la que iba Poliero volc\u00f3 y dio varias vueltas.<\/p>\n\n\n\n<p>De los ocupantes de la Duster el \u00fanico que sufri\u00f3 heridas m\u00e1s graves fue Poliero que tiene fractura de tibia y peron\u00e9, y, lastimaduras en la mano y boca, mientras otros dos de los cinco ocupantes de la camioneta fueron tambi\u00e9n trasladados al Centro de Salud Municipal de Tres Arroyos.<\/p>\n\n\n\n<p>El tr\u00e1nsito de la Ruta 73 estuvo cortado varias horas por personal policial que act\u00fao en el lugar.<\/p>\n\n\n\n<p><em>INFORMACION OFICIAL:<\/em><\/p>\n\n\n\n<p>A las 22 horas del viernes 3 de enero se produce un  accidente de tr\u00e1nsito con con heridos en Ruta Pcial 73 km 41. <\/p>\n\n\n\n<p>En el lugar se hace presente  personal del Puesto Vigilancia Bellocq. <\/p>\n\n\n\n<p>Constatarin la  colisi\u00f3n frontal entre PEUGEOT 307 GRIS dominio HCO-218 conducido por MARIA LAURA PROPERSI (45) que no tuvo   lesiones en el siniestro.<\/p>\n\n\n\n<p>El otro involucrado es un rodado RENAULT DUSTER color gris dominio AB119HK conducido por PEDRO EDUARDO POLIERO ( 55 ) quien fue trasladado a centro de atencion m\u00e9dica municipal en Tres Arroyos. <\/p>\n\n\n\n<p>A trav\u00e9s de informaci\u00f3n del propio protagonista se supo que sufri\u00f3 quebradura d e tibia y peron\u00e9 que adem\u00e1s de heridas en la boca y manos. <\/p>\n\n\n\n<p>Adem\u00e1s de Poliero fueron trasladadas otras dos personas, de las cinco ocupantes de la Duster. <\/p>\n\n\n\n<p>En horas de la ma\u00f1ana de hoy todos salieron del nosocomio con el alta m\u00e9dica <\/p>\n\n\n\n<p>La Ruta provincial 73 se mantuvo cortada por un largo per\u00edodo temporal y la  totalidad de rodados que circulaban en ese horario se mantuvieron  sobre la cinta alfaltica. <\/p>\n\n\n\n<p>En el lugar estuvieron presente Bomberos y la ambulancia de Centro asistencial de Claromec\u00f3 adem\u00e1s fue comisionada la Policia Cient\u00edfica.<\/p>\n\n\n\n<p>El rodado menor circulaba en direccion Claomeco &#8211; Ts As. y la DUSTER en sentido contrario.<\/p>\n\n\n\n<p> Las condiones climaticas eran \u00f3ptimas, el cielo despejado, la visibilidad normal y el estado de la cinta asfaltica en buena estado. <\/p>\n\n\n\n<p> Intervino la Ufij nro 13 Dr. FACUNDO LEMBLE Dpto Judicial Tres Arroyos.<\/p>\n\n\n\n<p>Foto: La Voz del Pueblo<\/p>\n\n\n\n<p><\/p>\n","protected":false},"excerpt":{"rendered":"<p>El veterinario Pedro Eduardo Poliero circulaba anoche hacia Claromec\u00f3 y a la altura de la curva de Olsen, en la Ruta N \u00b0 73 kil\u00f3metro 41 lo embisti\u00f3 de frente una mujer en un Peugeot 307 , Mar\u00eda Laura Propersi 45) que circulaba de la mano contraria. Como consecuencia del impacto la camioneta Renault Duster [&hellip;]<\/p>\n","protected":false},"author":2,"featured_media":0,"comment_status":"open","ping_status":"open","sticky":false,"template":"","format":"standard","meta":{"tdm_status":"","tdm_grid_status":"","_jetpack_memberships_contains_paid_content":false,"footnotes":"","jetpack_publicize_message":"","jetpack_publicize_feature_enabled":true,"jetpack_social_post_already_shared":false,"jetpack_social_options":{"image_generator_settings":{"template":"highway","default_image_id":0,"font":"","enabled":false},"version":2}},"categories":[29],"tags":[],"class_list":{"0":"post-4161","1":"post","2":"type-post","3":"status-publish","4":"format-standard","6":"category-policiales"},"yoast_head":"<!-- This site is optimized with the Yoast SEO plugin v22.7 - https:\/\/yoast.com\/wordpress\/plugins\/seo\/ -->\n<title>El veterinario Pedro Poliero volc\u00f3 tras ser embestido en la Ruta 73 - 103.9 fm<\/title>\n<meta name=\"robots\" content=\"index, follow, max-snippet:-1, max-image-preview:large, max-video-preview:-1\" \/>\n<link rel=\"canonical\" href=\"https:\/\/ondauno.com.ar\/index.php\/2020\/01\/04\/el-veterinario-pedro-poliero-volco-tras-ser-embestido-en-la-ruta-73\/\" \/>\n<meta property=\"og:locale\" content=\"es_ES\" \/>\n<meta property=\"og:type\" content=\"article\" \/>\n<meta property=\"og:title\" content=\"El veterinario Pedro Poliero volc\u00f3 tras ser embestido en la Ruta 73 - 103.9 fm\" \/>\n<meta property=\"og:description\" content=\"El veterinario Pedro Eduardo Poliero circulaba anoche hacia Claromec\u00f3 y a la altura de la curva de Olsen, en la Ruta N \u00b0 73 kil\u00f3metro 41 lo embisti\u00f3 de frente una mujer en un Peugeot 307 , Mar\u00eda Laura Propersi 45) que circulaba de la mano contraria. Como consecuencia del impacto la camioneta Renault Duster [&hellip;]\" \/>\n<meta property=\"og:url\" content=\"https:\/\/ondauno.com.ar\/index.php\/2020\/01\/04\/el-veterinario-pedro-poliero-volco-tras-ser-embestido-en-la-ruta-73\/\" \/>\n<meta property=\"og:site_name\" content=\"103.9 fm\" \/>\n<meta property=\"article:publisher\" content=\"https:\/\/www.facebook.com\/ondauno103.9\" \/>\n<meta property=\"article:published_time\" content=\"2020-01-04T14:37:36+00:00\" \/>\n<meta property=\"article:modified_time\" content=\"2020-01-04T20:41:20+00:00\" \/>\n<meta property=\"og:image\" content=\"https:\/\/ondauno.com.ar\/wp-content\/uploads\/2020\/01\/WhatsApp-Image-2020-01-03-at-23.30.57.jpeg\" \/>\n\t<meta property=\"og:image:width\" content=\"1280\" \/>\n\t<meta property=\"og:image:height\" content=\"720\" \/>\n\t<meta property=\"og:image:type\" content=\"image\/jpeg\" \/>\n<meta name=\"author\" content=\"fernando garcia\" \/>\n<meta name=\"twitter:card\" content=\"summary_large_image\" \/>\n<meta name=\"twitter:label1\" content=\"Escrito por\" \/>\n\t<meta name=\"twitter:data1\" content=\"fernando garcia\" \/>\n\t<meta name=\"twitter:label2\" content=\"Tiempo de lectura\" \/>\n\t<meta name=\"twitter:data2\" content=\"2 minutos\" \/>\n<script type=\"application\/ld+json\" class=\"yoast-schema-graph\">{\"@context\":\"https:\/\/schema.org\",\"@graph\":[{\"@type\":\"WebPage\",\"@id\":\"https:\/\/ondauno.com.ar\/index.php\/2020\/01\/04\/el-veterinario-pedro-poliero-volco-tras-ser-embestido-en-la-ruta-73\/\",\"url\":\"https:\/\/ondauno.com.ar\/index.php\/2020\/01\/04\/el-veterinario-pedro-poliero-volco-tras-ser-embestido-en-la-ruta-73\/\",\"name\":\"El veterinario Pedro Poliero volc\u00f3 tras ser embestido en la Ruta 73 - 103.9 fm\",\"isPartOf\":{\"@id\":\"https:\/\/ondauno.com.ar\/#website\"},\"datePublished\":\"2020-01-04T14:37:36+00:00\",\"dateModified\":\"2020-01-04T20:41:20+00:00\",\"author\":{\"@id\":\"https:\/\/ondauno.com.ar\/#\/schema\/person\/201d1b68e6c75e0fd396fe5f8af5d139\"},\"breadcrumb\":{\"@id\":\"https:\/\/ondauno.com.ar\/index.php\/2020\/01\/04\/el-veterinario-pedro-poliero-volco-tras-ser-embestido-en-la-ruta-73\/#breadcrumb\"},\"inLanguage\":\"es-AR\",\"potentialAction\":[{\"@type\":\"ReadAction\",\"target\":[\"https:\/\/ondauno.com.ar\/index.php\/2020\/01\/04\/el-veterinario-pedro-poliero-volco-tras-ser-embestido-en-la-ruta-73\/\"]}]},{\"@type\":\"BreadcrumbList\",\"@id\":\"https:\/\/ondauno.com.ar\/index.php\/2020\/01\/04\/el-veterinario-pedro-poliero-volco-tras-ser-embestido-en-la-ruta-73\/#breadcrumb\",\"itemListElement\":[{\"@type\":\"ListItem\",\"position\":1,\"name\":\"Inicio\",\"item\":\"https:\/\/ondauno.com.ar\/\"},{\"@type\":\"ListItem\",\"position\":2,\"name\":\"El veterinario Pedro Poliero volc\u00f3 tras ser embestido en la Ruta 73\"}]},{\"@type\":\"WebSite\",\"@id\":\"https:\/\/ondauno.com.ar\/#website\",\"url\":\"https:\/\/ondauno.com.ar\/\",\"name\":\"103.9 fm\",\"description\":\"LA PRIMERA RADIO MULTIMEDIA DE TRES ARROYOS\",\"potentialAction\":[{\"@type\":\"SearchAction\",\"target\":{\"@type\":\"EntryPoint\",\"urlTemplate\":\"https:\/\/ondauno.com.ar\/?s={search_term_string}\"},\"query-input\":\"required name=search_term_string\"}],\"inLanguage\":\"es-AR\"},{\"@type\":\"Person\",\"@id\":\"https:\/\/ondauno.com.ar\/#\/schema\/person\/201d1b68e6c75e0fd396fe5f8af5d139\",\"name\":\"fernando garcia\",\"image\":{\"@type\":\"ImageObject\",\"inLanguage\":\"es-AR\",\"@id\":\"https:\/\/ondauno.com.ar\/#\/schema\/person\/image\/\",\"url\":\"https:\/\/secure.gravatar.com\/avatar\/5f7254642ad81272e79a2e69653cfdfc?s=96&d=mm&r=g\",\"contentUrl\":\"https:\/\/secure.gravatar.com\/avatar\/5f7254642ad81272e79a2e69653cfdfc?s=96&d=mm&r=g\",\"caption\":\"fernando garcia\"},\"url\":\"https:\/\/ondauno.com.ar\/index.php\/author\/ondaunoeditor\/\"}]}<\/script>\n<!-- \/ Yoast SEO plugin. -->","yoast_head_json":{"title":"El veterinario Pedro Poliero volc\u00f3 tras ser embestido en la Ruta 73 - 103.9 fm","robots":{"index":"index","follow":"follow","max-snippet":"max-snippet:-1","max-image-preview":"max-image-preview:large","max-video-preview":"max-video-preview:-1"},"canonical":"https:\/\/ondauno.com.ar\/index.php\/2020\/01\/04\/el-veterinario-pedro-poliero-volco-tras-ser-embestido-en-la-ruta-73\/","og_locale":"es_ES","og_type":"article","og_title":"El veterinario Pedro Poliero volc\u00f3 tras ser embestido en la Ruta 73 - 103.9 fm","og_description":"El veterinario Pedro Eduardo Poliero circulaba anoche hacia Claromec\u00f3 y a la altura de la curva de Olsen, en la Ruta N \u00b0 73 kil\u00f3metro 41 lo embisti\u00f3 de frente una mujer en un Peugeot 307 , Mar\u00eda Laura Propersi 45) que circulaba de la mano contraria. Como consecuencia del impacto la camioneta Renault Duster [&hellip;]","og_url":"https:\/\/ondauno.com.ar\/index.php\/2020\/01\/04\/el-veterinario-pedro-poliero-volco-tras-ser-embestido-en-la-ruta-73\/","og_site_name":"103.9 fm","article_publisher":"https:\/\/www.facebook.com\/ondauno103.9","article_published_time":"2020-01-04T14:37:36+00:00","article_modified_time":"2020-01-04T20:41:20+00:00","og_image":[{"width":1280,"height":720,"url":"https:\/\/ondauno.com.ar\/wp-content\/uploads\/2020\/01\/WhatsApp-Image-2020-01-03-at-23.30.57.jpeg","type":"image\/jpeg"}],"author":"fernando garcia","twitter_card":"summary_large_image","twitter_misc":{"Escrito por":"fernando garcia","Tiempo de lectura":"2 minutos"},"schema":{"@context":"https:\/\/schema.org","@graph":[{"@type":"WebPage","@id":"https:\/\/ondauno.com.ar\/index.php\/2020\/01\/04\/el-veterinario-pedro-poliero-volco-tras-ser-embestido-en-la-ruta-73\/","url":"https:\/\/ondauno.com.ar\/index.php\/2020\/01\/04\/el-veterinario-pedro-poliero-volco-tras-ser-embestido-en-la-ruta-73\/","name":"El veterinario Pedro Poliero volc\u00f3 tras ser embestido en la Ruta 73 - 103.9 fm","isPartOf":{"@id":"https:\/\/ondauno.com.ar\/#website"},"datePublished":"2020-01-04T14:37:36+00:00","dateModified":"2020-01-04T20:41:20+00:00","author":{"@id":"https:\/\/ondauno.com.ar\/#\/schema\/person\/201d1b68e6c75e0fd396fe5f8af5d139"},"breadcrumb":{"@id":"https:\/\/ondauno.com.ar\/index.php\/2020\/01\/04\/el-veterinario-pedro-poliero-volco-tras-ser-embestido-en-la-ruta-73\/#breadcrumb"},"inLanguage":"es-AR","potentialAction":[{"@type":"ReadAction","target":["https:\/\/ondauno.com.ar\/index.php\/2020\/01\/04\/el-veterinario-pedro-poliero-volco-tras-ser-embestido-en-la-ruta-73\/"]}]},{"@type":"BreadcrumbList","@id":"https:\/\/ondauno.com.ar\/index.php\/2020\/01\/04\/el-veterinario-pedro-poliero-volco-tras-ser-embestido-en-la-ruta-73\/#breadcrumb","itemListElement":[{"@type":"ListItem","position":1,"name":"Inicio","item":"https:\/\/ondauno.com.ar\/"},{"@type":"ListItem","position":2,"name":"El veterinario Pedro Poliero volc\u00f3 tras ser embestido en la Ruta 73"}]},{"@type":"WebSite","@id":"https:\/\/ondauno.com.ar\/#website","url":"https:\/\/ondauno.com.ar\/","name":"103.9 fm","description":"LA PRIMERA RADIO MULTIMEDIA DE TRES ARROYOS","potentialAction":[{"@type":"SearchAction","target":{"@type":"EntryPoint","urlTemplate":"https:\/\/ondauno.com.ar\/?s={search_term_string}"},"query-input":"required name=search_term_string"}],"inLanguage":"es-AR"},{"@type":"Person","@id":"https:\/\/ondauno.com.ar\/#\/schema\/person\/201d1b68e6c75e0fd396fe5f8af5d139","name":"fernando garcia","image":{"@type":"ImageObject","inLanguage":"es-AR","@id":"https:\/\/ondauno.com.ar\/#\/schema\/person\/image\/","url":"https:\/\/secure.gravatar.com\/avatar\/5f7254642ad81272e79a2e69653cfdfc?s=96&d=mm&r=g","contentUrl":"https:\/\/secure.gravatar.com\/avatar\/5f7254642ad81272e79a2e69653cfdfc?s=96&d=mm&r=g","caption":"fernando garcia"},"url":"https:\/\/ondauno.com.ar\/index.php\/author\/ondaunoeditor\/"}]}},"jetpack_publicize_connections":[],"jetpack_featured_media_url":"","jetpack_sharing_enabled":true,"_links":{"self":[{"href":"https:\/\/ondauno.com.ar\/index.php\/wp-json\/wp\/v2\/posts\/4161","targetHints":{"allow":["GET"]}}],"collection":[{"href":"https:\/\/ondauno.com.ar\/index.php\/wp-json\/wp\/v2\/posts"}],"about":[{"href":"https:\/\/ondauno.com.ar\/index.php\/wp-json\/wp\/v2\/types\/post"}],"author":[{"embeddable":true,"href":"https:\/\/ondauno.com.ar\/index.php\/wp-json\/wp\/v2\/users\/2"}],"replies":[{"embeddable":true,"href":"https:\/\/ondauno.com.ar\/index.php\/wp-json\/wp\/v2\/comments?post=4161"}],"version-history":[{"count":0,"href":"https:\/\/ondauno.com.ar\/index.php\/wp-json\/wp\/v2\/posts\/4161\/revisions"}],"wp:attachment":[{"href":"https:\/\/ondauno.com.ar\/index.php\/wp-json\/wp\/v2\/media?parent=4161"}],"wp:term":[{"taxonomy":"category","embeddable":true,"href":"https:\/\/ondauno.com.ar\/index.php\/wp-json\/wp\/v2\/categories?post=4161"},{"taxonomy":"post_tag","embeddable":true,"href":"https:\/\/ondauno.com.ar\/index.php\/wp-json\/wp\/v2\/tags?post=4161"}],"curies":[{"name":"wp","href":"https:\/\/api.w.org\/{rel}","templated":true}]}}