{"id":41389,"date":"2023-05-30T18:46:54","date_gmt":"2023-05-30T21:46:54","guid":{"rendered":"http:\/\/ondauno.com.ar\/?p=41389"},"modified":"2023-05-30T18:46:55","modified_gmt":"2023-05-30T21:46:55","slug":"seguridad-vial-movilidad-sustentable-y-transito-en-torno-al-polo-educativo","status":"publish","type":"post","link":"https:\/\/ondauno.com.ar\/index.php\/2023\/05\/30\/seguridad-vial-movilidad-sustentable-y-transito-en-torno-al-polo-educativo\/","title":{"rendered":"Seguridad Vial: Movilidad sustentable y tr\u00e1nsito en torno al Polo Educativo"},"content":{"rendered":"<div class=\"ondau-before-content_3\" style=\"margin-top: -30px;\" id=\"ondau-3106962328\"><a href=\"https:\/\/www.lps.com.ar\/\" aria-label=\"la-perse2\"><img loading=\"lazy\" decoding=\"async\" src=\"https:\/\/ondauno.com.ar\/wp-content\/uploads\/2021\/10\/la-perse2.jpg\" alt=\"\"  srcset=\"https:\/\/ondauno.com.ar\/wp-content\/uploads\/2021\/10\/la-perse2.jpg 1353w, https:\/\/ondauno.com.ar\/wp-content\/uploads\/2021\/10\/la-perse2-300x43.jpg 300w, https:\/\/ondauno.com.ar\/wp-content\/uploads\/2021\/10\/la-perse2-1024x148.jpg 1024w, https:\/\/ondauno.com.ar\/wp-content\/uploads\/2021\/10\/la-perse2-768x111.jpg 768w, https:\/\/ondauno.com.ar\/wp-content\/uploads\/2021\/10\/la-perse2-696x100.jpg 696w, https:\/\/ondauno.com.ar\/wp-content\/uploads\/2021\/10\/la-perse2-1068x154.jpg 1068w\" sizes=\"(max-width: 1353px) 100vw, 1353px\" class=\"no-lazyload\" width=\"1353\" height=\"195\"  style=\"display: inline-block;\" \/><\/a><\/div>\n<p>El presidente de la Comisi\u00f3n de Obras P\u00fablicas y Seguridad del Concejo Deliberante, Juan Guti\u00e9rrez (Todos) hizo una evaluaci\u00f3n positiva de la reuni\u00f3n ampliada del Consejo de Seguridad Vial, de la que participaron el secretario de Seguridad, Jorge Cordiglia y otros funcionarios de su cartera; un representante de Corredores Viales, concejales y estudiantes de la Tecnicatura en Seguridad Vial que se dicta en CRESTA.<\/p>\n\n\n\n<p>\u201cSurgieron ideas e inquietudes en torno al tr\u00e1nsito y la siniestralidad, y lo interesante es que m\u00e1s all\u00e1 de que no vinieron todos los actores involucrados en la tem\u00e1tica, que fueron invitados fehacientemente, la participaci\u00f3n de m\u00e1s integrantes puede darle volumen a la discusi\u00f3n de los temas\u201d, apunt\u00f3 Guti\u00e9rrez.<\/p>\n\n\n\n<p>Entre distintos planteos, se hizo menci\u00f3n al hecho de que el pleno funcionamiento del Polo Educativo traer\u00e1 aparejado un notable incremento del tr\u00e1nsito en un lugar ya de por s\u00ed complejo, y desde el Colegio de Arquitectos se se\u00f1al\u00f3 que deber\u00edan contemplarse acciones destinadas a favorecer la movilidad sustentable hacia el lugar. Tambi\u00e9n se destac\u00f3 la necesidad de contar con transporte p\u00fablico que contemple esta nueva radicaci\u00f3n de establecimientos dedicados a la formaci\u00f3n laboral y educaci\u00f3n.<\/p>\n\n\n\n<p>Por su parte, la concejala Marisa Marioli, quien alternativamente con su compa\u00f1era de bancada Daiana De Grazia representaron al bloque de Juntos en el encuentro, plante\u00f3 a su finalizaci\u00f3n que \u201cno nos podemos quedar con cosas que se cumplen o no, hay proyectos que trabajar y todo lo que se pueda hacer por salvar vidas es importante\u201d. <br> <br> <\/p>\n","protected":false},"excerpt":{"rendered":"<p>El presidente de la Comisi\u00f3n de Obras P\u00fablicas y Seguridad del Concejo Deliberante, Juan Guti\u00e9rrez (Todos) hizo una evaluaci\u00f3n positiva de la reuni\u00f3n ampliada del Consejo de Seguridad Vial, de la que participaron el secretario de Seguridad, Jorge Cordiglia y otros funcionarios de su cartera; un representante de Corredores Viales, concejales y estudiantes de la [&hellip;]<\/p>\n","protected":false},"author":1,"featured_media":0,"comment_status":"open","ping_status":"open","sticky":false,"template":"","format":"standard","meta":{"tdm_status":"","tdm_grid_status":"","_jetpack_memberships_contains_paid_content":false,"footnotes":"","jetpack_publicize_message":"","jetpack_publicize_feature_enabled":true,"jetpack_social_post_already_shared":true,"jetpack_social_options":{"image_generator_settings":{"template":"highway","default_image_id":0,"font":"","enabled":false},"version":2}},"categories":[2],"tags":[],"class_list":{"0":"post-41389","1":"post","2":"type-post","3":"status-publish","4":"format-standard","6":"category-locales"},"yoast_head":"<!-- This site is optimized with the Yoast SEO plugin v22.7 - https:\/\/yoast.com\/wordpress\/plugins\/seo\/ -->\n<title>Seguridad Vial: Movilidad sustentable y tr\u00e1nsito en torno al Polo Educativo - 103.9 fm<\/title>\n<meta name=\"robots\" content=\"index, follow, max-snippet:-1, max-image-preview:large, max-video-preview:-1\" \/>\n<link rel=\"canonical\" href=\"https:\/\/ondauno.com.ar\/index.php\/2023\/05\/30\/seguridad-vial-movilidad-sustentable-y-transito-en-torno-al-polo-educativo\/\" \/>\n<meta property=\"og:locale\" content=\"es_ES\" \/>\n<meta property=\"og:type\" content=\"article\" \/>\n<meta property=\"og:title\" content=\"Seguridad Vial: Movilidad sustentable y tr\u00e1nsito en torno al Polo Educativo - 103.9 fm\" \/>\n<meta property=\"og:description\" content=\"El presidente de la Comisi\u00f3n de Obras P\u00fablicas y Seguridad del Concejo Deliberante, Juan Guti\u00e9rrez (Todos) hizo una evaluaci\u00f3n positiva de la reuni\u00f3n ampliada del Consejo de Seguridad Vial, de la que participaron el secretario de Seguridad, Jorge Cordiglia y otros funcionarios de su cartera; un representante de Corredores Viales, concejales y estudiantes de la [&hellip;]\" \/>\n<meta property=\"og:url\" content=\"https:\/\/ondauno.com.ar\/index.php\/2023\/05\/30\/seguridad-vial-movilidad-sustentable-y-transito-en-torno-al-polo-educativo\/\" \/>\n<meta property=\"og:site_name\" content=\"103.9 fm\" \/>\n<meta property=\"article:publisher\" content=\"https:\/\/www.facebook.com\/ondauno103.9\" \/>\n<meta property=\"article:published_time\" content=\"2023-05-30T21:46:54+00:00\" \/>\n<meta property=\"article:modified_time\" content=\"2023-05-30T21:46:55+00:00\" \/>\n<meta property=\"og:image\" content=\"https:\/\/ondauno.com.ar\/wp-content\/uploads\/2023\/05\/WhatsApp-Image-2023-05-30-at-12.07.44.jpeg\" \/>\n\t<meta property=\"og:image:width\" content=\"1600\" \/>\n\t<meta property=\"og:image:height\" content=\"1200\" \/>\n\t<meta property=\"og:image:type\" content=\"image\/jpeg\" \/>\n<meta name=\"author\" content=\"OndaUno\" \/>\n<meta name=\"twitter:card\" content=\"summary_large_image\" \/>\n<meta name=\"twitter:label1\" content=\"Escrito por\" \/>\n\t<meta name=\"twitter:data1\" content=\"OndaUno\" \/>\n\t<meta name=\"twitter:label2\" content=\"Tiempo de lectura\" \/>\n\t<meta name=\"twitter:data2\" content=\"1 minuto\" \/>\n<script type=\"application\/ld+json\" class=\"yoast-schema-graph\">{\"@context\":\"https:\/\/schema.org\",\"@graph\":[{\"@type\":\"WebPage\",\"@id\":\"https:\/\/ondauno.com.ar\/index.php\/2023\/05\/30\/seguridad-vial-movilidad-sustentable-y-transito-en-torno-al-polo-educativo\/\",\"url\":\"https:\/\/ondauno.com.ar\/index.php\/2023\/05\/30\/seguridad-vial-movilidad-sustentable-y-transito-en-torno-al-polo-educativo\/\",\"name\":\"Seguridad Vial: Movilidad sustentable y tr\u00e1nsito en torno al Polo Educativo - 103.9 fm\",\"isPartOf\":{\"@id\":\"https:\/\/ondauno.com.ar\/#website\"},\"datePublished\":\"2023-05-30T21:46:54+00:00\",\"dateModified\":\"2023-05-30T21:46:55+00:00\",\"author\":{\"@id\":\"https:\/\/ondauno.com.ar\/#\/schema\/person\/7ec851ddeceb4133d7d7132dc645714e\"},\"breadcrumb\":{\"@id\":\"https:\/\/ondauno.com.ar\/index.php\/2023\/05\/30\/seguridad-vial-movilidad-sustentable-y-transito-en-torno-al-polo-educativo\/#breadcrumb\"},\"inLanguage\":\"es-AR\",\"potentialAction\":[{\"@type\":\"ReadAction\",\"target\":[\"https:\/\/ondauno.com.ar\/index.php\/2023\/05\/30\/seguridad-vial-movilidad-sustentable-y-transito-en-torno-al-polo-educativo\/\"]}]},{\"@type\":\"BreadcrumbList\",\"@id\":\"https:\/\/ondauno.com.ar\/index.php\/2023\/05\/30\/seguridad-vial-movilidad-sustentable-y-transito-en-torno-al-polo-educativo\/#breadcrumb\",\"itemListElement\":[{\"@type\":\"ListItem\",\"position\":1,\"name\":\"Inicio\",\"item\":\"https:\/\/ondauno.com.ar\/\"},{\"@type\":\"ListItem\",\"position\":2,\"name\":\"Seguridad Vial: Movilidad sustentable y tr\u00e1nsito en torno al Polo Educativo\"}]},{\"@type\":\"WebSite\",\"@id\":\"https:\/\/ondauno.com.ar\/#website\",\"url\":\"https:\/\/ondauno.com.ar\/\",\"name\":\"103.9 fm\",\"description\":\"LA PRIMERA RADIO MULTIMEDIA DE TRES ARROYOS\",\"potentialAction\":[{\"@type\":\"SearchAction\",\"target\":{\"@type\":\"EntryPoint\",\"urlTemplate\":\"https:\/\/ondauno.com.ar\/?s={search_term_string}\"},\"query-input\":\"required name=search_term_string\"}],\"inLanguage\":\"es-AR\"},{\"@type\":\"Person\",\"@id\":\"https:\/\/ondauno.com.ar\/#\/schema\/person\/7ec851ddeceb4133d7d7132dc645714e\",\"name\":\"OndaUno\",\"image\":{\"@type\":\"ImageObject\",\"inLanguage\":\"es-AR\",\"@id\":\"https:\/\/ondauno.com.ar\/#\/schema\/person\/image\/\",\"url\":\"https:\/\/secure.gravatar.com\/avatar\/93b8009f0de7021f1feb2bd5b32fb9e8?s=96&d=mm&r=g\",\"contentUrl\":\"https:\/\/secure.gravatar.com\/avatar\/93b8009f0de7021f1feb2bd5b32fb9e8?s=96&d=mm&r=g\",\"caption\":\"OndaUno\"},\"url\":\"https:\/\/ondauno.com.ar\/index.php\/author\/ondauno\/\"}]}<\/script>\n<!-- \/ Yoast SEO plugin. -->","yoast_head_json":{"title":"Seguridad Vial: Movilidad sustentable y tr\u00e1nsito en torno al Polo Educativo - 103.9 fm","robots":{"index":"index","follow":"follow","max-snippet":"max-snippet:-1","max-image-preview":"max-image-preview:large","max-video-preview":"max-video-preview:-1"},"canonical":"https:\/\/ondauno.com.ar\/index.php\/2023\/05\/30\/seguridad-vial-movilidad-sustentable-y-transito-en-torno-al-polo-educativo\/","og_locale":"es_ES","og_type":"article","og_title":"Seguridad Vial: Movilidad sustentable y tr\u00e1nsito en torno al Polo Educativo - 103.9 fm","og_description":"El presidente de la Comisi\u00f3n de Obras P\u00fablicas y Seguridad del Concejo Deliberante, Juan Guti\u00e9rrez (Todos) hizo una evaluaci\u00f3n positiva de la reuni\u00f3n ampliada del Consejo de Seguridad Vial, de la que participaron el secretario de Seguridad, Jorge Cordiglia y otros funcionarios de su cartera; un representante de Corredores Viales, concejales y estudiantes de la [&hellip;]","og_url":"https:\/\/ondauno.com.ar\/index.php\/2023\/05\/30\/seguridad-vial-movilidad-sustentable-y-transito-en-torno-al-polo-educativo\/","og_site_name":"103.9 fm","article_publisher":"https:\/\/www.facebook.com\/ondauno103.9","article_published_time":"2023-05-30T21:46:54+00:00","article_modified_time":"2023-05-30T21:46:55+00:00","og_image":[{"width":1600,"height":1200,"url":"https:\/\/ondauno.com.ar\/wp-content\/uploads\/2023\/05\/WhatsApp-Image-2023-05-30-at-12.07.44.jpeg","type":"image\/jpeg"}],"author":"OndaUno","twitter_card":"summary_large_image","twitter_misc":{"Escrito por":"OndaUno","Tiempo de lectura":"1 minuto"},"schema":{"@context":"https:\/\/schema.org","@graph":[{"@type":"WebPage","@id":"https:\/\/ondauno.com.ar\/index.php\/2023\/05\/30\/seguridad-vial-movilidad-sustentable-y-transito-en-torno-al-polo-educativo\/","url":"https:\/\/ondauno.com.ar\/index.php\/2023\/05\/30\/seguridad-vial-movilidad-sustentable-y-transito-en-torno-al-polo-educativo\/","name":"Seguridad Vial: Movilidad sustentable y tr\u00e1nsito en torno al Polo Educativo - 103.9 fm","isPartOf":{"@id":"https:\/\/ondauno.com.ar\/#website"},"datePublished":"2023-05-30T21:46:54+00:00","dateModified":"2023-05-30T21:46:55+00:00","author":{"@id":"https:\/\/ondauno.com.ar\/#\/schema\/person\/7ec851ddeceb4133d7d7132dc645714e"},"breadcrumb":{"@id":"https:\/\/ondauno.com.ar\/index.php\/2023\/05\/30\/seguridad-vial-movilidad-sustentable-y-transito-en-torno-al-polo-educativo\/#breadcrumb"},"inLanguage":"es-AR","potentialAction":[{"@type":"ReadAction","target":["https:\/\/ondauno.com.ar\/index.php\/2023\/05\/30\/seguridad-vial-movilidad-sustentable-y-transito-en-torno-al-polo-educativo\/"]}]},{"@type":"BreadcrumbList","@id":"https:\/\/ondauno.com.ar\/index.php\/2023\/05\/30\/seguridad-vial-movilidad-sustentable-y-transito-en-torno-al-polo-educativo\/#breadcrumb","itemListElement":[{"@type":"ListItem","position":1,"name":"Inicio","item":"https:\/\/ondauno.com.ar\/"},{"@type":"ListItem","position":2,"name":"Seguridad Vial: Movilidad sustentable y tr\u00e1nsito en torno al Polo Educativo"}]},{"@type":"WebSite","@id":"https:\/\/ondauno.com.ar\/#website","url":"https:\/\/ondauno.com.ar\/","name":"103.9 fm","description":"LA PRIMERA RADIO MULTIMEDIA DE TRES ARROYOS","potentialAction":[{"@type":"SearchAction","target":{"@type":"EntryPoint","urlTemplate":"https:\/\/ondauno.com.ar\/?s={search_term_string}"},"query-input":"required name=search_term_string"}],"inLanguage":"es-AR"},{"@type":"Person","@id":"https:\/\/ondauno.com.ar\/#\/schema\/person\/7ec851ddeceb4133d7d7132dc645714e","name":"OndaUno","image":{"@type":"ImageObject","inLanguage":"es-AR","@id":"https:\/\/ondauno.com.ar\/#\/schema\/person\/image\/","url":"https:\/\/secure.gravatar.com\/avatar\/93b8009f0de7021f1feb2bd5b32fb9e8?s=96&d=mm&r=g","contentUrl":"https:\/\/secure.gravatar.com\/avatar\/93b8009f0de7021f1feb2bd5b32fb9e8?s=96&d=mm&r=g","caption":"OndaUno"},"url":"https:\/\/ondauno.com.ar\/index.php\/author\/ondauno\/"}]}},"jetpack_publicize_connections":[],"jetpack_featured_media_url":"","jetpack_sharing_enabled":true,"_links":{"self":[{"href":"https:\/\/ondauno.com.ar\/index.php\/wp-json\/wp\/v2\/posts\/41389","targetHints":{"allow":["GET"]}}],"collection":[{"href":"https:\/\/ondauno.com.ar\/index.php\/wp-json\/wp\/v2\/posts"}],"about":[{"href":"https:\/\/ondauno.com.ar\/index.php\/wp-json\/wp\/v2\/types\/post"}],"author":[{"embeddable":true,"href":"https:\/\/ondauno.com.ar\/index.php\/wp-json\/wp\/v2\/users\/1"}],"replies":[{"embeddable":true,"href":"https:\/\/ondauno.com.ar\/index.php\/wp-json\/wp\/v2\/comments?post=41389"}],"version-history":[{"count":0,"href":"https:\/\/ondauno.com.ar\/index.php\/wp-json\/wp\/v2\/posts\/41389\/revisions"}],"wp:attachment":[{"href":"https:\/\/ondauno.com.ar\/index.php\/wp-json\/wp\/v2\/media?parent=41389"}],"wp:term":[{"taxonomy":"category","embeddable":true,"href":"https:\/\/ondauno.com.ar\/index.php\/wp-json\/wp\/v2\/categories?post=41389"},{"taxonomy":"post_tag","embeddable":true,"href":"https:\/\/ondauno.com.ar\/index.php\/wp-json\/wp\/v2\/tags?post=41389"}],"curies":[{"name":"wp","href":"https:\/\/api.w.org\/{rel}","templated":true}]}}