{"id":41232,"date":"2023-05-22T13:21:53","date_gmt":"2023-05-22T16:21:53","guid":{"rendered":"http:\/\/ondauno.com.ar\/?p=41232"},"modified":"2023-05-22T13:21:54","modified_gmt":"2023-05-22T16:21:54","slug":"hacienda-juntos-denuncio-a-la-comision-de-la-fiesta-del-trigo-ante-el-tribunal-de-cuentas","status":"publish","type":"post","link":"https:\/\/ondauno.com.ar\/index.php\/2023\/05\/22\/hacienda-juntos-denuncio-a-la-comision-de-la-fiesta-del-trigo-ante-el-tribunal-de-cuentas\/","title":{"rendered":"Hacienda: Juntos denunci\u00f3 a la Comisi\u00f3n de la Fiesta del Trigo ante el Tribunal de Cuentas"},"content":{"rendered":"<div class=\"ondau-before-content_3\" style=\"margin-top: -30px;\" id=\"ondau-631213628\"><a href=\"https:\/\/www.lps.com.ar\/\" aria-label=\"la-perse2\"><img loading=\"lazy\" decoding=\"async\" src=\"https:\/\/ondauno.com.ar\/wp-content\/uploads\/2021\/10\/la-perse2.jpg\" alt=\"\"  srcset=\"https:\/\/ondauno.com.ar\/wp-content\/uploads\/2021\/10\/la-perse2.jpg 1353w, https:\/\/ondauno.com.ar\/wp-content\/uploads\/2021\/10\/la-perse2-300x43.jpg 300w, https:\/\/ondauno.com.ar\/wp-content\/uploads\/2021\/10\/la-perse2-1024x148.jpg 1024w, https:\/\/ondauno.com.ar\/wp-content\/uploads\/2021\/10\/la-perse2-768x111.jpg 768w, https:\/\/ondauno.com.ar\/wp-content\/uploads\/2021\/10\/la-perse2-696x100.jpg 696w, https:\/\/ondauno.com.ar\/wp-content\/uploads\/2021\/10\/la-perse2-1068x154.jpg 1068w\" sizes=\"(max-width: 1353px) 100vw, 1353px\" class=\"no-lazyload\" width=\"1353\" height=\"195\"  style=\"display: inline-block;\" \/><\/a><\/div>\n<p>Como correlato de la reciente presencia del presidente de la Comisi\u00f3n de la Fiesta Provincial del Trigo, Mariano Hern\u00e1ndez, en la Comisi\u00f3n de Hacienda, la bancada de Juntos resolvi\u00f3 hacer una denuncia ante el Tribunal de Cuentas. Tal como lo inform\u00f3 la titular de Hacienda en el Legislativo, Soledad Cadenas, se denunci\u00f3 a la organizaci\u00f3n de la celebraci\u00f3n triguera \u201cpor el cobro en efectivo que se hizo de algunos c\u00e1nones, expensas como les llam\u00f3 uno de los concejales, a diferentes puesteros y vendedores que hab\u00eda, y habr\u00e1 que esperar a ver qu\u00e9 dice el Tribunal de Cuentas, aunque por una cuesti\u00f3n l\u00f3gica esto ser\u00e1 abordado en la Rendici\u00f3n de Cuentas 2023 en el 2024\u201d.<\/p>\n\n\n\n<p><br>Cadenas describi\u00f3 como elementos de cargo \u201clo que se dijo dentro de la Comisi\u00f3n de Hacienda, que consta en el acta, y todo lo que el Tribunal de Cuentas requiera presentar. El organismo ya nos confirm\u00f3 la recepci\u00f3n\u201d.<\/p>\n\n\n\n<p>La concejala de Juntos se\u00f1al\u00f3 finalmente se ha requerido al titular de la Comisi\u00f3n de la Fiesta, Mariano Hern\u00e1ndez, informaci\u00f3n sobre el balance de la edici\u00f3n 2022, donde \u201chemos encontrado algunas cosas que hay que analizar\u201d, y por otro lado, de este a\u00f1o, detalles sobre \u201cc\u00e1nones que a\u00fan no se pagaron, en un caso que incluso tendr\u00eda intervenci\u00f3n de un privado, cuesti\u00f3n sobre la cual la responsabilidad es de la Comisi\u00f3n de la Fiesta y de Mariano Hern\u00e1ndez\u201d. <\/p>\n","protected":false},"excerpt":{"rendered":"<p>Como correlato de la reciente presencia del presidente de la Comisi\u00f3n de la Fiesta Provincial del Trigo, Mariano Hern\u00e1ndez, en la Comisi\u00f3n de Hacienda, la bancada de Juntos resolvi\u00f3 hacer una denuncia ante el Tribunal de Cuentas. Tal como lo inform\u00f3 la titular de Hacienda en el Legislativo, Soledad Cadenas, se denunci\u00f3 a la organizaci\u00f3n [&hellip;]<\/p>\n","protected":false},"author":1,"featured_media":0,"comment_status":"open","ping_status":"open","sticky":false,"template":"","format":"standard","meta":{"tdm_status":"","tdm_grid_status":"","_jetpack_memberships_contains_paid_content":false,"footnotes":"","jetpack_publicize_message":"","jetpack_publicize_feature_enabled":true,"jetpack_social_post_already_shared":true,"jetpack_social_options":{"image_generator_settings":{"template":"highway","default_image_id":0,"font":"","enabled":false},"version":2}},"categories":[2],"tags":[],"class_list":{"0":"post-41232","1":"post","2":"type-post","3":"status-publish","4":"format-standard","6":"category-locales"},"yoast_head":"<!-- This site is optimized with the Yoast SEO plugin v22.7 - https:\/\/yoast.com\/wordpress\/plugins\/seo\/ -->\n<title>Hacienda: Juntos denunci\u00f3 a la Comisi\u00f3n de la Fiesta del Trigo ante el Tribunal de Cuentas - 103.9 fm<\/title>\n<meta name=\"robots\" content=\"index, follow, max-snippet:-1, max-image-preview:large, max-video-preview:-1\" \/>\n<link rel=\"canonical\" href=\"https:\/\/ondauno.com.ar\/index.php\/2023\/05\/22\/hacienda-juntos-denuncio-a-la-comision-de-la-fiesta-del-trigo-ante-el-tribunal-de-cuentas\/\" \/>\n<meta property=\"og:locale\" content=\"es_ES\" \/>\n<meta property=\"og:type\" content=\"article\" \/>\n<meta property=\"og:title\" content=\"Hacienda: Juntos denunci\u00f3 a la Comisi\u00f3n de la Fiesta del Trigo ante el Tribunal de Cuentas - 103.9 fm\" \/>\n<meta property=\"og:description\" content=\"Como correlato de la reciente presencia del presidente de la Comisi\u00f3n de la Fiesta Provincial del Trigo, Mariano Hern\u00e1ndez, en la Comisi\u00f3n de Hacienda, la bancada de Juntos resolvi\u00f3 hacer una denuncia ante el Tribunal de Cuentas. Tal como lo inform\u00f3 la titular de Hacienda en el Legislativo, Soledad Cadenas, se denunci\u00f3 a la organizaci\u00f3n [&hellip;]\" \/>\n<meta property=\"og:url\" content=\"https:\/\/ondauno.com.ar\/index.php\/2023\/05\/22\/hacienda-juntos-denuncio-a-la-comision-de-la-fiesta-del-trigo-ante-el-tribunal-de-cuentas\/\" \/>\n<meta property=\"og:site_name\" content=\"103.9 fm\" \/>\n<meta property=\"article:publisher\" content=\"https:\/\/www.facebook.com\/ondauno103.9\" \/>\n<meta property=\"article:published_time\" content=\"2023-05-22T16:21:53+00:00\" \/>\n<meta property=\"article:modified_time\" content=\"2023-05-22T16:21:54+00:00\" \/>\n<meta property=\"og:image\" content=\"https:\/\/ondauno.com.ar\/wp-content\/uploads\/2023\/05\/WhatsApp-Image-2023-05-22-at-13.17.13.jpeg\" \/>\n\t<meta property=\"og:image:width\" content=\"1600\" \/>\n\t<meta property=\"og:image:height\" content=\"1200\" \/>\n\t<meta property=\"og:image:type\" content=\"image\/jpeg\" \/>\n<meta name=\"author\" content=\"OndaUno\" \/>\n<meta name=\"twitter:card\" content=\"summary_large_image\" \/>\n<meta name=\"twitter:label1\" content=\"Escrito por\" \/>\n\t<meta name=\"twitter:data1\" content=\"OndaUno\" \/>\n\t<meta name=\"twitter:label2\" content=\"Tiempo de lectura\" \/>\n\t<meta name=\"twitter:data2\" content=\"1 minuto\" \/>\n<script type=\"application\/ld+json\" class=\"yoast-schema-graph\">{\"@context\":\"https:\/\/schema.org\",\"@graph\":[{\"@type\":\"WebPage\",\"@id\":\"https:\/\/ondauno.com.ar\/index.php\/2023\/05\/22\/hacienda-juntos-denuncio-a-la-comision-de-la-fiesta-del-trigo-ante-el-tribunal-de-cuentas\/\",\"url\":\"https:\/\/ondauno.com.ar\/index.php\/2023\/05\/22\/hacienda-juntos-denuncio-a-la-comision-de-la-fiesta-del-trigo-ante-el-tribunal-de-cuentas\/\",\"name\":\"Hacienda: Juntos denunci\u00f3 a la Comisi\u00f3n de la Fiesta del Trigo ante el Tribunal de Cuentas - 103.9 fm\",\"isPartOf\":{\"@id\":\"https:\/\/ondauno.com.ar\/#website\"},\"datePublished\":\"2023-05-22T16:21:53+00:00\",\"dateModified\":\"2023-05-22T16:21:54+00:00\",\"author\":{\"@id\":\"https:\/\/ondauno.com.ar\/#\/schema\/person\/7ec851ddeceb4133d7d7132dc645714e\"},\"breadcrumb\":{\"@id\":\"https:\/\/ondauno.com.ar\/index.php\/2023\/05\/22\/hacienda-juntos-denuncio-a-la-comision-de-la-fiesta-del-trigo-ante-el-tribunal-de-cuentas\/#breadcrumb\"},\"inLanguage\":\"es-AR\",\"potentialAction\":[{\"@type\":\"ReadAction\",\"target\":[\"https:\/\/ondauno.com.ar\/index.php\/2023\/05\/22\/hacienda-juntos-denuncio-a-la-comision-de-la-fiesta-del-trigo-ante-el-tribunal-de-cuentas\/\"]}]},{\"@type\":\"BreadcrumbList\",\"@id\":\"https:\/\/ondauno.com.ar\/index.php\/2023\/05\/22\/hacienda-juntos-denuncio-a-la-comision-de-la-fiesta-del-trigo-ante-el-tribunal-de-cuentas\/#breadcrumb\",\"itemListElement\":[{\"@type\":\"ListItem\",\"position\":1,\"name\":\"Inicio\",\"item\":\"https:\/\/ondauno.com.ar\/\"},{\"@type\":\"ListItem\",\"position\":2,\"name\":\"Hacienda: Juntos denunci\u00f3 a la Comisi\u00f3n de la Fiesta del Trigo ante el Tribunal de Cuentas\"}]},{\"@type\":\"WebSite\",\"@id\":\"https:\/\/ondauno.com.ar\/#website\",\"url\":\"https:\/\/ondauno.com.ar\/\",\"name\":\"103.9 fm\",\"description\":\"LA PRIMERA RADIO MULTIMEDIA DE TRES ARROYOS\",\"potentialAction\":[{\"@type\":\"SearchAction\",\"target\":{\"@type\":\"EntryPoint\",\"urlTemplate\":\"https:\/\/ondauno.com.ar\/?s={search_term_string}\"},\"query-input\":\"required name=search_term_string\"}],\"inLanguage\":\"es-AR\"},{\"@type\":\"Person\",\"@id\":\"https:\/\/ondauno.com.ar\/#\/schema\/person\/7ec851ddeceb4133d7d7132dc645714e\",\"name\":\"OndaUno\",\"image\":{\"@type\":\"ImageObject\",\"inLanguage\":\"es-AR\",\"@id\":\"https:\/\/ondauno.com.ar\/#\/schema\/person\/image\/\",\"url\":\"https:\/\/secure.gravatar.com\/avatar\/93b8009f0de7021f1feb2bd5b32fb9e8?s=96&d=mm&r=g\",\"contentUrl\":\"https:\/\/secure.gravatar.com\/avatar\/93b8009f0de7021f1feb2bd5b32fb9e8?s=96&d=mm&r=g\",\"caption\":\"OndaUno\"},\"url\":\"https:\/\/ondauno.com.ar\/index.php\/author\/ondauno\/\"}]}<\/script>\n<!-- \/ Yoast SEO plugin. -->","yoast_head_json":{"title":"Hacienda: Juntos denunci\u00f3 a la Comisi\u00f3n de la Fiesta del Trigo ante el Tribunal de Cuentas - 103.9 fm","robots":{"index":"index","follow":"follow","max-snippet":"max-snippet:-1","max-image-preview":"max-image-preview:large","max-video-preview":"max-video-preview:-1"},"canonical":"https:\/\/ondauno.com.ar\/index.php\/2023\/05\/22\/hacienda-juntos-denuncio-a-la-comision-de-la-fiesta-del-trigo-ante-el-tribunal-de-cuentas\/","og_locale":"es_ES","og_type":"article","og_title":"Hacienda: Juntos denunci\u00f3 a la Comisi\u00f3n de la Fiesta del Trigo ante el Tribunal de Cuentas - 103.9 fm","og_description":"Como correlato de la reciente presencia del presidente de la Comisi\u00f3n de la Fiesta Provincial del Trigo, Mariano Hern\u00e1ndez, en la Comisi\u00f3n de Hacienda, la bancada de Juntos resolvi\u00f3 hacer una denuncia ante el Tribunal de Cuentas. Tal como lo inform\u00f3 la titular de Hacienda en el Legislativo, Soledad Cadenas, se denunci\u00f3 a la organizaci\u00f3n [&hellip;]","og_url":"https:\/\/ondauno.com.ar\/index.php\/2023\/05\/22\/hacienda-juntos-denuncio-a-la-comision-de-la-fiesta-del-trigo-ante-el-tribunal-de-cuentas\/","og_site_name":"103.9 fm","article_publisher":"https:\/\/www.facebook.com\/ondauno103.9","article_published_time":"2023-05-22T16:21:53+00:00","article_modified_time":"2023-05-22T16:21:54+00:00","og_image":[{"width":1600,"height":1200,"url":"https:\/\/ondauno.com.ar\/wp-content\/uploads\/2023\/05\/WhatsApp-Image-2023-05-22-at-13.17.13.jpeg","type":"image\/jpeg"}],"author":"OndaUno","twitter_card":"summary_large_image","twitter_misc":{"Escrito por":"OndaUno","Tiempo de lectura":"1 minuto"},"schema":{"@context":"https:\/\/schema.org","@graph":[{"@type":"WebPage","@id":"https:\/\/ondauno.com.ar\/index.php\/2023\/05\/22\/hacienda-juntos-denuncio-a-la-comision-de-la-fiesta-del-trigo-ante-el-tribunal-de-cuentas\/","url":"https:\/\/ondauno.com.ar\/index.php\/2023\/05\/22\/hacienda-juntos-denuncio-a-la-comision-de-la-fiesta-del-trigo-ante-el-tribunal-de-cuentas\/","name":"Hacienda: Juntos denunci\u00f3 a la Comisi\u00f3n de la Fiesta del Trigo ante el Tribunal de Cuentas - 103.9 fm","isPartOf":{"@id":"https:\/\/ondauno.com.ar\/#website"},"datePublished":"2023-05-22T16:21:53+00:00","dateModified":"2023-05-22T16:21:54+00:00","author":{"@id":"https:\/\/ondauno.com.ar\/#\/schema\/person\/7ec851ddeceb4133d7d7132dc645714e"},"breadcrumb":{"@id":"https:\/\/ondauno.com.ar\/index.php\/2023\/05\/22\/hacienda-juntos-denuncio-a-la-comision-de-la-fiesta-del-trigo-ante-el-tribunal-de-cuentas\/#breadcrumb"},"inLanguage":"es-AR","potentialAction":[{"@type":"ReadAction","target":["https:\/\/ondauno.com.ar\/index.php\/2023\/05\/22\/hacienda-juntos-denuncio-a-la-comision-de-la-fiesta-del-trigo-ante-el-tribunal-de-cuentas\/"]}]},{"@type":"BreadcrumbList","@id":"https:\/\/ondauno.com.ar\/index.php\/2023\/05\/22\/hacienda-juntos-denuncio-a-la-comision-de-la-fiesta-del-trigo-ante-el-tribunal-de-cuentas\/#breadcrumb","itemListElement":[{"@type":"ListItem","position":1,"name":"Inicio","item":"https:\/\/ondauno.com.ar\/"},{"@type":"ListItem","position":2,"name":"Hacienda: Juntos denunci\u00f3 a la Comisi\u00f3n de la Fiesta del Trigo ante el Tribunal de Cuentas"}]},{"@type":"WebSite","@id":"https:\/\/ondauno.com.ar\/#website","url":"https:\/\/ondauno.com.ar\/","name":"103.9 fm","description":"LA PRIMERA RADIO MULTIMEDIA DE TRES ARROYOS","potentialAction":[{"@type":"SearchAction","target":{"@type":"EntryPoint","urlTemplate":"https:\/\/ondauno.com.ar\/?s={search_term_string}"},"query-input":"required name=search_term_string"}],"inLanguage":"es-AR"},{"@type":"Person","@id":"https:\/\/ondauno.com.ar\/#\/schema\/person\/7ec851ddeceb4133d7d7132dc645714e","name":"OndaUno","image":{"@type":"ImageObject","inLanguage":"es-AR","@id":"https:\/\/ondauno.com.ar\/#\/schema\/person\/image\/","url":"https:\/\/secure.gravatar.com\/avatar\/93b8009f0de7021f1feb2bd5b32fb9e8?s=96&d=mm&r=g","contentUrl":"https:\/\/secure.gravatar.com\/avatar\/93b8009f0de7021f1feb2bd5b32fb9e8?s=96&d=mm&r=g","caption":"OndaUno"},"url":"https:\/\/ondauno.com.ar\/index.php\/author\/ondauno\/"}]}},"jetpack_publicize_connections":[],"jetpack_featured_media_url":"","jetpack_sharing_enabled":true,"_links":{"self":[{"href":"https:\/\/ondauno.com.ar\/index.php\/wp-json\/wp\/v2\/posts\/41232","targetHints":{"allow":["GET"]}}],"collection":[{"href":"https:\/\/ondauno.com.ar\/index.php\/wp-json\/wp\/v2\/posts"}],"about":[{"href":"https:\/\/ondauno.com.ar\/index.php\/wp-json\/wp\/v2\/types\/post"}],"author":[{"embeddable":true,"href":"https:\/\/ondauno.com.ar\/index.php\/wp-json\/wp\/v2\/users\/1"}],"replies":[{"embeddable":true,"href":"https:\/\/ondauno.com.ar\/index.php\/wp-json\/wp\/v2\/comments?post=41232"}],"version-history":[{"count":0,"href":"https:\/\/ondauno.com.ar\/index.php\/wp-json\/wp\/v2\/posts\/41232\/revisions"}],"wp:attachment":[{"href":"https:\/\/ondauno.com.ar\/index.php\/wp-json\/wp\/v2\/media?parent=41232"}],"wp:term":[{"taxonomy":"category","embeddable":true,"href":"https:\/\/ondauno.com.ar\/index.php\/wp-json\/wp\/v2\/categories?post=41232"},{"taxonomy":"post_tag","embeddable":true,"href":"https:\/\/ondauno.com.ar\/index.php\/wp-json\/wp\/v2\/tags?post=41232"}],"curies":[{"name":"wp","href":"https:\/\/api.w.org\/{rel}","templated":true}]}}