{"id":41209,"date":"2023-05-22T13:00:56","date_gmt":"2023-05-22T16:00:56","guid":{"rendered":"http:\/\/ondauno.com.ar\/?p=41209"},"modified":"2023-05-22T15:18:48","modified_gmt":"2023-05-22T18:18:48","slug":"miguel-lemus-anuncio-el-inicio-de-la-escuela-de-guardavidas","status":"publish","type":"post","link":"https:\/\/ondauno.com.ar\/index.php\/2023\/05\/22\/miguel-lemus-anuncio-el-inicio-de-la-escuela-de-guardavidas\/","title":{"rendered":"Miguel Lemos anunci\u00f3 el inicio de la Escuela de Guardavidas"},"content":{"rendered":"<div class=\"ondau-before-content_3\" style=\"margin-top: -30px;\" id=\"ondau-3671574127\"><a href=\"https:\/\/www.lps.com.ar\/\" aria-label=\"la-perse2\"><img loading=\"lazy\" decoding=\"async\" src=\"https:\/\/ondauno.com.ar\/wp-content\/uploads\/2021\/10\/la-perse2.jpg\" alt=\"\"  srcset=\"https:\/\/ondauno.com.ar\/wp-content\/uploads\/2021\/10\/la-perse2.jpg 1353w, https:\/\/ondauno.com.ar\/wp-content\/uploads\/2021\/10\/la-perse2-300x43.jpg 300w, https:\/\/ondauno.com.ar\/wp-content\/uploads\/2021\/10\/la-perse2-1024x148.jpg 1024w, https:\/\/ondauno.com.ar\/wp-content\/uploads\/2021\/10\/la-perse2-768x111.jpg 768w, https:\/\/ondauno.com.ar\/wp-content\/uploads\/2021\/10\/la-perse2-696x100.jpg 696w, https:\/\/ondauno.com.ar\/wp-content\/uploads\/2021\/10\/la-perse2-1068x154.jpg 1068w\" sizes=\"(max-width: 1353px) 100vw, 1353px\" class=\"no-lazyload\" width=\"1353\" height=\"195\"  style=\"display: inline-block;\" \/><\/a><\/div>\n<p>El director del Centro de Educaci\u00f3n F\u00edsica N\u20224 anunci\u00f3 en Cosas que pasan que desde este martes comienza a dictarse la carrera para los primeros 29 aspirantes.<\/p>\n\n\n\n<p>Adem\u00e1s dio a conocer c\u00f3mo est\u00e1 integrado el equipo directivo y docente.<\/p>\n\n\n\n<figure class=\"wp-block-image\"><img loading=\"lazy\" decoding=\"async\" width=\"1024\" height=\"161\" data-src=\"http:\/\/ondauno.com.ar\/wp-content\/uploads\/2022\/03\/Escucha-la-nota1-1024x161.jpg\" alt=\"\" class=\"wp-image-32072 lazyload\" data-srcset=\"https:\/\/ondauno.com.ar\/wp-content\/uploads\/2022\/03\/Escucha-la-nota1-1024x161.jpg 1024w, https:\/\/ondauno.com.ar\/wp-content\/uploads\/2022\/03\/Escucha-la-nota1-300x47.jpg 300w, https:\/\/ondauno.com.ar\/wp-content\/uploads\/2022\/03\/Escucha-la-nota1-768x121.jpg 768w, https:\/\/ondauno.com.ar\/wp-content\/uploads\/2022\/03\/Escucha-la-nota1-696x110.jpg 696w, https:\/\/ondauno.com.ar\/wp-content\/uploads\/2022\/03\/Escucha-la-nota1-1068x168.jpg 1068w, https:\/\/ondauno.com.ar\/wp-content\/uploads\/2022\/03\/Escucha-la-nota1-1920x302.jpg 1920w\" data-sizes=\"auto, (max-width: 1024px) 100vw, 1024px\" src=\"data:image\/gif;base64,R0lGODlhAQABAAAAACH5BAEKAAEALAAAAAABAAEAAAICTAEAOw==\" style=\"--smush-placeholder-width: 1024px; --smush-placeholder-aspect-ratio: 1024\/161;\" \/><noscript><img loading=\"lazy\" decoding=\"async\" width=\"1024\" height=\"161\" src=\"http:\/\/ondauno.com.ar\/wp-content\/uploads\/2022\/03\/Escucha-la-nota1-1024x161.jpg\" alt=\"\" class=\"wp-image-32072\" srcset=\"https:\/\/ondauno.com.ar\/wp-content\/uploads\/2022\/03\/Escucha-la-nota1-1024x161.jpg 1024w, https:\/\/ondauno.com.ar\/wp-content\/uploads\/2022\/03\/Escucha-la-nota1-300x47.jpg 300w, https:\/\/ondauno.com.ar\/wp-content\/uploads\/2022\/03\/Escucha-la-nota1-768x121.jpg 768w, https:\/\/ondauno.com.ar\/wp-content\/uploads\/2022\/03\/Escucha-la-nota1-696x110.jpg 696w, https:\/\/ondauno.com.ar\/wp-content\/uploads\/2022\/03\/Escucha-la-nota1-1068x168.jpg 1068w, https:\/\/ondauno.com.ar\/wp-content\/uploads\/2022\/03\/Escucha-la-nota1-1920x302.jpg 1920w\" sizes=\"auto, (max-width: 1024px) 100vw, 1024px\" \/><\/noscript><\/figure>\n\n\n\n<figure><iframe loading=\"lazy\" data-src=\"https:\/\/www.facebook.com\/plugins\/video.php?height=314&amp;href=https%3A%2F%2Fwww.facebook.com%2Fondauno103.9%2Fvideos%2F1419539698807462%2F&amp;show_text=false&amp;width=560&amp;t=0\" width=\"560\" height=\"314\" allowfullscreen=\"true\" src=\"data:image\/gif;base64,R0lGODlhAQABAAAAACH5BAEKAAEALAAAAAABAAEAAAICTAEAOw==\" class=\"lazyload\" data-load-mode=\"1\"><\/iframe><\/figure>\n\n\n\n<p><em>&#8220;Despues de tanto trabajo en equipo, de estudio y planificacion, por parte del quipo de conduccion e Inspectores de Educacion Fisica, podemos vivir la realidad de un sue\u00f1o cumplido!!!! La creacion de la Escuela de Guardavidas en el CEF 4 de Tres Arroyos. Este martes 23 de Mayo de 2023 quedara en la historia de nuestra institucion por que dara comienzo la cursada de dicha escuela. El reciente designado director Juan Luna y el cuerpo de profesores que rindieron para ense\u00f1ar las diferentes materias ( Diego Miranda, Fernando Yitani, Facundo Liebana, Lucas Ordoqui, Belen Valdez, David Mariucci, Fernando Olesen, Betiana Natale) tendran la responsabilidad de llevar adelante esta carrera que formara profesionales. Como equipo directivo estamos orgullosos de poder contar un logro mas en el campo de la Educacion Fisica, cumpliendo con los propositos y responsabilidad que perseguimos de ser una Institucion referente de la Educacion Fisica en el distrito y la region.&#8221;<\/em><\/p>\n\n\n\n<figure class=\"wp-block-embed is-type-video is-provider-youtube wp-block-embed-youtube wp-embed-aspect-16-9 wp-has-aspect-ratio\"><div class=\"wp-block-embed__wrapper\">\n<iframe loading=\"lazy\" title=\"Curso de Guardavidas\" width=\"696\" height=\"392\" data-src=\"https:\/\/www.youtube.com\/embed\/7-QH52Mt-Y8?feature=oembed\" frameborder=\"0\" allow=\"accelerometer; autoplay; clipboard-write; encrypted-media; gyroscope; picture-in-picture; web-share\" allowfullscreen src=\"data:image\/gif;base64,R0lGODlhAQABAAAAACH5BAEKAAEALAAAAAABAAEAAAICTAEAOw==\" class=\"lazyload\" data-load-mode=\"1\"><\/iframe>\n<\/div><\/figure>\n\n\n\n<figure class=\"wp-block-gallery has-nested-images columns-default is-cropped wp-block-gallery-1 is-layout-flex wp-block-gallery-is-layout-flex\">\n<figure class=\"wp-block-image\"><img decoding=\"async\" data-id=\"41210\" data-src=\"https:\/\/ondauno.com.ar\/wp-content\/uploads\/2023\/05\/WhatsApp-Image-2023-05-22-at-10.01.47-1-1024x768.jpeg\" alt=\"\" class=\"wp-image-41210 lazyload\" src=\"data:image\/gif;base64,R0lGODlhAQABAAAAACH5BAEKAAEALAAAAAABAAEAAAICTAEAOw==\" style=\"--smush-placeholder-width: 1024px; --smush-placeholder-aspect-ratio: 1024\/768;\" \/><noscript><img decoding=\"async\" data-id=\"41210\" src=\"https:\/\/ondauno.com.ar\/wp-content\/uploads\/2023\/05\/WhatsApp-Image-2023-05-22-at-10.01.47-1-1024x768.jpeg\" alt=\"\" class=\"wp-image-41210\"\/><\/noscript><\/figure>\n\n\n\n<figure class=\"wp-block-image\"><img decoding=\"async\" data-id=\"41211\" data-src=\"https:\/\/ondauno.com.ar\/wp-content\/uploads\/2023\/05\/WhatsApp-Image-2023-05-22-at-10.01.47-1024x768.jpeg\" alt=\"\" class=\"wp-image-41211 lazyload\" src=\"data:image\/gif;base64,R0lGODlhAQABAAAAACH5BAEKAAEALAAAAAABAAEAAAICTAEAOw==\" style=\"--smush-placeholder-width: 1024px; --smush-placeholder-aspect-ratio: 1024\/768;\" \/><noscript><img decoding=\"async\" data-id=\"41211\" src=\"https:\/\/ondauno.com.ar\/wp-content\/uploads\/2023\/05\/WhatsApp-Image-2023-05-22-at-10.01.47-1024x768.jpeg\" alt=\"\" class=\"wp-image-41211\"\/><\/noscript><\/figure>\n\n\n\n<figure class=\"wp-block-image\"><img decoding=\"async\" data-id=\"41212\" data-src=\"https:\/\/ondauno.com.ar\/wp-content\/uploads\/2023\/05\/WhatsApp-Image-2023-05-22-at-10.01.52-1024x472.jpeg\" alt=\"\" class=\"wp-image-41212 lazyload\" src=\"data:image\/gif;base64,R0lGODlhAQABAAAAACH5BAEKAAEALAAAAAABAAEAAAICTAEAOw==\" style=\"--smush-placeholder-width: 1024px; --smush-placeholder-aspect-ratio: 1024\/472;\" \/><noscript><img decoding=\"async\" data-id=\"41212\" src=\"https:\/\/ondauno.com.ar\/wp-content\/uploads\/2023\/05\/WhatsApp-Image-2023-05-22-at-10.01.52-1024x472.jpeg\" alt=\"\" class=\"wp-image-41212\"\/><\/noscript><\/figure>\n\n\n\n<figure class=\"wp-block-image\"><img decoding=\"async\" data-id=\"41213\" data-src=\"https:\/\/ondauno.com.ar\/wp-content\/uploads\/2023\/05\/WhatsApp-Image-2023-05-22-at-10.01.51-2-1024x472.jpeg\" alt=\"\" class=\"wp-image-41213 lazyload\" src=\"data:image\/gif;base64,R0lGODlhAQABAAAAACH5BAEKAAEALAAAAAABAAEAAAICTAEAOw==\" style=\"--smush-placeholder-width: 1024px; --smush-placeholder-aspect-ratio: 1024\/472;\" \/><noscript><img decoding=\"async\" data-id=\"41213\" src=\"https:\/\/ondauno.com.ar\/wp-content\/uploads\/2023\/05\/WhatsApp-Image-2023-05-22-at-10.01.51-2-1024x472.jpeg\" alt=\"\" class=\"wp-image-41213\"\/><\/noscript><\/figure>\n\n\n\n<figure class=\"wp-block-image\"><img decoding=\"async\" data-id=\"41214\" data-src=\"https:\/\/ondauno.com.ar\/wp-content\/uploads\/2023\/05\/WhatsApp-Image-2023-05-22-at-10.01.51-1-1024x472.jpeg\" alt=\"\" class=\"wp-image-41214 lazyload\" src=\"data:image\/gif;base64,R0lGODlhAQABAAAAACH5BAEKAAEALAAAAAABAAEAAAICTAEAOw==\" style=\"--smush-placeholder-width: 1024px; --smush-placeholder-aspect-ratio: 1024\/472;\" \/><noscript><img decoding=\"async\" data-id=\"41214\" src=\"https:\/\/ondauno.com.ar\/wp-content\/uploads\/2023\/05\/WhatsApp-Image-2023-05-22-at-10.01.51-1-1024x472.jpeg\" alt=\"\" class=\"wp-image-41214\"\/><\/noscript><\/figure>\n\n\n\n<figure class=\"wp-block-image\"><img decoding=\"async\" data-id=\"41215\" data-src=\"https:\/\/ondauno.com.ar\/wp-content\/uploads\/2023\/05\/WhatsApp-Image-2023-05-22-at-10.01.51-1024x472.jpeg\" alt=\"\" class=\"wp-image-41215 lazyload\" src=\"data:image\/gif;base64,R0lGODlhAQABAAAAACH5BAEKAAEALAAAAAABAAEAAAICTAEAOw==\" style=\"--smush-placeholder-width: 1024px; --smush-placeholder-aspect-ratio: 1024\/472;\" \/><noscript><img decoding=\"async\" data-id=\"41215\" src=\"https:\/\/ondauno.com.ar\/wp-content\/uploads\/2023\/05\/WhatsApp-Image-2023-05-22-at-10.01.51-1024x472.jpeg\" alt=\"\" class=\"wp-image-41215\"\/><\/noscript><\/figure>\n\n\n\n<figure class=\"wp-block-image\"><img decoding=\"async\" data-id=\"41216\" data-src=\"https:\/\/ondauno.com.ar\/wp-content\/uploads\/2023\/05\/WhatsApp-Image-2023-05-22-at-10.01.50-2-1024x472.jpeg\" alt=\"\" class=\"wp-image-41216 lazyload\" src=\"data:image\/gif;base64,R0lGODlhAQABAAAAACH5BAEKAAEALAAAAAABAAEAAAICTAEAOw==\" style=\"--smush-placeholder-width: 1024px; --smush-placeholder-aspect-ratio: 1024\/472;\" \/><noscript><img decoding=\"async\" data-id=\"41216\" src=\"https:\/\/ondauno.com.ar\/wp-content\/uploads\/2023\/05\/WhatsApp-Image-2023-05-22-at-10.01.50-2-1024x472.jpeg\" alt=\"\" class=\"wp-image-41216\"\/><\/noscript><\/figure>\n\n\n\n<figure class=\"wp-block-image\"><img decoding=\"async\" data-id=\"41217\" data-src=\"https:\/\/ondauno.com.ar\/wp-content\/uploads\/2023\/05\/WhatsApp-Image-2023-05-22-at-10.01.50-1-1024x768.jpeg\" alt=\"\" class=\"wp-image-41217 lazyload\" src=\"data:image\/gif;base64,R0lGODlhAQABAAAAACH5BAEKAAEALAAAAAABAAEAAAICTAEAOw==\" style=\"--smush-placeholder-width: 1024px; --smush-placeholder-aspect-ratio: 1024\/768;\" \/><noscript><img decoding=\"async\" data-id=\"41217\" src=\"https:\/\/ondauno.com.ar\/wp-content\/uploads\/2023\/05\/WhatsApp-Image-2023-05-22-at-10.01.50-1-1024x768.jpeg\" alt=\"\" class=\"wp-image-41217\"\/><\/noscript><\/figure>\n\n\n\n<figure class=\"wp-block-image\"><img decoding=\"async\" data-id=\"41218\" data-src=\"https:\/\/ondauno.com.ar\/wp-content\/uploads\/2023\/05\/WhatsApp-Image-2023-05-22-at-10.01.50-1024x768.jpeg\" alt=\"\" class=\"wp-image-41218 lazyload\" src=\"data:image\/gif;base64,R0lGODlhAQABAAAAACH5BAEKAAEALAAAAAABAAEAAAICTAEAOw==\" style=\"--smush-placeholder-width: 1024px; --smush-placeholder-aspect-ratio: 1024\/768;\" \/><noscript><img decoding=\"async\" data-id=\"41218\" src=\"https:\/\/ondauno.com.ar\/wp-content\/uploads\/2023\/05\/WhatsApp-Image-2023-05-22-at-10.01.50-1024x768.jpeg\" alt=\"\" class=\"wp-image-41218\"\/><\/noscript><\/figure>\n\n\n\n<figure class=\"wp-block-image\"><img decoding=\"async\" data-id=\"41219\" data-src=\"https:\/\/ondauno.com.ar\/wp-content\/uploads\/2023\/05\/WhatsApp-Image-2023-05-22-at-10.01.49-2-1024x768.jpeg\" alt=\"\" class=\"wp-image-41219 lazyload\" src=\"data:image\/gif;base64,R0lGODlhAQABAAAAACH5BAEKAAEALAAAAAABAAEAAAICTAEAOw==\" style=\"--smush-placeholder-width: 1024px; --smush-placeholder-aspect-ratio: 1024\/768;\" \/><noscript><img decoding=\"async\" data-id=\"41219\" src=\"https:\/\/ondauno.com.ar\/wp-content\/uploads\/2023\/05\/WhatsApp-Image-2023-05-22-at-10.01.49-2-1024x768.jpeg\" alt=\"\" class=\"wp-image-41219\"\/><\/noscript><\/figure>\n\n\n\n<figure class=\"wp-block-image\"><img decoding=\"async\" data-id=\"41220\" data-src=\"https:\/\/ondauno.com.ar\/wp-content\/uploads\/2023\/05\/WhatsApp-Image-2023-05-22-at-10.01.49-1-1024x768.jpeg\" alt=\"\" class=\"wp-image-41220 lazyload\" src=\"data:image\/gif;base64,R0lGODlhAQABAAAAACH5BAEKAAEALAAAAAABAAEAAAICTAEAOw==\" style=\"--smush-placeholder-width: 1024px; --smush-placeholder-aspect-ratio: 1024\/768;\" \/><noscript><img decoding=\"async\" data-id=\"41220\" src=\"https:\/\/ondauno.com.ar\/wp-content\/uploads\/2023\/05\/WhatsApp-Image-2023-05-22-at-10.01.49-1-1024x768.jpeg\" alt=\"\" class=\"wp-image-41220\"\/><\/noscript><\/figure>\n\n\n\n<figure class=\"wp-block-image\"><img decoding=\"async\" data-id=\"41221\" data-src=\"https:\/\/ondauno.com.ar\/wp-content\/uploads\/2023\/05\/WhatsApp-Image-2023-05-22-at-10.01.49-1024x768.jpeg\" alt=\"\" class=\"wp-image-41221 lazyload\" src=\"data:image\/gif;base64,R0lGODlhAQABAAAAACH5BAEKAAEALAAAAAABAAEAAAICTAEAOw==\" style=\"--smush-placeholder-width: 1024px; --smush-placeholder-aspect-ratio: 1024\/768;\" \/><noscript><img decoding=\"async\" data-id=\"41221\" src=\"https:\/\/ondauno.com.ar\/wp-content\/uploads\/2023\/05\/WhatsApp-Image-2023-05-22-at-10.01.49-1024x768.jpeg\" alt=\"\" class=\"wp-image-41221\"\/><\/noscript><\/figure>\n\n\n\n<figure class=\"wp-block-image\"><img decoding=\"async\" data-id=\"41222\" data-src=\"https:\/\/ondauno.com.ar\/wp-content\/uploads\/2023\/05\/WhatsApp-Image-2023-05-22-at-10.01.48-1-1024x768.jpeg\" alt=\"\" class=\"wp-image-41222 lazyload\" src=\"data:image\/gif;base64,R0lGODlhAQABAAAAACH5BAEKAAEALAAAAAABAAEAAAICTAEAOw==\" style=\"--smush-placeholder-width: 1024px; --smush-placeholder-aspect-ratio: 1024\/768;\" \/><noscript><img decoding=\"async\" data-id=\"41222\" src=\"https:\/\/ondauno.com.ar\/wp-content\/uploads\/2023\/05\/WhatsApp-Image-2023-05-22-at-10.01.48-1-1024x768.jpeg\" alt=\"\" class=\"wp-image-41222\"\/><\/noscript><\/figure>\n\n\n\n<figure class=\"wp-block-image\"><img decoding=\"async\" data-id=\"41223\" data-src=\"https:\/\/ondauno.com.ar\/wp-content\/uploads\/2023\/05\/WhatsApp-Image-2023-05-22-at-10.01.48-1024x768.jpeg\" alt=\"\" class=\"wp-image-41223 lazyload\" src=\"data:image\/gif;base64,R0lGODlhAQABAAAAACH5BAEKAAEALAAAAAABAAEAAAICTAEAOw==\" style=\"--smush-placeholder-width: 1024px; --smush-placeholder-aspect-ratio: 1024\/768;\" \/><noscript><img decoding=\"async\" data-id=\"41223\" src=\"https:\/\/ondauno.com.ar\/wp-content\/uploads\/2023\/05\/WhatsApp-Image-2023-05-22-at-10.01.48-1024x768.jpeg\" alt=\"\" class=\"wp-image-41223\"\/><\/noscript><\/figure>\n<\/figure>\n","protected":false},"excerpt":{"rendered":"<p>El director del Centro de Educaci\u00f3n F\u00edsica N\u20224 anunci\u00f3 en Cosas que pasan que desde este martes comienza a dictarse la carrera para los primeros 29 aspirantes. Adem\u00e1s dio a conocer c\u00f3mo est\u00e1 integrado el equipo directivo y docente. &#8220;Despues de tanto trabajo en equipo, de estudio y planificacion, por parte del quipo de conduccion [&hellip;]<\/p>\n","protected":false},"author":1,"featured_media":0,"comment_status":"open","ping_status":"open","sticky":false,"template":"","format":"standard","meta":{"tdm_status":"","tdm_grid_status":"","_jetpack_memberships_contains_paid_content":false,"footnotes":"","jetpack_publicize_message":"","jetpack_publicize_feature_enabled":true,"jetpack_social_post_already_shared":true,"jetpack_social_options":{"image_generator_settings":{"template":"highway","default_image_id":0,"font":"","enabled":false},"version":2}},"categories":[2],"tags":[],"class_list":{"0":"post-41209","1":"post","2":"type-post","3":"status-publish","4":"format-standard","6":"category-locales"},"yoast_head":"<!-- This site is optimized with the Yoast SEO plugin v22.7 - https:\/\/yoast.com\/wordpress\/plugins\/seo\/ -->\n<title>Miguel Lemos anunci\u00f3 el inicio de la Escuela de Guardavidas - 103.9 fm<\/title>\n<meta name=\"robots\" content=\"index, follow, max-snippet:-1, max-image-preview:large, max-video-preview:-1\" \/>\n<link rel=\"canonical\" href=\"https:\/\/ondauno.com.ar\/index.php\/2023\/05\/22\/miguel-lemus-anuncio-el-inicio-de-la-escuela-de-guardavidas\/\" \/>\n<meta property=\"og:locale\" content=\"es_ES\" \/>\n<meta property=\"og:type\" content=\"article\" \/>\n<meta property=\"og:title\" content=\"Miguel Lemos anunci\u00f3 el inicio de la Escuela de Guardavidas - 103.9 fm\" \/>\n<meta property=\"og:description\" content=\"El director del Centro de Educaci\u00f3n F\u00edsica N\u20224 anunci\u00f3 en Cosas que pasan que desde este martes comienza a dictarse la carrera para los primeros 29 aspirantes. Adem\u00e1s dio a conocer c\u00f3mo est\u00e1 integrado el equipo directivo y docente. &#8220;Despues de tanto trabajo en equipo, de estudio y planificacion, por parte del quipo de conduccion [&hellip;]\" \/>\n<meta property=\"og:url\" content=\"https:\/\/ondauno.com.ar\/index.php\/2023\/05\/22\/miguel-lemus-anuncio-el-inicio-de-la-escuela-de-guardavidas\/\" \/>\n<meta property=\"og:site_name\" content=\"103.9 fm\" \/>\n<meta property=\"article:publisher\" content=\"https:\/\/www.facebook.com\/ondauno103.9\" \/>\n<meta property=\"article:published_time\" content=\"2023-05-22T16:00:56+00:00\" \/>\n<meta property=\"article:modified_time\" content=\"2023-05-22T18:18:48+00:00\" \/>\n<meta property=\"og:image\" content=\"https:\/\/ondauno.com.ar\/wp-content\/uploads\/2023\/05\/WhatsApp-Image-2023-05-22-at-10.01.48.jpeg\" \/>\n\t<meta property=\"og:image:width\" content=\"1600\" \/>\n\t<meta property=\"og:image:height\" content=\"1200\" \/>\n\t<meta property=\"og:image:type\" content=\"image\/jpeg\" \/>\n<meta name=\"author\" content=\"OndaUno\" \/>\n<meta name=\"twitter:card\" content=\"summary_large_image\" \/>\n<meta name=\"twitter:label1\" content=\"Escrito por\" \/>\n\t<meta name=\"twitter:data1\" content=\"OndaUno\" \/>\n\t<meta name=\"twitter:label2\" content=\"Tiempo de lectura\" \/>\n\t<meta name=\"twitter:data2\" content=\"1 minuto\" \/>\n<script type=\"application\/ld+json\" class=\"yoast-schema-graph\">{\"@context\":\"https:\/\/schema.org\",\"@graph\":[{\"@type\":\"WebPage\",\"@id\":\"https:\/\/ondauno.com.ar\/index.php\/2023\/05\/22\/miguel-lemus-anuncio-el-inicio-de-la-escuela-de-guardavidas\/\",\"url\":\"https:\/\/ondauno.com.ar\/index.php\/2023\/05\/22\/miguel-lemus-anuncio-el-inicio-de-la-escuela-de-guardavidas\/\",\"name\":\"Miguel Lemos anunci\u00f3 el inicio de la Escuela de Guardavidas - 103.9 fm\",\"isPartOf\":{\"@id\":\"https:\/\/ondauno.com.ar\/#website\"},\"primaryImageOfPage\":{\"@id\":\"https:\/\/ondauno.com.ar\/index.php\/2023\/05\/22\/miguel-lemus-anuncio-el-inicio-de-la-escuela-de-guardavidas\/#primaryimage\"},\"image\":{\"@id\":\"https:\/\/ondauno.com.ar\/index.php\/2023\/05\/22\/miguel-lemus-anuncio-el-inicio-de-la-escuela-de-guardavidas\/#primaryimage\"},\"thumbnailUrl\":\"http:\/\/ondauno.com.ar\/wp-content\/uploads\/2022\/03\/Escucha-la-nota1-1024x161.jpg\",\"datePublished\":\"2023-05-22T16:00:56+00:00\",\"dateModified\":\"2023-05-22T18:18:48+00:00\",\"author\":{\"@id\":\"https:\/\/ondauno.com.ar\/#\/schema\/person\/7ec851ddeceb4133d7d7132dc645714e\"},\"breadcrumb\":{\"@id\":\"https:\/\/ondauno.com.ar\/index.php\/2023\/05\/22\/miguel-lemus-anuncio-el-inicio-de-la-escuela-de-guardavidas\/#breadcrumb\"},\"inLanguage\":\"es-AR\",\"potentialAction\":[{\"@type\":\"ReadAction\",\"target\":[\"https:\/\/ondauno.com.ar\/index.php\/2023\/05\/22\/miguel-lemus-anuncio-el-inicio-de-la-escuela-de-guardavidas\/\"]}]},{\"@type\":\"ImageObject\",\"inLanguage\":\"es-AR\",\"@id\":\"https:\/\/ondauno.com.ar\/index.php\/2023\/05\/22\/miguel-lemus-anuncio-el-inicio-de-la-escuela-de-guardavidas\/#primaryimage\",\"url\":\"https:\/\/ondauno.com.ar\/wp-content\/uploads\/2022\/03\/Escucha-la-nota1.jpg\",\"contentUrl\":\"https:\/\/ondauno.com.ar\/wp-content\/uploads\/2022\/03\/Escucha-la-nota1.jpg\",\"width\":5397,\"height\":850},{\"@type\":\"BreadcrumbList\",\"@id\":\"https:\/\/ondauno.com.ar\/index.php\/2023\/05\/22\/miguel-lemus-anuncio-el-inicio-de-la-escuela-de-guardavidas\/#breadcrumb\",\"itemListElement\":[{\"@type\":\"ListItem\",\"position\":1,\"name\":\"Inicio\",\"item\":\"https:\/\/ondauno.com.ar\/\"},{\"@type\":\"ListItem\",\"position\":2,\"name\":\"Miguel Lemos anunci\u00f3 el inicio de la Escuela de Guardavidas\"}]},{\"@type\":\"WebSite\",\"@id\":\"https:\/\/ondauno.com.ar\/#website\",\"url\":\"https:\/\/ondauno.com.ar\/\",\"name\":\"103.9 fm\",\"description\":\"LA PRIMERA RADIO MULTIMEDIA DE TRES ARROYOS\",\"potentialAction\":[{\"@type\":\"SearchAction\",\"target\":{\"@type\":\"EntryPoint\",\"urlTemplate\":\"https:\/\/ondauno.com.ar\/?s={search_term_string}\"},\"query-input\":\"required name=search_term_string\"}],\"inLanguage\":\"es-AR\"},{\"@type\":\"Person\",\"@id\":\"https:\/\/ondauno.com.ar\/#\/schema\/person\/7ec851ddeceb4133d7d7132dc645714e\",\"name\":\"OndaUno\",\"image\":{\"@type\":\"ImageObject\",\"inLanguage\":\"es-AR\",\"@id\":\"https:\/\/ondauno.com.ar\/#\/schema\/person\/image\/\",\"url\":\"https:\/\/secure.gravatar.com\/avatar\/93b8009f0de7021f1feb2bd5b32fb9e8?s=96&d=mm&r=g\",\"contentUrl\":\"https:\/\/secure.gravatar.com\/avatar\/93b8009f0de7021f1feb2bd5b32fb9e8?s=96&d=mm&r=g\",\"caption\":\"OndaUno\"},\"url\":\"https:\/\/ondauno.com.ar\/index.php\/author\/ondauno\/\"}]}<\/script>\n<!-- \/ Yoast SEO plugin. -->","yoast_head_json":{"title":"Miguel Lemos anunci\u00f3 el inicio de la Escuela de Guardavidas - 103.9 fm","robots":{"index":"index","follow":"follow","max-snippet":"max-snippet:-1","max-image-preview":"max-image-preview:large","max-video-preview":"max-video-preview:-1"},"canonical":"https:\/\/ondauno.com.ar\/index.php\/2023\/05\/22\/miguel-lemus-anuncio-el-inicio-de-la-escuela-de-guardavidas\/","og_locale":"es_ES","og_type":"article","og_title":"Miguel Lemos anunci\u00f3 el inicio de la Escuela de Guardavidas - 103.9 fm","og_description":"El director del Centro de Educaci\u00f3n F\u00edsica N\u20224 anunci\u00f3 en Cosas que pasan que desde este martes comienza a dictarse la carrera para los primeros 29 aspirantes. Adem\u00e1s dio a conocer c\u00f3mo est\u00e1 integrado el equipo directivo y docente. &#8220;Despues de tanto trabajo en equipo, de estudio y planificacion, por parte del quipo de conduccion [&hellip;]","og_url":"https:\/\/ondauno.com.ar\/index.php\/2023\/05\/22\/miguel-lemus-anuncio-el-inicio-de-la-escuela-de-guardavidas\/","og_site_name":"103.9 fm","article_publisher":"https:\/\/www.facebook.com\/ondauno103.9","article_published_time":"2023-05-22T16:00:56+00:00","article_modified_time":"2023-05-22T18:18:48+00:00","og_image":[{"width":1600,"height":1200,"url":"https:\/\/ondauno.com.ar\/wp-content\/uploads\/2023\/05\/WhatsApp-Image-2023-05-22-at-10.01.48.jpeg","type":"image\/jpeg"}],"author":"OndaUno","twitter_card":"summary_large_image","twitter_misc":{"Escrito por":"OndaUno","Tiempo de lectura":"1 minuto"},"schema":{"@context":"https:\/\/schema.org","@graph":[{"@type":"WebPage","@id":"https:\/\/ondauno.com.ar\/index.php\/2023\/05\/22\/miguel-lemus-anuncio-el-inicio-de-la-escuela-de-guardavidas\/","url":"https:\/\/ondauno.com.ar\/index.php\/2023\/05\/22\/miguel-lemus-anuncio-el-inicio-de-la-escuela-de-guardavidas\/","name":"Miguel Lemos anunci\u00f3 el inicio de la Escuela de Guardavidas - 103.9 fm","isPartOf":{"@id":"https:\/\/ondauno.com.ar\/#website"},"primaryImageOfPage":{"@id":"https:\/\/ondauno.com.ar\/index.php\/2023\/05\/22\/miguel-lemus-anuncio-el-inicio-de-la-escuela-de-guardavidas\/#primaryimage"},"image":{"@id":"https:\/\/ondauno.com.ar\/index.php\/2023\/05\/22\/miguel-lemus-anuncio-el-inicio-de-la-escuela-de-guardavidas\/#primaryimage"},"thumbnailUrl":"http:\/\/ondauno.com.ar\/wp-content\/uploads\/2022\/03\/Escucha-la-nota1-1024x161.jpg","datePublished":"2023-05-22T16:00:56+00:00","dateModified":"2023-05-22T18:18:48+00:00","author":{"@id":"https:\/\/ondauno.com.ar\/#\/schema\/person\/7ec851ddeceb4133d7d7132dc645714e"},"breadcrumb":{"@id":"https:\/\/ondauno.com.ar\/index.php\/2023\/05\/22\/miguel-lemus-anuncio-el-inicio-de-la-escuela-de-guardavidas\/#breadcrumb"},"inLanguage":"es-AR","potentialAction":[{"@type":"ReadAction","target":["https:\/\/ondauno.com.ar\/index.php\/2023\/05\/22\/miguel-lemus-anuncio-el-inicio-de-la-escuela-de-guardavidas\/"]}]},{"@type":"ImageObject","inLanguage":"es-AR","@id":"https:\/\/ondauno.com.ar\/index.php\/2023\/05\/22\/miguel-lemus-anuncio-el-inicio-de-la-escuela-de-guardavidas\/#primaryimage","url":"https:\/\/ondauno.com.ar\/wp-content\/uploads\/2022\/03\/Escucha-la-nota1.jpg","contentUrl":"https:\/\/ondauno.com.ar\/wp-content\/uploads\/2022\/03\/Escucha-la-nota1.jpg","width":5397,"height":850},{"@type":"BreadcrumbList","@id":"https:\/\/ondauno.com.ar\/index.php\/2023\/05\/22\/miguel-lemus-anuncio-el-inicio-de-la-escuela-de-guardavidas\/#breadcrumb","itemListElement":[{"@type":"ListItem","position":1,"name":"Inicio","item":"https:\/\/ondauno.com.ar\/"},{"@type":"ListItem","position":2,"name":"Miguel Lemos anunci\u00f3 el inicio de la Escuela de Guardavidas"}]},{"@type":"WebSite","@id":"https:\/\/ondauno.com.ar\/#website","url":"https:\/\/ondauno.com.ar\/","name":"103.9 fm","description":"LA PRIMERA RADIO MULTIMEDIA DE TRES ARROYOS","potentialAction":[{"@type":"SearchAction","target":{"@type":"EntryPoint","urlTemplate":"https:\/\/ondauno.com.ar\/?s={search_term_string}"},"query-input":"required name=search_term_string"}],"inLanguage":"es-AR"},{"@type":"Person","@id":"https:\/\/ondauno.com.ar\/#\/schema\/person\/7ec851ddeceb4133d7d7132dc645714e","name":"OndaUno","image":{"@type":"ImageObject","inLanguage":"es-AR","@id":"https:\/\/ondauno.com.ar\/#\/schema\/person\/image\/","url":"https:\/\/secure.gravatar.com\/avatar\/93b8009f0de7021f1feb2bd5b32fb9e8?s=96&d=mm&r=g","contentUrl":"https:\/\/secure.gravatar.com\/avatar\/93b8009f0de7021f1feb2bd5b32fb9e8?s=96&d=mm&r=g","caption":"OndaUno"},"url":"https:\/\/ondauno.com.ar\/index.php\/author\/ondauno\/"}]}},"jetpack_publicize_connections":[],"jetpack_featured_media_url":"","jetpack_sharing_enabled":true,"_links":{"self":[{"href":"https:\/\/ondauno.com.ar\/index.php\/wp-json\/wp\/v2\/posts\/41209","targetHints":{"allow":["GET"]}}],"collection":[{"href":"https:\/\/ondauno.com.ar\/index.php\/wp-json\/wp\/v2\/posts"}],"about":[{"href":"https:\/\/ondauno.com.ar\/index.php\/wp-json\/wp\/v2\/types\/post"}],"author":[{"embeddable":true,"href":"https:\/\/ondauno.com.ar\/index.php\/wp-json\/wp\/v2\/users\/1"}],"replies":[{"embeddable":true,"href":"https:\/\/ondauno.com.ar\/index.php\/wp-json\/wp\/v2\/comments?post=41209"}],"version-history":[{"count":0,"href":"https:\/\/ondauno.com.ar\/index.php\/wp-json\/wp\/v2\/posts\/41209\/revisions"}],"wp:attachment":[{"href":"https:\/\/ondauno.com.ar\/index.php\/wp-json\/wp\/v2\/media?parent=41209"}],"wp:term":[{"taxonomy":"category","embeddable":true,"href":"https:\/\/ondauno.com.ar\/index.php\/wp-json\/wp\/v2\/categories?post=41209"},{"taxonomy":"post_tag","embeddable":true,"href":"https:\/\/ondauno.com.ar\/index.php\/wp-json\/wp\/v2\/tags?post=41209"}],"curies":[{"name":"wp","href":"https:\/\/api.w.org\/{rel}","templated":true}]}}