{"id":40705,"date":"2023-04-27T19:11:24","date_gmt":"2023-04-27T22:11:24","guid":{"rendered":"http:\/\/ondauno.com.ar\/?p=40705"},"modified":"2023-04-27T20:10:34","modified_gmt":"2023-04-27T23:10:34","slug":"una-ciclista-al-hospital-tras-accidente-de-transito","status":"publish","type":"post","link":"https:\/\/ondauno.com.ar\/index.php\/2023\/04\/27\/una-ciclista-al-hospital-tras-accidente-de-transito\/","title":{"rendered":"Una ciclista al hospital tras accidente de tr\u00e1nsito"},"content":{"rendered":"<div class=\"ondau-before-content_3\" style=\"margin-top: -30px;\" id=\"ondau-1967788029\"><a href=\"https:\/\/www.lps.com.ar\/\" aria-label=\"la-perse2\"><img loading=\"lazy\" decoding=\"async\" src=\"https:\/\/ondauno.com.ar\/wp-content\/uploads\/2021\/10\/la-perse2.jpg\" alt=\"\"  srcset=\"https:\/\/ondauno.com.ar\/wp-content\/uploads\/2021\/10\/la-perse2.jpg 1353w, https:\/\/ondauno.com.ar\/wp-content\/uploads\/2021\/10\/la-perse2-300x43.jpg 300w, https:\/\/ondauno.com.ar\/wp-content\/uploads\/2021\/10\/la-perse2-1024x148.jpg 1024w, https:\/\/ondauno.com.ar\/wp-content\/uploads\/2021\/10\/la-perse2-768x111.jpg 768w, https:\/\/ondauno.com.ar\/wp-content\/uploads\/2021\/10\/la-perse2-696x100.jpg 696w, https:\/\/ondauno.com.ar\/wp-content\/uploads\/2021\/10\/la-perse2-1068x154.jpg 1068w\" sizes=\"(max-width: 1353px) 100vw, 1353px\" class=\"no-lazyload\" width=\"1353\" height=\"195\"  style=\"display: inline-block;\" \/><\/a><\/div>\n<p>En la tarde noche de este jueves aproximadamente a las 18:30\nhs se produjo una colisi\u00f3n en la intersecci\u00f3n de calles Olivero Duggan y\nUruguay de nuestras cuidad, donde por causas que a\u00fan no est\u00e1n establecidas\ncolisionaron una camioneta Chevrolet S10 la cual era conducida por un hombre\nmayor de edad y una bicicleta.<\/p>\n\n\n\n<figure class=\"wp-block-image\"><img decoding=\"async\" data-src=\"http:\/\/ondauno.com.ar\/wp-content\/uploads\/2023\/04\/WhatsApp-Image-2023-04-27-at-19.05.17-1024x576.jpeg\" alt=\"\" class=\"wp-image-40706 lazyload\" src=\"data:image\/gif;base64,R0lGODlhAQABAAAAACH5BAEKAAEALAAAAAABAAEAAAICTAEAOw==\" style=\"--smush-placeholder-width: 1024px; --smush-placeholder-aspect-ratio: 1024\/576;\" \/><noscript><img decoding=\"async\" src=\"http:\/\/ondauno.com.ar\/wp-content\/uploads\/2023\/04\/WhatsApp-Image-2023-04-27-at-19.05.17-1024x576.jpeg\" alt=\"\" class=\"wp-image-40706\"\/><\/noscript><\/figure>\n\n\n\n<p>Como consecuencia del impacto la conductora del veh\u00edculo menor debi\u00f3 ser trasladada al hospital, con varios golpes y escoriaciones.<\/p>\n\n\n\n<p>Aproximadamente a las 20 hs. este medio pudo saber que la mujer fue dada de alta, ya que solo poseia lesiones leves. <\/p>\n","protected":false},"excerpt":{"rendered":"<p>En la tarde noche de este jueves aproximadamente a las 18:30 hs se produjo una colisi\u00f3n en la intersecci\u00f3n de calles Olivero Duggan y Uruguay de nuestras cuidad, donde por causas que a\u00fan no est\u00e1n establecidas colisionaron una camioneta Chevrolet S10 la cual era conducida por un hombre mayor de edad y una bicicleta. Como [&hellip;]<\/p>\n","protected":false},"author":1,"featured_media":0,"comment_status":"open","ping_status":"open","sticky":false,"template":"","format":"standard","meta":{"tdm_status":"","tdm_grid_status":"","_jetpack_memberships_contains_paid_content":false,"footnotes":"","jetpack_publicize_message":"","jetpack_publicize_feature_enabled":true,"jetpack_social_post_already_shared":true,"jetpack_social_options":{"image_generator_settings":{"template":"highway","default_image_id":0,"font":"","enabled":false},"version":2}},"categories":[29],"tags":[],"class_list":{"0":"post-40705","1":"post","2":"type-post","3":"status-publish","4":"format-standard","6":"category-policiales"},"yoast_head":"<!-- This site is optimized with the Yoast SEO plugin v22.7 - https:\/\/yoast.com\/wordpress\/plugins\/seo\/ -->\n<title>Una ciclista al hospital tras accidente de tr\u00e1nsito - 103.9 fm<\/title>\n<meta name=\"robots\" content=\"index, follow, max-snippet:-1, max-image-preview:large, max-video-preview:-1\" \/>\n<link rel=\"canonical\" href=\"https:\/\/ondauno.com.ar\/index.php\/2023\/04\/27\/una-ciclista-al-hospital-tras-accidente-de-transito\/\" \/>\n<meta property=\"og:locale\" content=\"es_ES\" \/>\n<meta property=\"og:type\" content=\"article\" \/>\n<meta property=\"og:title\" content=\"Una ciclista al hospital tras accidente de tr\u00e1nsito - 103.9 fm\" \/>\n<meta property=\"og:description\" content=\"En la tarde noche de este jueves aproximadamente a las 18:30 hs se produjo una colisi\u00f3n en la intersecci\u00f3n de calles Olivero Duggan y Uruguay de nuestras cuidad, donde por causas que a\u00fan no est\u00e1n establecidas colisionaron una camioneta Chevrolet S10 la cual era conducida por un hombre mayor de edad y una bicicleta. Como [&hellip;]\" \/>\n<meta property=\"og:url\" content=\"https:\/\/ondauno.com.ar\/index.php\/2023\/04\/27\/una-ciclista-al-hospital-tras-accidente-de-transito\/\" \/>\n<meta property=\"og:site_name\" content=\"103.9 fm\" \/>\n<meta property=\"article:publisher\" content=\"https:\/\/www.facebook.com\/ondauno103.9\" \/>\n<meta property=\"article:published_time\" content=\"2023-04-27T22:11:24+00:00\" \/>\n<meta property=\"article:modified_time\" content=\"2023-04-27T23:10:34+00:00\" \/>\n<meta property=\"og:image\" content=\"https:\/\/ondauno.com.ar\/wp-content\/uploads\/2023\/04\/WhatsApp-Image-2023-04-27-at-19.05.16.jpeg\" \/>\n\t<meta property=\"og:image:width\" content=\"1600\" \/>\n\t<meta property=\"og:image:height\" content=\"900\" \/>\n\t<meta property=\"og:image:type\" content=\"image\/jpeg\" \/>\n<meta name=\"author\" content=\"OndaUno\" \/>\n<meta name=\"twitter:card\" content=\"summary_large_image\" \/>\n<meta name=\"twitter:label1\" content=\"Escrito por\" \/>\n\t<meta name=\"twitter:data1\" content=\"OndaUno\" \/>\n<script type=\"application\/ld+json\" class=\"yoast-schema-graph\">{\"@context\":\"https:\/\/schema.org\",\"@graph\":[{\"@type\":\"WebPage\",\"@id\":\"https:\/\/ondauno.com.ar\/index.php\/2023\/04\/27\/una-ciclista-al-hospital-tras-accidente-de-transito\/\",\"url\":\"https:\/\/ondauno.com.ar\/index.php\/2023\/04\/27\/una-ciclista-al-hospital-tras-accidente-de-transito\/\",\"name\":\"Una ciclista al hospital tras accidente de tr\u00e1nsito - 103.9 fm\",\"isPartOf\":{\"@id\":\"https:\/\/ondauno.com.ar\/#website\"},\"primaryImageOfPage\":{\"@id\":\"https:\/\/ondauno.com.ar\/index.php\/2023\/04\/27\/una-ciclista-al-hospital-tras-accidente-de-transito\/#primaryimage\"},\"image\":{\"@id\":\"https:\/\/ondauno.com.ar\/index.php\/2023\/04\/27\/una-ciclista-al-hospital-tras-accidente-de-transito\/#primaryimage\"},\"thumbnailUrl\":\"http:\/\/ondauno.com.ar\/wp-content\/uploads\/2023\/04\/WhatsApp-Image-2023-04-27-at-19.05.17-1024x576.jpeg\",\"datePublished\":\"2023-04-27T22:11:24+00:00\",\"dateModified\":\"2023-04-27T23:10:34+00:00\",\"author\":{\"@id\":\"https:\/\/ondauno.com.ar\/#\/schema\/person\/7ec851ddeceb4133d7d7132dc645714e\"},\"breadcrumb\":{\"@id\":\"https:\/\/ondauno.com.ar\/index.php\/2023\/04\/27\/una-ciclista-al-hospital-tras-accidente-de-transito\/#breadcrumb\"},\"inLanguage\":\"es-AR\",\"potentialAction\":[{\"@type\":\"ReadAction\",\"target\":[\"https:\/\/ondauno.com.ar\/index.php\/2023\/04\/27\/una-ciclista-al-hospital-tras-accidente-de-transito\/\"]}]},{\"@type\":\"ImageObject\",\"inLanguage\":\"es-AR\",\"@id\":\"https:\/\/ondauno.com.ar\/index.php\/2023\/04\/27\/una-ciclista-al-hospital-tras-accidente-de-transito\/#primaryimage\",\"url\":\"\",\"contentUrl\":\"\"},{\"@type\":\"BreadcrumbList\",\"@id\":\"https:\/\/ondauno.com.ar\/index.php\/2023\/04\/27\/una-ciclista-al-hospital-tras-accidente-de-transito\/#breadcrumb\",\"itemListElement\":[{\"@type\":\"ListItem\",\"position\":1,\"name\":\"Inicio\",\"item\":\"https:\/\/ondauno.com.ar\/\"},{\"@type\":\"ListItem\",\"position\":2,\"name\":\"Una ciclista al hospital tras accidente de tr\u00e1nsito\"}]},{\"@type\":\"WebSite\",\"@id\":\"https:\/\/ondauno.com.ar\/#website\",\"url\":\"https:\/\/ondauno.com.ar\/\",\"name\":\"103.9 fm\",\"description\":\"LA PRIMERA RADIO MULTIMEDIA DE TRES ARROYOS\",\"potentialAction\":[{\"@type\":\"SearchAction\",\"target\":{\"@type\":\"EntryPoint\",\"urlTemplate\":\"https:\/\/ondauno.com.ar\/?s={search_term_string}\"},\"query-input\":\"required name=search_term_string\"}],\"inLanguage\":\"es-AR\"},{\"@type\":\"Person\",\"@id\":\"https:\/\/ondauno.com.ar\/#\/schema\/person\/7ec851ddeceb4133d7d7132dc645714e\",\"name\":\"OndaUno\",\"image\":{\"@type\":\"ImageObject\",\"inLanguage\":\"es-AR\",\"@id\":\"https:\/\/ondauno.com.ar\/#\/schema\/person\/image\/\",\"url\":\"https:\/\/secure.gravatar.com\/avatar\/93b8009f0de7021f1feb2bd5b32fb9e8?s=96&d=mm&r=g\",\"contentUrl\":\"https:\/\/secure.gravatar.com\/avatar\/93b8009f0de7021f1feb2bd5b32fb9e8?s=96&d=mm&r=g\",\"caption\":\"OndaUno\"},\"url\":\"https:\/\/ondauno.com.ar\/index.php\/author\/ondauno\/\"}]}<\/script>\n<!-- \/ Yoast SEO plugin. -->","yoast_head_json":{"title":"Una ciclista al hospital tras accidente de tr\u00e1nsito - 103.9 fm","robots":{"index":"index","follow":"follow","max-snippet":"max-snippet:-1","max-image-preview":"max-image-preview:large","max-video-preview":"max-video-preview:-1"},"canonical":"https:\/\/ondauno.com.ar\/index.php\/2023\/04\/27\/una-ciclista-al-hospital-tras-accidente-de-transito\/","og_locale":"es_ES","og_type":"article","og_title":"Una ciclista al hospital tras accidente de tr\u00e1nsito - 103.9 fm","og_description":"En la tarde noche de este jueves aproximadamente a las 18:30 hs se produjo una colisi\u00f3n en la intersecci\u00f3n de calles Olivero Duggan y Uruguay de nuestras cuidad, donde por causas que a\u00fan no est\u00e1n establecidas colisionaron una camioneta Chevrolet S10 la cual era conducida por un hombre mayor de edad y una bicicleta. Como [&hellip;]","og_url":"https:\/\/ondauno.com.ar\/index.php\/2023\/04\/27\/una-ciclista-al-hospital-tras-accidente-de-transito\/","og_site_name":"103.9 fm","article_publisher":"https:\/\/www.facebook.com\/ondauno103.9","article_published_time":"2023-04-27T22:11:24+00:00","article_modified_time":"2023-04-27T23:10:34+00:00","og_image":[{"width":1600,"height":900,"url":"https:\/\/ondauno.com.ar\/wp-content\/uploads\/2023\/04\/WhatsApp-Image-2023-04-27-at-19.05.16.jpeg","type":"image\/jpeg"}],"author":"OndaUno","twitter_card":"summary_large_image","twitter_misc":{"Escrito por":"OndaUno"},"schema":{"@context":"https:\/\/schema.org","@graph":[{"@type":"WebPage","@id":"https:\/\/ondauno.com.ar\/index.php\/2023\/04\/27\/una-ciclista-al-hospital-tras-accidente-de-transito\/","url":"https:\/\/ondauno.com.ar\/index.php\/2023\/04\/27\/una-ciclista-al-hospital-tras-accidente-de-transito\/","name":"Una ciclista al hospital tras accidente de tr\u00e1nsito - 103.9 fm","isPartOf":{"@id":"https:\/\/ondauno.com.ar\/#website"},"primaryImageOfPage":{"@id":"https:\/\/ondauno.com.ar\/index.php\/2023\/04\/27\/una-ciclista-al-hospital-tras-accidente-de-transito\/#primaryimage"},"image":{"@id":"https:\/\/ondauno.com.ar\/index.php\/2023\/04\/27\/una-ciclista-al-hospital-tras-accidente-de-transito\/#primaryimage"},"thumbnailUrl":"http:\/\/ondauno.com.ar\/wp-content\/uploads\/2023\/04\/WhatsApp-Image-2023-04-27-at-19.05.17-1024x576.jpeg","datePublished":"2023-04-27T22:11:24+00:00","dateModified":"2023-04-27T23:10:34+00:00","author":{"@id":"https:\/\/ondauno.com.ar\/#\/schema\/person\/7ec851ddeceb4133d7d7132dc645714e"},"breadcrumb":{"@id":"https:\/\/ondauno.com.ar\/index.php\/2023\/04\/27\/una-ciclista-al-hospital-tras-accidente-de-transito\/#breadcrumb"},"inLanguage":"es-AR","potentialAction":[{"@type":"ReadAction","target":["https:\/\/ondauno.com.ar\/index.php\/2023\/04\/27\/una-ciclista-al-hospital-tras-accidente-de-transito\/"]}]},{"@type":"ImageObject","inLanguage":"es-AR","@id":"https:\/\/ondauno.com.ar\/index.php\/2023\/04\/27\/una-ciclista-al-hospital-tras-accidente-de-transito\/#primaryimage","url":"","contentUrl":""},{"@type":"BreadcrumbList","@id":"https:\/\/ondauno.com.ar\/index.php\/2023\/04\/27\/una-ciclista-al-hospital-tras-accidente-de-transito\/#breadcrumb","itemListElement":[{"@type":"ListItem","position":1,"name":"Inicio","item":"https:\/\/ondauno.com.ar\/"},{"@type":"ListItem","position":2,"name":"Una ciclista al hospital tras accidente de tr\u00e1nsito"}]},{"@type":"WebSite","@id":"https:\/\/ondauno.com.ar\/#website","url":"https:\/\/ondauno.com.ar\/","name":"103.9 fm","description":"LA PRIMERA RADIO MULTIMEDIA DE TRES ARROYOS","potentialAction":[{"@type":"SearchAction","target":{"@type":"EntryPoint","urlTemplate":"https:\/\/ondauno.com.ar\/?s={search_term_string}"},"query-input":"required name=search_term_string"}],"inLanguage":"es-AR"},{"@type":"Person","@id":"https:\/\/ondauno.com.ar\/#\/schema\/person\/7ec851ddeceb4133d7d7132dc645714e","name":"OndaUno","image":{"@type":"ImageObject","inLanguage":"es-AR","@id":"https:\/\/ondauno.com.ar\/#\/schema\/person\/image\/","url":"https:\/\/secure.gravatar.com\/avatar\/93b8009f0de7021f1feb2bd5b32fb9e8?s=96&d=mm&r=g","contentUrl":"https:\/\/secure.gravatar.com\/avatar\/93b8009f0de7021f1feb2bd5b32fb9e8?s=96&d=mm&r=g","caption":"OndaUno"},"url":"https:\/\/ondauno.com.ar\/index.php\/author\/ondauno\/"}]}},"jetpack_publicize_connections":[],"jetpack_featured_media_url":"","jetpack_sharing_enabled":true,"_links":{"self":[{"href":"https:\/\/ondauno.com.ar\/index.php\/wp-json\/wp\/v2\/posts\/40705","targetHints":{"allow":["GET"]}}],"collection":[{"href":"https:\/\/ondauno.com.ar\/index.php\/wp-json\/wp\/v2\/posts"}],"about":[{"href":"https:\/\/ondauno.com.ar\/index.php\/wp-json\/wp\/v2\/types\/post"}],"author":[{"embeddable":true,"href":"https:\/\/ondauno.com.ar\/index.php\/wp-json\/wp\/v2\/users\/1"}],"replies":[{"embeddable":true,"href":"https:\/\/ondauno.com.ar\/index.php\/wp-json\/wp\/v2\/comments?post=40705"}],"version-history":[{"count":0,"href":"https:\/\/ondauno.com.ar\/index.php\/wp-json\/wp\/v2\/posts\/40705\/revisions"}],"wp:attachment":[{"href":"https:\/\/ondauno.com.ar\/index.php\/wp-json\/wp\/v2\/media?parent=40705"}],"wp:term":[{"taxonomy":"category","embeddable":true,"href":"https:\/\/ondauno.com.ar\/index.php\/wp-json\/wp\/v2\/categories?post=40705"},{"taxonomy":"post_tag","embeddable":true,"href":"https:\/\/ondauno.com.ar\/index.php\/wp-json\/wp\/v2\/tags?post=40705"}],"curies":[{"name":"wp","href":"https:\/\/api.w.org\/{rel}","templated":true}]}}