{"id":40648,"date":"2023-04-25T20:13:31","date_gmt":"2023-04-25T23:13:31","guid":{"rendered":"http:\/\/ondauno.com.ar\/?p=40648"},"modified":"2023-04-25T20:13:41","modified_gmt":"2023-04-25T23:13:41","slug":"kicillof-encabeza-una-mision-comercial-en-brasil","status":"publish","type":"post","link":"https:\/\/ondauno.com.ar\/index.php\/2023\/04\/25\/kicillof-encabeza-una-mision-comercial-en-brasil\/","title":{"rendered":"Kicillof encabeza una misi\u00f3n comercial en Brasil"},"content":{"rendered":"<div class=\"ondau-before-content_3\" style=\"margin-top: -30px;\" id=\"ondau-2690347114\"><a href=\"https:\/\/www.lps.com.ar\/\" aria-label=\"la-perse2\"><img loading=\"lazy\" decoding=\"async\" src=\"https:\/\/ondauno.com.ar\/wp-content\/uploads\/2021\/10\/la-perse2.jpg\" alt=\"\"  srcset=\"https:\/\/ondauno.com.ar\/wp-content\/uploads\/2021\/10\/la-perse2.jpg 1353w, https:\/\/ondauno.com.ar\/wp-content\/uploads\/2021\/10\/la-perse2-300x43.jpg 300w, https:\/\/ondauno.com.ar\/wp-content\/uploads\/2021\/10\/la-perse2-1024x148.jpg 1024w, https:\/\/ondauno.com.ar\/wp-content\/uploads\/2021\/10\/la-perse2-768x111.jpg 768w, https:\/\/ondauno.com.ar\/wp-content\/uploads\/2021\/10\/la-perse2-696x100.jpg 696w, https:\/\/ondauno.com.ar\/wp-content\/uploads\/2021\/10\/la-perse2-1068x154.jpg 1068w\" sizes=\"(max-width: 1353px) 100vw, 1353px\" class=\"no-lazyload\" width=\"1353\" height=\"195\"  style=\"display: inline-block;\" \/><\/a><\/div>\n<p><em>El Gobernador se reuni\u00f3 con empresarios bonaerenses que participar\u00e1n de la feria Automec y, junto al embajador Daniel Scioli, mantuvo un encuentro de trabajo con autoridades de la Federaci\u00f3n de Industrias del Estado de San Pablo.<\/em><\/p>\n\n\n\n<p>En el marco de una misi\u00f3n comercial en Brasil, el gobernador de la provincia de Buenos Aires, Axel Kicillof, se reuni\u00f3 esta ma\u00f1ana con empresarios bonaerenses del sector de autopartes que participar\u00e1n de la feria internacional automotriz Automec y, junto al embajador Daniel Scioli, mantuvo un encuentro de trabajo con el presidente de la Federaci\u00f3n de Industrias del Estado de San Pablo (FIESP), Josu\u00e9 Gomes da Silva, y otras autoridades del organismo.<\/p>\n\n\n\n<p>En la reuni\u00f3n con empresarios que se llev\u00f3 a cabo en la sede del Consulado General y Centro de Promoci\u00f3n de la Argentina en San Pablo, Kicillof sostuvo: \u201cPara nosotros es una enorme satisfacci\u00f3n promover la presencia de industriales bonaerenses en ferias internacionales y acompa\u00f1ar con pol\u00edticas p\u00fablicas la promoci\u00f3n de nuestras exportaciones\u201d. \u201cAs\u00ed como Brasil es un socio estrat\u00e9gico para la Argentina, el Estado de San Pablo es un actor clave para la integraci\u00f3n productiva y el desarrollo de la provincia de Buenos Aires\u201d, agreg\u00f3.<\/p>\n\n\n\n<p>En ese sentido, se\u00f1al\u00f3 que \u201cen la Argentina hay dos modelos de pa\u00eds: el agroexportador, para el que la industria es una p\u00e9rdida de tiempo, y el de quienes defendemos la pol\u00edtica industrial para agregar valor e incluir a todos y todas\u201d. \u201cA\u00fan con todas las dificultades que hemos tenido que atravesar, estamos revirtiendo cuatro a\u00f1os de desindustrializaci\u00f3n y endeudamiento\u201d, explic\u00f3 y a\u00f1adi\u00f3: \u201cLo hacemos promoviendo la integraci\u00f3n regional y recuperando el rol productivo de una banca p\u00fablica que estaba al servicio de la especulaci\u00f3n\u201d.<\/p>\n\n\n\n<p>Por \u00faltimo, Kicillof resalt\u00f3: \u201cMi invitaci\u00f3n es a que sean ustedes, las y los empresarios bonaerenses, quienes defiendan un modelo de pa\u00eds en el que su sector y sus empresas tengan futuro\u201d. \u201cPara contar con pol\u00edticas de largo plazo necesitamos demostrar que hay empresarios y empresarias que est\u00e1n dispuestas a apoyar y defender la industria nacional\u201d, concluy\u00f3.<\/p>\n\n\n\n<p>Participaron del encuentro el c\u00f3nsul Luis Mar\u00eda Kreckler; el ministro de Producci\u00f3n, Ciencia e Innovaci\u00f3n Tecnol\u00f3gica, Augusto Costa; el jefe de Asesores, Carlos Bianco; el subsecretario de Desarrollo Comercial y Promoci\u00f3n de Inversiones, Ariel Aguilar; la subsecretaria de Industrias, Pymes y Cooperativas, Mariela Bembi.<\/p>\n","protected":false},"excerpt":{"rendered":"<p>El Gobernador se reuni\u00f3 con empresarios bonaerenses que participar\u00e1n de la feria Automec y, junto al embajador Daniel Scioli, mantuvo un encuentro de trabajo con autoridades de la Federaci\u00f3n de Industrias del Estado de San Pablo. En el marco de una misi\u00f3n comercial en Brasil, el gobernador de la provincia de Buenos Aires, Axel Kicillof, [&hellip;]<\/p>\n","protected":false},"author":1,"featured_media":0,"comment_status":"open","ping_status":"open","sticky":false,"template":"","format":"standard","meta":{"tdm_status":"","tdm_grid_status":"","_jetpack_memberships_contains_paid_content":false,"footnotes":"","jetpack_publicize_message":"","jetpack_publicize_feature_enabled":true,"jetpack_social_post_already_shared":true,"jetpack_social_options":{"image_generator_settings":{"template":"highway","default_image_id":0,"font":"","enabled":false},"version":2}},"categories":[30],"tags":[],"class_list":{"0":"post-40648","1":"post","2":"type-post","3":"status-publish","4":"format-standard","6":"category-provinciales"},"yoast_head":"<!-- This site is optimized with the Yoast SEO plugin v22.7 - https:\/\/yoast.com\/wordpress\/plugins\/seo\/ -->\n<title>Kicillof encabeza una misi\u00f3n comercial en Brasil - 103.9 fm<\/title>\n<meta name=\"robots\" content=\"index, follow, max-snippet:-1, max-image-preview:large, max-video-preview:-1\" \/>\n<link rel=\"canonical\" href=\"https:\/\/ondauno.com.ar\/index.php\/2023\/04\/25\/kicillof-encabeza-una-mision-comercial-en-brasil\/\" \/>\n<meta property=\"og:locale\" content=\"es_ES\" \/>\n<meta property=\"og:type\" content=\"article\" \/>\n<meta property=\"og:title\" content=\"Kicillof encabeza una misi\u00f3n comercial en Brasil - 103.9 fm\" \/>\n<meta property=\"og:description\" content=\"El Gobernador se reuni\u00f3 con empresarios bonaerenses que participar\u00e1n de la feria Automec y, junto al embajador Daniel Scioli, mantuvo un encuentro de trabajo con autoridades de la Federaci\u00f3n de Industrias del Estado de San Pablo. En el marco de una misi\u00f3n comercial en Brasil, el gobernador de la provincia de Buenos Aires, Axel Kicillof, [&hellip;]\" \/>\n<meta property=\"og:url\" content=\"https:\/\/ondauno.com.ar\/index.php\/2023\/04\/25\/kicillof-encabeza-una-mision-comercial-en-brasil\/\" \/>\n<meta property=\"og:site_name\" content=\"103.9 fm\" \/>\n<meta property=\"article:publisher\" content=\"https:\/\/www.facebook.com\/ondauno103.9\" \/>\n<meta property=\"article:published_time\" content=\"2023-04-25T23:13:31+00:00\" \/>\n<meta property=\"article:modified_time\" content=\"2023-04-25T23:13:41+00:00\" \/>\n<meta property=\"og:image\" content=\"https:\/\/ondauno.com.ar\/wp-content\/uploads\/2023\/04\/1682445860662.jpeg\" \/>\n\t<meta property=\"og:image:width\" content=\"1500\" \/>\n\t<meta property=\"og:image:height\" content=\"937\" \/>\n\t<meta property=\"og:image:type\" content=\"image\/jpeg\" \/>\n<meta name=\"author\" content=\"OndaUno\" \/>\n<meta name=\"twitter:card\" content=\"summary_large_image\" \/>\n<meta name=\"twitter:label1\" content=\"Escrito por\" \/>\n\t<meta name=\"twitter:data1\" content=\"OndaUno\" \/>\n\t<meta name=\"twitter:label2\" content=\"Tiempo de lectura\" \/>\n\t<meta name=\"twitter:data2\" content=\"2 minutos\" \/>\n<script type=\"application\/ld+json\" class=\"yoast-schema-graph\">{\"@context\":\"https:\/\/schema.org\",\"@graph\":[{\"@type\":\"WebPage\",\"@id\":\"https:\/\/ondauno.com.ar\/index.php\/2023\/04\/25\/kicillof-encabeza-una-mision-comercial-en-brasil\/\",\"url\":\"https:\/\/ondauno.com.ar\/index.php\/2023\/04\/25\/kicillof-encabeza-una-mision-comercial-en-brasil\/\",\"name\":\"Kicillof encabeza una misi\u00f3n comercial en Brasil - 103.9 fm\",\"isPartOf\":{\"@id\":\"https:\/\/ondauno.com.ar\/#website\"},\"datePublished\":\"2023-04-25T23:13:31+00:00\",\"dateModified\":\"2023-04-25T23:13:41+00:00\",\"author\":{\"@id\":\"https:\/\/ondauno.com.ar\/#\/schema\/person\/7ec851ddeceb4133d7d7132dc645714e\"},\"breadcrumb\":{\"@id\":\"https:\/\/ondauno.com.ar\/index.php\/2023\/04\/25\/kicillof-encabeza-una-mision-comercial-en-brasil\/#breadcrumb\"},\"inLanguage\":\"es-AR\",\"potentialAction\":[{\"@type\":\"ReadAction\",\"target\":[\"https:\/\/ondauno.com.ar\/index.php\/2023\/04\/25\/kicillof-encabeza-una-mision-comercial-en-brasil\/\"]}]},{\"@type\":\"BreadcrumbList\",\"@id\":\"https:\/\/ondauno.com.ar\/index.php\/2023\/04\/25\/kicillof-encabeza-una-mision-comercial-en-brasil\/#breadcrumb\",\"itemListElement\":[{\"@type\":\"ListItem\",\"position\":1,\"name\":\"Inicio\",\"item\":\"https:\/\/ondauno.com.ar\/\"},{\"@type\":\"ListItem\",\"position\":2,\"name\":\"Kicillof encabeza una misi\u00f3n comercial en Brasil\"}]},{\"@type\":\"WebSite\",\"@id\":\"https:\/\/ondauno.com.ar\/#website\",\"url\":\"https:\/\/ondauno.com.ar\/\",\"name\":\"103.9 fm\",\"description\":\"LA PRIMERA RADIO MULTIMEDIA DE TRES ARROYOS\",\"potentialAction\":[{\"@type\":\"SearchAction\",\"target\":{\"@type\":\"EntryPoint\",\"urlTemplate\":\"https:\/\/ondauno.com.ar\/?s={search_term_string}\"},\"query-input\":\"required name=search_term_string\"}],\"inLanguage\":\"es-AR\"},{\"@type\":\"Person\",\"@id\":\"https:\/\/ondauno.com.ar\/#\/schema\/person\/7ec851ddeceb4133d7d7132dc645714e\",\"name\":\"OndaUno\",\"image\":{\"@type\":\"ImageObject\",\"inLanguage\":\"es-AR\",\"@id\":\"https:\/\/ondauno.com.ar\/#\/schema\/person\/image\/\",\"url\":\"https:\/\/secure.gravatar.com\/avatar\/93b8009f0de7021f1feb2bd5b32fb9e8?s=96&d=mm&r=g\",\"contentUrl\":\"https:\/\/secure.gravatar.com\/avatar\/93b8009f0de7021f1feb2bd5b32fb9e8?s=96&d=mm&r=g\",\"caption\":\"OndaUno\"},\"url\":\"https:\/\/ondauno.com.ar\/index.php\/author\/ondauno\/\"}]}<\/script>\n<!-- \/ Yoast SEO plugin. -->","yoast_head_json":{"title":"Kicillof encabeza una misi\u00f3n comercial en Brasil - 103.9 fm","robots":{"index":"index","follow":"follow","max-snippet":"max-snippet:-1","max-image-preview":"max-image-preview:large","max-video-preview":"max-video-preview:-1"},"canonical":"https:\/\/ondauno.com.ar\/index.php\/2023\/04\/25\/kicillof-encabeza-una-mision-comercial-en-brasil\/","og_locale":"es_ES","og_type":"article","og_title":"Kicillof encabeza una misi\u00f3n comercial en Brasil - 103.9 fm","og_description":"El Gobernador se reuni\u00f3 con empresarios bonaerenses que participar\u00e1n de la feria Automec y, junto al embajador Daniel Scioli, mantuvo un encuentro de trabajo con autoridades de la Federaci\u00f3n de Industrias del Estado de San Pablo. En el marco de una misi\u00f3n comercial en Brasil, el gobernador de la provincia de Buenos Aires, Axel Kicillof, [&hellip;]","og_url":"https:\/\/ondauno.com.ar\/index.php\/2023\/04\/25\/kicillof-encabeza-una-mision-comercial-en-brasil\/","og_site_name":"103.9 fm","article_publisher":"https:\/\/www.facebook.com\/ondauno103.9","article_published_time":"2023-04-25T23:13:31+00:00","article_modified_time":"2023-04-25T23:13:41+00:00","og_image":[{"width":1500,"height":937,"url":"https:\/\/ondauno.com.ar\/wp-content\/uploads\/2023\/04\/1682445860662.jpeg","type":"image\/jpeg"}],"author":"OndaUno","twitter_card":"summary_large_image","twitter_misc":{"Escrito por":"OndaUno","Tiempo de lectura":"2 minutos"},"schema":{"@context":"https:\/\/schema.org","@graph":[{"@type":"WebPage","@id":"https:\/\/ondauno.com.ar\/index.php\/2023\/04\/25\/kicillof-encabeza-una-mision-comercial-en-brasil\/","url":"https:\/\/ondauno.com.ar\/index.php\/2023\/04\/25\/kicillof-encabeza-una-mision-comercial-en-brasil\/","name":"Kicillof encabeza una misi\u00f3n comercial en Brasil - 103.9 fm","isPartOf":{"@id":"https:\/\/ondauno.com.ar\/#website"},"datePublished":"2023-04-25T23:13:31+00:00","dateModified":"2023-04-25T23:13:41+00:00","author":{"@id":"https:\/\/ondauno.com.ar\/#\/schema\/person\/7ec851ddeceb4133d7d7132dc645714e"},"breadcrumb":{"@id":"https:\/\/ondauno.com.ar\/index.php\/2023\/04\/25\/kicillof-encabeza-una-mision-comercial-en-brasil\/#breadcrumb"},"inLanguage":"es-AR","potentialAction":[{"@type":"ReadAction","target":["https:\/\/ondauno.com.ar\/index.php\/2023\/04\/25\/kicillof-encabeza-una-mision-comercial-en-brasil\/"]}]},{"@type":"BreadcrumbList","@id":"https:\/\/ondauno.com.ar\/index.php\/2023\/04\/25\/kicillof-encabeza-una-mision-comercial-en-brasil\/#breadcrumb","itemListElement":[{"@type":"ListItem","position":1,"name":"Inicio","item":"https:\/\/ondauno.com.ar\/"},{"@type":"ListItem","position":2,"name":"Kicillof encabeza una misi\u00f3n comercial en Brasil"}]},{"@type":"WebSite","@id":"https:\/\/ondauno.com.ar\/#website","url":"https:\/\/ondauno.com.ar\/","name":"103.9 fm","description":"LA PRIMERA RADIO MULTIMEDIA DE TRES ARROYOS","potentialAction":[{"@type":"SearchAction","target":{"@type":"EntryPoint","urlTemplate":"https:\/\/ondauno.com.ar\/?s={search_term_string}"},"query-input":"required name=search_term_string"}],"inLanguage":"es-AR"},{"@type":"Person","@id":"https:\/\/ondauno.com.ar\/#\/schema\/person\/7ec851ddeceb4133d7d7132dc645714e","name":"OndaUno","image":{"@type":"ImageObject","inLanguage":"es-AR","@id":"https:\/\/ondauno.com.ar\/#\/schema\/person\/image\/","url":"https:\/\/secure.gravatar.com\/avatar\/93b8009f0de7021f1feb2bd5b32fb9e8?s=96&d=mm&r=g","contentUrl":"https:\/\/secure.gravatar.com\/avatar\/93b8009f0de7021f1feb2bd5b32fb9e8?s=96&d=mm&r=g","caption":"OndaUno"},"url":"https:\/\/ondauno.com.ar\/index.php\/author\/ondauno\/"}]}},"jetpack_publicize_connections":[],"jetpack_featured_media_url":"","jetpack_sharing_enabled":true,"_links":{"self":[{"href":"https:\/\/ondauno.com.ar\/index.php\/wp-json\/wp\/v2\/posts\/40648","targetHints":{"allow":["GET"]}}],"collection":[{"href":"https:\/\/ondauno.com.ar\/index.php\/wp-json\/wp\/v2\/posts"}],"about":[{"href":"https:\/\/ondauno.com.ar\/index.php\/wp-json\/wp\/v2\/types\/post"}],"author":[{"embeddable":true,"href":"https:\/\/ondauno.com.ar\/index.php\/wp-json\/wp\/v2\/users\/1"}],"replies":[{"embeddable":true,"href":"https:\/\/ondauno.com.ar\/index.php\/wp-json\/wp\/v2\/comments?post=40648"}],"version-history":[{"count":0,"href":"https:\/\/ondauno.com.ar\/index.php\/wp-json\/wp\/v2\/posts\/40648\/revisions"}],"wp:attachment":[{"href":"https:\/\/ondauno.com.ar\/index.php\/wp-json\/wp\/v2\/media?parent=40648"}],"wp:term":[{"taxonomy":"category","embeddable":true,"href":"https:\/\/ondauno.com.ar\/index.php\/wp-json\/wp\/v2\/categories?post=40648"},{"taxonomy":"post_tag","embeddable":true,"href":"https:\/\/ondauno.com.ar\/index.php\/wp-json\/wp\/v2\/tags?post=40648"}],"curies":[{"name":"wp","href":"https:\/\/api.w.org\/{rel}","templated":true}]}}