{"id":40492,"date":"2023-04-20T22:00:48","date_gmt":"2023-04-21T01:00:48","guid":{"rendered":"http:\/\/ondauno.com.ar\/?p=40492"},"modified":"2023-04-21T09:35:54","modified_gmt":"2023-04-21T12:35:54","slug":"tres-arroyos-la-policia-chavense-concreto-una-tercera-detencion","status":"publish","type":"post","link":"https:\/\/ondauno.com.ar\/index.php\/2023\/04\/20\/tres-arroyos-la-policia-chavense-concreto-una-tercera-detencion\/","title":{"rendered":"Tres Arroyos: la polic\u00eda chavense concret\u00f3 una tercera detenci\u00f3n"},"content":{"rendered":"<div class=\"ondau-before-content_3\" style=\"margin-top: -30px;\" id=\"ondau-637102262\"><a href=\"https:\/\/www.lps.com.ar\/\" aria-label=\"la-perse2\"><img loading=\"lazy\" decoding=\"async\" src=\"https:\/\/ondauno.com.ar\/wp-content\/uploads\/2021\/10\/la-perse2.jpg\" alt=\"\"  srcset=\"https:\/\/ondauno.com.ar\/wp-content\/uploads\/2021\/10\/la-perse2.jpg 1353w, https:\/\/ondauno.com.ar\/wp-content\/uploads\/2021\/10\/la-perse2-300x43.jpg 300w, https:\/\/ondauno.com.ar\/wp-content\/uploads\/2021\/10\/la-perse2-1024x148.jpg 1024w, https:\/\/ondauno.com.ar\/wp-content\/uploads\/2021\/10\/la-perse2-768x111.jpg 768w, https:\/\/ondauno.com.ar\/wp-content\/uploads\/2021\/10\/la-perse2-696x100.jpg 696w, https:\/\/ondauno.com.ar\/wp-content\/uploads\/2021\/10\/la-perse2-1068x154.jpg 1068w\" sizes=\"(max-width: 1353px) 100vw, 1353px\" class=\"no-lazyload\" width=\"1353\" height=\"195\"  style=\"display: inline-block;\" \/><\/a><\/div>\n<p>Personal del Gabinete de investigaciones de la polic\u00eda de Gonz\u00e1les Chaves junto con sus pares de la Subdelegaci\u00f3n de investigaciones de Tres Arroyos supervisados por el Dr. Juan Carlos Ustarroz procedieron a concretar otra detenci\u00f3n en Tres Arroyos.<\/p>\n\n\n\n<p>En el marco a la causa referida, las medidas se ordenaron en el marco de una violenta agresi\u00f3n a dos j\u00f3venes de Tres Arroyos que dej\u00f3 como saldo a un joven en terapia intensiva.<\/p>\n\n\n\n<p>Actualmente fueron detenidos Alex Daniel Quintana, Rodrigo Daniel Duartez y por \u00faltimo se concret\u00f3 la detenci\u00f3n de Brian Emanuel Moran Laurie, todos mayores de edad, que quedaron alojados como detenidos por el delito de lesiones graves agravadas y da\u00f1o.<\/p>\n\n\n\n<p>Tom\u00f3 intervenci\u00f3n la Ayudant\u00eda Fiscal de Adolfo Gonz\u00e1les Chaves a cargo del Dr. Ustarroz quien est\u00e1 evaluando si hubo otros involucrados para requerir las medidas pertinentes.<\/p>\n","protected":false},"excerpt":{"rendered":"<p>Personal del Gabinete de investigaciones de la polic\u00eda de Gonz\u00e1les Chaves junto con sus pares de la Subdelegaci\u00f3n de investigaciones de Tres Arroyos supervisados por el Dr. Juan Carlos Ustarroz procedieron a concretar otra detenci\u00f3n en Tres Arroyos. En el marco a la causa referida, las medidas se ordenaron en el marco de una violenta [&hellip;]<\/p>\n","protected":false},"author":1,"featured_media":0,"comment_status":"open","ping_status":"open","sticky":false,"template":"","format":"standard","meta":{"tdm_status":"","tdm_grid_status":"","_jetpack_memberships_contains_paid_content":false,"footnotes":"","jetpack_publicize_message":"","jetpack_publicize_feature_enabled":true,"jetpack_social_post_already_shared":true,"jetpack_social_options":{"image_generator_settings":{"template":"highway","default_image_id":0,"font":"","enabled":false},"version":2}},"categories":[29],"tags":[],"class_list":{"0":"post-40492","1":"post","2":"type-post","3":"status-publish","4":"format-standard","6":"category-policiales"},"yoast_head":"<!-- This site is optimized with the Yoast SEO plugin v22.7 - https:\/\/yoast.com\/wordpress\/plugins\/seo\/ -->\n<title>Tres Arroyos: la polic\u00eda chavense concret\u00f3 una tercera detenci\u00f3n - 103.9 fm<\/title>\n<meta name=\"robots\" content=\"index, follow, max-snippet:-1, max-image-preview:large, max-video-preview:-1\" \/>\n<link rel=\"canonical\" href=\"https:\/\/ondauno.com.ar\/index.php\/2023\/04\/20\/tres-arroyos-la-policia-chavense-concreto-una-tercera-detencion\/\" \/>\n<meta property=\"og:locale\" content=\"es_ES\" \/>\n<meta property=\"og:type\" content=\"article\" \/>\n<meta property=\"og:title\" content=\"Tres Arroyos: la polic\u00eda chavense concret\u00f3 una tercera detenci\u00f3n - 103.9 fm\" \/>\n<meta property=\"og:description\" content=\"Personal del Gabinete de investigaciones de la polic\u00eda de Gonz\u00e1les Chaves junto con sus pares de la Subdelegaci\u00f3n de investigaciones de Tres Arroyos supervisados por el Dr. Juan Carlos Ustarroz procedieron a concretar otra detenci\u00f3n en Tres Arroyos. En el marco a la causa referida, las medidas se ordenaron en el marco de una violenta [&hellip;]\" \/>\n<meta property=\"og:url\" content=\"https:\/\/ondauno.com.ar\/index.php\/2023\/04\/20\/tres-arroyos-la-policia-chavense-concreto-una-tercera-detencion\/\" \/>\n<meta property=\"og:site_name\" content=\"103.9 fm\" \/>\n<meta property=\"article:publisher\" content=\"https:\/\/www.facebook.com\/ondauno103.9\" \/>\n<meta property=\"article:published_time\" content=\"2023-04-21T01:00:48+00:00\" \/>\n<meta property=\"article:modified_time\" content=\"2023-04-21T12:35:54+00:00\" \/>\n<meta property=\"og:image\" content=\"https:\/\/ondauno.com.ar\/wp-content\/uploads\/2023\/04\/WhatsApp-Image-2023-04-20-at-21.44.21.jpeg\" \/>\n\t<meta property=\"og:image:width\" content=\"1600\" \/>\n\t<meta property=\"og:image:height\" content=\"1200\" \/>\n\t<meta property=\"og:image:type\" content=\"image\/jpeg\" \/>\n<meta name=\"author\" content=\"OndaUno\" \/>\n<meta name=\"twitter:card\" content=\"summary_large_image\" \/>\n<meta name=\"twitter:label1\" content=\"Escrito por\" \/>\n\t<meta name=\"twitter:data1\" content=\"OndaUno\" \/>\n\t<meta name=\"twitter:label2\" content=\"Tiempo de lectura\" \/>\n\t<meta name=\"twitter:data2\" content=\"1 minuto\" \/>\n<script type=\"application\/ld+json\" class=\"yoast-schema-graph\">{\"@context\":\"https:\/\/schema.org\",\"@graph\":[{\"@type\":\"WebPage\",\"@id\":\"https:\/\/ondauno.com.ar\/index.php\/2023\/04\/20\/tres-arroyos-la-policia-chavense-concreto-una-tercera-detencion\/\",\"url\":\"https:\/\/ondauno.com.ar\/index.php\/2023\/04\/20\/tres-arroyos-la-policia-chavense-concreto-una-tercera-detencion\/\",\"name\":\"Tres Arroyos: la polic\u00eda chavense concret\u00f3 una tercera detenci\u00f3n - 103.9 fm\",\"isPartOf\":{\"@id\":\"https:\/\/ondauno.com.ar\/#website\"},\"datePublished\":\"2023-04-21T01:00:48+00:00\",\"dateModified\":\"2023-04-21T12:35:54+00:00\",\"author\":{\"@id\":\"https:\/\/ondauno.com.ar\/#\/schema\/person\/7ec851ddeceb4133d7d7132dc645714e\"},\"breadcrumb\":{\"@id\":\"https:\/\/ondauno.com.ar\/index.php\/2023\/04\/20\/tres-arroyos-la-policia-chavense-concreto-una-tercera-detencion\/#breadcrumb\"},\"inLanguage\":\"es-AR\",\"potentialAction\":[{\"@type\":\"ReadAction\",\"target\":[\"https:\/\/ondauno.com.ar\/index.php\/2023\/04\/20\/tres-arroyos-la-policia-chavense-concreto-una-tercera-detencion\/\"]}]},{\"@type\":\"BreadcrumbList\",\"@id\":\"https:\/\/ondauno.com.ar\/index.php\/2023\/04\/20\/tres-arroyos-la-policia-chavense-concreto-una-tercera-detencion\/#breadcrumb\",\"itemListElement\":[{\"@type\":\"ListItem\",\"position\":1,\"name\":\"Inicio\",\"item\":\"https:\/\/ondauno.com.ar\/\"},{\"@type\":\"ListItem\",\"position\":2,\"name\":\"Tres Arroyos: la polic\u00eda chavense concret\u00f3 una tercera detenci\u00f3n\"}]},{\"@type\":\"WebSite\",\"@id\":\"https:\/\/ondauno.com.ar\/#website\",\"url\":\"https:\/\/ondauno.com.ar\/\",\"name\":\"103.9 fm\",\"description\":\"LA PRIMERA RADIO MULTIMEDIA DE TRES ARROYOS\",\"potentialAction\":[{\"@type\":\"SearchAction\",\"target\":{\"@type\":\"EntryPoint\",\"urlTemplate\":\"https:\/\/ondauno.com.ar\/?s={search_term_string}\"},\"query-input\":\"required name=search_term_string\"}],\"inLanguage\":\"es-AR\"},{\"@type\":\"Person\",\"@id\":\"https:\/\/ondauno.com.ar\/#\/schema\/person\/7ec851ddeceb4133d7d7132dc645714e\",\"name\":\"OndaUno\",\"image\":{\"@type\":\"ImageObject\",\"inLanguage\":\"es-AR\",\"@id\":\"https:\/\/ondauno.com.ar\/#\/schema\/person\/image\/\",\"url\":\"https:\/\/secure.gravatar.com\/avatar\/93b8009f0de7021f1feb2bd5b32fb9e8?s=96&d=mm&r=g\",\"contentUrl\":\"https:\/\/secure.gravatar.com\/avatar\/93b8009f0de7021f1feb2bd5b32fb9e8?s=96&d=mm&r=g\",\"caption\":\"OndaUno\"},\"url\":\"https:\/\/ondauno.com.ar\/index.php\/author\/ondauno\/\"}]}<\/script>\n<!-- \/ Yoast SEO plugin. -->","yoast_head_json":{"title":"Tres Arroyos: la polic\u00eda chavense concret\u00f3 una tercera detenci\u00f3n - 103.9 fm","robots":{"index":"index","follow":"follow","max-snippet":"max-snippet:-1","max-image-preview":"max-image-preview:large","max-video-preview":"max-video-preview:-1"},"canonical":"https:\/\/ondauno.com.ar\/index.php\/2023\/04\/20\/tres-arroyos-la-policia-chavense-concreto-una-tercera-detencion\/","og_locale":"es_ES","og_type":"article","og_title":"Tres Arroyos: la polic\u00eda chavense concret\u00f3 una tercera detenci\u00f3n - 103.9 fm","og_description":"Personal del Gabinete de investigaciones de la polic\u00eda de Gonz\u00e1les Chaves junto con sus pares de la Subdelegaci\u00f3n de investigaciones de Tres Arroyos supervisados por el Dr. Juan Carlos Ustarroz procedieron a concretar otra detenci\u00f3n en Tres Arroyos. En el marco a la causa referida, las medidas se ordenaron en el marco de una violenta [&hellip;]","og_url":"https:\/\/ondauno.com.ar\/index.php\/2023\/04\/20\/tres-arroyos-la-policia-chavense-concreto-una-tercera-detencion\/","og_site_name":"103.9 fm","article_publisher":"https:\/\/www.facebook.com\/ondauno103.9","article_published_time":"2023-04-21T01:00:48+00:00","article_modified_time":"2023-04-21T12:35:54+00:00","og_image":[{"width":1600,"height":1200,"url":"https:\/\/ondauno.com.ar\/wp-content\/uploads\/2023\/04\/WhatsApp-Image-2023-04-20-at-21.44.21.jpeg","type":"image\/jpeg"}],"author":"OndaUno","twitter_card":"summary_large_image","twitter_misc":{"Escrito por":"OndaUno","Tiempo de lectura":"1 minuto"},"schema":{"@context":"https:\/\/schema.org","@graph":[{"@type":"WebPage","@id":"https:\/\/ondauno.com.ar\/index.php\/2023\/04\/20\/tres-arroyos-la-policia-chavense-concreto-una-tercera-detencion\/","url":"https:\/\/ondauno.com.ar\/index.php\/2023\/04\/20\/tres-arroyos-la-policia-chavense-concreto-una-tercera-detencion\/","name":"Tres Arroyos: la polic\u00eda chavense concret\u00f3 una tercera detenci\u00f3n - 103.9 fm","isPartOf":{"@id":"https:\/\/ondauno.com.ar\/#website"},"datePublished":"2023-04-21T01:00:48+00:00","dateModified":"2023-04-21T12:35:54+00:00","author":{"@id":"https:\/\/ondauno.com.ar\/#\/schema\/person\/7ec851ddeceb4133d7d7132dc645714e"},"breadcrumb":{"@id":"https:\/\/ondauno.com.ar\/index.php\/2023\/04\/20\/tres-arroyos-la-policia-chavense-concreto-una-tercera-detencion\/#breadcrumb"},"inLanguage":"es-AR","potentialAction":[{"@type":"ReadAction","target":["https:\/\/ondauno.com.ar\/index.php\/2023\/04\/20\/tres-arroyos-la-policia-chavense-concreto-una-tercera-detencion\/"]}]},{"@type":"BreadcrumbList","@id":"https:\/\/ondauno.com.ar\/index.php\/2023\/04\/20\/tres-arroyos-la-policia-chavense-concreto-una-tercera-detencion\/#breadcrumb","itemListElement":[{"@type":"ListItem","position":1,"name":"Inicio","item":"https:\/\/ondauno.com.ar\/"},{"@type":"ListItem","position":2,"name":"Tres Arroyos: la polic\u00eda chavense concret\u00f3 una tercera detenci\u00f3n"}]},{"@type":"WebSite","@id":"https:\/\/ondauno.com.ar\/#website","url":"https:\/\/ondauno.com.ar\/","name":"103.9 fm","description":"LA PRIMERA RADIO MULTIMEDIA DE TRES ARROYOS","potentialAction":[{"@type":"SearchAction","target":{"@type":"EntryPoint","urlTemplate":"https:\/\/ondauno.com.ar\/?s={search_term_string}"},"query-input":"required name=search_term_string"}],"inLanguage":"es-AR"},{"@type":"Person","@id":"https:\/\/ondauno.com.ar\/#\/schema\/person\/7ec851ddeceb4133d7d7132dc645714e","name":"OndaUno","image":{"@type":"ImageObject","inLanguage":"es-AR","@id":"https:\/\/ondauno.com.ar\/#\/schema\/person\/image\/","url":"https:\/\/secure.gravatar.com\/avatar\/93b8009f0de7021f1feb2bd5b32fb9e8?s=96&d=mm&r=g","contentUrl":"https:\/\/secure.gravatar.com\/avatar\/93b8009f0de7021f1feb2bd5b32fb9e8?s=96&d=mm&r=g","caption":"OndaUno"},"url":"https:\/\/ondauno.com.ar\/index.php\/author\/ondauno\/"}]}},"jetpack_publicize_connections":[],"jetpack_featured_media_url":"","jetpack_sharing_enabled":true,"_links":{"self":[{"href":"https:\/\/ondauno.com.ar\/index.php\/wp-json\/wp\/v2\/posts\/40492","targetHints":{"allow":["GET"]}}],"collection":[{"href":"https:\/\/ondauno.com.ar\/index.php\/wp-json\/wp\/v2\/posts"}],"about":[{"href":"https:\/\/ondauno.com.ar\/index.php\/wp-json\/wp\/v2\/types\/post"}],"author":[{"embeddable":true,"href":"https:\/\/ondauno.com.ar\/index.php\/wp-json\/wp\/v2\/users\/1"}],"replies":[{"embeddable":true,"href":"https:\/\/ondauno.com.ar\/index.php\/wp-json\/wp\/v2\/comments?post=40492"}],"version-history":[{"count":0,"href":"https:\/\/ondauno.com.ar\/index.php\/wp-json\/wp\/v2\/posts\/40492\/revisions"}],"wp:attachment":[{"href":"https:\/\/ondauno.com.ar\/index.php\/wp-json\/wp\/v2\/media?parent=40492"}],"wp:term":[{"taxonomy":"category","embeddable":true,"href":"https:\/\/ondauno.com.ar\/index.php\/wp-json\/wp\/v2\/categories?post=40492"},{"taxonomy":"post_tag","embeddable":true,"href":"https:\/\/ondauno.com.ar\/index.php\/wp-json\/wp\/v2\/tags?post=40492"}],"curies":[{"name":"wp","href":"https:\/\/api.w.org\/{rel}","templated":true}]}}