{"id":39992,"date":"2023-03-29T23:23:42","date_gmt":"2023-03-30T02:23:42","guid":{"rendered":"http:\/\/ondauno.com.ar\/?p=39992"},"modified":"2023-03-29T23:27:11","modified_gmt":"2023-03-30T02:27:11","slug":"hospitalizan-a-un-motociclista-con-un-fuerte-golpe-en-la-cabez","status":"publish","type":"post","link":"https:\/\/ondauno.com.ar\/index.php\/2023\/03\/29\/hospitalizan-a-un-motociclista-con-un-fuerte-golpe-en-la-cabez\/","title":{"rendered":"Hospitalizan a un motociclista con un fuerte golpe en la cabeza"},"content":{"rendered":"<div class=\"ondau-before-content_3\" style=\"margin-top: -30px;\" id=\"ondau-1566252758\"><a href=\"https:\/\/www.lps.com.ar\/\" aria-label=\"la-perse2\"><img loading=\"lazy\" decoding=\"async\" src=\"https:\/\/ondauno.com.ar\/wp-content\/uploads\/2021\/10\/la-perse2.jpg\" alt=\"\"  srcset=\"https:\/\/ondauno.com.ar\/wp-content\/uploads\/2021\/10\/la-perse2.jpg 1353w, https:\/\/ondauno.com.ar\/wp-content\/uploads\/2021\/10\/la-perse2-300x43.jpg 300w, https:\/\/ondauno.com.ar\/wp-content\/uploads\/2021\/10\/la-perse2-1024x148.jpg 1024w, https:\/\/ondauno.com.ar\/wp-content\/uploads\/2021\/10\/la-perse2-768x111.jpg 768w, https:\/\/ondauno.com.ar\/wp-content\/uploads\/2021\/10\/la-perse2-696x100.jpg 696w, https:\/\/ondauno.com.ar\/wp-content\/uploads\/2021\/10\/la-perse2-1068x154.jpg 1068w\" sizes=\"(max-width: 1353px) 100vw, 1353px\" class=\"no-lazyload\" width=\"1353\" height=\"195\"  style=\"display: inline-block;\" \/><\/a><\/div>\n<p>Un joven motociclista fue llevado al hospital Pirovano\ndespu\u00e9s de protagonizar un accidente en los interiores de la plaza Pellegrini\n(Plaza del \u00c1rbol).<\/p>\n\n\n\n<p>El incidente habr\u00eda ocurrido en unos de los caminos\ninternos, donde est\u00e1 prohibido circular con veh\u00edculos, y en medio de una\nmaniobra riesgosa. <\/p>\n\n\n\n<p>El conductor de la moto de unos 18 a\u00f1os de edad, adem\u00e1s\nhabr\u00eda golpeado su cabeza contra un poste de alumbrado del espacio p\u00fablico.<\/p>\n\n\n\n<p>Inmediatamente se pidi\u00f3 asistencia para que fuera trasladado\nal centro p\u00fablico de salud, donde estaba recibiendo las primeras atenciones en\nmedio de un preocupante estado de salud. <\/p>\n\n\n\n<p>El motoveh\u00edculo fue llevado a la dependencia policial. <\/p>\n","protected":false},"excerpt":{"rendered":"<p>Un joven motociclista fue llevado al hospital Pirovano despu\u00e9s de protagonizar un accidente en los interiores de la plaza Pellegrini (Plaza del \u00c1rbol). El incidente habr\u00eda ocurrido en unos de los caminos internos, donde est\u00e1 prohibido circular con veh\u00edculos, y en medio de una maniobra riesgosa. El conductor de la moto de unos 18 a\u00f1os [&hellip;]<\/p>\n","protected":false},"author":1,"featured_media":16471,"comment_status":"open","ping_status":"open","sticky":false,"template":"","format":"standard","meta":{"tdm_status":"","tdm_grid_status":"","_jetpack_memberships_contains_paid_content":false,"footnotes":"","jetpack_publicize_message":"","jetpack_publicize_feature_enabled":true,"jetpack_social_post_already_shared":true,"jetpack_social_options":{"image_generator_settings":{"template":"highway","default_image_id":0,"font":"","enabled":false},"version":2}},"categories":[29],"tags":[],"class_list":{"0":"post-39992","1":"post","2":"type-post","3":"status-publish","4":"format-standard","5":"has-post-thumbnail","7":"category-policiales"},"yoast_head":"<!-- This site is optimized with the Yoast SEO plugin v22.7 - https:\/\/yoast.com\/wordpress\/plugins\/seo\/ -->\n<title>Hospitalizan a un motociclista con un fuerte golpe en la cabeza - 103.9 fm<\/title>\n<meta name=\"robots\" content=\"index, follow, max-snippet:-1, max-image-preview:large, max-video-preview:-1\" \/>\n<link rel=\"canonical\" href=\"https:\/\/ondauno.com.ar\/index.php\/2023\/03\/29\/hospitalizan-a-un-motociclista-con-un-fuerte-golpe-en-la-cabez\/\" \/>\n<meta property=\"og:locale\" content=\"es_ES\" \/>\n<meta property=\"og:type\" content=\"article\" \/>\n<meta property=\"og:title\" content=\"Hospitalizan a un motociclista con un fuerte golpe en la cabeza - 103.9 fm\" \/>\n<meta property=\"og:description\" content=\"Un joven motociclista fue llevado al hospital Pirovano despu\u00e9s de protagonizar un accidente en los interiores de la plaza Pellegrini (Plaza del \u00c1rbol). El incidente habr\u00eda ocurrido en unos de los caminos internos, donde est\u00e1 prohibido circular con veh\u00edculos, y en medio de una maniobra riesgosa. El conductor de la moto de unos 18 a\u00f1os [&hellip;]\" \/>\n<meta property=\"og:url\" content=\"https:\/\/ondauno.com.ar\/index.php\/2023\/03\/29\/hospitalizan-a-un-motociclista-con-un-fuerte-golpe-en-la-cabez\/\" \/>\n<meta property=\"og:site_name\" content=\"103.9 fm\" \/>\n<meta property=\"article:publisher\" content=\"https:\/\/www.facebook.com\/ondauno103.9\" \/>\n<meta property=\"article:published_time\" content=\"2023-03-30T02:23:42+00:00\" \/>\n<meta property=\"article:modified_time\" content=\"2023-03-30T02:27:11+00:00\" \/>\n<meta property=\"og:image\" content=\"https:\/\/ondauno.com.ar\/wp-content\/uploads\/2020\/09\/20170908173806_hospital_tres_arroyos.jpg\" \/>\n\t<meta property=\"og:image:width\" content=\"640\" \/>\n\t<meta property=\"og:image:height\" content=\"426\" \/>\n\t<meta property=\"og:image:type\" content=\"image\/jpeg\" \/>\n<meta name=\"author\" content=\"OndaUno\" \/>\n<meta name=\"twitter:card\" content=\"summary_large_image\" \/>\n<meta name=\"twitter:label1\" content=\"Escrito por\" \/>\n\t<meta name=\"twitter:data1\" content=\"OndaUno\" \/>\n\t<meta name=\"twitter:label2\" content=\"Tiempo de lectura\" \/>\n\t<meta name=\"twitter:data2\" content=\"1 minuto\" \/>\n<script type=\"application\/ld+json\" class=\"yoast-schema-graph\">{\"@context\":\"https:\/\/schema.org\",\"@graph\":[{\"@type\":\"WebPage\",\"@id\":\"https:\/\/ondauno.com.ar\/index.php\/2023\/03\/29\/hospitalizan-a-un-motociclista-con-un-fuerte-golpe-en-la-cabez\/\",\"url\":\"https:\/\/ondauno.com.ar\/index.php\/2023\/03\/29\/hospitalizan-a-un-motociclista-con-un-fuerte-golpe-en-la-cabez\/\",\"name\":\"Hospitalizan a un motociclista con un fuerte golpe en la cabeza - 103.9 fm\",\"isPartOf\":{\"@id\":\"https:\/\/ondauno.com.ar\/#website\"},\"primaryImageOfPage\":{\"@id\":\"https:\/\/ondauno.com.ar\/index.php\/2023\/03\/29\/hospitalizan-a-un-motociclista-con-un-fuerte-golpe-en-la-cabez\/#primaryimage\"},\"image\":{\"@id\":\"https:\/\/ondauno.com.ar\/index.php\/2023\/03\/29\/hospitalizan-a-un-motociclista-con-un-fuerte-golpe-en-la-cabez\/#primaryimage\"},\"thumbnailUrl\":\"https:\/\/ondauno.com.ar\/wp-content\/uploads\/2020\/09\/20170908173806_hospital_tres_arroyos.jpg\",\"datePublished\":\"2023-03-30T02:23:42+00:00\",\"dateModified\":\"2023-03-30T02:27:11+00:00\",\"author\":{\"@id\":\"https:\/\/ondauno.com.ar\/#\/schema\/person\/7ec851ddeceb4133d7d7132dc645714e\"},\"breadcrumb\":{\"@id\":\"https:\/\/ondauno.com.ar\/index.php\/2023\/03\/29\/hospitalizan-a-un-motociclista-con-un-fuerte-golpe-en-la-cabez\/#breadcrumb\"},\"inLanguage\":\"es-AR\",\"potentialAction\":[{\"@type\":\"ReadAction\",\"target\":[\"https:\/\/ondauno.com.ar\/index.php\/2023\/03\/29\/hospitalizan-a-un-motociclista-con-un-fuerte-golpe-en-la-cabez\/\"]}]},{\"@type\":\"ImageObject\",\"inLanguage\":\"es-AR\",\"@id\":\"https:\/\/ondauno.com.ar\/index.php\/2023\/03\/29\/hospitalizan-a-un-motociclista-con-un-fuerte-golpe-en-la-cabez\/#primaryimage\",\"url\":\"https:\/\/ondauno.com.ar\/wp-content\/uploads\/2020\/09\/20170908173806_hospital_tres_arroyos.jpg\",\"contentUrl\":\"https:\/\/ondauno.com.ar\/wp-content\/uploads\/2020\/09\/20170908173806_hospital_tres_arroyos.jpg\",\"width\":640,\"height\":426},{\"@type\":\"BreadcrumbList\",\"@id\":\"https:\/\/ondauno.com.ar\/index.php\/2023\/03\/29\/hospitalizan-a-un-motociclista-con-un-fuerte-golpe-en-la-cabez\/#breadcrumb\",\"itemListElement\":[{\"@type\":\"ListItem\",\"position\":1,\"name\":\"Inicio\",\"item\":\"https:\/\/ondauno.com.ar\/\"},{\"@type\":\"ListItem\",\"position\":2,\"name\":\"Hospitalizan a un motociclista con un fuerte golpe en la cabeza\"}]},{\"@type\":\"WebSite\",\"@id\":\"https:\/\/ondauno.com.ar\/#website\",\"url\":\"https:\/\/ondauno.com.ar\/\",\"name\":\"103.9 fm\",\"description\":\"LA PRIMERA RADIO MULTIMEDIA DE TRES ARROYOS\",\"potentialAction\":[{\"@type\":\"SearchAction\",\"target\":{\"@type\":\"EntryPoint\",\"urlTemplate\":\"https:\/\/ondauno.com.ar\/?s={search_term_string}\"},\"query-input\":\"required name=search_term_string\"}],\"inLanguage\":\"es-AR\"},{\"@type\":\"Person\",\"@id\":\"https:\/\/ondauno.com.ar\/#\/schema\/person\/7ec851ddeceb4133d7d7132dc645714e\",\"name\":\"OndaUno\",\"image\":{\"@type\":\"ImageObject\",\"inLanguage\":\"es-AR\",\"@id\":\"https:\/\/ondauno.com.ar\/#\/schema\/person\/image\/\",\"url\":\"https:\/\/secure.gravatar.com\/avatar\/93b8009f0de7021f1feb2bd5b32fb9e8?s=96&d=mm&r=g\",\"contentUrl\":\"https:\/\/secure.gravatar.com\/avatar\/93b8009f0de7021f1feb2bd5b32fb9e8?s=96&d=mm&r=g\",\"caption\":\"OndaUno\"},\"url\":\"https:\/\/ondauno.com.ar\/index.php\/author\/ondauno\/\"}]}<\/script>\n<!-- \/ Yoast SEO plugin. -->","yoast_head_json":{"title":"Hospitalizan a un motociclista con un fuerte golpe en la cabeza - 103.9 fm","robots":{"index":"index","follow":"follow","max-snippet":"max-snippet:-1","max-image-preview":"max-image-preview:large","max-video-preview":"max-video-preview:-1"},"canonical":"https:\/\/ondauno.com.ar\/index.php\/2023\/03\/29\/hospitalizan-a-un-motociclista-con-un-fuerte-golpe-en-la-cabez\/","og_locale":"es_ES","og_type":"article","og_title":"Hospitalizan a un motociclista con un fuerte golpe en la cabeza - 103.9 fm","og_description":"Un joven motociclista fue llevado al hospital Pirovano despu\u00e9s de protagonizar un accidente en los interiores de la plaza Pellegrini (Plaza del \u00c1rbol). El incidente habr\u00eda ocurrido en unos de los caminos internos, donde est\u00e1 prohibido circular con veh\u00edculos, y en medio de una maniobra riesgosa. El conductor de la moto de unos 18 a\u00f1os [&hellip;]","og_url":"https:\/\/ondauno.com.ar\/index.php\/2023\/03\/29\/hospitalizan-a-un-motociclista-con-un-fuerte-golpe-en-la-cabez\/","og_site_name":"103.9 fm","article_publisher":"https:\/\/www.facebook.com\/ondauno103.9","article_published_time":"2023-03-30T02:23:42+00:00","article_modified_time":"2023-03-30T02:27:11+00:00","og_image":[{"width":640,"height":426,"url":"https:\/\/ondauno.com.ar\/wp-content\/uploads\/2020\/09\/20170908173806_hospital_tres_arroyos.jpg","type":"image\/jpeg"}],"author":"OndaUno","twitter_card":"summary_large_image","twitter_misc":{"Escrito por":"OndaUno","Tiempo de lectura":"1 minuto"},"schema":{"@context":"https:\/\/schema.org","@graph":[{"@type":"WebPage","@id":"https:\/\/ondauno.com.ar\/index.php\/2023\/03\/29\/hospitalizan-a-un-motociclista-con-un-fuerte-golpe-en-la-cabez\/","url":"https:\/\/ondauno.com.ar\/index.php\/2023\/03\/29\/hospitalizan-a-un-motociclista-con-un-fuerte-golpe-en-la-cabez\/","name":"Hospitalizan a un motociclista con un fuerte golpe en la cabeza - 103.9 fm","isPartOf":{"@id":"https:\/\/ondauno.com.ar\/#website"},"primaryImageOfPage":{"@id":"https:\/\/ondauno.com.ar\/index.php\/2023\/03\/29\/hospitalizan-a-un-motociclista-con-un-fuerte-golpe-en-la-cabez\/#primaryimage"},"image":{"@id":"https:\/\/ondauno.com.ar\/index.php\/2023\/03\/29\/hospitalizan-a-un-motociclista-con-un-fuerte-golpe-en-la-cabez\/#primaryimage"},"thumbnailUrl":"https:\/\/ondauno.com.ar\/wp-content\/uploads\/2020\/09\/20170908173806_hospital_tres_arroyos.jpg","datePublished":"2023-03-30T02:23:42+00:00","dateModified":"2023-03-30T02:27:11+00:00","author":{"@id":"https:\/\/ondauno.com.ar\/#\/schema\/person\/7ec851ddeceb4133d7d7132dc645714e"},"breadcrumb":{"@id":"https:\/\/ondauno.com.ar\/index.php\/2023\/03\/29\/hospitalizan-a-un-motociclista-con-un-fuerte-golpe-en-la-cabez\/#breadcrumb"},"inLanguage":"es-AR","potentialAction":[{"@type":"ReadAction","target":["https:\/\/ondauno.com.ar\/index.php\/2023\/03\/29\/hospitalizan-a-un-motociclista-con-un-fuerte-golpe-en-la-cabez\/"]}]},{"@type":"ImageObject","inLanguage":"es-AR","@id":"https:\/\/ondauno.com.ar\/index.php\/2023\/03\/29\/hospitalizan-a-un-motociclista-con-un-fuerte-golpe-en-la-cabez\/#primaryimage","url":"https:\/\/ondauno.com.ar\/wp-content\/uploads\/2020\/09\/20170908173806_hospital_tres_arroyos.jpg","contentUrl":"https:\/\/ondauno.com.ar\/wp-content\/uploads\/2020\/09\/20170908173806_hospital_tres_arroyos.jpg","width":640,"height":426},{"@type":"BreadcrumbList","@id":"https:\/\/ondauno.com.ar\/index.php\/2023\/03\/29\/hospitalizan-a-un-motociclista-con-un-fuerte-golpe-en-la-cabez\/#breadcrumb","itemListElement":[{"@type":"ListItem","position":1,"name":"Inicio","item":"https:\/\/ondauno.com.ar\/"},{"@type":"ListItem","position":2,"name":"Hospitalizan a un motociclista con un fuerte golpe en la cabeza"}]},{"@type":"WebSite","@id":"https:\/\/ondauno.com.ar\/#website","url":"https:\/\/ondauno.com.ar\/","name":"103.9 fm","description":"LA PRIMERA RADIO MULTIMEDIA DE TRES ARROYOS","potentialAction":[{"@type":"SearchAction","target":{"@type":"EntryPoint","urlTemplate":"https:\/\/ondauno.com.ar\/?s={search_term_string}"},"query-input":"required name=search_term_string"}],"inLanguage":"es-AR"},{"@type":"Person","@id":"https:\/\/ondauno.com.ar\/#\/schema\/person\/7ec851ddeceb4133d7d7132dc645714e","name":"OndaUno","image":{"@type":"ImageObject","inLanguage":"es-AR","@id":"https:\/\/ondauno.com.ar\/#\/schema\/person\/image\/","url":"https:\/\/secure.gravatar.com\/avatar\/93b8009f0de7021f1feb2bd5b32fb9e8?s=96&d=mm&r=g","contentUrl":"https:\/\/secure.gravatar.com\/avatar\/93b8009f0de7021f1feb2bd5b32fb9e8?s=96&d=mm&r=g","caption":"OndaUno"},"url":"https:\/\/ondauno.com.ar\/index.php\/author\/ondauno\/"}]}},"jetpack_publicize_connections":[],"jetpack_featured_media_url":"https:\/\/ondauno.com.ar\/wp-content\/uploads\/2020\/09\/20170908173806_hospital_tres_arroyos.jpg","jetpack_sharing_enabled":true,"_links":{"self":[{"href":"https:\/\/ondauno.com.ar\/index.php\/wp-json\/wp\/v2\/posts\/39992","targetHints":{"allow":["GET"]}}],"collection":[{"href":"https:\/\/ondauno.com.ar\/index.php\/wp-json\/wp\/v2\/posts"}],"about":[{"href":"https:\/\/ondauno.com.ar\/index.php\/wp-json\/wp\/v2\/types\/post"}],"author":[{"embeddable":true,"href":"https:\/\/ondauno.com.ar\/index.php\/wp-json\/wp\/v2\/users\/1"}],"replies":[{"embeddable":true,"href":"https:\/\/ondauno.com.ar\/index.php\/wp-json\/wp\/v2\/comments?post=39992"}],"version-history":[{"count":0,"href":"https:\/\/ondauno.com.ar\/index.php\/wp-json\/wp\/v2\/posts\/39992\/revisions"}],"wp:featuredmedia":[{"embeddable":true,"href":"https:\/\/ondauno.com.ar\/index.php\/wp-json\/wp\/v2\/media\/16471"}],"wp:attachment":[{"href":"https:\/\/ondauno.com.ar\/index.php\/wp-json\/wp\/v2\/media?parent=39992"}],"wp:term":[{"taxonomy":"category","embeddable":true,"href":"https:\/\/ondauno.com.ar\/index.php\/wp-json\/wp\/v2\/categories?post=39992"},{"taxonomy":"post_tag","embeddable":true,"href":"https:\/\/ondauno.com.ar\/index.php\/wp-json\/wp\/v2\/tags?post=39992"}],"curies":[{"name":"wp","href":"https:\/\/api.w.org\/{rel}","templated":true}]}}