{"id":39944,"date":"2023-03-27T21:37:17","date_gmt":"2023-03-28T00:37:17","guid":{"rendered":"http:\/\/ondauno.com.ar\/?p=39944"},"modified":"2023-03-27T21:37:18","modified_gmt":"2023-03-28T00:37:18","slug":"la-provincia-anuncio-la-revalorizacion-de-honorarios-medicos-y-presento-programas-para-ampliar-las-prestaciones-de-ioma","status":"publish","type":"post","link":"https:\/\/ondauno.com.ar\/index.php\/2023\/03\/27\/la-provincia-anuncio-la-revalorizacion-de-honorarios-medicos-y-presento-programas-para-ampliar-las-prestaciones-de-ioma\/","title":{"rendered":"La Provincia anunci\u00f3 la revalorizaci\u00f3n de honorarios m\u00e9dicos y present\u00f3 programas para ampliar las prestaciones de IOMA"},"content":{"rendered":"<div class=\"ondau-before-content_3\" style=\"margin-top: -30px;\" id=\"ondau-3751962107\"><a href=\"https:\/\/www.lps.com.ar\/\" aria-label=\"la-perse2\"><img loading=\"lazy\" decoding=\"async\" src=\"https:\/\/ondauno.com.ar\/wp-content\/uploads\/2021\/10\/la-perse2.jpg\" alt=\"\"  srcset=\"https:\/\/ondauno.com.ar\/wp-content\/uploads\/2021\/10\/la-perse2.jpg 1353w, https:\/\/ondauno.com.ar\/wp-content\/uploads\/2021\/10\/la-perse2-300x43.jpg 300w, https:\/\/ondauno.com.ar\/wp-content\/uploads\/2021\/10\/la-perse2-1024x148.jpg 1024w, https:\/\/ondauno.com.ar\/wp-content\/uploads\/2021\/10\/la-perse2-768x111.jpg 768w, https:\/\/ondauno.com.ar\/wp-content\/uploads\/2021\/10\/la-perse2-696x100.jpg 696w, https:\/\/ondauno.com.ar\/wp-content\/uploads\/2021\/10\/la-perse2-1068x154.jpg 1068w\" sizes=\"(max-width: 1353px) 100vw, 1353px\" class=\"no-lazyload\" width=\"1353\" height=\"195\"  style=\"display: inline-block;\" \/><\/a><\/div>\n<p>El gobernador de la provincia de Buenos Aires, Axel Kicillof, encabez\u00f3 este lunes el acto de anuncio de revalorizaci\u00f3n de honorarios m\u00e9dicos y presentaci\u00f3n de programas que ampliar\u00e1n las prestaciones de IOMA, junto al ministro de Salud, Nicol\u00e1s Kreplak, y el presidente de la instituci\u00f3n, Homero Giles.<\/p>\n\n\n\n<p>Desde el Sal\u00f3n Dorado de la Casa de Gobierno, Kicillof destac\u00f3 que \u201cfrente a los mensajes irresponsables de quienes intentan utilizar la salud con fines electorales, nosotros respondemos con un enorme esfuerzo para recuperar a una instituci\u00f3n como IOMA, a la que despu\u00e9s de cuatro a\u00f1os de abandono hab\u00edan dejado en una situaci\u00f3n muy delicada\u201d. \u201cLa recibimos con d\u00e9ficit econ\u00f3mico, deudas acumuladas por cinco meses y retraso en la actualizaci\u00f3n de las prestaciones, muestra de una gesti\u00f3n con falta de empat\u00eda y, sobre todo, desprecio por lo p\u00fablico\u201d, a\u00f1adi\u00f3.<\/p>\n\n\n\n<p>La revalorizaci\u00f3n de los honorarios m\u00e9dicos incluye un aumento del 20% a partir del 1\u00b0 de marzo pasado y un adicional del 25% para especialistas categor\u00eda B y del 45% para categor\u00eda C, que representan el 70% de las consultas.  Con un presupuesto anual de $5.765 millones, se optimiza de esta forma la posici\u00f3n de IOMA en el mercado como financiador de consultas, al ubicarse en el tercer lugar de las prepagas que mejores honorarios abonan.<br>\n\u201cCreemos fervientemente que la salud es un derecho y que su acceso no puede depender del ingreso y de d\u00f3nde viva cada uno de nosotros, sino que debe ser universal y solidaria\u201d, afirm\u00f3 Kreplak y agreg\u00f3: \u201cPor eso trabajamos en la recuperaci\u00f3n del IOMA y del sector p\u00fablico mediante una inversi\u00f3n hist\u00f3rica que nos permite mejorar salarios, equipar hospitales e integrar el sistema para garantizar una mejor capacidad de respuesta en beneficio de nuestro pueblo\u201d.<br>\nPara el lanzamiento del Plan de Medicamentos Esenciales se invertir\u00e1n $4.900 millones durante 2023, con el objeto de brindar una cobertura del 100% en 957 prestaciones vinculadas a tratamientos cr\u00f3nicos y reducir el gasto de bolsillo de 151 mil personas afiliadas. Entre las enfermedades m\u00e1s prevalentes se encuentran la hipertensi\u00f3n arterial, dislipemias, diabetes y afecciones respiratorias.<\/p>\n\n\n\n<p>Asimismo, se present\u00f3 el programa J\u00f3venes con IOMA, que proyecta la apertura de la afiliaci\u00f3n voluntaria de personas de entre 18 y 35 a\u00f1os a partir de abril. El tr\u00e1mite ser\u00e1 100% digital y la cobertura alcanzar\u00e1 tambi\u00e9n a hijos e hijas, en tanto que ser\u00e1 \u00fatil adem\u00e1s para descomprimir el subsistema p\u00fablico de atenci\u00f3n en hospitales provinciales y Centros de Atenci\u00f3n Primaria de la Salud (CAPS).<\/p>\n\n\n\n<p>En tanto, Giles indic\u00f3: \u201cEstamos presentando un trabajo que es resultado de mucho esfuerzo con el que hemos podido revertir la situaci\u00f3n tan dif\u00edcil en la que encontramos al IOMA, donde hab\u00eda retrasos de hasta 20 meses en los pagos con algunos prestadores\u201d. Asimismo, hizo hincapi\u00e9 en \u201cla presencia de agrupaciones m\u00e9dicas y afiliados, que nos demuestra que a\u00fan sabiendo que falta mucho por hacer, estamos en la direcci\u00f3n correcta\u201d. Estuvieron presentes autoridades de AMP, FEMEBA, FEMECON, ATE, UPCN, AJB, SUTEBA, AJAMOB y CICOP.<\/p>\n\n\n\n<p>\u201cEn este periodo ya hemos superado el d\u00e9ficit gracias a una administraci\u00f3n responsable, bajamos la deuda, actualizamos las prestaciones seg\u00fan la inflaci\u00f3n e implementamos IOMA digital, lo que que nos permiti\u00f3 reducir la demora de los tr\u00e1mites de 6 meses a 7 d\u00edas\u201d, expres\u00f3 Kicillof y concluy\u00f3: \u201cSabemos que falta mucho y que es un proceso que lleva tiempo. Con orgullo y sentido de pertenencia, estamos dando pasos para levantar la salud: nosotros vinimos a levantar el IOMA\u201d.<\/p>\n\n\n\n<p>Participaron la ministra de Mujeres, Pol\u00edticas de G\u00e9nero y Diversidad Sexual, Estela D\u00edaz; la presidenta del Instituto Cultural, Florencia Saintout; el jefe de Gabinete del Ministerio de Salud, Salvador Giorgi; la subsecretaria de Gesti\u00f3n de la Informaci\u00f3n, Educaci\u00f3n Permanente y Fiscalizaci\u00f3n, Leticia Ceriani; el vicepresidente de IOMA, Mariano Cardelli; el diputado nacional Daniel Gollan; las legisladoras provinciales Roxana L\u00f3pez y Luc\u00eda Ia\u00f1ez; y el secretario general de ATE Buenos Aires, Oscar De Isasi.<\/p>\n","protected":false},"excerpt":{"rendered":"<p>El gobernador de la provincia de Buenos Aires, Axel Kicillof, encabez\u00f3 este lunes el acto de anuncio de revalorizaci\u00f3n de honorarios m\u00e9dicos y presentaci\u00f3n de programas que ampliar\u00e1n las prestaciones de IOMA, junto al ministro de Salud, Nicol\u00e1s Kreplak, y el presidente de la instituci\u00f3n, Homero Giles. Desde el Sal\u00f3n Dorado de la Casa de [&hellip;]<\/p>\n","protected":false},"author":1,"featured_media":0,"comment_status":"open","ping_status":"open","sticky":false,"template":"","format":"standard","meta":{"tdm_status":"","tdm_grid_status":"","_jetpack_memberships_contains_paid_content":false,"footnotes":"","jetpack_publicize_message":"","jetpack_publicize_feature_enabled":true,"jetpack_social_post_already_shared":true,"jetpack_social_options":{"image_generator_settings":{"template":"highway","default_image_id":0,"font":"","enabled":false},"version":2}},"categories":[30],"tags":[],"class_list":{"0":"post-39944","1":"post","2":"type-post","3":"status-publish","4":"format-standard","6":"category-provinciales"},"yoast_head":"<!-- This site is optimized with the Yoast SEO plugin v22.7 - https:\/\/yoast.com\/wordpress\/plugins\/seo\/ -->\n<title>La Provincia anunci\u00f3 la revalorizaci\u00f3n de honorarios m\u00e9dicos y present\u00f3 programas para ampliar las prestaciones de IOMA - 103.9 fm<\/title>\n<meta name=\"robots\" content=\"index, follow, max-snippet:-1, max-image-preview:large, max-video-preview:-1\" \/>\n<link rel=\"canonical\" href=\"https:\/\/ondauno.com.ar\/index.php\/2023\/03\/27\/la-provincia-anuncio-la-revalorizacion-de-honorarios-medicos-y-presento-programas-para-ampliar-las-prestaciones-de-ioma\/\" \/>\n<meta property=\"og:locale\" content=\"es_ES\" \/>\n<meta property=\"og:type\" content=\"article\" \/>\n<meta property=\"og:title\" content=\"La Provincia anunci\u00f3 la revalorizaci\u00f3n de honorarios m\u00e9dicos y present\u00f3 programas para ampliar las prestaciones de IOMA - 103.9 fm\" \/>\n<meta property=\"og:description\" content=\"El gobernador de la provincia de Buenos Aires, Axel Kicillof, encabez\u00f3 este lunes el acto de anuncio de revalorizaci\u00f3n de honorarios m\u00e9dicos y presentaci\u00f3n de programas que ampliar\u00e1n las prestaciones de IOMA, junto al ministro de Salud, Nicol\u00e1s Kreplak, y el presidente de la instituci\u00f3n, Homero Giles. Desde el Sal\u00f3n Dorado de la Casa de [&hellip;]\" \/>\n<meta property=\"og:url\" content=\"https:\/\/ondauno.com.ar\/index.php\/2023\/03\/27\/la-provincia-anuncio-la-revalorizacion-de-honorarios-medicos-y-presento-programas-para-ampliar-las-prestaciones-de-ioma\/\" \/>\n<meta property=\"og:site_name\" content=\"103.9 fm\" \/>\n<meta property=\"article:publisher\" content=\"https:\/\/www.facebook.com\/ondauno103.9\" \/>\n<meta property=\"article:published_time\" content=\"2023-03-28T00:37:17+00:00\" \/>\n<meta property=\"article:modified_time\" content=\"2023-03-28T00:37:18+00:00\" \/>\n<meta property=\"og:image\" content=\"https:\/\/ondauno.com.ar\/wp-content\/uploads\/2021\/02\/kici.jpg\" \/>\n\t<meta property=\"og:image:width\" content=\"765\" \/>\n\t<meta property=\"og:image:height\" content=\"525\" \/>\n\t<meta property=\"og:image:type\" content=\"image\/jpeg\" \/>\n<meta name=\"author\" content=\"OndaUno\" \/>\n<meta name=\"twitter:card\" content=\"summary_large_image\" \/>\n<meta name=\"twitter:label1\" content=\"Escrito por\" \/>\n\t<meta name=\"twitter:data1\" content=\"OndaUno\" \/>\n\t<meta name=\"twitter:label2\" content=\"Tiempo de lectura\" \/>\n\t<meta name=\"twitter:data2\" content=\"3 minutos\" \/>\n<script type=\"application\/ld+json\" class=\"yoast-schema-graph\">{\"@context\":\"https:\/\/schema.org\",\"@graph\":[{\"@type\":\"WebPage\",\"@id\":\"https:\/\/ondauno.com.ar\/index.php\/2023\/03\/27\/la-provincia-anuncio-la-revalorizacion-de-honorarios-medicos-y-presento-programas-para-ampliar-las-prestaciones-de-ioma\/\",\"url\":\"https:\/\/ondauno.com.ar\/index.php\/2023\/03\/27\/la-provincia-anuncio-la-revalorizacion-de-honorarios-medicos-y-presento-programas-para-ampliar-las-prestaciones-de-ioma\/\",\"name\":\"La Provincia anunci\u00f3 la revalorizaci\u00f3n de honorarios m\u00e9dicos y present\u00f3 programas para ampliar las prestaciones de IOMA - 103.9 fm\",\"isPartOf\":{\"@id\":\"https:\/\/ondauno.com.ar\/#website\"},\"datePublished\":\"2023-03-28T00:37:17+00:00\",\"dateModified\":\"2023-03-28T00:37:18+00:00\",\"author\":{\"@id\":\"https:\/\/ondauno.com.ar\/#\/schema\/person\/7ec851ddeceb4133d7d7132dc645714e\"},\"breadcrumb\":{\"@id\":\"https:\/\/ondauno.com.ar\/index.php\/2023\/03\/27\/la-provincia-anuncio-la-revalorizacion-de-honorarios-medicos-y-presento-programas-para-ampliar-las-prestaciones-de-ioma\/#breadcrumb\"},\"inLanguage\":\"es-AR\",\"potentialAction\":[{\"@type\":\"ReadAction\",\"target\":[\"https:\/\/ondauno.com.ar\/index.php\/2023\/03\/27\/la-provincia-anuncio-la-revalorizacion-de-honorarios-medicos-y-presento-programas-para-ampliar-las-prestaciones-de-ioma\/\"]}]},{\"@type\":\"BreadcrumbList\",\"@id\":\"https:\/\/ondauno.com.ar\/index.php\/2023\/03\/27\/la-provincia-anuncio-la-revalorizacion-de-honorarios-medicos-y-presento-programas-para-ampliar-las-prestaciones-de-ioma\/#breadcrumb\",\"itemListElement\":[{\"@type\":\"ListItem\",\"position\":1,\"name\":\"Inicio\",\"item\":\"https:\/\/ondauno.com.ar\/\"},{\"@type\":\"ListItem\",\"position\":2,\"name\":\"La Provincia anunci\u00f3 la revalorizaci\u00f3n de honorarios m\u00e9dicos y present\u00f3 programas para ampliar las prestaciones de IOMA\"}]},{\"@type\":\"WebSite\",\"@id\":\"https:\/\/ondauno.com.ar\/#website\",\"url\":\"https:\/\/ondauno.com.ar\/\",\"name\":\"103.9 fm\",\"description\":\"LA PRIMERA RADIO MULTIMEDIA DE TRES ARROYOS\",\"potentialAction\":[{\"@type\":\"SearchAction\",\"target\":{\"@type\":\"EntryPoint\",\"urlTemplate\":\"https:\/\/ondauno.com.ar\/?s={search_term_string}\"},\"query-input\":\"required name=search_term_string\"}],\"inLanguage\":\"es-AR\"},{\"@type\":\"Person\",\"@id\":\"https:\/\/ondauno.com.ar\/#\/schema\/person\/7ec851ddeceb4133d7d7132dc645714e\",\"name\":\"OndaUno\",\"image\":{\"@type\":\"ImageObject\",\"inLanguage\":\"es-AR\",\"@id\":\"https:\/\/ondauno.com.ar\/#\/schema\/person\/image\/\",\"url\":\"https:\/\/secure.gravatar.com\/avatar\/93b8009f0de7021f1feb2bd5b32fb9e8?s=96&d=mm&r=g\",\"contentUrl\":\"https:\/\/secure.gravatar.com\/avatar\/93b8009f0de7021f1feb2bd5b32fb9e8?s=96&d=mm&r=g\",\"caption\":\"OndaUno\"},\"url\":\"https:\/\/ondauno.com.ar\/index.php\/author\/ondauno\/\"}]}<\/script>\n<!-- \/ Yoast SEO plugin. -->","yoast_head_json":{"title":"La Provincia anunci\u00f3 la revalorizaci\u00f3n de honorarios m\u00e9dicos y present\u00f3 programas para ampliar las prestaciones de IOMA - 103.9 fm","robots":{"index":"index","follow":"follow","max-snippet":"max-snippet:-1","max-image-preview":"max-image-preview:large","max-video-preview":"max-video-preview:-1"},"canonical":"https:\/\/ondauno.com.ar\/index.php\/2023\/03\/27\/la-provincia-anuncio-la-revalorizacion-de-honorarios-medicos-y-presento-programas-para-ampliar-las-prestaciones-de-ioma\/","og_locale":"es_ES","og_type":"article","og_title":"La Provincia anunci\u00f3 la revalorizaci\u00f3n de honorarios m\u00e9dicos y present\u00f3 programas para ampliar las prestaciones de IOMA - 103.9 fm","og_description":"El gobernador de la provincia de Buenos Aires, Axel Kicillof, encabez\u00f3 este lunes el acto de anuncio de revalorizaci\u00f3n de honorarios m\u00e9dicos y presentaci\u00f3n de programas que ampliar\u00e1n las prestaciones de IOMA, junto al ministro de Salud, Nicol\u00e1s Kreplak, y el presidente de la instituci\u00f3n, Homero Giles. Desde el Sal\u00f3n Dorado de la Casa de [&hellip;]","og_url":"https:\/\/ondauno.com.ar\/index.php\/2023\/03\/27\/la-provincia-anuncio-la-revalorizacion-de-honorarios-medicos-y-presento-programas-para-ampliar-las-prestaciones-de-ioma\/","og_site_name":"103.9 fm","article_publisher":"https:\/\/www.facebook.com\/ondauno103.9","article_published_time":"2023-03-28T00:37:17+00:00","article_modified_time":"2023-03-28T00:37:18+00:00","og_image":[{"width":765,"height":525,"url":"https:\/\/ondauno.com.ar\/wp-content\/uploads\/2021\/02\/kici.jpg","type":"image\/jpeg"}],"author":"OndaUno","twitter_card":"summary_large_image","twitter_misc":{"Escrito por":"OndaUno","Tiempo de lectura":"3 minutos"},"schema":{"@context":"https:\/\/schema.org","@graph":[{"@type":"WebPage","@id":"https:\/\/ondauno.com.ar\/index.php\/2023\/03\/27\/la-provincia-anuncio-la-revalorizacion-de-honorarios-medicos-y-presento-programas-para-ampliar-las-prestaciones-de-ioma\/","url":"https:\/\/ondauno.com.ar\/index.php\/2023\/03\/27\/la-provincia-anuncio-la-revalorizacion-de-honorarios-medicos-y-presento-programas-para-ampliar-las-prestaciones-de-ioma\/","name":"La Provincia anunci\u00f3 la revalorizaci\u00f3n de honorarios m\u00e9dicos y present\u00f3 programas para ampliar las prestaciones de IOMA - 103.9 fm","isPartOf":{"@id":"https:\/\/ondauno.com.ar\/#website"},"datePublished":"2023-03-28T00:37:17+00:00","dateModified":"2023-03-28T00:37:18+00:00","author":{"@id":"https:\/\/ondauno.com.ar\/#\/schema\/person\/7ec851ddeceb4133d7d7132dc645714e"},"breadcrumb":{"@id":"https:\/\/ondauno.com.ar\/index.php\/2023\/03\/27\/la-provincia-anuncio-la-revalorizacion-de-honorarios-medicos-y-presento-programas-para-ampliar-las-prestaciones-de-ioma\/#breadcrumb"},"inLanguage":"es-AR","potentialAction":[{"@type":"ReadAction","target":["https:\/\/ondauno.com.ar\/index.php\/2023\/03\/27\/la-provincia-anuncio-la-revalorizacion-de-honorarios-medicos-y-presento-programas-para-ampliar-las-prestaciones-de-ioma\/"]}]},{"@type":"BreadcrumbList","@id":"https:\/\/ondauno.com.ar\/index.php\/2023\/03\/27\/la-provincia-anuncio-la-revalorizacion-de-honorarios-medicos-y-presento-programas-para-ampliar-las-prestaciones-de-ioma\/#breadcrumb","itemListElement":[{"@type":"ListItem","position":1,"name":"Inicio","item":"https:\/\/ondauno.com.ar\/"},{"@type":"ListItem","position":2,"name":"La Provincia anunci\u00f3 la revalorizaci\u00f3n de honorarios m\u00e9dicos y present\u00f3 programas para ampliar las prestaciones de IOMA"}]},{"@type":"WebSite","@id":"https:\/\/ondauno.com.ar\/#website","url":"https:\/\/ondauno.com.ar\/","name":"103.9 fm","description":"LA PRIMERA RADIO MULTIMEDIA DE TRES ARROYOS","potentialAction":[{"@type":"SearchAction","target":{"@type":"EntryPoint","urlTemplate":"https:\/\/ondauno.com.ar\/?s={search_term_string}"},"query-input":"required name=search_term_string"}],"inLanguage":"es-AR"},{"@type":"Person","@id":"https:\/\/ondauno.com.ar\/#\/schema\/person\/7ec851ddeceb4133d7d7132dc645714e","name":"OndaUno","image":{"@type":"ImageObject","inLanguage":"es-AR","@id":"https:\/\/ondauno.com.ar\/#\/schema\/person\/image\/","url":"https:\/\/secure.gravatar.com\/avatar\/93b8009f0de7021f1feb2bd5b32fb9e8?s=96&d=mm&r=g","contentUrl":"https:\/\/secure.gravatar.com\/avatar\/93b8009f0de7021f1feb2bd5b32fb9e8?s=96&d=mm&r=g","caption":"OndaUno"},"url":"https:\/\/ondauno.com.ar\/index.php\/author\/ondauno\/"}]}},"jetpack_publicize_connections":[],"jetpack_featured_media_url":"","jetpack_sharing_enabled":true,"_links":{"self":[{"href":"https:\/\/ondauno.com.ar\/index.php\/wp-json\/wp\/v2\/posts\/39944","targetHints":{"allow":["GET"]}}],"collection":[{"href":"https:\/\/ondauno.com.ar\/index.php\/wp-json\/wp\/v2\/posts"}],"about":[{"href":"https:\/\/ondauno.com.ar\/index.php\/wp-json\/wp\/v2\/types\/post"}],"author":[{"embeddable":true,"href":"https:\/\/ondauno.com.ar\/index.php\/wp-json\/wp\/v2\/users\/1"}],"replies":[{"embeddable":true,"href":"https:\/\/ondauno.com.ar\/index.php\/wp-json\/wp\/v2\/comments?post=39944"}],"version-history":[{"count":0,"href":"https:\/\/ondauno.com.ar\/index.php\/wp-json\/wp\/v2\/posts\/39944\/revisions"}],"wp:attachment":[{"href":"https:\/\/ondauno.com.ar\/index.php\/wp-json\/wp\/v2\/media?parent=39944"}],"wp:term":[{"taxonomy":"category","embeddable":true,"href":"https:\/\/ondauno.com.ar\/index.php\/wp-json\/wp\/v2\/categories?post=39944"},{"taxonomy":"post_tag","embeddable":true,"href":"https:\/\/ondauno.com.ar\/index.php\/wp-json\/wp\/v2\/tags?post=39944"}],"curies":[{"name":"wp","href":"https:\/\/api.w.org\/{rel}","templated":true}]}}