{"id":39890,"date":"2023-03-23T23:10:47","date_gmt":"2023-03-24T02:10:47","guid":{"rendered":"http:\/\/ondauno.com.ar\/?p=39890"},"modified":"2023-03-23T23:10:58","modified_gmt":"2023-03-24T02:10:58","slug":"pablo-garate-tres-arroyos-deberia-animarse-a-mas","status":"publish","type":"post","link":"https:\/\/ondauno.com.ar\/index.php\/2023\/03\/23\/pablo-garate-tres-arroyos-deberia-animarse-a-mas\/","title":{"rendered":"Pablo Garate: \u201cTres Arroyos deber\u00eda animarse a m\u00e1s\u201d"},"content":{"rendered":"<div class=\"ondau-before-content_3\" style=\"margin-top: -30px;\" id=\"ondau-1622201800\"><a href=\"https:\/\/www.lps.com.ar\/\" aria-label=\"la-perse2\"><img loading=\"lazy\" decoding=\"async\" src=\"https:\/\/ondauno.com.ar\/wp-content\/uploads\/2021\/10\/la-perse2.jpg\" alt=\"\"  srcset=\"https:\/\/ondauno.com.ar\/wp-content\/uploads\/2021\/10\/la-perse2.jpg 1353w, https:\/\/ondauno.com.ar\/wp-content\/uploads\/2021\/10\/la-perse2-300x43.jpg 300w, https:\/\/ondauno.com.ar\/wp-content\/uploads\/2021\/10\/la-perse2-1024x148.jpg 1024w, https:\/\/ondauno.com.ar\/wp-content\/uploads\/2021\/10\/la-perse2-768x111.jpg 768w, https:\/\/ondauno.com.ar\/wp-content\/uploads\/2021\/10\/la-perse2-696x100.jpg 696w, https:\/\/ondauno.com.ar\/wp-content\/uploads\/2021\/10\/la-perse2-1068x154.jpg 1068w\" sizes=\"(max-width: 1353px) 100vw, 1353px\" class=\"no-lazyload\" width=\"1353\" height=\"195\"  style=\"display: inline-block;\" \/><\/a><\/div>\n<p class=\"has-small-font-size\"><strong><em>Pablo Garate en Cosas que pasan<\/em><\/strong><\/p>\n\n\n\n<p>El presidente del Fondo de Capital Social y dirigente del justicialismo tresarroyense, Pablo Garate dijo en Cosas que pasan que \u201cestamos en un momento donde Tres Arroyos deber\u00eda animarse a m\u00e1s\u201d.<\/p>\n\n\n\n<p>El tambi\u00e9n ex diputado bonaerense del Frente de Todos propuso una serie de alternativas y propuestas desde su espacio, para el futuro del distrito, en un a\u00f1o de importantes definiciones pol\u00edticas y de elecciones generales.<\/p>\n\n\n\n<p>Adelant\u00f3 en este sentido algunos ejemplos de pol\u00edticas p\u00fablicas a tomar en temas como seguridad, tr\u00e1nsito, educaci\u00f3n y parque industrial, estrictamente para el distrito.<\/p>\n\n\n\n<p>\u201cHay que tener una estrategia de seguridad local que hoy no tenemos, y que tiene que ver con tener estad\u00edsticas para generar prevenci\u00f3n\u201d, pero tambi\u00e9n para capacitar al personal de la Patrulla Urbana, por ejemplo seg\u00fan mencion\u00f3.<\/p>\n\n\n\n<p>Tambi\u00e9n propuso aplicar estrategias para ocupar espacios p\u00fablicos, donde ocurren delitos, como por ejemplo en plazas c\u00e9ntricas y barriales.<\/p>\n\n\n\n<p>Igualmente puso \u00e9nfasis en el \u201cmantenimiento de la comisaria\u201d, un hist\u00f3rico reclamo que el concejal de Todos, Pity Federico, ha hecho desde el Concejo Deliberante.<\/p>\n\n\n\n<p>Aplicando medidas desde los municipios hay administraciones que logran que sus vecinos se \u201csientan m\u00e1s protegidos\u201d, dijo Garate que tambi\u00e9n sugiri\u00f3 que es momento de contar con una oficina de defensa para las v\u00edctimas de hechos de inseguridad.<\/p>\n\n\n\n<p>Pero tambi\u00e9n sostuvo que desde un gobierno municipal se debe \u201ctriangular\u201d con la justicia y la polic\u00eda, para evitar que la inseguridad se potencie con estos estamentos funcionando de manera estancada.<\/p>\n\n\n\n<p>\u201cEstamos en un momento donde Tres Arroyos deber\u00eda animarse a m\u00e1s\u201d, insisti\u00f3 Garate quien se manifest\u00f3 en favor de \u201ccambiar las cosas que est\u00e1n mal\u201d, pero sobre todo a \u201cconstruir\u201d sobre lo que s\u00ed se hizo bien. \u201cHay que animarse a crecer m\u00e1s\u201d, afirm\u00f3.<\/p>\n\n\n\n<p>En este sentido puso como ejemplo al parque industrial, sobre el cual considera que se debe \u201cconstruir un polo log\u00edstico, una incubadora de emprendimientos, y hasta relacionarnos con Bah\u00eda Blanca que tiene uno de los mejores puertos del pa\u00eds\u201d.<\/p>\n\n\n\n<p>\u201cCuando uno mira el CRESTA est\u00e1 muy bien\u201d, pero el dirigente del peronismo tresarroyense propuso \u201cpelear por m\u00e1s, queremos tener una universidad nacional\u201d.<\/p>\n\n\n\n<p>\u201cAnimarse a m\u00e1s tiene que ver con que tenemos un mont\u00f3n de d\u00e9ficits como en salud\u201d, acerca de lo cual consider\u00f3 que Tres Arroyos debe resolver el problema generado con la falta de la guardia pedi\u00e1trica; una mejora en la atenci\u00f3n de las salas en los barrios, y los servicios de salud en las localidades.<\/p>\n\n\n\n<p>\u201cVamos a construir lo que nos falta; tenemos un distrito muy pr\u00f3spero y pujante para resolver\u201d, sostuvo en relaci\u00f3n a los problemas enumerados.<\/p>\n\n\n\n<p>Garate incluso propuso un recorte de gastos en cargos pol\u00edticos y lograr mejorar la recaudaci\u00f3n por parte de la municipalidad.<\/p>\n\n\n\n<p>\u201cHay que animarse a tener menos cargos pol\u00edticos, en el \u00faltimo tempo se ha sobrecargado (la municipalidad de Tres Arroyos). Se puede ahorrar\u201d, dijo por un lado Garate que por otro resalt\u00f3 que tambi\u00e9n se debe dignificar a los empleados municipales con capacitaci\u00f3n y mejores salarios.<\/p>\n\n\n\n<p>Asimismo se\u00f1al\u00f3 que hay que bajar la carga de tasas municipales para el sector comercial, que por ejemplo \u201ces cuatro veces superior que Tandil\u201d, seg\u00fan expres\u00f3.<\/p>\n\n\n\n<p>En esa l\u00ednea dijo que se debe ayudar a los comercios tresarroyenses, incentiv\u00e1ndolos, porque generan desarrollo y un movimiento econ\u00f3mico importante para el distrito.<\/p>\n\n\n\n<p>Garate adem\u00e1s no dej\u00f3 pasar por alto que el gobierno del Movimiento Vecinal \u201cen m\u00e1s de 25 a\u00f1os\u201d no llev\u00f3 adelante pol\u00edticas p\u00fablicas para mejorar los servicios, y cit\u00f3 el ejemplo de la millonaria obra de agua que llega hoy por el gobierno de la provincia de Buenos Aires.  <\/p>\n\n\n\n<p>\u201cLa municipalidad no pudo planificar la obra\u201d, en sus a\u00f1os de gesti\u00f3n desde el vecinalismo, y ello genera que haya vecinos sin agua en el verano, incluso en otras \u00e9pocas del a\u00f1o.<br> \u201cEs momento de dar un salto, levantar la vara. Es posible tener un Tres Arroyos mejor; construido sobre lo que est\u00e1 bien y mejorando lo que est\u00e1 mal\u201d, asegur\u00f3 en Cosas que pasan, por Onda Uno 103.9.<\/p>\n\n\n\n<figure class=\"wp-block-image\"><img loading=\"lazy\" decoding=\"async\" width=\"1024\" height=\"161\" data-src=\"http:\/\/ondauno.com.ar\/wp-content\/uploads\/2022\/03\/Escucha-la-nota1-1024x161.jpg\" alt=\"\" class=\"wp-image-32072 lazyload\" data-srcset=\"https:\/\/ondauno.com.ar\/wp-content\/uploads\/2022\/03\/Escucha-la-nota1-1024x161.jpg 1024w, https:\/\/ondauno.com.ar\/wp-content\/uploads\/2022\/03\/Escucha-la-nota1-300x47.jpg 300w, https:\/\/ondauno.com.ar\/wp-content\/uploads\/2022\/03\/Escucha-la-nota1-768x121.jpg 768w, https:\/\/ondauno.com.ar\/wp-content\/uploads\/2022\/03\/Escucha-la-nota1-696x110.jpg 696w, https:\/\/ondauno.com.ar\/wp-content\/uploads\/2022\/03\/Escucha-la-nota1-1068x168.jpg 1068w, https:\/\/ondauno.com.ar\/wp-content\/uploads\/2022\/03\/Escucha-la-nota1-1920x302.jpg 1920w\" data-sizes=\"auto, (max-width: 1024px) 100vw, 1024px\" src=\"data:image\/gif;base64,R0lGODlhAQABAAAAACH5BAEKAAEALAAAAAABAAEAAAICTAEAOw==\" style=\"--smush-placeholder-width: 1024px; --smush-placeholder-aspect-ratio: 1024\/161;\" \/><noscript><img loading=\"lazy\" decoding=\"async\" width=\"1024\" height=\"161\" src=\"http:\/\/ondauno.com.ar\/wp-content\/uploads\/2022\/03\/Escucha-la-nota1-1024x161.jpg\" alt=\"\" class=\"wp-image-32072\" srcset=\"https:\/\/ondauno.com.ar\/wp-content\/uploads\/2022\/03\/Escucha-la-nota1-1024x161.jpg 1024w, https:\/\/ondauno.com.ar\/wp-content\/uploads\/2022\/03\/Escucha-la-nota1-300x47.jpg 300w, https:\/\/ondauno.com.ar\/wp-content\/uploads\/2022\/03\/Escucha-la-nota1-768x121.jpg 768w, https:\/\/ondauno.com.ar\/wp-content\/uploads\/2022\/03\/Escucha-la-nota1-696x110.jpg 696w, https:\/\/ondauno.com.ar\/wp-content\/uploads\/2022\/03\/Escucha-la-nota1-1068x168.jpg 1068w, https:\/\/ondauno.com.ar\/wp-content\/uploads\/2022\/03\/Escucha-la-nota1-1920x302.jpg 1920w\" sizes=\"auto, (max-width: 1024px) 100vw, 1024px\" \/><\/noscript><\/figure>\n\n\n\n<figure><iframe loading=\"lazy\" data-src=\"https:\/\/www.facebook.com\/plugins\/video.php?height=314&amp;href=https%3A%2F%2Fwww.facebook.com%2Fondauno103.9%2Fvideos%2F590661796317518%2F&amp;show_text=false&amp;width=560&amp;t=0\" width=\"560\" height=\"314\" allowfullscreen=\"true\" src=\"data:image\/gif;base64,R0lGODlhAQABAAAAACH5BAEKAAEALAAAAAABAAEAAAICTAEAOw==\" class=\"lazyload\" data-load-mode=\"1\"><\/iframe><\/figure>\n","protected":false},"excerpt":{"rendered":"<p>Pablo Garate en Cosas que pasan El presidente del Fondo de Capital Social y dirigente del justicialismo tresarroyense, Pablo Garate dijo en Cosas que pasan que \u201cestamos en un momento donde Tres Arroyos deber\u00eda animarse a m\u00e1s\u201d. El tambi\u00e9n ex diputado bonaerense del Frente de Todos propuso una serie de alternativas y propuestas desde su [&hellip;]<\/p>\n","protected":false},"author":1,"featured_media":39891,"comment_status":"open","ping_status":"open","sticky":false,"template":"","format":"standard","meta":{"tdm_status":"","tdm_grid_status":"","_jetpack_memberships_contains_paid_content":false,"footnotes":"","jetpack_publicize_message":"","jetpack_publicize_feature_enabled":true,"jetpack_social_post_already_shared":true,"jetpack_social_options":{"image_generator_settings":{"template":"highway","default_image_id":0,"font":"","enabled":false},"version":2}},"categories":[2],"tags":[],"class_list":{"0":"post-39890","1":"post","2":"type-post","3":"status-publish","4":"format-standard","5":"has-post-thumbnail","7":"category-locales"},"yoast_head":"<!-- This site is optimized with the Yoast SEO plugin v22.7 - https:\/\/yoast.com\/wordpress\/plugins\/seo\/ -->\n<title>Pablo Garate: \u201cTres Arroyos deber\u00eda animarse a m\u00e1s\u201d - 103.9 fm<\/title>\n<meta name=\"robots\" content=\"index, follow, max-snippet:-1, max-image-preview:large, max-video-preview:-1\" \/>\n<link rel=\"canonical\" href=\"https:\/\/ondauno.com.ar\/index.php\/2023\/03\/23\/pablo-garate-tres-arroyos-deberia-animarse-a-mas\/\" \/>\n<meta property=\"og:locale\" content=\"es_ES\" \/>\n<meta property=\"og:type\" content=\"article\" \/>\n<meta property=\"og:title\" content=\"Pablo Garate: \u201cTres Arroyos deber\u00eda animarse a m\u00e1s\u201d - 103.9 fm\" \/>\n<meta property=\"og:description\" content=\"Pablo Garate en Cosas que pasan El presidente del Fondo de Capital Social y dirigente del justicialismo tresarroyense, Pablo Garate dijo en Cosas que pasan que \u201cestamos en un momento donde Tres Arroyos deber\u00eda animarse a m\u00e1s\u201d. El tambi\u00e9n ex diputado bonaerense del Frente de Todos propuso una serie de alternativas y propuestas desde su [&hellip;]\" \/>\n<meta property=\"og:url\" content=\"https:\/\/ondauno.com.ar\/index.php\/2023\/03\/23\/pablo-garate-tres-arroyos-deberia-animarse-a-mas\/\" \/>\n<meta property=\"og:site_name\" content=\"103.9 fm\" \/>\n<meta property=\"article:publisher\" content=\"https:\/\/www.facebook.com\/ondauno103.9\" \/>\n<meta property=\"article:published_time\" content=\"2023-03-24T02:10:47+00:00\" \/>\n<meta property=\"article:modified_time\" content=\"2023-03-24T02:10:58+00:00\" \/>\n<meta property=\"og:image\" content=\"https:\/\/ondauno.com.ar\/wp-content\/uploads\/2023\/03\/WhatsApp-Image-2023-03-23-at-22.52.46.jpeg\" \/>\n\t<meta property=\"og:image:width\" content=\"1600\" \/>\n\t<meta property=\"og:image:height\" content=\"1200\" \/>\n\t<meta property=\"og:image:type\" content=\"image\/jpeg\" \/>\n<meta name=\"author\" content=\"OndaUno\" \/>\n<meta name=\"twitter:card\" content=\"summary_large_image\" \/>\n<meta name=\"twitter:label1\" content=\"Escrito por\" \/>\n\t<meta name=\"twitter:data1\" content=\"OndaUno\" \/>\n\t<meta name=\"twitter:label2\" content=\"Tiempo de lectura\" \/>\n\t<meta name=\"twitter:data2\" content=\"4 minutos\" \/>\n<script type=\"application\/ld+json\" class=\"yoast-schema-graph\">{\"@context\":\"https:\/\/schema.org\",\"@graph\":[{\"@type\":\"WebPage\",\"@id\":\"https:\/\/ondauno.com.ar\/index.php\/2023\/03\/23\/pablo-garate-tres-arroyos-deberia-animarse-a-mas\/\",\"url\":\"https:\/\/ondauno.com.ar\/index.php\/2023\/03\/23\/pablo-garate-tres-arroyos-deberia-animarse-a-mas\/\",\"name\":\"Pablo Garate: \u201cTres Arroyos deber\u00eda animarse a m\u00e1s\u201d - 103.9 fm\",\"isPartOf\":{\"@id\":\"https:\/\/ondauno.com.ar\/#website\"},\"primaryImageOfPage\":{\"@id\":\"https:\/\/ondauno.com.ar\/index.php\/2023\/03\/23\/pablo-garate-tres-arroyos-deberia-animarse-a-mas\/#primaryimage\"},\"image\":{\"@id\":\"https:\/\/ondauno.com.ar\/index.php\/2023\/03\/23\/pablo-garate-tres-arroyos-deberia-animarse-a-mas\/#primaryimage\"},\"thumbnailUrl\":\"https:\/\/ondauno.com.ar\/wp-content\/uploads\/2023\/03\/WhatsApp-Image-2023-03-23-at-22.52.46.jpeg\",\"datePublished\":\"2023-03-24T02:10:47+00:00\",\"dateModified\":\"2023-03-24T02:10:58+00:00\",\"author\":{\"@id\":\"https:\/\/ondauno.com.ar\/#\/schema\/person\/7ec851ddeceb4133d7d7132dc645714e\"},\"breadcrumb\":{\"@id\":\"https:\/\/ondauno.com.ar\/index.php\/2023\/03\/23\/pablo-garate-tres-arroyos-deberia-animarse-a-mas\/#breadcrumb\"},\"inLanguage\":\"es-AR\",\"potentialAction\":[{\"@type\":\"ReadAction\",\"target\":[\"https:\/\/ondauno.com.ar\/index.php\/2023\/03\/23\/pablo-garate-tres-arroyos-deberia-animarse-a-mas\/\"]}]},{\"@type\":\"ImageObject\",\"inLanguage\":\"es-AR\",\"@id\":\"https:\/\/ondauno.com.ar\/index.php\/2023\/03\/23\/pablo-garate-tres-arroyos-deberia-animarse-a-mas\/#primaryimage\",\"url\":\"https:\/\/ondauno.com.ar\/wp-content\/uploads\/2023\/03\/WhatsApp-Image-2023-03-23-at-22.52.46.jpeg\",\"contentUrl\":\"https:\/\/ondauno.com.ar\/wp-content\/uploads\/2023\/03\/WhatsApp-Image-2023-03-23-at-22.52.46.jpeg\",\"width\":1600,\"height\":1200},{\"@type\":\"BreadcrumbList\",\"@id\":\"https:\/\/ondauno.com.ar\/index.php\/2023\/03\/23\/pablo-garate-tres-arroyos-deberia-animarse-a-mas\/#breadcrumb\",\"itemListElement\":[{\"@type\":\"ListItem\",\"position\":1,\"name\":\"Inicio\",\"item\":\"https:\/\/ondauno.com.ar\/\"},{\"@type\":\"ListItem\",\"position\":2,\"name\":\"Pablo Garate: \u201cTres Arroyos deber\u00eda animarse a m\u00e1s\u201d\"}]},{\"@type\":\"WebSite\",\"@id\":\"https:\/\/ondauno.com.ar\/#website\",\"url\":\"https:\/\/ondauno.com.ar\/\",\"name\":\"103.9 fm\",\"description\":\"LA PRIMERA RADIO MULTIMEDIA DE TRES ARROYOS\",\"potentialAction\":[{\"@type\":\"SearchAction\",\"target\":{\"@type\":\"EntryPoint\",\"urlTemplate\":\"https:\/\/ondauno.com.ar\/?s={search_term_string}\"},\"query-input\":\"required name=search_term_string\"}],\"inLanguage\":\"es-AR\"},{\"@type\":\"Person\",\"@id\":\"https:\/\/ondauno.com.ar\/#\/schema\/person\/7ec851ddeceb4133d7d7132dc645714e\",\"name\":\"OndaUno\",\"image\":{\"@type\":\"ImageObject\",\"inLanguage\":\"es-AR\",\"@id\":\"https:\/\/ondauno.com.ar\/#\/schema\/person\/image\/\",\"url\":\"https:\/\/secure.gravatar.com\/avatar\/93b8009f0de7021f1feb2bd5b32fb9e8?s=96&d=mm&r=g\",\"contentUrl\":\"https:\/\/secure.gravatar.com\/avatar\/93b8009f0de7021f1feb2bd5b32fb9e8?s=96&d=mm&r=g\",\"caption\":\"OndaUno\"},\"url\":\"https:\/\/ondauno.com.ar\/index.php\/author\/ondauno\/\"}]}<\/script>\n<!-- \/ Yoast SEO plugin. -->","yoast_head_json":{"title":"Pablo Garate: \u201cTres Arroyos deber\u00eda animarse a m\u00e1s\u201d - 103.9 fm","robots":{"index":"index","follow":"follow","max-snippet":"max-snippet:-1","max-image-preview":"max-image-preview:large","max-video-preview":"max-video-preview:-1"},"canonical":"https:\/\/ondauno.com.ar\/index.php\/2023\/03\/23\/pablo-garate-tres-arroyos-deberia-animarse-a-mas\/","og_locale":"es_ES","og_type":"article","og_title":"Pablo Garate: \u201cTres Arroyos deber\u00eda animarse a m\u00e1s\u201d - 103.9 fm","og_description":"Pablo Garate en Cosas que pasan El presidente del Fondo de Capital Social y dirigente del justicialismo tresarroyense, Pablo Garate dijo en Cosas que pasan que \u201cestamos en un momento donde Tres Arroyos deber\u00eda animarse a m\u00e1s\u201d. El tambi\u00e9n ex diputado bonaerense del Frente de Todos propuso una serie de alternativas y propuestas desde su [&hellip;]","og_url":"https:\/\/ondauno.com.ar\/index.php\/2023\/03\/23\/pablo-garate-tres-arroyos-deberia-animarse-a-mas\/","og_site_name":"103.9 fm","article_publisher":"https:\/\/www.facebook.com\/ondauno103.9","article_published_time":"2023-03-24T02:10:47+00:00","article_modified_time":"2023-03-24T02:10:58+00:00","og_image":[{"width":1600,"height":1200,"url":"https:\/\/ondauno.com.ar\/wp-content\/uploads\/2023\/03\/WhatsApp-Image-2023-03-23-at-22.52.46.jpeg","type":"image\/jpeg"}],"author":"OndaUno","twitter_card":"summary_large_image","twitter_misc":{"Escrito por":"OndaUno","Tiempo de lectura":"4 minutos"},"schema":{"@context":"https:\/\/schema.org","@graph":[{"@type":"WebPage","@id":"https:\/\/ondauno.com.ar\/index.php\/2023\/03\/23\/pablo-garate-tres-arroyos-deberia-animarse-a-mas\/","url":"https:\/\/ondauno.com.ar\/index.php\/2023\/03\/23\/pablo-garate-tres-arroyos-deberia-animarse-a-mas\/","name":"Pablo Garate: \u201cTres Arroyos deber\u00eda animarse a m\u00e1s\u201d - 103.9 fm","isPartOf":{"@id":"https:\/\/ondauno.com.ar\/#website"},"primaryImageOfPage":{"@id":"https:\/\/ondauno.com.ar\/index.php\/2023\/03\/23\/pablo-garate-tres-arroyos-deberia-animarse-a-mas\/#primaryimage"},"image":{"@id":"https:\/\/ondauno.com.ar\/index.php\/2023\/03\/23\/pablo-garate-tres-arroyos-deberia-animarse-a-mas\/#primaryimage"},"thumbnailUrl":"https:\/\/ondauno.com.ar\/wp-content\/uploads\/2023\/03\/WhatsApp-Image-2023-03-23-at-22.52.46.jpeg","datePublished":"2023-03-24T02:10:47+00:00","dateModified":"2023-03-24T02:10:58+00:00","author":{"@id":"https:\/\/ondauno.com.ar\/#\/schema\/person\/7ec851ddeceb4133d7d7132dc645714e"},"breadcrumb":{"@id":"https:\/\/ondauno.com.ar\/index.php\/2023\/03\/23\/pablo-garate-tres-arroyos-deberia-animarse-a-mas\/#breadcrumb"},"inLanguage":"es-AR","potentialAction":[{"@type":"ReadAction","target":["https:\/\/ondauno.com.ar\/index.php\/2023\/03\/23\/pablo-garate-tres-arroyos-deberia-animarse-a-mas\/"]}]},{"@type":"ImageObject","inLanguage":"es-AR","@id":"https:\/\/ondauno.com.ar\/index.php\/2023\/03\/23\/pablo-garate-tres-arroyos-deberia-animarse-a-mas\/#primaryimage","url":"https:\/\/ondauno.com.ar\/wp-content\/uploads\/2023\/03\/WhatsApp-Image-2023-03-23-at-22.52.46.jpeg","contentUrl":"https:\/\/ondauno.com.ar\/wp-content\/uploads\/2023\/03\/WhatsApp-Image-2023-03-23-at-22.52.46.jpeg","width":1600,"height":1200},{"@type":"BreadcrumbList","@id":"https:\/\/ondauno.com.ar\/index.php\/2023\/03\/23\/pablo-garate-tres-arroyos-deberia-animarse-a-mas\/#breadcrumb","itemListElement":[{"@type":"ListItem","position":1,"name":"Inicio","item":"https:\/\/ondauno.com.ar\/"},{"@type":"ListItem","position":2,"name":"Pablo Garate: \u201cTres Arroyos deber\u00eda animarse a m\u00e1s\u201d"}]},{"@type":"WebSite","@id":"https:\/\/ondauno.com.ar\/#website","url":"https:\/\/ondauno.com.ar\/","name":"103.9 fm","description":"LA PRIMERA RADIO MULTIMEDIA DE TRES ARROYOS","potentialAction":[{"@type":"SearchAction","target":{"@type":"EntryPoint","urlTemplate":"https:\/\/ondauno.com.ar\/?s={search_term_string}"},"query-input":"required name=search_term_string"}],"inLanguage":"es-AR"},{"@type":"Person","@id":"https:\/\/ondauno.com.ar\/#\/schema\/person\/7ec851ddeceb4133d7d7132dc645714e","name":"OndaUno","image":{"@type":"ImageObject","inLanguage":"es-AR","@id":"https:\/\/ondauno.com.ar\/#\/schema\/person\/image\/","url":"https:\/\/secure.gravatar.com\/avatar\/93b8009f0de7021f1feb2bd5b32fb9e8?s=96&d=mm&r=g","contentUrl":"https:\/\/secure.gravatar.com\/avatar\/93b8009f0de7021f1feb2bd5b32fb9e8?s=96&d=mm&r=g","caption":"OndaUno"},"url":"https:\/\/ondauno.com.ar\/index.php\/author\/ondauno\/"}]}},"jetpack_publicize_connections":[],"jetpack_featured_media_url":"https:\/\/ondauno.com.ar\/wp-content\/uploads\/2023\/03\/WhatsApp-Image-2023-03-23-at-22.52.46.jpeg","jetpack_sharing_enabled":true,"_links":{"self":[{"href":"https:\/\/ondauno.com.ar\/index.php\/wp-json\/wp\/v2\/posts\/39890","targetHints":{"allow":["GET"]}}],"collection":[{"href":"https:\/\/ondauno.com.ar\/index.php\/wp-json\/wp\/v2\/posts"}],"about":[{"href":"https:\/\/ondauno.com.ar\/index.php\/wp-json\/wp\/v2\/types\/post"}],"author":[{"embeddable":true,"href":"https:\/\/ondauno.com.ar\/index.php\/wp-json\/wp\/v2\/users\/1"}],"replies":[{"embeddable":true,"href":"https:\/\/ondauno.com.ar\/index.php\/wp-json\/wp\/v2\/comments?post=39890"}],"version-history":[{"count":0,"href":"https:\/\/ondauno.com.ar\/index.php\/wp-json\/wp\/v2\/posts\/39890\/revisions"}],"wp:featuredmedia":[{"embeddable":true,"href":"https:\/\/ondauno.com.ar\/index.php\/wp-json\/wp\/v2\/media\/39891"}],"wp:attachment":[{"href":"https:\/\/ondauno.com.ar\/index.php\/wp-json\/wp\/v2\/media?parent=39890"}],"wp:term":[{"taxonomy":"category","embeddable":true,"href":"https:\/\/ondauno.com.ar\/index.php\/wp-json\/wp\/v2\/categories?post=39890"},{"taxonomy":"post_tag","embeddable":true,"href":"https:\/\/ondauno.com.ar\/index.php\/wp-json\/wp\/v2\/tags?post=39890"}],"curies":[{"name":"wp","href":"https:\/\/api.w.org\/{rel}","templated":true}]}}