{"id":39510,"date":"2023-03-01T16:52:30","date_gmt":"2023-03-01T19:52:30","guid":{"rendered":"http:\/\/ondauno.com.ar\/?p=39510"},"modified":"2023-03-01T16:52:31","modified_gmt":"2023-03-01T19:52:31","slug":"un-joven-al-hospital-tras-accidente-de-transito-en-belgrano-y-olavarria","status":"publish","type":"post","link":"https:\/\/ondauno.com.ar\/index.php\/2023\/03\/01\/un-joven-al-hospital-tras-accidente-de-transito-en-belgrano-y-olavarria\/","title":{"rendered":"Un joven al hospital, tras accidente de tr\u00e1nsito en Belgrano y Olavarr\u00eda"},"content":{"rendered":"<div class=\"ondau-before-content_3\" style=\"margin-top: -30px;\" id=\"ondau-376931160\"><a href=\"https:\/\/www.lps.com.ar\/\" aria-label=\"la-perse2\"><img loading=\"lazy\" decoding=\"async\" src=\"https:\/\/ondauno.com.ar\/wp-content\/uploads\/2021\/10\/la-perse2.jpg\" alt=\"\"  srcset=\"https:\/\/ondauno.com.ar\/wp-content\/uploads\/2021\/10\/la-perse2.jpg 1353w, https:\/\/ondauno.com.ar\/wp-content\/uploads\/2021\/10\/la-perse2-300x43.jpg 300w, https:\/\/ondauno.com.ar\/wp-content\/uploads\/2021\/10\/la-perse2-1024x148.jpg 1024w, https:\/\/ondauno.com.ar\/wp-content\/uploads\/2021\/10\/la-perse2-768x111.jpg 768w, https:\/\/ondauno.com.ar\/wp-content\/uploads\/2021\/10\/la-perse2-696x100.jpg 696w, https:\/\/ondauno.com.ar\/wp-content\/uploads\/2021\/10\/la-perse2-1068x154.jpg 1068w\" sizes=\"(max-width: 1353px) 100vw, 1353px\" class=\"no-lazyload\" width=\"1353\" height=\"195\"  style=\"display: inline-block;\" \/><\/a><\/div>\n<p>En el transcurso de la ma\u00f1ana de este mi\u00e9rcoles se produjo\nun siniestro vial en la intersecci\u00f3n de Av. Belgrano y calle Olavarr\u00eda.<\/p>\n\n\n\n<p>Por causas que a\u00fan no est\u00e1n establecidas colisionaron un autom\u00f3vil\nToyota con una motocicleta Gilera 110 c.c.<\/p>\n\n\n\n<p>Como consecuencia del impacto el conductor del veh\u00edculo\nmenor fue trasladado al nosocomio local, por la ambulancia del SAME ya que\npresentaba un dolor en una mano.<\/p>\n","protected":false},"excerpt":{"rendered":"<p>En el transcurso de la ma\u00f1ana de este mi\u00e9rcoles se produjo un siniestro vial en la intersecci\u00f3n de Av. Belgrano y calle Olavarr\u00eda. Por causas que a\u00fan no est\u00e1n establecidas colisionaron un autom\u00f3vil Toyota con una motocicleta Gilera 110 c.c. Como consecuencia del impacto el conductor del veh\u00edculo menor fue trasladado al nosocomio local, por [&hellip;]<\/p>\n","protected":false},"author":1,"featured_media":0,"comment_status":"open","ping_status":"open","sticky":false,"template":"","format":"standard","meta":{"tdm_status":"","tdm_grid_status":"","_jetpack_memberships_contains_paid_content":false,"footnotes":"","jetpack_publicize_message":"","jetpack_publicize_feature_enabled":true,"jetpack_social_post_already_shared":true,"jetpack_social_options":{"image_generator_settings":{"template":"highway","default_image_id":0,"font":"","enabled":false},"version":2}},"categories":[29],"tags":[],"class_list":{"0":"post-39510","1":"post","2":"type-post","3":"status-publish","4":"format-standard","6":"category-policiales"},"yoast_head":"<!-- This site is optimized with the Yoast SEO plugin v22.7 - https:\/\/yoast.com\/wordpress\/plugins\/seo\/ -->\n<title>Un joven al hospital, tras accidente de tr\u00e1nsito en Belgrano y Olavarr\u00eda - 103.9 fm<\/title>\n<meta name=\"robots\" content=\"index, follow, max-snippet:-1, max-image-preview:large, max-video-preview:-1\" \/>\n<link rel=\"canonical\" href=\"https:\/\/ondauno.com.ar\/index.php\/2023\/03\/01\/un-joven-al-hospital-tras-accidente-de-transito-en-belgrano-y-olavarria\/\" \/>\n<meta property=\"og:locale\" content=\"es_ES\" \/>\n<meta property=\"og:type\" content=\"article\" \/>\n<meta property=\"og:title\" content=\"Un joven al hospital, tras accidente de tr\u00e1nsito en Belgrano y Olavarr\u00eda - 103.9 fm\" \/>\n<meta property=\"og:description\" content=\"En el transcurso de la ma\u00f1ana de este mi\u00e9rcoles se produjo un siniestro vial en la intersecci\u00f3n de Av. Belgrano y calle Olavarr\u00eda. Por causas que a\u00fan no est\u00e1n establecidas colisionaron un autom\u00f3vil Toyota con una motocicleta Gilera 110 c.c. Como consecuencia del impacto el conductor del veh\u00edculo menor fue trasladado al nosocomio local, por [&hellip;]\" \/>\n<meta property=\"og:url\" content=\"https:\/\/ondauno.com.ar\/index.php\/2023\/03\/01\/un-joven-al-hospital-tras-accidente-de-transito-en-belgrano-y-olavarria\/\" \/>\n<meta property=\"og:site_name\" content=\"103.9 fm\" \/>\n<meta property=\"article:publisher\" content=\"https:\/\/www.facebook.com\/ondauno103.9\" \/>\n<meta property=\"article:published_time\" content=\"2023-03-01T19:52:30+00:00\" \/>\n<meta property=\"article:modified_time\" content=\"2023-03-01T19:52:31+00:00\" \/>\n<meta property=\"og:image\" content=\"https:\/\/ondauno.com.ar\/wp-content\/uploads\/2023\/03\/accidente.jpg\" \/>\n\t<meta property=\"og:image:width\" content=\"588\" \/>\n\t<meta property=\"og:image:height\" content=\"448\" \/>\n\t<meta property=\"og:image:type\" content=\"image\/jpeg\" \/>\n<meta name=\"author\" content=\"OndaUno\" \/>\n<meta name=\"twitter:card\" content=\"summary_large_image\" \/>\n<meta name=\"twitter:label1\" content=\"Escrito por\" \/>\n\t<meta name=\"twitter:data1\" content=\"OndaUno\" \/>\n<script type=\"application\/ld+json\" class=\"yoast-schema-graph\">{\"@context\":\"https:\/\/schema.org\",\"@graph\":[{\"@type\":\"WebPage\",\"@id\":\"https:\/\/ondauno.com.ar\/index.php\/2023\/03\/01\/un-joven-al-hospital-tras-accidente-de-transito-en-belgrano-y-olavarria\/\",\"url\":\"https:\/\/ondauno.com.ar\/index.php\/2023\/03\/01\/un-joven-al-hospital-tras-accidente-de-transito-en-belgrano-y-olavarria\/\",\"name\":\"Un joven al hospital, tras accidente de tr\u00e1nsito en Belgrano y Olavarr\u00eda - 103.9 fm\",\"isPartOf\":{\"@id\":\"https:\/\/ondauno.com.ar\/#website\"},\"datePublished\":\"2023-03-01T19:52:30+00:00\",\"dateModified\":\"2023-03-01T19:52:31+00:00\",\"author\":{\"@id\":\"https:\/\/ondauno.com.ar\/#\/schema\/person\/7ec851ddeceb4133d7d7132dc645714e\"},\"breadcrumb\":{\"@id\":\"https:\/\/ondauno.com.ar\/index.php\/2023\/03\/01\/un-joven-al-hospital-tras-accidente-de-transito-en-belgrano-y-olavarria\/#breadcrumb\"},\"inLanguage\":\"es-AR\",\"potentialAction\":[{\"@type\":\"ReadAction\",\"target\":[\"https:\/\/ondauno.com.ar\/index.php\/2023\/03\/01\/un-joven-al-hospital-tras-accidente-de-transito-en-belgrano-y-olavarria\/\"]}]},{\"@type\":\"BreadcrumbList\",\"@id\":\"https:\/\/ondauno.com.ar\/index.php\/2023\/03\/01\/un-joven-al-hospital-tras-accidente-de-transito-en-belgrano-y-olavarria\/#breadcrumb\",\"itemListElement\":[{\"@type\":\"ListItem\",\"position\":1,\"name\":\"Inicio\",\"item\":\"https:\/\/ondauno.com.ar\/\"},{\"@type\":\"ListItem\",\"position\":2,\"name\":\"Un joven al hospital, tras accidente de tr\u00e1nsito en Belgrano y Olavarr\u00eda\"}]},{\"@type\":\"WebSite\",\"@id\":\"https:\/\/ondauno.com.ar\/#website\",\"url\":\"https:\/\/ondauno.com.ar\/\",\"name\":\"103.9 fm\",\"description\":\"LA PRIMERA RADIO MULTIMEDIA DE TRES ARROYOS\",\"potentialAction\":[{\"@type\":\"SearchAction\",\"target\":{\"@type\":\"EntryPoint\",\"urlTemplate\":\"https:\/\/ondauno.com.ar\/?s={search_term_string}\"},\"query-input\":\"required name=search_term_string\"}],\"inLanguage\":\"es-AR\"},{\"@type\":\"Person\",\"@id\":\"https:\/\/ondauno.com.ar\/#\/schema\/person\/7ec851ddeceb4133d7d7132dc645714e\",\"name\":\"OndaUno\",\"image\":{\"@type\":\"ImageObject\",\"inLanguage\":\"es-AR\",\"@id\":\"https:\/\/ondauno.com.ar\/#\/schema\/person\/image\/\",\"url\":\"https:\/\/secure.gravatar.com\/avatar\/93b8009f0de7021f1feb2bd5b32fb9e8?s=96&d=mm&r=g\",\"contentUrl\":\"https:\/\/secure.gravatar.com\/avatar\/93b8009f0de7021f1feb2bd5b32fb9e8?s=96&d=mm&r=g\",\"caption\":\"OndaUno\"},\"url\":\"https:\/\/ondauno.com.ar\/index.php\/author\/ondauno\/\"}]}<\/script>\n<!-- \/ Yoast SEO plugin. -->","yoast_head_json":{"title":"Un joven al hospital, tras accidente de tr\u00e1nsito en Belgrano y Olavarr\u00eda - 103.9 fm","robots":{"index":"index","follow":"follow","max-snippet":"max-snippet:-1","max-image-preview":"max-image-preview:large","max-video-preview":"max-video-preview:-1"},"canonical":"https:\/\/ondauno.com.ar\/index.php\/2023\/03\/01\/un-joven-al-hospital-tras-accidente-de-transito-en-belgrano-y-olavarria\/","og_locale":"es_ES","og_type":"article","og_title":"Un joven al hospital, tras accidente de tr\u00e1nsito en Belgrano y Olavarr\u00eda - 103.9 fm","og_description":"En el transcurso de la ma\u00f1ana de este mi\u00e9rcoles se produjo un siniestro vial en la intersecci\u00f3n de Av. Belgrano y calle Olavarr\u00eda. Por causas que a\u00fan no est\u00e1n establecidas colisionaron un autom\u00f3vil Toyota con una motocicleta Gilera 110 c.c. Como consecuencia del impacto el conductor del veh\u00edculo menor fue trasladado al nosocomio local, por [&hellip;]","og_url":"https:\/\/ondauno.com.ar\/index.php\/2023\/03\/01\/un-joven-al-hospital-tras-accidente-de-transito-en-belgrano-y-olavarria\/","og_site_name":"103.9 fm","article_publisher":"https:\/\/www.facebook.com\/ondauno103.9","article_published_time":"2023-03-01T19:52:30+00:00","article_modified_time":"2023-03-01T19:52:31+00:00","og_image":[{"width":588,"height":448,"url":"https:\/\/ondauno.com.ar\/wp-content\/uploads\/2023\/03\/accidente.jpg","type":"image\/jpeg"}],"author":"OndaUno","twitter_card":"summary_large_image","twitter_misc":{"Escrito por":"OndaUno"},"schema":{"@context":"https:\/\/schema.org","@graph":[{"@type":"WebPage","@id":"https:\/\/ondauno.com.ar\/index.php\/2023\/03\/01\/un-joven-al-hospital-tras-accidente-de-transito-en-belgrano-y-olavarria\/","url":"https:\/\/ondauno.com.ar\/index.php\/2023\/03\/01\/un-joven-al-hospital-tras-accidente-de-transito-en-belgrano-y-olavarria\/","name":"Un joven al hospital, tras accidente de tr\u00e1nsito en Belgrano y Olavarr\u00eda - 103.9 fm","isPartOf":{"@id":"https:\/\/ondauno.com.ar\/#website"},"datePublished":"2023-03-01T19:52:30+00:00","dateModified":"2023-03-01T19:52:31+00:00","author":{"@id":"https:\/\/ondauno.com.ar\/#\/schema\/person\/7ec851ddeceb4133d7d7132dc645714e"},"breadcrumb":{"@id":"https:\/\/ondauno.com.ar\/index.php\/2023\/03\/01\/un-joven-al-hospital-tras-accidente-de-transito-en-belgrano-y-olavarria\/#breadcrumb"},"inLanguage":"es-AR","potentialAction":[{"@type":"ReadAction","target":["https:\/\/ondauno.com.ar\/index.php\/2023\/03\/01\/un-joven-al-hospital-tras-accidente-de-transito-en-belgrano-y-olavarria\/"]}]},{"@type":"BreadcrumbList","@id":"https:\/\/ondauno.com.ar\/index.php\/2023\/03\/01\/un-joven-al-hospital-tras-accidente-de-transito-en-belgrano-y-olavarria\/#breadcrumb","itemListElement":[{"@type":"ListItem","position":1,"name":"Inicio","item":"https:\/\/ondauno.com.ar\/"},{"@type":"ListItem","position":2,"name":"Un joven al hospital, tras accidente de tr\u00e1nsito en Belgrano y Olavarr\u00eda"}]},{"@type":"WebSite","@id":"https:\/\/ondauno.com.ar\/#website","url":"https:\/\/ondauno.com.ar\/","name":"103.9 fm","description":"LA PRIMERA RADIO MULTIMEDIA DE TRES ARROYOS","potentialAction":[{"@type":"SearchAction","target":{"@type":"EntryPoint","urlTemplate":"https:\/\/ondauno.com.ar\/?s={search_term_string}"},"query-input":"required name=search_term_string"}],"inLanguage":"es-AR"},{"@type":"Person","@id":"https:\/\/ondauno.com.ar\/#\/schema\/person\/7ec851ddeceb4133d7d7132dc645714e","name":"OndaUno","image":{"@type":"ImageObject","inLanguage":"es-AR","@id":"https:\/\/ondauno.com.ar\/#\/schema\/person\/image\/","url":"https:\/\/secure.gravatar.com\/avatar\/93b8009f0de7021f1feb2bd5b32fb9e8?s=96&d=mm&r=g","contentUrl":"https:\/\/secure.gravatar.com\/avatar\/93b8009f0de7021f1feb2bd5b32fb9e8?s=96&d=mm&r=g","caption":"OndaUno"},"url":"https:\/\/ondauno.com.ar\/index.php\/author\/ondauno\/"}]}},"jetpack_publicize_connections":[],"jetpack_featured_media_url":"","jetpack_sharing_enabled":true,"_links":{"self":[{"href":"https:\/\/ondauno.com.ar\/index.php\/wp-json\/wp\/v2\/posts\/39510","targetHints":{"allow":["GET"]}}],"collection":[{"href":"https:\/\/ondauno.com.ar\/index.php\/wp-json\/wp\/v2\/posts"}],"about":[{"href":"https:\/\/ondauno.com.ar\/index.php\/wp-json\/wp\/v2\/types\/post"}],"author":[{"embeddable":true,"href":"https:\/\/ondauno.com.ar\/index.php\/wp-json\/wp\/v2\/users\/1"}],"replies":[{"embeddable":true,"href":"https:\/\/ondauno.com.ar\/index.php\/wp-json\/wp\/v2\/comments?post=39510"}],"version-history":[{"count":0,"href":"https:\/\/ondauno.com.ar\/index.php\/wp-json\/wp\/v2\/posts\/39510\/revisions"}],"wp:attachment":[{"href":"https:\/\/ondauno.com.ar\/index.php\/wp-json\/wp\/v2\/media?parent=39510"}],"wp:term":[{"taxonomy":"category","embeddable":true,"href":"https:\/\/ondauno.com.ar\/index.php\/wp-json\/wp\/v2\/categories?post=39510"},{"taxonomy":"post_tag","embeddable":true,"href":"https:\/\/ondauno.com.ar\/index.php\/wp-json\/wp\/v2\/tags?post=39510"}],"curies":[{"name":"wp","href":"https:\/\/api.w.org\/{rel}","templated":true}]}}