{"id":394,"date":"2019-10-01T23:28:02","date_gmt":"2019-10-01T23:28:02","guid":{"rendered":"http:\/\/fabiantroncoso.com.ar\/ondauno\/?p=394"},"modified":"2019-10-21T19:44:44","modified_gmt":"2019-10-21T22:44:44","slug":"el-gobierno-dijo-que-va-a-respetar-el-fallo-de-la-corte-y-evalua-las-medidas","status":"publish","type":"post","link":"https:\/\/ondauno.com.ar\/index.php\/2019\/10\/01\/el-gobierno-dijo-que-va-a-respetar-el-fallo-de-la-corte-y-evalua-las-medidas\/","title":{"rendered":"El Gobierno dijo que va a &#8220;respetar&#8221; el fallo de la Corte y eval\u00faa las medidas"},"content":{"rendered":"<div class=\"ondau-before-content_3\" style=\"margin-top: -30px;\" id=\"ondau-2719098058\"><a href=\"https:\/\/www.lps.com.ar\/\" aria-label=\"la-perse2\"><img loading=\"lazy\" decoding=\"async\" src=\"https:\/\/ondauno.com.ar\/wp-content\/uploads\/2021\/10\/la-perse2.jpg\" alt=\"\"  srcset=\"https:\/\/ondauno.com.ar\/wp-content\/uploads\/2021\/10\/la-perse2.jpg 1353w, https:\/\/ondauno.com.ar\/wp-content\/uploads\/2021\/10\/la-perse2-300x43.jpg 300w, https:\/\/ondauno.com.ar\/wp-content\/uploads\/2021\/10\/la-perse2-1024x148.jpg 1024w, https:\/\/ondauno.com.ar\/wp-content\/uploads\/2021\/10\/la-perse2-768x111.jpg 768w, https:\/\/ondauno.com.ar\/wp-content\/uploads\/2021\/10\/la-perse2-696x100.jpg 696w, https:\/\/ondauno.com.ar\/wp-content\/uploads\/2021\/10\/la-perse2-1068x154.jpg 1068w\" sizes=\"(max-width: 1353px) 100vw, 1353px\" class=\"no-lazyload\" width=\"1353\" height=\"195\"  style=\"display: inline-block;\" \/><\/a><\/div>\n<p>01|10|19 18:48 hs.<\/p>\n\n\n\n<p>El Gobierno nacional asegur\u00f3 que va a &#8220;respetar&#8221; el fallo de la Corte Suprema contra los decretos de reducci\u00f3n del IVA y de Ganancias, y ahora analiza &#8220;de qu\u00e9 manera&#8221; mantener las medidas para que &#8220;no afecte a la poblaci\u00f3n&#8221;.&nbsp;<br>El ministro de Justicia Germ\u00e1n Garavano asegur\u00f3 hoy que el Ejecutivo &#8220;no comparte&#8221; el fallo del m\u00e1ximo tribunal, que decidi\u00f3 que las medidas de reducci\u00f3n del IVA en los alimentos de la canasta b\u00e1sica y el aumento del m\u00ednimo no imponible en Ganancias no deben afectar las finanzas de las provincias, que reciben la coparticipaci\u00f3n de esos impuestos.<br>&#8220;El Poder Ejecutivo va a respetar el fallo, m\u00e1s all\u00e1 de que no comparte lo se\u00f1alado&#8221;, se\u00f1al\u00f3 Garavano en declaraciones period\u00edsticas tras conocerse el fallo de la Corte.&nbsp;<br>Por una mayor\u00eda de cuatro a uno, los miembros del m\u00e1ximo tribunal aceptaron el planteo de los gobernadores de 15 provincias que rechazaron las medidas econ\u00f3micas anunciadas por Macri tras la derrota en las PASO, ya que afectaba directamente la coparticipaci\u00f3n federal.&nbsp;<br>Se trata de Catamarca, Chubut, Entre R\u00edos, Formosa, La Pampa, La Rioja, Misiones, Salta, San Juan, San Luis, Santa Cruz, Santa Fe, Santiago del Estero, Tierra del Fuego y Tucum\u00e1n.&nbsp;<br>Sobre el futuro de la medida, Garavano se\u00f1al\u00f3 que &#8220;el Gobierno tiene un compromiso con la gente y se va a respetar. Las medidas se van a mantener, para cuidar a los argentinos y especialmente a los que menos tienen, que fueron los que se quiso cuidar cuando se tomaron estas medidas&#8221;.&nbsp;<br>&#8220;No comparto el voto de la mayor\u00eda de los tres jueces ni la forma en que dispusieron esta medida cautelar, que no es clara en su aplicaci\u00f3n pr\u00e1ctica y tal vez pueda requerir algunas aclaratorias sobre su alcance&#8221;, complet\u00f3. (DIB)<\/p>\n","protected":false},"excerpt":{"rendered":"<p>01|10|19 18:48 hs. El Gobierno nacional asegur\u00f3 que va a &#8220;respetar&#8221; el fallo de la Corte Suprema contra los decretos de reducci\u00f3n del IVA y de Ganancias, y ahora analiza &#8220;de qu\u00e9 manera&#8221; mantener las medidas para que &#8220;no afecte a la poblaci\u00f3n&#8221;.&nbsp;El ministro de Justicia Germ\u00e1n Garavano asegur\u00f3 hoy que el Ejecutivo &#8220;no comparte&#8221; [&hellip;]<\/p>\n","protected":false},"author":1,"featured_media":45248,"comment_status":"open","ping_status":"open","sticky":false,"template":"","format":"standard","meta":{"tdm_status":"","tdm_grid_status":"","_jetpack_memberships_contains_paid_content":false,"footnotes":"","jetpack_publicize_message":"","jetpack_publicize_feature_enabled":true,"jetpack_social_post_already_shared":false,"jetpack_social_options":{"image_generator_settings":{"template":"highway","default_image_id":0,"font":"","enabled":false},"version":2}},"categories":[3],"tags":[],"class_list":{"0":"post-394","1":"post","2":"type-post","3":"status-publish","4":"format-standard","5":"has-post-thumbnail","7":"category-nacionales"},"yoast_head":"<!-- This site is optimized with the Yoast SEO plugin v22.7 - https:\/\/yoast.com\/wordpress\/plugins\/seo\/ -->\n<title>El Gobierno dijo que va a &quot;respetar&quot; el fallo de la Corte y eval\u00faa las medidas - 103.9 fm<\/title>\n<meta name=\"robots\" content=\"index, follow, max-snippet:-1, max-image-preview:large, max-video-preview:-1\" \/>\n<link rel=\"canonical\" href=\"https:\/\/ondauno.com.ar\/index.php\/2019\/10\/01\/el-gobierno-dijo-que-va-a-respetar-el-fallo-de-la-corte-y-evalua-las-medidas\/\" \/>\n<meta property=\"og:locale\" content=\"es_ES\" \/>\n<meta property=\"og:type\" content=\"article\" \/>\n<meta property=\"og:title\" content=\"El Gobierno dijo que va a &quot;respetar&quot; el fallo de la Corte y eval\u00faa las medidas - 103.9 fm\" \/>\n<meta property=\"og:description\" content=\"01|10|19 18:48 hs. El Gobierno nacional asegur\u00f3 que va a &#8220;respetar&#8221; el fallo de la Corte Suprema contra los decretos de reducci\u00f3n del IVA y de Ganancias, y ahora analiza &#8220;de qu\u00e9 manera&#8221; mantener las medidas para que &#8220;no afecte a la poblaci\u00f3n&#8221;.&nbsp;El ministro de Justicia Germ\u00e1n Garavano asegur\u00f3 hoy que el Ejecutivo &#8220;no comparte&#8221; [&hellip;]\" \/>\n<meta property=\"og:url\" content=\"https:\/\/ondauno.com.ar\/index.php\/2019\/10\/01\/el-gobierno-dijo-que-va-a-respetar-el-fallo-de-la-corte-y-evalua-las-medidas\/\" \/>\n<meta property=\"og:site_name\" content=\"103.9 fm\" \/>\n<meta property=\"article:publisher\" content=\"https:\/\/www.facebook.com\/ondauno103.9\" \/>\n<meta property=\"article:published_time\" content=\"2019-10-01T23:28:02+00:00\" \/>\n<meta property=\"article:modified_time\" content=\"2019-10-21T22:44:44+00:00\" \/>\n<meta property=\"og:image\" content=\"https:\/\/ondauno.com.ar\/wp-content\/uploads\/2024\/03\/logo-jpg.jpg\" \/>\n\t<meta property=\"og:image:width\" content=\"336\" \/>\n\t<meta property=\"og:image:height\" content=\"292\" \/>\n\t<meta property=\"og:image:type\" content=\"image\/jpeg\" \/>\n<meta name=\"author\" content=\"OndaUno\" \/>\n<meta name=\"twitter:card\" content=\"summary_large_image\" \/>\n<meta name=\"twitter:label1\" content=\"Escrito por\" \/>\n\t<meta name=\"twitter:data1\" content=\"OndaUno\" \/>\n\t<meta name=\"twitter:label2\" content=\"Tiempo de lectura\" \/>\n\t<meta name=\"twitter:data2\" content=\"2 minutos\" \/>\n<script type=\"application\/ld+json\" class=\"yoast-schema-graph\">{\"@context\":\"https:\/\/schema.org\",\"@graph\":[{\"@type\":\"WebPage\",\"@id\":\"https:\/\/ondauno.com.ar\/index.php\/2019\/10\/01\/el-gobierno-dijo-que-va-a-respetar-el-fallo-de-la-corte-y-evalua-las-medidas\/\",\"url\":\"https:\/\/ondauno.com.ar\/index.php\/2019\/10\/01\/el-gobierno-dijo-que-va-a-respetar-el-fallo-de-la-corte-y-evalua-las-medidas\/\",\"name\":\"El Gobierno dijo que va a \\\"respetar\\\" el fallo de la Corte y eval\u00faa las medidas - 103.9 fm\",\"isPartOf\":{\"@id\":\"https:\/\/ondauno.com.ar\/#website\"},\"primaryImageOfPage\":{\"@id\":\"https:\/\/ondauno.com.ar\/index.php\/2019\/10\/01\/el-gobierno-dijo-que-va-a-respetar-el-fallo-de-la-corte-y-evalua-las-medidas\/#primaryimage\"},\"image\":{\"@id\":\"https:\/\/ondauno.com.ar\/index.php\/2019\/10\/01\/el-gobierno-dijo-que-va-a-respetar-el-fallo-de-la-corte-y-evalua-las-medidas\/#primaryimage\"},\"thumbnailUrl\":\"https:\/\/ondauno.com.ar\/wp-content\/uploads\/2024\/03\/logo-jpg.jpg\",\"datePublished\":\"2019-10-01T23:28:02+00:00\",\"dateModified\":\"2019-10-21T22:44:44+00:00\",\"author\":{\"@id\":\"https:\/\/ondauno.com.ar\/#\/schema\/person\/7ec851ddeceb4133d7d7132dc645714e\"},\"breadcrumb\":{\"@id\":\"https:\/\/ondauno.com.ar\/index.php\/2019\/10\/01\/el-gobierno-dijo-que-va-a-respetar-el-fallo-de-la-corte-y-evalua-las-medidas\/#breadcrumb\"},\"inLanguage\":\"es-AR\",\"potentialAction\":[{\"@type\":\"ReadAction\",\"target\":[\"https:\/\/ondauno.com.ar\/index.php\/2019\/10\/01\/el-gobierno-dijo-que-va-a-respetar-el-fallo-de-la-corte-y-evalua-las-medidas\/\"]}]},{\"@type\":\"ImageObject\",\"inLanguage\":\"es-AR\",\"@id\":\"https:\/\/ondauno.com.ar\/index.php\/2019\/10\/01\/el-gobierno-dijo-que-va-a-respetar-el-fallo-de-la-corte-y-evalua-las-medidas\/#primaryimage\",\"url\":\"https:\/\/ondauno.com.ar\/wp-content\/uploads\/2024\/03\/logo-jpg.jpg\",\"contentUrl\":\"https:\/\/ondauno.com.ar\/wp-content\/uploads\/2024\/03\/logo-jpg.jpg\",\"width\":336,\"height\":292},{\"@type\":\"BreadcrumbList\",\"@id\":\"https:\/\/ondauno.com.ar\/index.php\/2019\/10\/01\/el-gobierno-dijo-que-va-a-respetar-el-fallo-de-la-corte-y-evalua-las-medidas\/#breadcrumb\",\"itemListElement\":[{\"@type\":\"ListItem\",\"position\":1,\"name\":\"Inicio\",\"item\":\"https:\/\/ondauno.com.ar\/\"},{\"@type\":\"ListItem\",\"position\":2,\"name\":\"El Gobierno dijo que va a &#8220;respetar&#8221; el fallo de la Corte y eval\u00faa las medidas\"}]},{\"@type\":\"WebSite\",\"@id\":\"https:\/\/ondauno.com.ar\/#website\",\"url\":\"https:\/\/ondauno.com.ar\/\",\"name\":\"103.9 fm\",\"description\":\"LA PRIMERA RADIO MULTIMEDIA DE TRES ARROYOS\",\"potentialAction\":[{\"@type\":\"SearchAction\",\"target\":{\"@type\":\"EntryPoint\",\"urlTemplate\":\"https:\/\/ondauno.com.ar\/?s={search_term_string}\"},\"query-input\":\"required name=search_term_string\"}],\"inLanguage\":\"es-AR\"},{\"@type\":\"Person\",\"@id\":\"https:\/\/ondauno.com.ar\/#\/schema\/person\/7ec851ddeceb4133d7d7132dc645714e\",\"name\":\"OndaUno\",\"image\":{\"@type\":\"ImageObject\",\"inLanguage\":\"es-AR\",\"@id\":\"https:\/\/ondauno.com.ar\/#\/schema\/person\/image\/\",\"url\":\"https:\/\/secure.gravatar.com\/avatar\/93b8009f0de7021f1feb2bd5b32fb9e8?s=96&d=mm&r=g\",\"contentUrl\":\"https:\/\/secure.gravatar.com\/avatar\/93b8009f0de7021f1feb2bd5b32fb9e8?s=96&d=mm&r=g\",\"caption\":\"OndaUno\"},\"url\":\"https:\/\/ondauno.com.ar\/index.php\/author\/ondauno\/\"}]}<\/script>\n<!-- \/ Yoast SEO plugin. -->","yoast_head_json":{"title":"El Gobierno dijo que va a \"respetar\" el fallo de la Corte y eval\u00faa las medidas - 103.9 fm","robots":{"index":"index","follow":"follow","max-snippet":"max-snippet:-1","max-image-preview":"max-image-preview:large","max-video-preview":"max-video-preview:-1"},"canonical":"https:\/\/ondauno.com.ar\/index.php\/2019\/10\/01\/el-gobierno-dijo-que-va-a-respetar-el-fallo-de-la-corte-y-evalua-las-medidas\/","og_locale":"es_ES","og_type":"article","og_title":"El Gobierno dijo que va a \"respetar\" el fallo de la Corte y eval\u00faa las medidas - 103.9 fm","og_description":"01|10|19 18:48 hs. El Gobierno nacional asegur\u00f3 que va a &#8220;respetar&#8221; el fallo de la Corte Suprema contra los decretos de reducci\u00f3n del IVA y de Ganancias, y ahora analiza &#8220;de qu\u00e9 manera&#8221; mantener las medidas para que &#8220;no afecte a la poblaci\u00f3n&#8221;.&nbsp;El ministro de Justicia Germ\u00e1n Garavano asegur\u00f3 hoy que el Ejecutivo &#8220;no comparte&#8221; [&hellip;]","og_url":"https:\/\/ondauno.com.ar\/index.php\/2019\/10\/01\/el-gobierno-dijo-que-va-a-respetar-el-fallo-de-la-corte-y-evalua-las-medidas\/","og_site_name":"103.9 fm","article_publisher":"https:\/\/www.facebook.com\/ondauno103.9","article_published_time":"2019-10-01T23:28:02+00:00","article_modified_time":"2019-10-21T22:44:44+00:00","og_image":[{"width":336,"height":292,"url":"https:\/\/ondauno.com.ar\/wp-content\/uploads\/2024\/03\/logo-jpg.jpg","type":"image\/jpeg"}],"author":"OndaUno","twitter_card":"summary_large_image","twitter_misc":{"Escrito por":"OndaUno","Tiempo de lectura":"2 minutos"},"schema":{"@context":"https:\/\/schema.org","@graph":[{"@type":"WebPage","@id":"https:\/\/ondauno.com.ar\/index.php\/2019\/10\/01\/el-gobierno-dijo-que-va-a-respetar-el-fallo-de-la-corte-y-evalua-las-medidas\/","url":"https:\/\/ondauno.com.ar\/index.php\/2019\/10\/01\/el-gobierno-dijo-que-va-a-respetar-el-fallo-de-la-corte-y-evalua-las-medidas\/","name":"El Gobierno dijo que va a \"respetar\" el fallo de la Corte y eval\u00faa las medidas - 103.9 fm","isPartOf":{"@id":"https:\/\/ondauno.com.ar\/#website"},"primaryImageOfPage":{"@id":"https:\/\/ondauno.com.ar\/index.php\/2019\/10\/01\/el-gobierno-dijo-que-va-a-respetar-el-fallo-de-la-corte-y-evalua-las-medidas\/#primaryimage"},"image":{"@id":"https:\/\/ondauno.com.ar\/index.php\/2019\/10\/01\/el-gobierno-dijo-que-va-a-respetar-el-fallo-de-la-corte-y-evalua-las-medidas\/#primaryimage"},"thumbnailUrl":"https:\/\/ondauno.com.ar\/wp-content\/uploads\/2024\/03\/logo-jpg.jpg","datePublished":"2019-10-01T23:28:02+00:00","dateModified":"2019-10-21T22:44:44+00:00","author":{"@id":"https:\/\/ondauno.com.ar\/#\/schema\/person\/7ec851ddeceb4133d7d7132dc645714e"},"breadcrumb":{"@id":"https:\/\/ondauno.com.ar\/index.php\/2019\/10\/01\/el-gobierno-dijo-que-va-a-respetar-el-fallo-de-la-corte-y-evalua-las-medidas\/#breadcrumb"},"inLanguage":"es-AR","potentialAction":[{"@type":"ReadAction","target":["https:\/\/ondauno.com.ar\/index.php\/2019\/10\/01\/el-gobierno-dijo-que-va-a-respetar-el-fallo-de-la-corte-y-evalua-las-medidas\/"]}]},{"@type":"ImageObject","inLanguage":"es-AR","@id":"https:\/\/ondauno.com.ar\/index.php\/2019\/10\/01\/el-gobierno-dijo-que-va-a-respetar-el-fallo-de-la-corte-y-evalua-las-medidas\/#primaryimage","url":"https:\/\/ondauno.com.ar\/wp-content\/uploads\/2024\/03\/logo-jpg.jpg","contentUrl":"https:\/\/ondauno.com.ar\/wp-content\/uploads\/2024\/03\/logo-jpg.jpg","width":336,"height":292},{"@type":"BreadcrumbList","@id":"https:\/\/ondauno.com.ar\/index.php\/2019\/10\/01\/el-gobierno-dijo-que-va-a-respetar-el-fallo-de-la-corte-y-evalua-las-medidas\/#breadcrumb","itemListElement":[{"@type":"ListItem","position":1,"name":"Inicio","item":"https:\/\/ondauno.com.ar\/"},{"@type":"ListItem","position":2,"name":"El Gobierno dijo que va a &#8220;respetar&#8221; el fallo de la Corte y eval\u00faa las medidas"}]},{"@type":"WebSite","@id":"https:\/\/ondauno.com.ar\/#website","url":"https:\/\/ondauno.com.ar\/","name":"103.9 fm","description":"LA PRIMERA RADIO MULTIMEDIA DE TRES ARROYOS","potentialAction":[{"@type":"SearchAction","target":{"@type":"EntryPoint","urlTemplate":"https:\/\/ondauno.com.ar\/?s={search_term_string}"},"query-input":"required name=search_term_string"}],"inLanguage":"es-AR"},{"@type":"Person","@id":"https:\/\/ondauno.com.ar\/#\/schema\/person\/7ec851ddeceb4133d7d7132dc645714e","name":"OndaUno","image":{"@type":"ImageObject","inLanguage":"es-AR","@id":"https:\/\/ondauno.com.ar\/#\/schema\/person\/image\/","url":"https:\/\/secure.gravatar.com\/avatar\/93b8009f0de7021f1feb2bd5b32fb9e8?s=96&d=mm&r=g","contentUrl":"https:\/\/secure.gravatar.com\/avatar\/93b8009f0de7021f1feb2bd5b32fb9e8?s=96&d=mm&r=g","caption":"OndaUno"},"url":"https:\/\/ondauno.com.ar\/index.php\/author\/ondauno\/"}]}},"jetpack_publicize_connections":[],"jetpack_featured_media_url":"https:\/\/ondauno.com.ar\/wp-content\/uploads\/2024\/03\/logo-jpg.jpg","jetpack_sharing_enabled":true,"_links":{"self":[{"href":"https:\/\/ondauno.com.ar\/index.php\/wp-json\/wp\/v2\/posts\/394","targetHints":{"allow":["GET"]}}],"collection":[{"href":"https:\/\/ondauno.com.ar\/index.php\/wp-json\/wp\/v2\/posts"}],"about":[{"href":"https:\/\/ondauno.com.ar\/index.php\/wp-json\/wp\/v2\/types\/post"}],"author":[{"embeddable":true,"href":"https:\/\/ondauno.com.ar\/index.php\/wp-json\/wp\/v2\/users\/1"}],"replies":[{"embeddable":true,"href":"https:\/\/ondauno.com.ar\/index.php\/wp-json\/wp\/v2\/comments?post=394"}],"version-history":[{"count":0,"href":"https:\/\/ondauno.com.ar\/index.php\/wp-json\/wp\/v2\/posts\/394\/revisions"}],"wp:featuredmedia":[{"embeddable":true,"href":"https:\/\/ondauno.com.ar\/index.php\/wp-json\/wp\/v2\/media\/45248"}],"wp:attachment":[{"href":"https:\/\/ondauno.com.ar\/index.php\/wp-json\/wp\/v2\/media?parent=394"}],"wp:term":[{"taxonomy":"category","embeddable":true,"href":"https:\/\/ondauno.com.ar\/index.php\/wp-json\/wp\/v2\/categories?post=394"},{"taxonomy":"post_tag","embeddable":true,"href":"https:\/\/ondauno.com.ar\/index.php\/wp-json\/wp\/v2\/tags?post=394"}],"curies":[{"name":"wp","href":"https:\/\/api.w.org\/{rel}","templated":true}]}}