{"id":393,"date":"2019-10-01T23:38:38","date_gmt":"2019-10-02T02:38:38","guid":{"rendered":"http:\/\/fabiantroncoso.com.ar\/ondauno\/?p=393"},"modified":"2019-10-21T20:58:37","modified_gmt":"2019-10-21T23:58:37","slug":"somovilla-tres-arroyos-tiene-mucho-talento-y-se-vio","status":"publish","type":"post","link":"https:\/\/ondauno.com.ar\/index.php\/2019\/10\/01\/somovilla-tres-arroyos-tiene-mucho-talento-y-se-vio\/","title":{"rendered":"Somovilla: \u201cTres Arroyos tiene mucho talento y se vio\u201d"},"content":{"rendered":"<div class=\"ondau-before-content_3\" style=\"margin-top: -30px;\" id=\"ondau-3221128297\"><a href=\"https:\/\/www.lps.com.ar\/\" aria-label=\"la-perse2\"><img loading=\"lazy\" decoding=\"async\" src=\"https:\/\/ondauno.com.ar\/wp-content\/uploads\/2021\/10\/la-perse2.jpg\" alt=\"\"  srcset=\"https:\/\/ondauno.com.ar\/wp-content\/uploads\/2021\/10\/la-perse2.jpg 1353w, https:\/\/ondauno.com.ar\/wp-content\/uploads\/2021\/10\/la-perse2-300x43.jpg 300w, https:\/\/ondauno.com.ar\/wp-content\/uploads\/2021\/10\/la-perse2-1024x148.jpg 1024w, https:\/\/ondauno.com.ar\/wp-content\/uploads\/2021\/10\/la-perse2-768x111.jpg 768w, https:\/\/ondauno.com.ar\/wp-content\/uploads\/2021\/10\/la-perse2-696x100.jpg 696w, https:\/\/ondauno.com.ar\/wp-content\/uploads\/2021\/10\/la-perse2-1068x154.jpg 1068w\" sizes=\"(max-width: 1353px) 100vw, 1353px\" class=\"no-lazyload\" width=\"1353\" height=\"195\"  style=\"display: inline-block;\" \/><\/a><\/div>\n<p>01|10|19 16:27 hs.<\/p>\n\n\n\n<p>Domingo 29 de septiembre. Pasadas las 21 horas. El piso flotante y toda su estructura todav\u00eda estaban \u201ccalientes\u201d luego de un espect\u00e1culo de primer nivel. Fue el espect\u00e1culo pensado y planificado para la inauguraci\u00f3n del Polideportivo Municipal.&nbsp;<br>Fue el espect\u00e1culo que se llev\u00f3 una impactante y emotiva ovaci\u00f3n de las m\u00e1s de 2500 almas que colmaron el lugar. Y \u00e9l, H\u00e9ctor Somovilla, tuvo mucho que ver para que el p\u00fablico se haya expresado de esa manera. Pero el referente del Club Espa\u00f1ol no estuvo solo en el desaf\u00edo que la Municipalidad le propuso hace unos meses.&nbsp;<br>Juan Carlos Caruso, Mart\u00edn Rodr\u00edguez Blanco, Andrea Tolosa y el propio Somovilla idearon una verdadera fiesta. Y les sali\u00f3 tal como estaba previsto de antemano. \u201cToda esta gente aplaudiendo el espect\u00e1culo, emociona. Todo fue emocionante desde el corte de cintas. Eso nos predispuso para estar mejor a\u00fan\u201d, cont\u00f3 Somovilla a La Voz del Pueblo, quien para este acontecimiento cumpli\u00f3 el rol de director general de todo el show, papel que comparti\u00f3 con Juan Carlos Caruso.&nbsp;<\/p>\n","protected":false},"excerpt":{"rendered":"<p>01|10|19 16:27 hs. Domingo 29 de septiembre. Pasadas las 21 horas. El piso flotante y toda su estructura todav\u00eda estaban \u201ccalientes\u201d luego de un espect\u00e1culo de primer nivel. Fue el espect\u00e1culo pensado y planificado para la inauguraci\u00f3n del Polideportivo Municipal.&nbsp;Fue el espect\u00e1culo que se llev\u00f3 una impactante y emotiva ovaci\u00f3n de las m\u00e1s de 2500 [&hellip;]<\/p>\n","protected":false},"author":1,"featured_media":45248,"comment_status":"open","ping_status":"open","sticky":false,"template":"","format":"standard","meta":{"tdm_status":"","tdm_grid_status":"","_jetpack_memberships_contains_paid_content":false,"footnotes":"","jetpack_publicize_message":"","jetpack_publicize_feature_enabled":true,"jetpack_social_post_already_shared":false,"jetpack_social_options":{"image_generator_settings":{"template":"highway","default_image_id":0,"font":"","enabled":false},"version":2}},"categories":[28,2],"tags":[],"class_list":{"0":"post-393","1":"post","2":"type-post","3":"status-publish","4":"format-standard","5":"has-post-thumbnail","7":"category-interes-general","8":"category-locales"},"yoast_head":"<!-- This site is optimized with the Yoast SEO plugin v22.7 - https:\/\/yoast.com\/wordpress\/plugins\/seo\/ -->\n<title>Somovilla: \u201cTres Arroyos tiene mucho talento y se vio\u201d - 103.9 fm<\/title>\n<meta name=\"robots\" content=\"index, follow, max-snippet:-1, max-image-preview:large, max-video-preview:-1\" \/>\n<link rel=\"canonical\" href=\"https:\/\/ondauno.com.ar\/index.php\/2019\/10\/01\/somovilla-tres-arroyos-tiene-mucho-talento-y-se-vio\/\" \/>\n<meta property=\"og:locale\" content=\"es_ES\" \/>\n<meta property=\"og:type\" content=\"article\" \/>\n<meta property=\"og:title\" content=\"Somovilla: \u201cTres Arroyos tiene mucho talento y se vio\u201d - 103.9 fm\" \/>\n<meta property=\"og:description\" content=\"01|10|19 16:27 hs. Domingo 29 de septiembre. Pasadas las 21 horas. El piso flotante y toda su estructura todav\u00eda estaban \u201ccalientes\u201d luego de un espect\u00e1culo de primer nivel. Fue el espect\u00e1culo pensado y planificado para la inauguraci\u00f3n del Polideportivo Municipal.&nbsp;Fue el espect\u00e1culo que se llev\u00f3 una impactante y emotiva ovaci\u00f3n de las m\u00e1s de 2500 [&hellip;]\" \/>\n<meta property=\"og:url\" content=\"https:\/\/ondauno.com.ar\/index.php\/2019\/10\/01\/somovilla-tres-arroyos-tiene-mucho-talento-y-se-vio\/\" \/>\n<meta property=\"og:site_name\" content=\"103.9 fm\" \/>\n<meta property=\"article:publisher\" content=\"https:\/\/www.facebook.com\/ondauno103.9\" \/>\n<meta property=\"article:published_time\" content=\"2019-10-02T02:38:38+00:00\" \/>\n<meta property=\"article:modified_time\" content=\"2019-10-21T23:58:37+00:00\" \/>\n<meta property=\"og:image\" content=\"https:\/\/ondauno.com.ar\/wp-content\/uploads\/2024\/03\/logo-jpg.jpg\" \/>\n\t<meta property=\"og:image:width\" content=\"336\" \/>\n\t<meta property=\"og:image:height\" content=\"292\" \/>\n\t<meta property=\"og:image:type\" content=\"image\/jpeg\" \/>\n<meta name=\"author\" content=\"OndaUno\" \/>\n<meta name=\"twitter:card\" content=\"summary_large_image\" \/>\n<meta name=\"twitter:label1\" content=\"Escrito por\" \/>\n\t<meta name=\"twitter:data1\" content=\"OndaUno\" \/>\n\t<meta name=\"twitter:label2\" content=\"Tiempo de lectura\" \/>\n\t<meta name=\"twitter:data2\" content=\"1 minuto\" \/>\n<script type=\"application\/ld+json\" class=\"yoast-schema-graph\">{\"@context\":\"https:\/\/schema.org\",\"@graph\":[{\"@type\":\"WebPage\",\"@id\":\"https:\/\/ondauno.com.ar\/index.php\/2019\/10\/01\/somovilla-tres-arroyos-tiene-mucho-talento-y-se-vio\/\",\"url\":\"https:\/\/ondauno.com.ar\/index.php\/2019\/10\/01\/somovilla-tres-arroyos-tiene-mucho-talento-y-se-vio\/\",\"name\":\"Somovilla: \u201cTres Arroyos tiene mucho talento y se vio\u201d - 103.9 fm\",\"isPartOf\":{\"@id\":\"https:\/\/ondauno.com.ar\/#website\"},\"primaryImageOfPage\":{\"@id\":\"https:\/\/ondauno.com.ar\/index.php\/2019\/10\/01\/somovilla-tres-arroyos-tiene-mucho-talento-y-se-vio\/#primaryimage\"},\"image\":{\"@id\":\"https:\/\/ondauno.com.ar\/index.php\/2019\/10\/01\/somovilla-tres-arroyos-tiene-mucho-talento-y-se-vio\/#primaryimage\"},\"thumbnailUrl\":\"https:\/\/ondauno.com.ar\/wp-content\/uploads\/2024\/03\/logo-jpg.jpg\",\"datePublished\":\"2019-10-02T02:38:38+00:00\",\"dateModified\":\"2019-10-21T23:58:37+00:00\",\"author\":{\"@id\":\"https:\/\/ondauno.com.ar\/#\/schema\/person\/7ec851ddeceb4133d7d7132dc645714e\"},\"breadcrumb\":{\"@id\":\"https:\/\/ondauno.com.ar\/index.php\/2019\/10\/01\/somovilla-tres-arroyos-tiene-mucho-talento-y-se-vio\/#breadcrumb\"},\"inLanguage\":\"es-AR\",\"potentialAction\":[{\"@type\":\"ReadAction\",\"target\":[\"https:\/\/ondauno.com.ar\/index.php\/2019\/10\/01\/somovilla-tres-arroyos-tiene-mucho-talento-y-se-vio\/\"]}]},{\"@type\":\"ImageObject\",\"inLanguage\":\"es-AR\",\"@id\":\"https:\/\/ondauno.com.ar\/index.php\/2019\/10\/01\/somovilla-tres-arroyos-tiene-mucho-talento-y-se-vio\/#primaryimage\",\"url\":\"https:\/\/ondauno.com.ar\/wp-content\/uploads\/2024\/03\/logo-jpg.jpg\",\"contentUrl\":\"https:\/\/ondauno.com.ar\/wp-content\/uploads\/2024\/03\/logo-jpg.jpg\",\"width\":336,\"height\":292},{\"@type\":\"BreadcrumbList\",\"@id\":\"https:\/\/ondauno.com.ar\/index.php\/2019\/10\/01\/somovilla-tres-arroyos-tiene-mucho-talento-y-se-vio\/#breadcrumb\",\"itemListElement\":[{\"@type\":\"ListItem\",\"position\":1,\"name\":\"Inicio\",\"item\":\"https:\/\/ondauno.com.ar\/\"},{\"@type\":\"ListItem\",\"position\":2,\"name\":\"Somovilla: \u201cTres Arroyos tiene mucho talento y se vio\u201d\"}]},{\"@type\":\"WebSite\",\"@id\":\"https:\/\/ondauno.com.ar\/#website\",\"url\":\"https:\/\/ondauno.com.ar\/\",\"name\":\"103.9 fm\",\"description\":\"LA PRIMERA RADIO MULTIMEDIA DE TRES ARROYOS\",\"potentialAction\":[{\"@type\":\"SearchAction\",\"target\":{\"@type\":\"EntryPoint\",\"urlTemplate\":\"https:\/\/ondauno.com.ar\/?s={search_term_string}\"},\"query-input\":\"required name=search_term_string\"}],\"inLanguage\":\"es-AR\"},{\"@type\":\"Person\",\"@id\":\"https:\/\/ondauno.com.ar\/#\/schema\/person\/7ec851ddeceb4133d7d7132dc645714e\",\"name\":\"OndaUno\",\"image\":{\"@type\":\"ImageObject\",\"inLanguage\":\"es-AR\",\"@id\":\"https:\/\/ondauno.com.ar\/#\/schema\/person\/image\/\",\"url\":\"https:\/\/secure.gravatar.com\/avatar\/93b8009f0de7021f1feb2bd5b32fb9e8?s=96&d=mm&r=g\",\"contentUrl\":\"https:\/\/secure.gravatar.com\/avatar\/93b8009f0de7021f1feb2bd5b32fb9e8?s=96&d=mm&r=g\",\"caption\":\"OndaUno\"},\"url\":\"https:\/\/ondauno.com.ar\/index.php\/author\/ondauno\/\"}]}<\/script>\n<!-- \/ Yoast SEO plugin. -->","yoast_head_json":{"title":"Somovilla: \u201cTres Arroyos tiene mucho talento y se vio\u201d - 103.9 fm","robots":{"index":"index","follow":"follow","max-snippet":"max-snippet:-1","max-image-preview":"max-image-preview:large","max-video-preview":"max-video-preview:-1"},"canonical":"https:\/\/ondauno.com.ar\/index.php\/2019\/10\/01\/somovilla-tres-arroyos-tiene-mucho-talento-y-se-vio\/","og_locale":"es_ES","og_type":"article","og_title":"Somovilla: \u201cTres Arroyos tiene mucho talento y se vio\u201d - 103.9 fm","og_description":"01|10|19 16:27 hs. Domingo 29 de septiembre. Pasadas las 21 horas. El piso flotante y toda su estructura todav\u00eda estaban \u201ccalientes\u201d luego de un espect\u00e1culo de primer nivel. Fue el espect\u00e1culo pensado y planificado para la inauguraci\u00f3n del Polideportivo Municipal.&nbsp;Fue el espect\u00e1culo que se llev\u00f3 una impactante y emotiva ovaci\u00f3n de las m\u00e1s de 2500 [&hellip;]","og_url":"https:\/\/ondauno.com.ar\/index.php\/2019\/10\/01\/somovilla-tres-arroyos-tiene-mucho-talento-y-se-vio\/","og_site_name":"103.9 fm","article_publisher":"https:\/\/www.facebook.com\/ondauno103.9","article_published_time":"2019-10-02T02:38:38+00:00","article_modified_time":"2019-10-21T23:58:37+00:00","og_image":[{"width":336,"height":292,"url":"https:\/\/ondauno.com.ar\/wp-content\/uploads\/2024\/03\/logo-jpg.jpg","type":"image\/jpeg"}],"author":"OndaUno","twitter_card":"summary_large_image","twitter_misc":{"Escrito por":"OndaUno","Tiempo de lectura":"1 minuto"},"schema":{"@context":"https:\/\/schema.org","@graph":[{"@type":"WebPage","@id":"https:\/\/ondauno.com.ar\/index.php\/2019\/10\/01\/somovilla-tres-arroyos-tiene-mucho-talento-y-se-vio\/","url":"https:\/\/ondauno.com.ar\/index.php\/2019\/10\/01\/somovilla-tres-arroyos-tiene-mucho-talento-y-se-vio\/","name":"Somovilla: \u201cTres Arroyos tiene mucho talento y se vio\u201d - 103.9 fm","isPartOf":{"@id":"https:\/\/ondauno.com.ar\/#website"},"primaryImageOfPage":{"@id":"https:\/\/ondauno.com.ar\/index.php\/2019\/10\/01\/somovilla-tres-arroyos-tiene-mucho-talento-y-se-vio\/#primaryimage"},"image":{"@id":"https:\/\/ondauno.com.ar\/index.php\/2019\/10\/01\/somovilla-tres-arroyos-tiene-mucho-talento-y-se-vio\/#primaryimage"},"thumbnailUrl":"https:\/\/ondauno.com.ar\/wp-content\/uploads\/2024\/03\/logo-jpg.jpg","datePublished":"2019-10-02T02:38:38+00:00","dateModified":"2019-10-21T23:58:37+00:00","author":{"@id":"https:\/\/ondauno.com.ar\/#\/schema\/person\/7ec851ddeceb4133d7d7132dc645714e"},"breadcrumb":{"@id":"https:\/\/ondauno.com.ar\/index.php\/2019\/10\/01\/somovilla-tres-arroyos-tiene-mucho-talento-y-se-vio\/#breadcrumb"},"inLanguage":"es-AR","potentialAction":[{"@type":"ReadAction","target":["https:\/\/ondauno.com.ar\/index.php\/2019\/10\/01\/somovilla-tres-arroyos-tiene-mucho-talento-y-se-vio\/"]}]},{"@type":"ImageObject","inLanguage":"es-AR","@id":"https:\/\/ondauno.com.ar\/index.php\/2019\/10\/01\/somovilla-tres-arroyos-tiene-mucho-talento-y-se-vio\/#primaryimage","url":"https:\/\/ondauno.com.ar\/wp-content\/uploads\/2024\/03\/logo-jpg.jpg","contentUrl":"https:\/\/ondauno.com.ar\/wp-content\/uploads\/2024\/03\/logo-jpg.jpg","width":336,"height":292},{"@type":"BreadcrumbList","@id":"https:\/\/ondauno.com.ar\/index.php\/2019\/10\/01\/somovilla-tres-arroyos-tiene-mucho-talento-y-se-vio\/#breadcrumb","itemListElement":[{"@type":"ListItem","position":1,"name":"Inicio","item":"https:\/\/ondauno.com.ar\/"},{"@type":"ListItem","position":2,"name":"Somovilla: \u201cTres Arroyos tiene mucho talento y se vio\u201d"}]},{"@type":"WebSite","@id":"https:\/\/ondauno.com.ar\/#website","url":"https:\/\/ondauno.com.ar\/","name":"103.9 fm","description":"LA PRIMERA RADIO MULTIMEDIA DE TRES ARROYOS","potentialAction":[{"@type":"SearchAction","target":{"@type":"EntryPoint","urlTemplate":"https:\/\/ondauno.com.ar\/?s={search_term_string}"},"query-input":"required name=search_term_string"}],"inLanguage":"es-AR"},{"@type":"Person","@id":"https:\/\/ondauno.com.ar\/#\/schema\/person\/7ec851ddeceb4133d7d7132dc645714e","name":"OndaUno","image":{"@type":"ImageObject","inLanguage":"es-AR","@id":"https:\/\/ondauno.com.ar\/#\/schema\/person\/image\/","url":"https:\/\/secure.gravatar.com\/avatar\/93b8009f0de7021f1feb2bd5b32fb9e8?s=96&d=mm&r=g","contentUrl":"https:\/\/secure.gravatar.com\/avatar\/93b8009f0de7021f1feb2bd5b32fb9e8?s=96&d=mm&r=g","caption":"OndaUno"},"url":"https:\/\/ondauno.com.ar\/index.php\/author\/ondauno\/"}]}},"jetpack_publicize_connections":[],"jetpack_featured_media_url":"https:\/\/ondauno.com.ar\/wp-content\/uploads\/2024\/03\/logo-jpg.jpg","jetpack_sharing_enabled":true,"_links":{"self":[{"href":"https:\/\/ondauno.com.ar\/index.php\/wp-json\/wp\/v2\/posts\/393","targetHints":{"allow":["GET"]}}],"collection":[{"href":"https:\/\/ondauno.com.ar\/index.php\/wp-json\/wp\/v2\/posts"}],"about":[{"href":"https:\/\/ondauno.com.ar\/index.php\/wp-json\/wp\/v2\/types\/post"}],"author":[{"embeddable":true,"href":"https:\/\/ondauno.com.ar\/index.php\/wp-json\/wp\/v2\/users\/1"}],"replies":[{"embeddable":true,"href":"https:\/\/ondauno.com.ar\/index.php\/wp-json\/wp\/v2\/comments?post=393"}],"version-history":[{"count":0,"href":"https:\/\/ondauno.com.ar\/index.php\/wp-json\/wp\/v2\/posts\/393\/revisions"}],"wp:featuredmedia":[{"embeddable":true,"href":"https:\/\/ondauno.com.ar\/index.php\/wp-json\/wp\/v2\/media\/45248"}],"wp:attachment":[{"href":"https:\/\/ondauno.com.ar\/index.php\/wp-json\/wp\/v2\/media?parent=393"}],"wp:term":[{"taxonomy":"category","embeddable":true,"href":"https:\/\/ondauno.com.ar\/index.php\/wp-json\/wp\/v2\/categories?post=393"},{"taxonomy":"post_tag","embeddable":true,"href":"https:\/\/ondauno.com.ar\/index.php\/wp-json\/wp\/v2\/tags?post=393"}],"curies":[{"name":"wp","href":"https:\/\/api.w.org\/{rel}","templated":true}]}}