{"id":38486,"date":"2022-12-26T20:56:08","date_gmt":"2022-12-26T23:56:08","guid":{"rendered":"http:\/\/ondauno.com.ar\/?p=38486"},"modified":"2022-12-26T20:56:09","modified_gmt":"2022-12-26T23:56:09","slug":"continua-la-inscripcion-2023-y-se-reciben-documentacion-con-pedido-de-transporte-para-la-agraria-1","status":"publish","type":"post","link":"https:\/\/ondauno.com.ar\/index.php\/2022\/12\/26\/continua-la-inscripcion-2023-y-se-reciben-documentacion-con-pedido-de-transporte-para-la-agraria-1\/","title":{"rendered":"Contin\u00faa la Inscripci\u00f3n 2023 y se reciben documentaci\u00f3n con pedido de transporte para la Agraria 1"},"content":{"rendered":"<div class=\"ondau-before-content_3\" style=\"margin-top: -30px;\" id=\"ondau-587066043\"><a href=\"https:\/\/www.lps.com.ar\/\" aria-label=\"la-perse2\"><img loading=\"lazy\" decoding=\"async\" src=\"https:\/\/ondauno.com.ar\/wp-content\/uploads\/2021\/10\/la-perse2.jpg\" alt=\"\"  srcset=\"https:\/\/ondauno.com.ar\/wp-content\/uploads\/2021\/10\/la-perse2.jpg 1353w, https:\/\/ondauno.com.ar\/wp-content\/uploads\/2021\/10\/la-perse2-300x43.jpg 300w, https:\/\/ondauno.com.ar\/wp-content\/uploads\/2021\/10\/la-perse2-1024x148.jpg 1024w, https:\/\/ondauno.com.ar\/wp-content\/uploads\/2021\/10\/la-perse2-768x111.jpg 768w, https:\/\/ondauno.com.ar\/wp-content\/uploads\/2021\/10\/la-perse2-696x100.jpg 696w, https:\/\/ondauno.com.ar\/wp-content\/uploads\/2021\/10\/la-perse2-1068x154.jpg 1068w\" sizes=\"(max-width: 1353px) 100vw, 1353px\" class=\"no-lazyload\" width=\"1353\" height=\"195\"  style=\"display: inline-block;\" \/><\/a><\/div>\n<p>Desde la Escuela de Educaci\u00f3n Secundaria Agraria 1 Argentino Dan\u00e9s,  se informa que desde el martes 27 al jueves 29 de diciembre se dispondr\u00e1 personal en la ciudad para atender las requisitorias de Inscripci\u00f3n 2023 y cumplimentar la presentaci\u00f3n de la planilla de solicitud de transporte 2023 solicitada a la totalidad de la matr\u00edcula.<\/p>\n\n\n\n<p>Para tal fin se informa que se recibir\u00e1n consultas e inscripciones de martes 27 al jueves 29 de diciembre en turno ma\u00f1ana de 7,30 a 12,00 hs en instalaciones de la EP 18 y por la tarde de 13,00 a 17,00 hs en instalaciones de la Extensi\u00f3n 2040 en Lavalle 750, donde se encontrara personal de la Agraria 1 para recibir consultas y documentaci\u00f3n solicitada.<\/p>\n\n\n\n<p>Se recuerda que la EESA 1 es una escuela secundaria de la modalidad Agraria ubicada a 40 km de nuestra ciudad, \u00fanica con la orientaci\u00f3n t\u00e9cnica agropecuario con orientaci\u00f3n en producci\u00f3n de carne,  y en ella los alumnos  y alumnas aprenden y se forman tanto en el aula como en los entornos formativos.<\/p>\n\n\n\n<p>Aquellos interesados en la Inscripci\u00f3n pueden retirar requisitos en la cantina del colegio nacional o  comunic\u00e1ndose al tel 2983- 571427.<\/p>\n","protected":false},"excerpt":{"rendered":"<p>Desde la Escuela de Educaci\u00f3n Secundaria Agraria 1 Argentino Dan\u00e9s, se informa que desde el martes 27 al jueves 29 de diciembre se dispondr\u00e1 personal en la ciudad para atender las requisitorias de Inscripci\u00f3n 2023 y cumplimentar la presentaci\u00f3n de la planilla de solicitud de transporte 2023 solicitada a la totalidad de la matr\u00edcula. Para [&hellip;]<\/p>\n","protected":false},"author":1,"featured_media":38487,"comment_status":"open","ping_status":"open","sticky":false,"template":"","format":"standard","meta":{"tdm_status":"","tdm_grid_status":"","_jetpack_memberships_contains_paid_content":false,"footnotes":"","jetpack_publicize_message":"","jetpack_publicize_feature_enabled":true,"jetpack_social_post_already_shared":true,"jetpack_social_options":{"image_generator_settings":{"template":"highway","default_image_id":0,"font":"","enabled":false},"version":2}},"categories":[2],"tags":[],"class_list":{"0":"post-38486","1":"post","2":"type-post","3":"status-publish","4":"format-standard","5":"has-post-thumbnail","7":"category-locales"},"yoast_head":"<!-- This site is optimized with the Yoast SEO plugin v22.7 - https:\/\/yoast.com\/wordpress\/plugins\/seo\/ -->\n<title>Contin\u00faa la Inscripci\u00f3n 2023 y se reciben documentaci\u00f3n con pedido de transporte para la Agraria 1 - 103.9 fm<\/title>\n<meta name=\"robots\" content=\"index, follow, max-snippet:-1, max-image-preview:large, max-video-preview:-1\" \/>\n<link rel=\"canonical\" href=\"https:\/\/ondauno.com.ar\/index.php\/2022\/12\/26\/continua-la-inscripcion-2023-y-se-reciben-documentacion-con-pedido-de-transporte-para-la-agraria-1\/\" \/>\n<meta property=\"og:locale\" content=\"es_ES\" \/>\n<meta property=\"og:type\" content=\"article\" \/>\n<meta property=\"og:title\" content=\"Contin\u00faa la Inscripci\u00f3n 2023 y se reciben documentaci\u00f3n con pedido de transporte para la Agraria 1 - 103.9 fm\" \/>\n<meta property=\"og:description\" content=\"Desde la Escuela de Educaci\u00f3n Secundaria Agraria 1 Argentino Dan\u00e9s, se informa que desde el martes 27 al jueves 29 de diciembre se dispondr\u00e1 personal en la ciudad para atender las requisitorias de Inscripci\u00f3n 2023 y cumplimentar la presentaci\u00f3n de la planilla de solicitud de transporte 2023 solicitada a la totalidad de la matr\u00edcula. Para [&hellip;]\" \/>\n<meta property=\"og:url\" content=\"https:\/\/ondauno.com.ar\/index.php\/2022\/12\/26\/continua-la-inscripcion-2023-y-se-reciben-documentacion-con-pedido-de-transporte-para-la-agraria-1\/\" \/>\n<meta property=\"og:site_name\" content=\"103.9 fm\" \/>\n<meta property=\"article:publisher\" content=\"https:\/\/www.facebook.com\/ondauno103.9\" \/>\n<meta property=\"article:published_time\" content=\"2022-12-26T23:56:08+00:00\" \/>\n<meta property=\"article:modified_time\" content=\"2022-12-26T23:56:09+00:00\" \/>\n<meta property=\"og:image\" content=\"https:\/\/ondauno.com.ar\/wp-content\/uploads\/2022\/12\/20220710_153238.jpg\" \/>\n\t<meta property=\"og:image:width\" content=\"680\" \/>\n\t<meta property=\"og:image:height\" content=\"345\" \/>\n\t<meta property=\"og:image:type\" content=\"image\/jpeg\" \/>\n<meta name=\"author\" content=\"OndaUno\" \/>\n<meta name=\"twitter:card\" content=\"summary_large_image\" \/>\n<meta name=\"twitter:label1\" content=\"Escrito por\" \/>\n\t<meta name=\"twitter:data1\" content=\"OndaUno\" \/>\n\t<meta name=\"twitter:label2\" content=\"Tiempo de lectura\" \/>\n\t<meta name=\"twitter:data2\" content=\"1 minuto\" \/>\n<script type=\"application\/ld+json\" class=\"yoast-schema-graph\">{\"@context\":\"https:\/\/schema.org\",\"@graph\":[{\"@type\":\"WebPage\",\"@id\":\"https:\/\/ondauno.com.ar\/index.php\/2022\/12\/26\/continua-la-inscripcion-2023-y-se-reciben-documentacion-con-pedido-de-transporte-para-la-agraria-1\/\",\"url\":\"https:\/\/ondauno.com.ar\/index.php\/2022\/12\/26\/continua-la-inscripcion-2023-y-se-reciben-documentacion-con-pedido-de-transporte-para-la-agraria-1\/\",\"name\":\"Contin\u00faa la Inscripci\u00f3n 2023 y se reciben documentaci\u00f3n con pedido de transporte para la Agraria 1 - 103.9 fm\",\"isPartOf\":{\"@id\":\"https:\/\/ondauno.com.ar\/#website\"},\"primaryImageOfPage\":{\"@id\":\"https:\/\/ondauno.com.ar\/index.php\/2022\/12\/26\/continua-la-inscripcion-2023-y-se-reciben-documentacion-con-pedido-de-transporte-para-la-agraria-1\/#primaryimage\"},\"image\":{\"@id\":\"https:\/\/ondauno.com.ar\/index.php\/2022\/12\/26\/continua-la-inscripcion-2023-y-se-reciben-documentacion-con-pedido-de-transporte-para-la-agraria-1\/#primaryimage\"},\"thumbnailUrl\":\"https:\/\/ondauno.com.ar\/wp-content\/uploads\/2022\/12\/20220710_153238.jpg\",\"datePublished\":\"2022-12-26T23:56:08+00:00\",\"dateModified\":\"2022-12-26T23:56:09+00:00\",\"author\":{\"@id\":\"https:\/\/ondauno.com.ar\/#\/schema\/person\/7ec851ddeceb4133d7d7132dc645714e\"},\"breadcrumb\":{\"@id\":\"https:\/\/ondauno.com.ar\/index.php\/2022\/12\/26\/continua-la-inscripcion-2023-y-se-reciben-documentacion-con-pedido-de-transporte-para-la-agraria-1\/#breadcrumb\"},\"inLanguage\":\"es-AR\",\"potentialAction\":[{\"@type\":\"ReadAction\",\"target\":[\"https:\/\/ondauno.com.ar\/index.php\/2022\/12\/26\/continua-la-inscripcion-2023-y-se-reciben-documentacion-con-pedido-de-transporte-para-la-agraria-1\/\"]}]},{\"@type\":\"ImageObject\",\"inLanguage\":\"es-AR\",\"@id\":\"https:\/\/ondauno.com.ar\/index.php\/2022\/12\/26\/continua-la-inscripcion-2023-y-se-reciben-documentacion-con-pedido-de-transporte-para-la-agraria-1\/#primaryimage\",\"url\":\"https:\/\/ondauno.com.ar\/wp-content\/uploads\/2022\/12\/20220710_153238.jpg\",\"contentUrl\":\"https:\/\/ondauno.com.ar\/wp-content\/uploads\/2022\/12\/20220710_153238.jpg\",\"width\":680,\"height\":345},{\"@type\":\"BreadcrumbList\",\"@id\":\"https:\/\/ondauno.com.ar\/index.php\/2022\/12\/26\/continua-la-inscripcion-2023-y-se-reciben-documentacion-con-pedido-de-transporte-para-la-agraria-1\/#breadcrumb\",\"itemListElement\":[{\"@type\":\"ListItem\",\"position\":1,\"name\":\"Inicio\",\"item\":\"https:\/\/ondauno.com.ar\/\"},{\"@type\":\"ListItem\",\"position\":2,\"name\":\"Contin\u00faa la Inscripci\u00f3n 2023 y se reciben documentaci\u00f3n con pedido de transporte para la Agraria 1\"}]},{\"@type\":\"WebSite\",\"@id\":\"https:\/\/ondauno.com.ar\/#website\",\"url\":\"https:\/\/ondauno.com.ar\/\",\"name\":\"103.9 fm\",\"description\":\"LA PRIMERA RADIO MULTIMEDIA DE TRES ARROYOS\",\"potentialAction\":[{\"@type\":\"SearchAction\",\"target\":{\"@type\":\"EntryPoint\",\"urlTemplate\":\"https:\/\/ondauno.com.ar\/?s={search_term_string}\"},\"query-input\":\"required name=search_term_string\"}],\"inLanguage\":\"es-AR\"},{\"@type\":\"Person\",\"@id\":\"https:\/\/ondauno.com.ar\/#\/schema\/person\/7ec851ddeceb4133d7d7132dc645714e\",\"name\":\"OndaUno\",\"image\":{\"@type\":\"ImageObject\",\"inLanguage\":\"es-AR\",\"@id\":\"https:\/\/ondauno.com.ar\/#\/schema\/person\/image\/\",\"url\":\"https:\/\/secure.gravatar.com\/avatar\/93b8009f0de7021f1feb2bd5b32fb9e8?s=96&d=mm&r=g\",\"contentUrl\":\"https:\/\/secure.gravatar.com\/avatar\/93b8009f0de7021f1feb2bd5b32fb9e8?s=96&d=mm&r=g\",\"caption\":\"OndaUno\"},\"url\":\"https:\/\/ondauno.com.ar\/index.php\/author\/ondauno\/\"}]}<\/script>\n<!-- \/ Yoast SEO plugin. -->","yoast_head_json":{"title":"Contin\u00faa la Inscripci\u00f3n 2023 y se reciben documentaci\u00f3n con pedido de transporte para la Agraria 1 - 103.9 fm","robots":{"index":"index","follow":"follow","max-snippet":"max-snippet:-1","max-image-preview":"max-image-preview:large","max-video-preview":"max-video-preview:-1"},"canonical":"https:\/\/ondauno.com.ar\/index.php\/2022\/12\/26\/continua-la-inscripcion-2023-y-se-reciben-documentacion-con-pedido-de-transporte-para-la-agraria-1\/","og_locale":"es_ES","og_type":"article","og_title":"Contin\u00faa la Inscripci\u00f3n 2023 y se reciben documentaci\u00f3n con pedido de transporte para la Agraria 1 - 103.9 fm","og_description":"Desde la Escuela de Educaci\u00f3n Secundaria Agraria 1 Argentino Dan\u00e9s, se informa que desde el martes 27 al jueves 29 de diciembre se dispondr\u00e1 personal en la ciudad para atender las requisitorias de Inscripci\u00f3n 2023 y cumplimentar la presentaci\u00f3n de la planilla de solicitud de transporte 2023 solicitada a la totalidad de la matr\u00edcula. Para [&hellip;]","og_url":"https:\/\/ondauno.com.ar\/index.php\/2022\/12\/26\/continua-la-inscripcion-2023-y-se-reciben-documentacion-con-pedido-de-transporte-para-la-agraria-1\/","og_site_name":"103.9 fm","article_publisher":"https:\/\/www.facebook.com\/ondauno103.9","article_published_time":"2022-12-26T23:56:08+00:00","article_modified_time":"2022-12-26T23:56:09+00:00","og_image":[{"width":680,"height":345,"url":"https:\/\/ondauno.com.ar\/wp-content\/uploads\/2022\/12\/20220710_153238.jpg","type":"image\/jpeg"}],"author":"OndaUno","twitter_card":"summary_large_image","twitter_misc":{"Escrito por":"OndaUno","Tiempo de lectura":"1 minuto"},"schema":{"@context":"https:\/\/schema.org","@graph":[{"@type":"WebPage","@id":"https:\/\/ondauno.com.ar\/index.php\/2022\/12\/26\/continua-la-inscripcion-2023-y-se-reciben-documentacion-con-pedido-de-transporte-para-la-agraria-1\/","url":"https:\/\/ondauno.com.ar\/index.php\/2022\/12\/26\/continua-la-inscripcion-2023-y-se-reciben-documentacion-con-pedido-de-transporte-para-la-agraria-1\/","name":"Contin\u00faa la Inscripci\u00f3n 2023 y se reciben documentaci\u00f3n con pedido de transporte para la Agraria 1 - 103.9 fm","isPartOf":{"@id":"https:\/\/ondauno.com.ar\/#website"},"primaryImageOfPage":{"@id":"https:\/\/ondauno.com.ar\/index.php\/2022\/12\/26\/continua-la-inscripcion-2023-y-se-reciben-documentacion-con-pedido-de-transporte-para-la-agraria-1\/#primaryimage"},"image":{"@id":"https:\/\/ondauno.com.ar\/index.php\/2022\/12\/26\/continua-la-inscripcion-2023-y-se-reciben-documentacion-con-pedido-de-transporte-para-la-agraria-1\/#primaryimage"},"thumbnailUrl":"https:\/\/ondauno.com.ar\/wp-content\/uploads\/2022\/12\/20220710_153238.jpg","datePublished":"2022-12-26T23:56:08+00:00","dateModified":"2022-12-26T23:56:09+00:00","author":{"@id":"https:\/\/ondauno.com.ar\/#\/schema\/person\/7ec851ddeceb4133d7d7132dc645714e"},"breadcrumb":{"@id":"https:\/\/ondauno.com.ar\/index.php\/2022\/12\/26\/continua-la-inscripcion-2023-y-se-reciben-documentacion-con-pedido-de-transporte-para-la-agraria-1\/#breadcrumb"},"inLanguage":"es-AR","potentialAction":[{"@type":"ReadAction","target":["https:\/\/ondauno.com.ar\/index.php\/2022\/12\/26\/continua-la-inscripcion-2023-y-se-reciben-documentacion-con-pedido-de-transporte-para-la-agraria-1\/"]}]},{"@type":"ImageObject","inLanguage":"es-AR","@id":"https:\/\/ondauno.com.ar\/index.php\/2022\/12\/26\/continua-la-inscripcion-2023-y-se-reciben-documentacion-con-pedido-de-transporte-para-la-agraria-1\/#primaryimage","url":"https:\/\/ondauno.com.ar\/wp-content\/uploads\/2022\/12\/20220710_153238.jpg","contentUrl":"https:\/\/ondauno.com.ar\/wp-content\/uploads\/2022\/12\/20220710_153238.jpg","width":680,"height":345},{"@type":"BreadcrumbList","@id":"https:\/\/ondauno.com.ar\/index.php\/2022\/12\/26\/continua-la-inscripcion-2023-y-se-reciben-documentacion-con-pedido-de-transporte-para-la-agraria-1\/#breadcrumb","itemListElement":[{"@type":"ListItem","position":1,"name":"Inicio","item":"https:\/\/ondauno.com.ar\/"},{"@type":"ListItem","position":2,"name":"Contin\u00faa la Inscripci\u00f3n 2023 y se reciben documentaci\u00f3n con pedido de transporte para la Agraria 1"}]},{"@type":"WebSite","@id":"https:\/\/ondauno.com.ar\/#website","url":"https:\/\/ondauno.com.ar\/","name":"103.9 fm","description":"LA PRIMERA RADIO MULTIMEDIA DE TRES ARROYOS","potentialAction":[{"@type":"SearchAction","target":{"@type":"EntryPoint","urlTemplate":"https:\/\/ondauno.com.ar\/?s={search_term_string}"},"query-input":"required name=search_term_string"}],"inLanguage":"es-AR"},{"@type":"Person","@id":"https:\/\/ondauno.com.ar\/#\/schema\/person\/7ec851ddeceb4133d7d7132dc645714e","name":"OndaUno","image":{"@type":"ImageObject","inLanguage":"es-AR","@id":"https:\/\/ondauno.com.ar\/#\/schema\/person\/image\/","url":"https:\/\/secure.gravatar.com\/avatar\/93b8009f0de7021f1feb2bd5b32fb9e8?s=96&d=mm&r=g","contentUrl":"https:\/\/secure.gravatar.com\/avatar\/93b8009f0de7021f1feb2bd5b32fb9e8?s=96&d=mm&r=g","caption":"OndaUno"},"url":"https:\/\/ondauno.com.ar\/index.php\/author\/ondauno\/"}]}},"jetpack_publicize_connections":[],"jetpack_featured_media_url":"https:\/\/ondauno.com.ar\/wp-content\/uploads\/2022\/12\/20220710_153238.jpg","jetpack_sharing_enabled":true,"_links":{"self":[{"href":"https:\/\/ondauno.com.ar\/index.php\/wp-json\/wp\/v2\/posts\/38486","targetHints":{"allow":["GET"]}}],"collection":[{"href":"https:\/\/ondauno.com.ar\/index.php\/wp-json\/wp\/v2\/posts"}],"about":[{"href":"https:\/\/ondauno.com.ar\/index.php\/wp-json\/wp\/v2\/types\/post"}],"author":[{"embeddable":true,"href":"https:\/\/ondauno.com.ar\/index.php\/wp-json\/wp\/v2\/users\/1"}],"replies":[{"embeddable":true,"href":"https:\/\/ondauno.com.ar\/index.php\/wp-json\/wp\/v2\/comments?post=38486"}],"version-history":[{"count":0,"href":"https:\/\/ondauno.com.ar\/index.php\/wp-json\/wp\/v2\/posts\/38486\/revisions"}],"wp:featuredmedia":[{"embeddable":true,"href":"https:\/\/ondauno.com.ar\/index.php\/wp-json\/wp\/v2\/media\/38487"}],"wp:attachment":[{"href":"https:\/\/ondauno.com.ar\/index.php\/wp-json\/wp\/v2\/media?parent=38486"}],"wp:term":[{"taxonomy":"category","embeddable":true,"href":"https:\/\/ondauno.com.ar\/index.php\/wp-json\/wp\/v2\/categories?post=38486"},{"taxonomy":"post_tag","embeddable":true,"href":"https:\/\/ondauno.com.ar\/index.php\/wp-json\/wp\/v2\/tags?post=38486"}],"curies":[{"name":"wp","href":"https:\/\/api.w.org\/{rel}","templated":true}]}}