{"id":38442,"date":"2022-12-23T01:40:24","date_gmt":"2022-12-23T04:40:24","guid":{"rendered":"http:\/\/ondauno.com.ar\/?p=38442"},"modified":"2022-12-23T01:40:26","modified_gmt":"2022-12-23T04:40:26","slug":"acto-de-finalizacion-de-ciclo-lectivo-2022-de-nivel-inicial-en-la-eata","status":"publish","type":"post","link":"https:\/\/ondauno.com.ar\/index.php\/2022\/12\/23\/acto-de-finalizacion-de-ciclo-lectivo-2022-de-nivel-inicial-en-la-eata\/","title":{"rendered":"Acto de finalizaci\u00f3n de ciclo lectivo 2022 de nivel inicial en la EATA"},"content":{"rendered":"<div class=\"ondau-before-content_3\" style=\"margin-top: -30px;\" id=\"ondau-3893820775\"><a href=\"https:\/\/www.lps.com.ar\/\" aria-label=\"la-perse2\"><img loading=\"lazy\" decoding=\"async\" src=\"https:\/\/ondauno.com.ar\/wp-content\/uploads\/2021\/10\/la-perse2.jpg\" alt=\"\"  srcset=\"https:\/\/ondauno.com.ar\/wp-content\/uploads\/2021\/10\/la-perse2.jpg 1353w, https:\/\/ondauno.com.ar\/wp-content\/uploads\/2021\/10\/la-perse2-300x43.jpg 300w, https:\/\/ondauno.com.ar\/wp-content\/uploads\/2021\/10\/la-perse2-1024x148.jpg 1024w, https:\/\/ondauno.com.ar\/wp-content\/uploads\/2021\/10\/la-perse2-768x111.jpg 768w, https:\/\/ondauno.com.ar\/wp-content\/uploads\/2021\/10\/la-perse2-696x100.jpg 696w, https:\/\/ondauno.com.ar\/wp-content\/uploads\/2021\/10\/la-perse2-1068x154.jpg 1068w\" sizes=\"(max-width: 1353px) 100vw, 1353px\" class=\"no-lazyload\" width=\"1353\" height=\"195\"  style=\"display: inline-block;\" \/><\/a><\/div>\n<p>Hoy se llev\u00f3 a cabo el acto oficial de cierre de ciclo lectivo 2022 de nivel inicial, y entrega de\npresentes recordatorios a los egresados de dicho nivel, en la EATA.<\/p>\n\n\n\n<p>Estuvieron\npresentes el Inspector Jefe de la Regi\u00f3n 21 de\nDIEGEP, Lic. Javier Ranaldi, la Inspectora Jefe de Regi\u00f3n 21 Gesti\u00f3n Estatal,\nProf. Marina Moulia, las Inspectoras de Ense\u00f1anza de Nivel Primario Gesti\u00f3n\nEstatal, Prof. Alejandra Luna y Prof. Vanesa Orsili, la Inspectora de Ense\u00f1anza\nde la Modalidad de Psicolog\u00eda Comunitaria y Pedag\u00f3gica, Prof. Ana Quinteiro, la\nInspectora de Ense\u00f1anza de Nivel Secundario Gesti\u00f3n Estatal, Prof. Tatiana\nLazcano, la Secretaria de Asuntos Docentes Distrital, Sra. Gabriela Chilindr\u00f3n,\nel Sr. Presidente del Honorable Consejo Deliberante Mart\u00edn Esteban Garate y\nSres. Concejales, la Presidenta del Consejo Escolar de Tres Arroyos, Sra. Mar\u00eda\nJos\u00e9 Adobatto, y Sres. Consejeros Escolares, la Representante del Tribunal Descentralizado\nRegi\u00f3n 21, Docente Adriana Guerrero, las Representantes Gremiales Graciela\nAmestoy y Andrea Castellano, la Prof. Nilda Irigoin del Centro de Informaci\u00f3n e\nInvestigaci\u00f3n Educativa de Ts.As., Directivos de\nNivel Inicial del Jard\u00edn Semillitas \u2013 Diegep 2449 y del Nivel Inicial del\nColegio Jes\u00fas Adolescente \u2013 Diegep 6229, miembros de la Comisi\u00f3n Directiva, personal directivo,\ndocentes, padres, alumnos y dem\u00e1s integrantes de la comunidad educativa.<\/p>\n\n\n\n<p>Acompa\u00f1aron a la bandera nacional:<\/p>\n\n\n\n<p>Baltazar Galera \u00c1vila \u2013 Abanderado<\/p>\n\n\n\n<p>Amalia Matta Poulsen \u2013 Primera Escolta<\/p>\n\n\n\n<p>Ferm\u00edn Fernandez Alonso \u2013 Segunda Escolta<\/p>\n\n\n\n<p>Acompa\u00f1aron a la bandera bonaerense:<\/p>\n\n\n\n<p>Martina D\u2019Annunzio \u2013 Abanderada<\/p>\n\n\n\n<p>Helena Atela \u2013 Primera Escolta<\/p>\n\n\n\n<p>Felipe Saaby \u2013 Segunda Escolta<\/p>\n\n\n\n<p>Escoltaron a los abanderados y escoltas de la tercera secci\u00f3n de las\nbanderas nacional y provincial, la bandera nacional de nivel primario DIEGEP\n1041 y de nivel secundario DIEGEP 1962.<\/p>\n\n\n\n<p>Acompa\u00f1aron adem\u00e1s las banderas de ceremonia de la Escuela Primaria N\u00ba 12,\ndel Colegio Holand\u00e9s \u2013 Diegep 566-,&nbsp; y\ndel Colegio Jes\u00fas Adolescente -Diegep 567-, de nivel primario.<\/p>\n\n\n\n<p>Luego, acompa\u00f1ados por la Directora de nivel inicial, Prof. Karina Comes,\nse realizaron los traspasos de bandera de los alumnos de tercera secci\u00f3n a los\nalumnos de segunda secci\u00f3n.<\/p>\n\n\n\n<p>Por la bandera nacional:<\/p>\n\n\n\n<p>Segunda escolta entrante H\u00e9ctor \u00c1lvarez <\/p>\n\n\n\n<p>Primera escolta entrante Uma V\u00e1zquez Gim\u00e9nez<\/p>\n\n\n\n<p>Abanderada entrante Delfina Gonz\u00e1lez<\/p>\n\n\n\n<p>Por la bandera provincial:<\/p>\n\n\n\n<p>Segunda escolta entrante Cruz Gim\u00e9nez Blanco<\/p>\n\n\n\n<p>Primera escolta entrante Benjam\u00edn Villamarzo Larriestra<\/p>\n\n\n\n<p>Abanderada entrante Nazli Martina Zubillaga<\/p>\n\n\n\n<p>Los egresados recibieron el certificado que recordar\u00e1 su paso por el\njard\u00edn, y un presente institucional, e interpretaron la canci\u00f3n \u201cHoy\u201d de Diego\nTorres.<\/p>\n\n\n\n<p>La directora de nivel inicial, Prof. Karina Comes, comparti\u00f3 unas palabras\nmuy emotivas, remarcando el balance m\u00e1s que positivo que hac\u00eda de este ciclo\nlectivo 2022, en el cual lograron implementar exitosamente la doble jornada\noptativa en nivel inicial a partir de la primera secci\u00f3n, o sea a partir de las\nsalas de 3 a\u00f1os, agradeciendo el acompa\u00f1amiento y apoyo de la Comisi\u00f3n\nDirectiva de la escuela, al coordinador general Patricio Ferrario, a los\ndocentes y personal del nivel inicial, y a todas las familias.<\/p>\n\n\n\n<p>Cerr\u00f3 la ceremonia el Inspector Jefe de la Regi\u00f3n 21 DIEGEP, Lic. Javier\nRanaldi, remarcando la importancia de haber podido volver este a\u00f1o a la\npresencialidad plena en las escuelas, y dejando tambi\u00e9n un mensaje esperanzador\nen este cierre de ciclo 2022.<\/p>\n\n\n\n<p>Finalmente los egresados recibieron de parte de todo el personal de nivel\ninicial estas hermosas palabras de despedida.<\/p>\n","protected":false},"excerpt":{"rendered":"<p>Hoy se llev\u00f3 a cabo el acto oficial de cierre de ciclo lectivo 2022 de nivel inicial, y entrega de presentes recordatorios a los egresados de dicho nivel, en la EATA. Estuvieron presentes el Inspector Jefe de la Regi\u00f3n 21 de DIEGEP, Lic. Javier Ranaldi, la Inspectora Jefe de Regi\u00f3n 21 Gesti\u00f3n Estatal, Prof. Marina [&hellip;]<\/p>\n","protected":false},"author":1,"featured_media":0,"comment_status":"open","ping_status":"open","sticky":false,"template":"","format":"standard","meta":{"tdm_status":"","tdm_grid_status":"","_jetpack_memberships_contains_paid_content":false,"footnotes":"","jetpack_publicize_message":"","jetpack_publicize_feature_enabled":true,"jetpack_social_post_already_shared":true,"jetpack_social_options":{"image_generator_settings":{"template":"highway","default_image_id":0,"font":"","enabled":false},"version":2}},"categories":[2],"tags":[],"class_list":{"0":"post-38442","1":"post","2":"type-post","3":"status-publish","4":"format-standard","6":"category-locales"},"yoast_head":"<!-- This site is optimized with the Yoast SEO plugin v22.7 - https:\/\/yoast.com\/wordpress\/plugins\/seo\/ -->\n<title>Acto de finalizaci\u00f3n de ciclo lectivo 2022 de nivel inicial en la EATA - 103.9 fm<\/title>\n<meta name=\"robots\" content=\"index, follow, max-snippet:-1, max-image-preview:large, max-video-preview:-1\" \/>\n<link rel=\"canonical\" href=\"https:\/\/ondauno.com.ar\/index.php\/2022\/12\/23\/acto-de-finalizacion-de-ciclo-lectivo-2022-de-nivel-inicial-en-la-eata\/\" \/>\n<meta property=\"og:locale\" content=\"es_ES\" \/>\n<meta property=\"og:type\" content=\"article\" \/>\n<meta property=\"og:title\" content=\"Acto de finalizaci\u00f3n de ciclo lectivo 2022 de nivel inicial en la EATA - 103.9 fm\" \/>\n<meta property=\"og:description\" content=\"Hoy se llev\u00f3 a cabo el acto oficial de cierre de ciclo lectivo 2022 de nivel inicial, y entrega de presentes recordatorios a los egresados de dicho nivel, en la EATA. Estuvieron presentes el Inspector Jefe de la Regi\u00f3n 21 de DIEGEP, Lic. Javier Ranaldi, la Inspectora Jefe de Regi\u00f3n 21 Gesti\u00f3n Estatal, Prof. Marina [&hellip;]\" \/>\n<meta property=\"og:url\" content=\"https:\/\/ondauno.com.ar\/index.php\/2022\/12\/23\/acto-de-finalizacion-de-ciclo-lectivo-2022-de-nivel-inicial-en-la-eata\/\" \/>\n<meta property=\"og:site_name\" content=\"103.9 fm\" \/>\n<meta property=\"article:publisher\" content=\"https:\/\/www.facebook.com\/ondauno103.9\" \/>\n<meta property=\"article:published_time\" content=\"2022-12-23T04:40:24+00:00\" \/>\n<meta property=\"article:modified_time\" content=\"2022-12-23T04:40:26+00:00\" \/>\n<meta property=\"og:image\" content=\"https:\/\/ondauno.com.ar\/wp-content\/uploads\/2022\/12\/WhatsApp-Image-2022-12-23-at-00.43.26.jpeg\" \/>\n\t<meta property=\"og:image:width\" content=\"720\" \/>\n\t<meta property=\"og:image:height\" content=\"960\" \/>\n\t<meta property=\"og:image:type\" content=\"image\/jpeg\" \/>\n<meta name=\"author\" content=\"OndaUno\" \/>\n<meta name=\"twitter:card\" content=\"summary_large_image\" \/>\n<meta name=\"twitter:label1\" content=\"Escrito por\" \/>\n\t<meta name=\"twitter:data1\" content=\"OndaUno\" \/>\n\t<meta name=\"twitter:label2\" content=\"Tiempo de lectura\" \/>\n\t<meta name=\"twitter:data2\" content=\"3 minutos\" \/>\n<script type=\"application\/ld+json\" class=\"yoast-schema-graph\">{\"@context\":\"https:\/\/schema.org\",\"@graph\":[{\"@type\":\"WebPage\",\"@id\":\"https:\/\/ondauno.com.ar\/index.php\/2022\/12\/23\/acto-de-finalizacion-de-ciclo-lectivo-2022-de-nivel-inicial-en-la-eata\/\",\"url\":\"https:\/\/ondauno.com.ar\/index.php\/2022\/12\/23\/acto-de-finalizacion-de-ciclo-lectivo-2022-de-nivel-inicial-en-la-eata\/\",\"name\":\"Acto de finalizaci\u00f3n de ciclo lectivo 2022 de nivel inicial en la EATA - 103.9 fm\",\"isPartOf\":{\"@id\":\"https:\/\/ondauno.com.ar\/#website\"},\"datePublished\":\"2022-12-23T04:40:24+00:00\",\"dateModified\":\"2022-12-23T04:40:26+00:00\",\"author\":{\"@id\":\"https:\/\/ondauno.com.ar\/#\/schema\/person\/7ec851ddeceb4133d7d7132dc645714e\"},\"breadcrumb\":{\"@id\":\"https:\/\/ondauno.com.ar\/index.php\/2022\/12\/23\/acto-de-finalizacion-de-ciclo-lectivo-2022-de-nivel-inicial-en-la-eata\/#breadcrumb\"},\"inLanguage\":\"es-AR\",\"potentialAction\":[{\"@type\":\"ReadAction\",\"target\":[\"https:\/\/ondauno.com.ar\/index.php\/2022\/12\/23\/acto-de-finalizacion-de-ciclo-lectivo-2022-de-nivel-inicial-en-la-eata\/\"]}]},{\"@type\":\"BreadcrumbList\",\"@id\":\"https:\/\/ondauno.com.ar\/index.php\/2022\/12\/23\/acto-de-finalizacion-de-ciclo-lectivo-2022-de-nivel-inicial-en-la-eata\/#breadcrumb\",\"itemListElement\":[{\"@type\":\"ListItem\",\"position\":1,\"name\":\"Inicio\",\"item\":\"https:\/\/ondauno.com.ar\/\"},{\"@type\":\"ListItem\",\"position\":2,\"name\":\"Acto de finalizaci\u00f3n de ciclo lectivo 2022 de nivel inicial en la EATA\"}]},{\"@type\":\"WebSite\",\"@id\":\"https:\/\/ondauno.com.ar\/#website\",\"url\":\"https:\/\/ondauno.com.ar\/\",\"name\":\"103.9 fm\",\"description\":\"LA PRIMERA RADIO MULTIMEDIA DE TRES ARROYOS\",\"potentialAction\":[{\"@type\":\"SearchAction\",\"target\":{\"@type\":\"EntryPoint\",\"urlTemplate\":\"https:\/\/ondauno.com.ar\/?s={search_term_string}\"},\"query-input\":\"required name=search_term_string\"}],\"inLanguage\":\"es-AR\"},{\"@type\":\"Person\",\"@id\":\"https:\/\/ondauno.com.ar\/#\/schema\/person\/7ec851ddeceb4133d7d7132dc645714e\",\"name\":\"OndaUno\",\"image\":{\"@type\":\"ImageObject\",\"inLanguage\":\"es-AR\",\"@id\":\"https:\/\/ondauno.com.ar\/#\/schema\/person\/image\/\",\"url\":\"https:\/\/secure.gravatar.com\/avatar\/93b8009f0de7021f1feb2bd5b32fb9e8?s=96&d=mm&r=g\",\"contentUrl\":\"https:\/\/secure.gravatar.com\/avatar\/93b8009f0de7021f1feb2bd5b32fb9e8?s=96&d=mm&r=g\",\"caption\":\"OndaUno\"},\"url\":\"https:\/\/ondauno.com.ar\/index.php\/author\/ondauno\/\"}]}<\/script>\n<!-- \/ Yoast SEO plugin. -->","yoast_head_json":{"title":"Acto de finalizaci\u00f3n de ciclo lectivo 2022 de nivel inicial en la EATA - 103.9 fm","robots":{"index":"index","follow":"follow","max-snippet":"max-snippet:-1","max-image-preview":"max-image-preview:large","max-video-preview":"max-video-preview:-1"},"canonical":"https:\/\/ondauno.com.ar\/index.php\/2022\/12\/23\/acto-de-finalizacion-de-ciclo-lectivo-2022-de-nivel-inicial-en-la-eata\/","og_locale":"es_ES","og_type":"article","og_title":"Acto de finalizaci\u00f3n de ciclo lectivo 2022 de nivel inicial en la EATA - 103.9 fm","og_description":"Hoy se llev\u00f3 a cabo el acto oficial de cierre de ciclo lectivo 2022 de nivel inicial, y entrega de presentes recordatorios a los egresados de dicho nivel, en la EATA. Estuvieron presentes el Inspector Jefe de la Regi\u00f3n 21 de DIEGEP, Lic. Javier Ranaldi, la Inspectora Jefe de Regi\u00f3n 21 Gesti\u00f3n Estatal, Prof. Marina [&hellip;]","og_url":"https:\/\/ondauno.com.ar\/index.php\/2022\/12\/23\/acto-de-finalizacion-de-ciclo-lectivo-2022-de-nivel-inicial-en-la-eata\/","og_site_name":"103.9 fm","article_publisher":"https:\/\/www.facebook.com\/ondauno103.9","article_published_time":"2022-12-23T04:40:24+00:00","article_modified_time":"2022-12-23T04:40:26+00:00","og_image":[{"width":720,"height":960,"url":"https:\/\/ondauno.com.ar\/wp-content\/uploads\/2022\/12\/WhatsApp-Image-2022-12-23-at-00.43.26.jpeg","type":"image\/jpeg"}],"author":"OndaUno","twitter_card":"summary_large_image","twitter_misc":{"Escrito por":"OndaUno","Tiempo de lectura":"3 minutos"},"schema":{"@context":"https:\/\/schema.org","@graph":[{"@type":"WebPage","@id":"https:\/\/ondauno.com.ar\/index.php\/2022\/12\/23\/acto-de-finalizacion-de-ciclo-lectivo-2022-de-nivel-inicial-en-la-eata\/","url":"https:\/\/ondauno.com.ar\/index.php\/2022\/12\/23\/acto-de-finalizacion-de-ciclo-lectivo-2022-de-nivel-inicial-en-la-eata\/","name":"Acto de finalizaci\u00f3n de ciclo lectivo 2022 de nivel inicial en la EATA - 103.9 fm","isPartOf":{"@id":"https:\/\/ondauno.com.ar\/#website"},"datePublished":"2022-12-23T04:40:24+00:00","dateModified":"2022-12-23T04:40:26+00:00","author":{"@id":"https:\/\/ondauno.com.ar\/#\/schema\/person\/7ec851ddeceb4133d7d7132dc645714e"},"breadcrumb":{"@id":"https:\/\/ondauno.com.ar\/index.php\/2022\/12\/23\/acto-de-finalizacion-de-ciclo-lectivo-2022-de-nivel-inicial-en-la-eata\/#breadcrumb"},"inLanguage":"es-AR","potentialAction":[{"@type":"ReadAction","target":["https:\/\/ondauno.com.ar\/index.php\/2022\/12\/23\/acto-de-finalizacion-de-ciclo-lectivo-2022-de-nivel-inicial-en-la-eata\/"]}]},{"@type":"BreadcrumbList","@id":"https:\/\/ondauno.com.ar\/index.php\/2022\/12\/23\/acto-de-finalizacion-de-ciclo-lectivo-2022-de-nivel-inicial-en-la-eata\/#breadcrumb","itemListElement":[{"@type":"ListItem","position":1,"name":"Inicio","item":"https:\/\/ondauno.com.ar\/"},{"@type":"ListItem","position":2,"name":"Acto de finalizaci\u00f3n de ciclo lectivo 2022 de nivel inicial en la EATA"}]},{"@type":"WebSite","@id":"https:\/\/ondauno.com.ar\/#website","url":"https:\/\/ondauno.com.ar\/","name":"103.9 fm","description":"LA PRIMERA RADIO MULTIMEDIA DE TRES ARROYOS","potentialAction":[{"@type":"SearchAction","target":{"@type":"EntryPoint","urlTemplate":"https:\/\/ondauno.com.ar\/?s={search_term_string}"},"query-input":"required name=search_term_string"}],"inLanguage":"es-AR"},{"@type":"Person","@id":"https:\/\/ondauno.com.ar\/#\/schema\/person\/7ec851ddeceb4133d7d7132dc645714e","name":"OndaUno","image":{"@type":"ImageObject","inLanguage":"es-AR","@id":"https:\/\/ondauno.com.ar\/#\/schema\/person\/image\/","url":"https:\/\/secure.gravatar.com\/avatar\/93b8009f0de7021f1feb2bd5b32fb9e8?s=96&d=mm&r=g","contentUrl":"https:\/\/secure.gravatar.com\/avatar\/93b8009f0de7021f1feb2bd5b32fb9e8?s=96&d=mm&r=g","caption":"OndaUno"},"url":"https:\/\/ondauno.com.ar\/index.php\/author\/ondauno\/"}]}},"jetpack_publicize_connections":[],"jetpack_featured_media_url":"","jetpack_sharing_enabled":true,"_links":{"self":[{"href":"https:\/\/ondauno.com.ar\/index.php\/wp-json\/wp\/v2\/posts\/38442","targetHints":{"allow":["GET"]}}],"collection":[{"href":"https:\/\/ondauno.com.ar\/index.php\/wp-json\/wp\/v2\/posts"}],"about":[{"href":"https:\/\/ondauno.com.ar\/index.php\/wp-json\/wp\/v2\/types\/post"}],"author":[{"embeddable":true,"href":"https:\/\/ondauno.com.ar\/index.php\/wp-json\/wp\/v2\/users\/1"}],"replies":[{"embeddable":true,"href":"https:\/\/ondauno.com.ar\/index.php\/wp-json\/wp\/v2\/comments?post=38442"}],"version-history":[{"count":0,"href":"https:\/\/ondauno.com.ar\/index.php\/wp-json\/wp\/v2\/posts\/38442\/revisions"}],"wp:attachment":[{"href":"https:\/\/ondauno.com.ar\/index.php\/wp-json\/wp\/v2\/media?parent=38442"}],"wp:term":[{"taxonomy":"category","embeddable":true,"href":"https:\/\/ondauno.com.ar\/index.php\/wp-json\/wp\/v2\/categories?post=38442"},{"taxonomy":"post_tag","embeddable":true,"href":"https:\/\/ondauno.com.ar\/index.php\/wp-json\/wp\/v2\/tags?post=38442"}],"curies":[{"name":"wp","href":"https:\/\/api.w.org\/{rel}","templated":true}]}}