{"id":38117,"date":"2022-12-06T17:13:51","date_gmt":"2022-12-06T20:13:51","guid":{"rendered":"http:\/\/ondauno.com.ar\/?p=38117"},"modified":"2022-12-06T18:06:03","modified_gmt":"2022-12-06T21:06:03","slug":"finalizo-la-primera-temporada-de-partido-clave","status":"publish","type":"post","link":"https:\/\/ondauno.com.ar\/index.php\/2022\/12\/06\/finalizo-la-primera-temporada-de-partido-clave\/","title":{"rendered":"Finaliz\u00f3 la primera temporada de \u201cPartido Clave\u201d"},"content":{"rendered":"<div class=\"ondau-before-content_3\" style=\"margin-top: -30px;\" id=\"ondau-85588243\"><a href=\"https:\/\/www.lps.com.ar\/\" aria-label=\"la-perse2\"><img loading=\"lazy\" decoding=\"async\" src=\"https:\/\/ondauno.com.ar\/wp-content\/uploads\/2021\/10\/la-perse2.jpg\" alt=\"\"  srcset=\"https:\/\/ondauno.com.ar\/wp-content\/uploads\/2021\/10\/la-perse2.jpg 1353w, https:\/\/ondauno.com.ar\/wp-content\/uploads\/2021\/10\/la-perse2-300x43.jpg 300w, https:\/\/ondauno.com.ar\/wp-content\/uploads\/2021\/10\/la-perse2-1024x148.jpg 1024w, https:\/\/ondauno.com.ar\/wp-content\/uploads\/2021\/10\/la-perse2-768x111.jpg 768w, https:\/\/ondauno.com.ar\/wp-content\/uploads\/2021\/10\/la-perse2-696x100.jpg 696w, https:\/\/ondauno.com.ar\/wp-content\/uploads\/2021\/10\/la-perse2-1068x154.jpg 1068w\" sizes=\"(max-width: 1353px) 100vw, 1353px\" class=\"no-lazyload\" width=\"1353\" height=\"195\"  style=\"display: inline-block;\" \/><\/a><\/div>\n<p>El programa futbolero de Onda Uno tuvo ayer su \u00faltima emisi\u00f3n del a\u00f1o, con el repaso de lo ocurrido en los \u00faltimos d\u00edas y las voces que formaron parte del ciclo.<\/p>\n\n\n\n<p>Un producto que fue posible gracias al aporte de corresponsales, entrevistados y, por supuesto, los oyentes en toda la regi\u00f3n. Gracias al espacio brindado por las distintas emisoras pudimos expandirnos y sonar en Chaves, De La Garma, Indio Rico y Orense.<\/p>\n\n\n\n<p>El plantel de \u201cPartido Clave\u201d estuvo integrado por Roc\u00edo Arg\u00fcello, Jos\u00e9 Aguilar, Hugo Fern\u00e1ndez, Mart\u00edn Orsili, Luciano Men\u00e9ndez, Mat\u00edas L\u00f3pez, Enzo Souto, Claudio Men\u00e9ndez, Juan Falcone, Santiago Rivadeneira, Joel Lait\u00e1n, Federico Fern\u00e1ndez, Luis Codagnone y Miguel Ramos. Tambi\u00e9n contamos con las participaciones especiales de \u201cCoty\u201d Igoldi y Guido Trentini, desde San Cayetano.<\/p>\n\n\n\n<p>Daniel Zaragoza fue la voz art\u00edstica, mientras que la puesta en el aire estuvo a cargo de Fernando Garc\u00eda. Idea y conducci\u00f3n: Lucas Stornini.<\/p>\n\n\n\n<p>REVIVI EL ULTIMO PROGRAMA <\/p>\n\n\n\n<p><a href=\"https:\/\/www.facebook.com\/ondauno103.9\/videos\/918808515797766\">https:\/\/www.facebook.com\/ondauno103.9\/videos\/918808515797766<\/a><\/p>\n","protected":false},"excerpt":{"rendered":"<p>El programa futbolero de Onda Uno tuvo ayer su \u00faltima emisi\u00f3n del a\u00f1o, con el repaso de lo ocurrido en los \u00faltimos d\u00edas y las voces que formaron parte del ciclo. Un producto que fue posible gracias al aporte de corresponsales, entrevistados y, por supuesto, los oyentes en toda la regi\u00f3n. Gracias al espacio brindado [&hellip;]<\/p>\n","protected":false},"author":1,"featured_media":38118,"comment_status":"open","ping_status":"open","sticky":false,"template":"","format":"standard","meta":{"tdm_status":"","tdm_grid_status":"","_jetpack_memberships_contains_paid_content":false,"footnotes":"","jetpack_publicize_message":"","jetpack_publicize_feature_enabled":true,"jetpack_social_post_already_shared":true,"jetpack_social_options":{"image_generator_settings":{"template":"highway","default_image_id":0,"font":"","enabled":false},"version":2}},"categories":[27],"tags":[],"class_list":{"0":"post-38117","1":"post","2":"type-post","3":"status-publish","4":"format-standard","5":"has-post-thumbnail","7":"category-futbol"},"yoast_head":"<!-- This site is optimized with the Yoast SEO plugin v22.7 - https:\/\/yoast.com\/wordpress\/plugins\/seo\/ -->\n<title>Finaliz\u00f3 la primera temporada de \u201cPartido Clave\u201d - 103.9 fm<\/title>\n<meta name=\"robots\" content=\"index, follow, max-snippet:-1, max-image-preview:large, max-video-preview:-1\" \/>\n<link rel=\"canonical\" href=\"https:\/\/ondauno.com.ar\/index.php\/2022\/12\/06\/finalizo-la-primera-temporada-de-partido-clave\/\" \/>\n<meta property=\"og:locale\" content=\"es_ES\" \/>\n<meta property=\"og:type\" content=\"article\" \/>\n<meta property=\"og:title\" content=\"Finaliz\u00f3 la primera temporada de \u201cPartido Clave\u201d - 103.9 fm\" \/>\n<meta property=\"og:description\" content=\"El programa futbolero de Onda Uno tuvo ayer su \u00faltima emisi\u00f3n del a\u00f1o, con el repaso de lo ocurrido en los \u00faltimos d\u00edas y las voces que formaron parte del ciclo. Un producto que fue posible gracias al aporte de corresponsales, entrevistados y, por supuesto, los oyentes en toda la regi\u00f3n. Gracias al espacio brindado [&hellip;]\" \/>\n<meta property=\"og:url\" content=\"https:\/\/ondauno.com.ar\/index.php\/2022\/12\/06\/finalizo-la-primera-temporada-de-partido-clave\/\" \/>\n<meta property=\"og:site_name\" content=\"103.9 fm\" \/>\n<meta property=\"article:publisher\" content=\"https:\/\/www.facebook.com\/ondauno103.9\" \/>\n<meta property=\"article:published_time\" content=\"2022-12-06T20:13:51+00:00\" \/>\n<meta property=\"article:modified_time\" content=\"2022-12-06T21:06:03+00:00\" \/>\n<meta property=\"og:image\" content=\"https:\/\/ondauno.com.ar\/wp-content\/uploads\/2022\/12\/partido-clave.jpg\" \/>\n\t<meta property=\"og:image:width\" content=\"833\" \/>\n\t<meta property=\"og:image:height\" content=\"553\" \/>\n\t<meta property=\"og:image:type\" content=\"image\/jpeg\" \/>\n<meta name=\"author\" content=\"OndaUno\" \/>\n<meta name=\"twitter:card\" content=\"summary_large_image\" \/>\n<meta name=\"twitter:label1\" content=\"Escrito por\" \/>\n\t<meta name=\"twitter:data1\" content=\"OndaUno\" \/>\n\t<meta name=\"twitter:label2\" content=\"Tiempo de lectura\" \/>\n\t<meta name=\"twitter:data2\" content=\"1 minuto\" \/>\n<script type=\"application\/ld+json\" class=\"yoast-schema-graph\">{\"@context\":\"https:\/\/schema.org\",\"@graph\":[{\"@type\":\"WebPage\",\"@id\":\"https:\/\/ondauno.com.ar\/index.php\/2022\/12\/06\/finalizo-la-primera-temporada-de-partido-clave\/\",\"url\":\"https:\/\/ondauno.com.ar\/index.php\/2022\/12\/06\/finalizo-la-primera-temporada-de-partido-clave\/\",\"name\":\"Finaliz\u00f3 la primera temporada de \u201cPartido Clave\u201d - 103.9 fm\",\"isPartOf\":{\"@id\":\"https:\/\/ondauno.com.ar\/#website\"},\"primaryImageOfPage\":{\"@id\":\"https:\/\/ondauno.com.ar\/index.php\/2022\/12\/06\/finalizo-la-primera-temporada-de-partido-clave\/#primaryimage\"},\"image\":{\"@id\":\"https:\/\/ondauno.com.ar\/index.php\/2022\/12\/06\/finalizo-la-primera-temporada-de-partido-clave\/#primaryimage\"},\"thumbnailUrl\":\"https:\/\/ondauno.com.ar\/wp-content\/uploads\/2022\/12\/partido-clave.jpg\",\"datePublished\":\"2022-12-06T20:13:51+00:00\",\"dateModified\":\"2022-12-06T21:06:03+00:00\",\"author\":{\"@id\":\"https:\/\/ondauno.com.ar\/#\/schema\/person\/7ec851ddeceb4133d7d7132dc645714e\"},\"breadcrumb\":{\"@id\":\"https:\/\/ondauno.com.ar\/index.php\/2022\/12\/06\/finalizo-la-primera-temporada-de-partido-clave\/#breadcrumb\"},\"inLanguage\":\"es-AR\",\"potentialAction\":[{\"@type\":\"ReadAction\",\"target\":[\"https:\/\/ondauno.com.ar\/index.php\/2022\/12\/06\/finalizo-la-primera-temporada-de-partido-clave\/\"]}]},{\"@type\":\"ImageObject\",\"inLanguage\":\"es-AR\",\"@id\":\"https:\/\/ondauno.com.ar\/index.php\/2022\/12\/06\/finalizo-la-primera-temporada-de-partido-clave\/#primaryimage\",\"url\":\"https:\/\/ondauno.com.ar\/wp-content\/uploads\/2022\/12\/partido-clave.jpg\",\"contentUrl\":\"https:\/\/ondauno.com.ar\/wp-content\/uploads\/2022\/12\/partido-clave.jpg\",\"width\":833,\"height\":553},{\"@type\":\"BreadcrumbList\",\"@id\":\"https:\/\/ondauno.com.ar\/index.php\/2022\/12\/06\/finalizo-la-primera-temporada-de-partido-clave\/#breadcrumb\",\"itemListElement\":[{\"@type\":\"ListItem\",\"position\":1,\"name\":\"Inicio\",\"item\":\"https:\/\/ondauno.com.ar\/\"},{\"@type\":\"ListItem\",\"position\":2,\"name\":\"Finaliz\u00f3 la primera temporada de \u201cPartido Clave\u201d\"}]},{\"@type\":\"WebSite\",\"@id\":\"https:\/\/ondauno.com.ar\/#website\",\"url\":\"https:\/\/ondauno.com.ar\/\",\"name\":\"103.9 fm\",\"description\":\"LA PRIMERA RADIO MULTIMEDIA DE TRES ARROYOS\",\"potentialAction\":[{\"@type\":\"SearchAction\",\"target\":{\"@type\":\"EntryPoint\",\"urlTemplate\":\"https:\/\/ondauno.com.ar\/?s={search_term_string}\"},\"query-input\":\"required name=search_term_string\"}],\"inLanguage\":\"es-AR\"},{\"@type\":\"Person\",\"@id\":\"https:\/\/ondauno.com.ar\/#\/schema\/person\/7ec851ddeceb4133d7d7132dc645714e\",\"name\":\"OndaUno\",\"image\":{\"@type\":\"ImageObject\",\"inLanguage\":\"es-AR\",\"@id\":\"https:\/\/ondauno.com.ar\/#\/schema\/person\/image\/\",\"url\":\"https:\/\/secure.gravatar.com\/avatar\/93b8009f0de7021f1feb2bd5b32fb9e8?s=96&d=mm&r=g\",\"contentUrl\":\"https:\/\/secure.gravatar.com\/avatar\/93b8009f0de7021f1feb2bd5b32fb9e8?s=96&d=mm&r=g\",\"caption\":\"OndaUno\"},\"url\":\"https:\/\/ondauno.com.ar\/index.php\/author\/ondauno\/\"}]}<\/script>\n<!-- \/ Yoast SEO plugin. -->","yoast_head_json":{"title":"Finaliz\u00f3 la primera temporada de \u201cPartido Clave\u201d - 103.9 fm","robots":{"index":"index","follow":"follow","max-snippet":"max-snippet:-1","max-image-preview":"max-image-preview:large","max-video-preview":"max-video-preview:-1"},"canonical":"https:\/\/ondauno.com.ar\/index.php\/2022\/12\/06\/finalizo-la-primera-temporada-de-partido-clave\/","og_locale":"es_ES","og_type":"article","og_title":"Finaliz\u00f3 la primera temporada de \u201cPartido Clave\u201d - 103.9 fm","og_description":"El programa futbolero de Onda Uno tuvo ayer su \u00faltima emisi\u00f3n del a\u00f1o, con el repaso de lo ocurrido en los \u00faltimos d\u00edas y las voces que formaron parte del ciclo. Un producto que fue posible gracias al aporte de corresponsales, entrevistados y, por supuesto, los oyentes en toda la regi\u00f3n. Gracias al espacio brindado [&hellip;]","og_url":"https:\/\/ondauno.com.ar\/index.php\/2022\/12\/06\/finalizo-la-primera-temporada-de-partido-clave\/","og_site_name":"103.9 fm","article_publisher":"https:\/\/www.facebook.com\/ondauno103.9","article_published_time":"2022-12-06T20:13:51+00:00","article_modified_time":"2022-12-06T21:06:03+00:00","og_image":[{"width":833,"height":553,"url":"https:\/\/ondauno.com.ar\/wp-content\/uploads\/2022\/12\/partido-clave.jpg","type":"image\/jpeg"}],"author":"OndaUno","twitter_card":"summary_large_image","twitter_misc":{"Escrito por":"OndaUno","Tiempo de lectura":"1 minuto"},"schema":{"@context":"https:\/\/schema.org","@graph":[{"@type":"WebPage","@id":"https:\/\/ondauno.com.ar\/index.php\/2022\/12\/06\/finalizo-la-primera-temporada-de-partido-clave\/","url":"https:\/\/ondauno.com.ar\/index.php\/2022\/12\/06\/finalizo-la-primera-temporada-de-partido-clave\/","name":"Finaliz\u00f3 la primera temporada de \u201cPartido Clave\u201d - 103.9 fm","isPartOf":{"@id":"https:\/\/ondauno.com.ar\/#website"},"primaryImageOfPage":{"@id":"https:\/\/ondauno.com.ar\/index.php\/2022\/12\/06\/finalizo-la-primera-temporada-de-partido-clave\/#primaryimage"},"image":{"@id":"https:\/\/ondauno.com.ar\/index.php\/2022\/12\/06\/finalizo-la-primera-temporada-de-partido-clave\/#primaryimage"},"thumbnailUrl":"https:\/\/ondauno.com.ar\/wp-content\/uploads\/2022\/12\/partido-clave.jpg","datePublished":"2022-12-06T20:13:51+00:00","dateModified":"2022-12-06T21:06:03+00:00","author":{"@id":"https:\/\/ondauno.com.ar\/#\/schema\/person\/7ec851ddeceb4133d7d7132dc645714e"},"breadcrumb":{"@id":"https:\/\/ondauno.com.ar\/index.php\/2022\/12\/06\/finalizo-la-primera-temporada-de-partido-clave\/#breadcrumb"},"inLanguage":"es-AR","potentialAction":[{"@type":"ReadAction","target":["https:\/\/ondauno.com.ar\/index.php\/2022\/12\/06\/finalizo-la-primera-temporada-de-partido-clave\/"]}]},{"@type":"ImageObject","inLanguage":"es-AR","@id":"https:\/\/ondauno.com.ar\/index.php\/2022\/12\/06\/finalizo-la-primera-temporada-de-partido-clave\/#primaryimage","url":"https:\/\/ondauno.com.ar\/wp-content\/uploads\/2022\/12\/partido-clave.jpg","contentUrl":"https:\/\/ondauno.com.ar\/wp-content\/uploads\/2022\/12\/partido-clave.jpg","width":833,"height":553},{"@type":"BreadcrumbList","@id":"https:\/\/ondauno.com.ar\/index.php\/2022\/12\/06\/finalizo-la-primera-temporada-de-partido-clave\/#breadcrumb","itemListElement":[{"@type":"ListItem","position":1,"name":"Inicio","item":"https:\/\/ondauno.com.ar\/"},{"@type":"ListItem","position":2,"name":"Finaliz\u00f3 la primera temporada de \u201cPartido Clave\u201d"}]},{"@type":"WebSite","@id":"https:\/\/ondauno.com.ar\/#website","url":"https:\/\/ondauno.com.ar\/","name":"103.9 fm","description":"LA PRIMERA RADIO MULTIMEDIA DE TRES ARROYOS","potentialAction":[{"@type":"SearchAction","target":{"@type":"EntryPoint","urlTemplate":"https:\/\/ondauno.com.ar\/?s={search_term_string}"},"query-input":"required name=search_term_string"}],"inLanguage":"es-AR"},{"@type":"Person","@id":"https:\/\/ondauno.com.ar\/#\/schema\/person\/7ec851ddeceb4133d7d7132dc645714e","name":"OndaUno","image":{"@type":"ImageObject","inLanguage":"es-AR","@id":"https:\/\/ondauno.com.ar\/#\/schema\/person\/image\/","url":"https:\/\/secure.gravatar.com\/avatar\/93b8009f0de7021f1feb2bd5b32fb9e8?s=96&d=mm&r=g","contentUrl":"https:\/\/secure.gravatar.com\/avatar\/93b8009f0de7021f1feb2bd5b32fb9e8?s=96&d=mm&r=g","caption":"OndaUno"},"url":"https:\/\/ondauno.com.ar\/index.php\/author\/ondauno\/"}]}},"jetpack_publicize_connections":[],"jetpack_featured_media_url":"https:\/\/ondauno.com.ar\/wp-content\/uploads\/2022\/12\/partido-clave.jpg","jetpack_sharing_enabled":true,"_links":{"self":[{"href":"https:\/\/ondauno.com.ar\/index.php\/wp-json\/wp\/v2\/posts\/38117","targetHints":{"allow":["GET"]}}],"collection":[{"href":"https:\/\/ondauno.com.ar\/index.php\/wp-json\/wp\/v2\/posts"}],"about":[{"href":"https:\/\/ondauno.com.ar\/index.php\/wp-json\/wp\/v2\/types\/post"}],"author":[{"embeddable":true,"href":"https:\/\/ondauno.com.ar\/index.php\/wp-json\/wp\/v2\/users\/1"}],"replies":[{"embeddable":true,"href":"https:\/\/ondauno.com.ar\/index.php\/wp-json\/wp\/v2\/comments?post=38117"}],"version-history":[{"count":0,"href":"https:\/\/ondauno.com.ar\/index.php\/wp-json\/wp\/v2\/posts\/38117\/revisions"}],"wp:featuredmedia":[{"embeddable":true,"href":"https:\/\/ondauno.com.ar\/index.php\/wp-json\/wp\/v2\/media\/38118"}],"wp:attachment":[{"href":"https:\/\/ondauno.com.ar\/index.php\/wp-json\/wp\/v2\/media?parent=38117"}],"wp:term":[{"taxonomy":"category","embeddable":true,"href":"https:\/\/ondauno.com.ar\/index.php\/wp-json\/wp\/v2\/categories?post=38117"},{"taxonomy":"post_tag","embeddable":true,"href":"https:\/\/ondauno.com.ar\/index.php\/wp-json\/wp\/v2\/tags?post=38117"}],"curies":[{"name":"wp","href":"https:\/\/api.w.org\/{rel}","templated":true}]}}