{"id":38092,"date":"2022-12-06T12:25:35","date_gmt":"2022-12-06T15:25:35","guid":{"rendered":"http:\/\/ondauno.com.ar\/?p=38092"},"modified":"2022-12-06T12:25:36","modified_gmt":"2022-12-06T15:25:36","slug":"baldini-si-este-chico-dentro-de-unos-dias-esta-en-su-casa-como-si-no-hubiera-pasado-nada-el-impacto-va-a-ser-muy-fuerte","status":"publish","type":"post","link":"https:\/\/ondauno.com.ar\/index.php\/2022\/12\/06\/baldini-si-este-chico-dentro-de-unos-dias-esta-en-su-casa-como-si-no-hubiera-pasado-nada-el-impacto-va-a-ser-muy-fuerte\/","title":{"rendered":"Baldini: &#8220;Si este chico dentro de unos d\u00edas est\u00e1 en su casa, como si no hubiera pasado nada, el impacto va a ser muy fuerte&#8221;"},"content":{"rendered":"<div class=\"ondau-before-content_3\" style=\"margin-top: -30px;\" id=\"ondau-3824136243\"><a href=\"https:\/\/www.lps.com.ar\/\" aria-label=\"la-perse2\"><img loading=\"lazy\" decoding=\"async\" src=\"https:\/\/ondauno.com.ar\/wp-content\/uploads\/2021\/10\/la-perse2.jpg\" alt=\"\"  srcset=\"https:\/\/ondauno.com.ar\/wp-content\/uploads\/2021\/10\/la-perse2.jpg 1353w, https:\/\/ondauno.com.ar\/wp-content\/uploads\/2021\/10\/la-perse2-300x43.jpg 300w, https:\/\/ondauno.com.ar\/wp-content\/uploads\/2021\/10\/la-perse2-1024x148.jpg 1024w, https:\/\/ondauno.com.ar\/wp-content\/uploads\/2021\/10\/la-perse2-768x111.jpg 768w, https:\/\/ondauno.com.ar\/wp-content\/uploads\/2021\/10\/la-perse2-696x100.jpg 696w, https:\/\/ondauno.com.ar\/wp-content\/uploads\/2021\/10\/la-perse2-1068x154.jpg 1068w\" sizes=\"(max-width: 1353px) 100vw, 1353px\" class=\"no-lazyload\" width=\"1353\" height=\"195\"  style=\"display: inline-block;\" \/><\/a><\/div>\n<p class=\"has-small-font-size\"><em><strong>Sergio Baldini, el delegado de Copetonas, habl\u00f3 en Cosas que pasan<\/strong><\/em><\/p>\n\n\n\n<p>El delegado de Copetonas, Sergio Baldini, acompa\u00f1\u00f3 a vecinos el s\u00e1bado reciente en una movilizaci\u00f3n por pedido de justicia, en el marco de la causa por el tr\u00e1gico accidente ocurrido en el ingreso a Oriente que le cost\u00f3 la vida a tres copetonenses.<\/p>\n\n\n\n<p>De hecho Baldini se puso a la cabeza de ese pedido y le habl\u00f3 a la justicia de Garant\u00edas de Tres Arroyos.<\/p>\n\n\n\n<p>En este sentido afirm\u00f3 en Cosas que pasan que el conductor de la camioneta Amarok, Rafael Pozos, conduc\u00eda en estado de &#8220;ebriedad&#8221;, al momento de producirse el accidente que todav\u00eda dej\u00f3 a un joven luchando por su vida en el hospital Penna de Bah\u00eda Blanca.<\/p>\n\n\n\n<figure class=\"wp-block-image\"><img loading=\"lazy\" decoding=\"async\" width=\"1024\" height=\"161\" data-src=\"http:\/\/ondauno.com.ar\/wp-content\/uploads\/2022\/03\/Escucha-la-nota1-1024x161.jpg\" alt=\"\" class=\"wp-image-32072 lazyload\" data-srcset=\"https:\/\/ondauno.com.ar\/wp-content\/uploads\/2022\/03\/Escucha-la-nota1-1024x161.jpg 1024w, https:\/\/ondauno.com.ar\/wp-content\/uploads\/2022\/03\/Escucha-la-nota1-300x47.jpg 300w, https:\/\/ondauno.com.ar\/wp-content\/uploads\/2022\/03\/Escucha-la-nota1-768x121.jpg 768w, https:\/\/ondauno.com.ar\/wp-content\/uploads\/2022\/03\/Escucha-la-nota1-696x110.jpg 696w, https:\/\/ondauno.com.ar\/wp-content\/uploads\/2022\/03\/Escucha-la-nota1-1068x168.jpg 1068w, https:\/\/ondauno.com.ar\/wp-content\/uploads\/2022\/03\/Escucha-la-nota1-1920x302.jpg 1920w\" data-sizes=\"auto, (max-width: 1024px) 100vw, 1024px\" src=\"data:image\/gif;base64,R0lGODlhAQABAAAAACH5BAEKAAEALAAAAAABAAEAAAICTAEAOw==\" style=\"--smush-placeholder-width: 1024px; --smush-placeholder-aspect-ratio: 1024\/161;\" \/><noscript><img loading=\"lazy\" decoding=\"async\" width=\"1024\" height=\"161\" src=\"http:\/\/ondauno.com.ar\/wp-content\/uploads\/2022\/03\/Escucha-la-nota1-1024x161.jpg\" alt=\"\" class=\"wp-image-32072\" srcset=\"https:\/\/ondauno.com.ar\/wp-content\/uploads\/2022\/03\/Escucha-la-nota1-1024x161.jpg 1024w, https:\/\/ondauno.com.ar\/wp-content\/uploads\/2022\/03\/Escucha-la-nota1-300x47.jpg 300w, https:\/\/ondauno.com.ar\/wp-content\/uploads\/2022\/03\/Escucha-la-nota1-768x121.jpg 768w, https:\/\/ondauno.com.ar\/wp-content\/uploads\/2022\/03\/Escucha-la-nota1-696x110.jpg 696w, https:\/\/ondauno.com.ar\/wp-content\/uploads\/2022\/03\/Escucha-la-nota1-1068x168.jpg 1068w, https:\/\/ondauno.com.ar\/wp-content\/uploads\/2022\/03\/Escucha-la-nota1-1920x302.jpg 1920w\" sizes=\"auto, (max-width: 1024px) 100vw, 1024px\" \/><\/noscript><\/figure>\n\n\n\n<figure><iframe loading=\"lazy\" data-src=\"https:\/\/www.facebook.com\/plugins\/video.php?height=314&amp;href=https%3A%2F%2Fwww.facebook.com%2Fondauno103.9%2Fvideos%2F3554440588150614%2F&amp;show_text=false&amp;width=560&amp;t=0\" width=\"560\" height=\"314\" allowfullscreen=\"true\" src=\"data:image\/gif;base64,R0lGODlhAQABAAAAACH5BAEKAAEALAAAAAABAAEAAAICTAEAOw==\" class=\"lazyload\" data-load-mode=\"1\"><\/iframe><\/figure>\n","protected":false},"excerpt":{"rendered":"<p>Sergio Baldini, el delegado de Copetonas, habl\u00f3 en Cosas que pasan El delegado de Copetonas, Sergio Baldini, acompa\u00f1\u00f3 a vecinos el s\u00e1bado reciente en una movilizaci\u00f3n por pedido de justicia, en el marco de la causa por el tr\u00e1gico accidente ocurrido en el ingreso a Oriente que le cost\u00f3 la vida a tres copetonenses. De [&hellip;]<\/p>\n","protected":false},"author":1,"featured_media":38093,"comment_status":"open","ping_status":"open","sticky":false,"template":"","format":"standard","meta":{"tdm_status":"","tdm_grid_status":"","_jetpack_memberships_contains_paid_content":false,"footnotes":"","jetpack_publicize_message":"","jetpack_publicize_feature_enabled":true,"jetpack_social_post_already_shared":true,"jetpack_social_options":{"image_generator_settings":{"template":"highway","default_image_id":0,"font":"","enabled":false},"version":2}},"categories":[2],"tags":[],"class_list":{"0":"post-38092","1":"post","2":"type-post","3":"status-publish","4":"format-standard","5":"has-post-thumbnail","7":"category-locales"},"yoast_head":"<!-- This site is optimized with the Yoast SEO plugin v22.7 - https:\/\/yoast.com\/wordpress\/plugins\/seo\/ -->\n<title>Baldini: &quot;Si este chico dentro de unos d\u00edas est\u00e1 en su casa, como si no hubiera pasado nada, el impacto va a ser muy fuerte&quot; - 103.9 fm<\/title>\n<meta name=\"robots\" content=\"index, follow, max-snippet:-1, max-image-preview:large, max-video-preview:-1\" \/>\n<link rel=\"canonical\" href=\"https:\/\/ondauno.com.ar\/index.php\/2022\/12\/06\/baldini-si-este-chico-dentro-de-unos-dias-esta-en-su-casa-como-si-no-hubiera-pasado-nada-el-impacto-va-a-ser-muy-fuerte\/\" \/>\n<meta property=\"og:locale\" content=\"es_ES\" \/>\n<meta property=\"og:type\" content=\"article\" \/>\n<meta property=\"og:title\" content=\"Baldini: &quot;Si este chico dentro de unos d\u00edas est\u00e1 en su casa, como si no hubiera pasado nada, el impacto va a ser muy fuerte&quot; - 103.9 fm\" \/>\n<meta property=\"og:description\" content=\"Sergio Baldini, el delegado de Copetonas, habl\u00f3 en Cosas que pasan El delegado de Copetonas, Sergio Baldini, acompa\u00f1\u00f3 a vecinos el s\u00e1bado reciente en una movilizaci\u00f3n por pedido de justicia, en el marco de la causa por el tr\u00e1gico accidente ocurrido en el ingreso a Oriente que le cost\u00f3 la vida a tres copetonenses. De [&hellip;]\" \/>\n<meta property=\"og:url\" content=\"https:\/\/ondauno.com.ar\/index.php\/2022\/12\/06\/baldini-si-este-chico-dentro-de-unos-dias-esta-en-su-casa-como-si-no-hubiera-pasado-nada-el-impacto-va-a-ser-muy-fuerte\/\" \/>\n<meta property=\"og:site_name\" content=\"103.9 fm\" \/>\n<meta property=\"article:publisher\" content=\"https:\/\/www.facebook.com\/ondauno103.9\" \/>\n<meta property=\"article:published_time\" content=\"2022-12-06T15:25:35+00:00\" \/>\n<meta property=\"article:modified_time\" content=\"2022-12-06T15:25:36+00:00\" \/>\n<meta property=\"og:image\" content=\"https:\/\/ondauno.com.ar\/wp-content\/uploads\/2022\/12\/WhatsApp-Image-2022-12-06-at-11.16.38.jpeg\" \/>\n\t<meta property=\"og:image:width\" content=\"780\" \/>\n\t<meta property=\"og:image:height\" content=\"1040\" \/>\n\t<meta property=\"og:image:type\" content=\"image\/jpeg\" \/>\n<meta name=\"author\" content=\"OndaUno\" \/>\n<meta name=\"twitter:card\" content=\"summary_large_image\" \/>\n<meta name=\"twitter:label1\" content=\"Escrito por\" \/>\n\t<meta name=\"twitter:data1\" content=\"OndaUno\" \/>\n\t<meta name=\"twitter:label2\" content=\"Tiempo de lectura\" \/>\n\t<meta name=\"twitter:data2\" content=\"1 minuto\" \/>\n<script type=\"application\/ld+json\" class=\"yoast-schema-graph\">{\"@context\":\"https:\/\/schema.org\",\"@graph\":[{\"@type\":\"WebPage\",\"@id\":\"https:\/\/ondauno.com.ar\/index.php\/2022\/12\/06\/baldini-si-este-chico-dentro-de-unos-dias-esta-en-su-casa-como-si-no-hubiera-pasado-nada-el-impacto-va-a-ser-muy-fuerte\/\",\"url\":\"https:\/\/ondauno.com.ar\/index.php\/2022\/12\/06\/baldini-si-este-chico-dentro-de-unos-dias-esta-en-su-casa-como-si-no-hubiera-pasado-nada-el-impacto-va-a-ser-muy-fuerte\/\",\"name\":\"Baldini: \\\"Si este chico dentro de unos d\u00edas est\u00e1 en su casa, como si no hubiera pasado nada, el impacto va a ser muy fuerte\\\" - 103.9 fm\",\"isPartOf\":{\"@id\":\"https:\/\/ondauno.com.ar\/#website\"},\"primaryImageOfPage\":{\"@id\":\"https:\/\/ondauno.com.ar\/index.php\/2022\/12\/06\/baldini-si-este-chico-dentro-de-unos-dias-esta-en-su-casa-como-si-no-hubiera-pasado-nada-el-impacto-va-a-ser-muy-fuerte\/#primaryimage\"},\"image\":{\"@id\":\"https:\/\/ondauno.com.ar\/index.php\/2022\/12\/06\/baldini-si-este-chico-dentro-de-unos-dias-esta-en-su-casa-como-si-no-hubiera-pasado-nada-el-impacto-va-a-ser-muy-fuerte\/#primaryimage\"},\"thumbnailUrl\":\"https:\/\/ondauno.com.ar\/wp-content\/uploads\/2022\/12\/WhatsApp-Image-2022-12-06-at-11.16.38.jpeg\",\"datePublished\":\"2022-12-06T15:25:35+00:00\",\"dateModified\":\"2022-12-06T15:25:36+00:00\",\"author\":{\"@id\":\"https:\/\/ondauno.com.ar\/#\/schema\/person\/7ec851ddeceb4133d7d7132dc645714e\"},\"breadcrumb\":{\"@id\":\"https:\/\/ondauno.com.ar\/index.php\/2022\/12\/06\/baldini-si-este-chico-dentro-de-unos-dias-esta-en-su-casa-como-si-no-hubiera-pasado-nada-el-impacto-va-a-ser-muy-fuerte\/#breadcrumb\"},\"inLanguage\":\"es-AR\",\"potentialAction\":[{\"@type\":\"ReadAction\",\"target\":[\"https:\/\/ondauno.com.ar\/index.php\/2022\/12\/06\/baldini-si-este-chico-dentro-de-unos-dias-esta-en-su-casa-como-si-no-hubiera-pasado-nada-el-impacto-va-a-ser-muy-fuerte\/\"]}]},{\"@type\":\"ImageObject\",\"inLanguage\":\"es-AR\",\"@id\":\"https:\/\/ondauno.com.ar\/index.php\/2022\/12\/06\/baldini-si-este-chico-dentro-de-unos-dias-esta-en-su-casa-como-si-no-hubiera-pasado-nada-el-impacto-va-a-ser-muy-fuerte\/#primaryimage\",\"url\":\"https:\/\/ondauno.com.ar\/wp-content\/uploads\/2022\/12\/WhatsApp-Image-2022-12-06-at-11.16.38.jpeg\",\"contentUrl\":\"https:\/\/ondauno.com.ar\/wp-content\/uploads\/2022\/12\/WhatsApp-Image-2022-12-06-at-11.16.38.jpeg\",\"width\":780,\"height\":1040},{\"@type\":\"BreadcrumbList\",\"@id\":\"https:\/\/ondauno.com.ar\/index.php\/2022\/12\/06\/baldini-si-este-chico-dentro-de-unos-dias-esta-en-su-casa-como-si-no-hubiera-pasado-nada-el-impacto-va-a-ser-muy-fuerte\/#breadcrumb\",\"itemListElement\":[{\"@type\":\"ListItem\",\"position\":1,\"name\":\"Inicio\",\"item\":\"https:\/\/ondauno.com.ar\/\"},{\"@type\":\"ListItem\",\"position\":2,\"name\":\"Baldini: &#8220;Si este chico dentro de unos d\u00edas est\u00e1 en su casa, como si no hubiera pasado nada, el impacto va a ser muy fuerte&#8221;\"}]},{\"@type\":\"WebSite\",\"@id\":\"https:\/\/ondauno.com.ar\/#website\",\"url\":\"https:\/\/ondauno.com.ar\/\",\"name\":\"103.9 fm\",\"description\":\"LA PRIMERA RADIO MULTIMEDIA DE TRES ARROYOS\",\"potentialAction\":[{\"@type\":\"SearchAction\",\"target\":{\"@type\":\"EntryPoint\",\"urlTemplate\":\"https:\/\/ondauno.com.ar\/?s={search_term_string}\"},\"query-input\":\"required name=search_term_string\"}],\"inLanguage\":\"es-AR\"},{\"@type\":\"Person\",\"@id\":\"https:\/\/ondauno.com.ar\/#\/schema\/person\/7ec851ddeceb4133d7d7132dc645714e\",\"name\":\"OndaUno\",\"image\":{\"@type\":\"ImageObject\",\"inLanguage\":\"es-AR\",\"@id\":\"https:\/\/ondauno.com.ar\/#\/schema\/person\/image\/\",\"url\":\"https:\/\/secure.gravatar.com\/avatar\/93b8009f0de7021f1feb2bd5b32fb9e8?s=96&d=mm&r=g\",\"contentUrl\":\"https:\/\/secure.gravatar.com\/avatar\/93b8009f0de7021f1feb2bd5b32fb9e8?s=96&d=mm&r=g\",\"caption\":\"OndaUno\"},\"url\":\"https:\/\/ondauno.com.ar\/index.php\/author\/ondauno\/\"}]}<\/script>\n<!-- \/ Yoast SEO plugin. -->","yoast_head_json":{"title":"Baldini: \"Si este chico dentro de unos d\u00edas est\u00e1 en su casa, como si no hubiera pasado nada, el impacto va a ser muy fuerte\" - 103.9 fm","robots":{"index":"index","follow":"follow","max-snippet":"max-snippet:-1","max-image-preview":"max-image-preview:large","max-video-preview":"max-video-preview:-1"},"canonical":"https:\/\/ondauno.com.ar\/index.php\/2022\/12\/06\/baldini-si-este-chico-dentro-de-unos-dias-esta-en-su-casa-como-si-no-hubiera-pasado-nada-el-impacto-va-a-ser-muy-fuerte\/","og_locale":"es_ES","og_type":"article","og_title":"Baldini: \"Si este chico dentro de unos d\u00edas est\u00e1 en su casa, como si no hubiera pasado nada, el impacto va a ser muy fuerte\" - 103.9 fm","og_description":"Sergio Baldini, el delegado de Copetonas, habl\u00f3 en Cosas que pasan El delegado de Copetonas, Sergio Baldini, acompa\u00f1\u00f3 a vecinos el s\u00e1bado reciente en una movilizaci\u00f3n por pedido de justicia, en el marco de la causa por el tr\u00e1gico accidente ocurrido en el ingreso a Oriente que le cost\u00f3 la vida a tres copetonenses. De [&hellip;]","og_url":"https:\/\/ondauno.com.ar\/index.php\/2022\/12\/06\/baldini-si-este-chico-dentro-de-unos-dias-esta-en-su-casa-como-si-no-hubiera-pasado-nada-el-impacto-va-a-ser-muy-fuerte\/","og_site_name":"103.9 fm","article_publisher":"https:\/\/www.facebook.com\/ondauno103.9","article_published_time":"2022-12-06T15:25:35+00:00","article_modified_time":"2022-12-06T15:25:36+00:00","og_image":[{"width":780,"height":1040,"url":"https:\/\/ondauno.com.ar\/wp-content\/uploads\/2022\/12\/WhatsApp-Image-2022-12-06-at-11.16.38.jpeg","type":"image\/jpeg"}],"author":"OndaUno","twitter_card":"summary_large_image","twitter_misc":{"Escrito por":"OndaUno","Tiempo de lectura":"1 minuto"},"schema":{"@context":"https:\/\/schema.org","@graph":[{"@type":"WebPage","@id":"https:\/\/ondauno.com.ar\/index.php\/2022\/12\/06\/baldini-si-este-chico-dentro-de-unos-dias-esta-en-su-casa-como-si-no-hubiera-pasado-nada-el-impacto-va-a-ser-muy-fuerte\/","url":"https:\/\/ondauno.com.ar\/index.php\/2022\/12\/06\/baldini-si-este-chico-dentro-de-unos-dias-esta-en-su-casa-como-si-no-hubiera-pasado-nada-el-impacto-va-a-ser-muy-fuerte\/","name":"Baldini: \"Si este chico dentro de unos d\u00edas est\u00e1 en su casa, como si no hubiera pasado nada, el impacto va a ser muy fuerte\" - 103.9 fm","isPartOf":{"@id":"https:\/\/ondauno.com.ar\/#website"},"primaryImageOfPage":{"@id":"https:\/\/ondauno.com.ar\/index.php\/2022\/12\/06\/baldini-si-este-chico-dentro-de-unos-dias-esta-en-su-casa-como-si-no-hubiera-pasado-nada-el-impacto-va-a-ser-muy-fuerte\/#primaryimage"},"image":{"@id":"https:\/\/ondauno.com.ar\/index.php\/2022\/12\/06\/baldini-si-este-chico-dentro-de-unos-dias-esta-en-su-casa-como-si-no-hubiera-pasado-nada-el-impacto-va-a-ser-muy-fuerte\/#primaryimage"},"thumbnailUrl":"https:\/\/ondauno.com.ar\/wp-content\/uploads\/2022\/12\/WhatsApp-Image-2022-12-06-at-11.16.38.jpeg","datePublished":"2022-12-06T15:25:35+00:00","dateModified":"2022-12-06T15:25:36+00:00","author":{"@id":"https:\/\/ondauno.com.ar\/#\/schema\/person\/7ec851ddeceb4133d7d7132dc645714e"},"breadcrumb":{"@id":"https:\/\/ondauno.com.ar\/index.php\/2022\/12\/06\/baldini-si-este-chico-dentro-de-unos-dias-esta-en-su-casa-como-si-no-hubiera-pasado-nada-el-impacto-va-a-ser-muy-fuerte\/#breadcrumb"},"inLanguage":"es-AR","potentialAction":[{"@type":"ReadAction","target":["https:\/\/ondauno.com.ar\/index.php\/2022\/12\/06\/baldini-si-este-chico-dentro-de-unos-dias-esta-en-su-casa-como-si-no-hubiera-pasado-nada-el-impacto-va-a-ser-muy-fuerte\/"]}]},{"@type":"ImageObject","inLanguage":"es-AR","@id":"https:\/\/ondauno.com.ar\/index.php\/2022\/12\/06\/baldini-si-este-chico-dentro-de-unos-dias-esta-en-su-casa-como-si-no-hubiera-pasado-nada-el-impacto-va-a-ser-muy-fuerte\/#primaryimage","url":"https:\/\/ondauno.com.ar\/wp-content\/uploads\/2022\/12\/WhatsApp-Image-2022-12-06-at-11.16.38.jpeg","contentUrl":"https:\/\/ondauno.com.ar\/wp-content\/uploads\/2022\/12\/WhatsApp-Image-2022-12-06-at-11.16.38.jpeg","width":780,"height":1040},{"@type":"BreadcrumbList","@id":"https:\/\/ondauno.com.ar\/index.php\/2022\/12\/06\/baldini-si-este-chico-dentro-de-unos-dias-esta-en-su-casa-como-si-no-hubiera-pasado-nada-el-impacto-va-a-ser-muy-fuerte\/#breadcrumb","itemListElement":[{"@type":"ListItem","position":1,"name":"Inicio","item":"https:\/\/ondauno.com.ar\/"},{"@type":"ListItem","position":2,"name":"Baldini: &#8220;Si este chico dentro de unos d\u00edas est\u00e1 en su casa, como si no hubiera pasado nada, el impacto va a ser muy fuerte&#8221;"}]},{"@type":"WebSite","@id":"https:\/\/ondauno.com.ar\/#website","url":"https:\/\/ondauno.com.ar\/","name":"103.9 fm","description":"LA PRIMERA RADIO MULTIMEDIA DE TRES ARROYOS","potentialAction":[{"@type":"SearchAction","target":{"@type":"EntryPoint","urlTemplate":"https:\/\/ondauno.com.ar\/?s={search_term_string}"},"query-input":"required name=search_term_string"}],"inLanguage":"es-AR"},{"@type":"Person","@id":"https:\/\/ondauno.com.ar\/#\/schema\/person\/7ec851ddeceb4133d7d7132dc645714e","name":"OndaUno","image":{"@type":"ImageObject","inLanguage":"es-AR","@id":"https:\/\/ondauno.com.ar\/#\/schema\/person\/image\/","url":"https:\/\/secure.gravatar.com\/avatar\/93b8009f0de7021f1feb2bd5b32fb9e8?s=96&d=mm&r=g","contentUrl":"https:\/\/secure.gravatar.com\/avatar\/93b8009f0de7021f1feb2bd5b32fb9e8?s=96&d=mm&r=g","caption":"OndaUno"},"url":"https:\/\/ondauno.com.ar\/index.php\/author\/ondauno\/"}]}},"jetpack_publicize_connections":[],"jetpack_featured_media_url":"https:\/\/ondauno.com.ar\/wp-content\/uploads\/2022\/12\/WhatsApp-Image-2022-12-06-at-11.16.38.jpeg","jetpack_sharing_enabled":true,"_links":{"self":[{"href":"https:\/\/ondauno.com.ar\/index.php\/wp-json\/wp\/v2\/posts\/38092","targetHints":{"allow":["GET"]}}],"collection":[{"href":"https:\/\/ondauno.com.ar\/index.php\/wp-json\/wp\/v2\/posts"}],"about":[{"href":"https:\/\/ondauno.com.ar\/index.php\/wp-json\/wp\/v2\/types\/post"}],"author":[{"embeddable":true,"href":"https:\/\/ondauno.com.ar\/index.php\/wp-json\/wp\/v2\/users\/1"}],"replies":[{"embeddable":true,"href":"https:\/\/ondauno.com.ar\/index.php\/wp-json\/wp\/v2\/comments?post=38092"}],"version-history":[{"count":0,"href":"https:\/\/ondauno.com.ar\/index.php\/wp-json\/wp\/v2\/posts\/38092\/revisions"}],"wp:featuredmedia":[{"embeddable":true,"href":"https:\/\/ondauno.com.ar\/index.php\/wp-json\/wp\/v2\/media\/38093"}],"wp:attachment":[{"href":"https:\/\/ondauno.com.ar\/index.php\/wp-json\/wp\/v2\/media?parent=38092"}],"wp:term":[{"taxonomy":"category","embeddable":true,"href":"https:\/\/ondauno.com.ar\/index.php\/wp-json\/wp\/v2\/categories?post=38092"},{"taxonomy":"post_tag","embeddable":true,"href":"https:\/\/ondauno.com.ar\/index.php\/wp-json\/wp\/v2\/tags?post=38092"}],"curies":[{"name":"wp","href":"https:\/\/api.w.org\/{rel}","templated":true}]}}