{"id":3788,"date":"2019-12-26T11:46:06","date_gmt":"2019-12-26T14:46:06","guid":{"rendered":"http:\/\/ondauno.com.ar\/?p=3788"},"modified":"2019-12-26T11:46:13","modified_gmt":"2019-12-26T14:46:13","slug":"incorporan-profesional-para-el-centro-de-salud-de-claromeco","status":"publish","type":"post","link":"https:\/\/ondauno.com.ar\/index.php\/2019\/12\/26\/incorporan-profesional-para-el-centro-de-salud-de-claromeco\/","title":{"rendered":"Incorporan Profesional para el Centro de Salud de Claromec\u00f3"},"content":{"rendered":"<div class=\"ondau-before-content_3\" style=\"margin-top: -30px;\" id=\"ondau-3240604248\"><a href=\"https:\/\/www.lps.com.ar\/\" aria-label=\"la-perse2\"><img loading=\"lazy\" decoding=\"async\" src=\"https:\/\/ondauno.com.ar\/wp-content\/uploads\/2021\/10\/la-perse2.jpg\" alt=\"\"  srcset=\"https:\/\/ondauno.com.ar\/wp-content\/uploads\/2021\/10\/la-perse2.jpg 1353w, https:\/\/ondauno.com.ar\/wp-content\/uploads\/2021\/10\/la-perse2-300x43.jpg 300w, https:\/\/ondauno.com.ar\/wp-content\/uploads\/2021\/10\/la-perse2-1024x148.jpg 1024w, https:\/\/ondauno.com.ar\/wp-content\/uploads\/2021\/10\/la-perse2-768x111.jpg 768w, https:\/\/ondauno.com.ar\/wp-content\/uploads\/2021\/10\/la-perse2-696x100.jpg 696w, https:\/\/ondauno.com.ar\/wp-content\/uploads\/2021\/10\/la-perse2-1068x154.jpg 1068w\" sizes=\"(max-width: 1353px) 100vw, 1353px\" class=\"no-lazyload\" width=\"1353\" height=\"195\"  style=\"display: inline-block;\" \/><\/a><\/div>\n<p>Desde el Centro de Salud Municipal se informa que se incorpora la Dra. Aldana Capristo al equipo que estar\u00e1 trabajando durante la temporada de verano en la localidad de Claromec\u00f3.<\/p>\n\n\n\n<p>La Dra. es oriunda de nuestra ciudad y vivi\u00f3 en ella hasta los 8 a\u00f1os de edad. Hoy, retorna con la especialidad de m\u00e9dica cirujana recientemente adquirida, para desempe\u00f1arse en nuestro distrito.<\/p>\n\n\n\n<p>Aldana Capristo vivi\u00f3&nbsp;en la Provincia de La Rioja. A los dos a\u00f1os de comenzar su carrera recibi\u00f3 una beca para finalizar su carrera en Cuba.&nbsp;All\u00ed&nbsp;se&nbsp;gradu\u00f3&nbsp;en la Universidad Carlos J. Findlay hace aproximadamente 6 a\u00f1os. Luego retorn\u00f3 a La Rioja donde continu\u00f3&nbsp;con su formaci\u00f3n y hace un mes culmin\u00f3 su residencia en cirug\u00eda general en Hospital Enrique Vera Barros de La Rioja. Cuenta con vasta experiencia en el sector privado del norte argentino.<\/p>\n\n\n\n<p>De&nbsp; esta manera, desde el&nbsp;Centro Municipal de Salud de Tres Arroyos se trabaja&nbsp;constantemente para cubrir los servicios, y&nbsp; fundamentalmente para dotarlos de calidad.&nbsp;<br><\/p>\n\n\n\n<p><strong>Los servicios en Claromec\u00f3 durante el verano<\/strong><\/p>\n\n\n\n<p><strong>Medicos : Dr. Daniel Olivera<\/strong><\/p>\n\n\n\n<p><strong>&nbsp;Dra. Silvia Sugimori<\/strong><\/p>\n\n\n\n<p><strong>&nbsp;Dra. Aldana Capristo.&nbsp;<\/strong><\/p>\n\n\n\n<p>D\u00edas y Horarios de atenci\u00f3n: lunes a viernes de 9 hs a 12&nbsp; hs y 16.30 hs a 19.30 hs<\/p>\n\n\n\n<p>&nbsp;S\u00e1bado y domingo de 10 hs a 12 hs y de 17&nbsp; hs a 19 hs<\/p>\n\n\n\n<p><strong>EMERGENCIAS: las 24 hs.<\/strong><\/p>\n\n\n\n<p><strong>Vacunaci\u00f3n:&nbsp;<\/strong>lunes a viernes de 9 hs a 13 hs<\/p>\n\n\n\n<p><strong>Rayos:&nbsp;<\/strong>lunes a viernes de 9 hs a 12 hs<\/p>\n\n\n\n<p><strong>Psicologia:&nbsp;<\/strong>martes 14.30 hs<\/p>\n\n\n\n<p><strong>Trabajo Social:&nbsp;<\/strong>lunes de 9 hs a 12 hs<\/p>\n\n\n\n<p><strong>Laboratorio:&nbsp;<\/strong>lunes y viernes 6.15 hs<\/p>\n\n\n\n<p><strong>Odontologia:&nbsp;<\/strong>martes 12 hs a 15 hs.<\/p>\n\n\n\n<p><strong>\u00bfD\u00f3nde consultar?<\/strong><\/p>\n\n\n\n<p>El Centro de Salud Juan Abad se encuentra ubicado en calle 28 N\u00ba 1055- Entre 23 y 25 y su tel\u00e9fono es 02982- 480028.<\/p>\n","protected":false},"excerpt":{"rendered":"<p>Desde el Centro de Salud Municipal se informa que se incorpora la Dra. Aldana Capristo al equipo que estar\u00e1 trabajando durante la temporada de verano en la localidad de Claromec\u00f3. La Dra. es oriunda de nuestra ciudad y vivi\u00f3 en ella hasta los 8 a\u00f1os de edad. Hoy, retorna con la especialidad de m\u00e9dica cirujana [&hellip;]<\/p>\n","protected":false},"author":2,"featured_media":3790,"comment_status":"open","ping_status":"open","sticky":false,"template":"","format":"standard","meta":{"tdm_status":"","tdm_grid_status":"","_jetpack_memberships_contains_paid_content":false,"footnotes":"","jetpack_publicize_message":"","jetpack_publicize_feature_enabled":true,"jetpack_social_post_already_shared":false,"jetpack_social_options":{"image_generator_settings":{"template":"highway","default_image_id":0,"font":"","enabled":false},"version":2}},"categories":[35],"tags":[],"class_list":{"0":"post-3788","1":"post","2":"type-post","3":"status-publish","4":"format-standard","5":"has-post-thumbnail","7":"category-regionales"},"yoast_head":"<!-- This site is optimized with the Yoast SEO plugin v22.7 - https:\/\/yoast.com\/wordpress\/plugins\/seo\/ -->\n<title>Incorporan Profesional para el Centro de Salud de Claromec\u00f3 - 103.9 fm<\/title>\n<meta name=\"robots\" content=\"index, follow, max-snippet:-1, max-image-preview:large, max-video-preview:-1\" \/>\n<link rel=\"canonical\" href=\"https:\/\/ondauno.com.ar\/index.php\/2019\/12\/26\/incorporan-profesional-para-el-centro-de-salud-de-claromeco\/\" \/>\n<meta property=\"og:locale\" content=\"es_ES\" \/>\n<meta property=\"og:type\" content=\"article\" \/>\n<meta property=\"og:title\" content=\"Incorporan Profesional para el Centro de Salud de Claromec\u00f3 - 103.9 fm\" \/>\n<meta property=\"og:description\" content=\"Desde el Centro de Salud Municipal se informa que se incorpora la Dra. Aldana Capristo al equipo que estar\u00e1 trabajando durante la temporada de verano en la localidad de Claromec\u00f3. La Dra. es oriunda de nuestra ciudad y vivi\u00f3 en ella hasta los 8 a\u00f1os de edad. Hoy, retorna con la especialidad de m\u00e9dica cirujana [&hellip;]\" \/>\n<meta property=\"og:url\" content=\"https:\/\/ondauno.com.ar\/index.php\/2019\/12\/26\/incorporan-profesional-para-el-centro-de-salud-de-claromeco\/\" \/>\n<meta property=\"og:site_name\" content=\"103.9 fm\" \/>\n<meta property=\"article:publisher\" content=\"https:\/\/www.facebook.com\/ondauno103.9\" \/>\n<meta property=\"article:published_time\" content=\"2019-12-26T14:46:06+00:00\" \/>\n<meta property=\"article:modified_time\" content=\"2019-12-26T14:46:13+00:00\" \/>\n<meta property=\"og:image\" content=\"https:\/\/ondauno.com.ar\/wp-content\/uploads\/2019\/12\/Dres.-Alexis-Pogorzelsky-Dra.-Aldana-Capristo-Dr.-Gabriel-Guerra-1.jpeg\" \/>\n\t<meta property=\"og:image:width\" content=\"1280\" \/>\n\t<meta property=\"og:image:height\" content=\"1078\" \/>\n\t<meta property=\"og:image:type\" content=\"image\/jpeg\" \/>\n<meta name=\"author\" content=\"fernando garcia\" \/>\n<meta name=\"twitter:card\" content=\"summary_large_image\" \/>\n<meta name=\"twitter:label1\" content=\"Escrito por\" \/>\n\t<meta name=\"twitter:data1\" content=\"fernando garcia\" \/>\n\t<meta name=\"twitter:label2\" content=\"Tiempo de lectura\" \/>\n\t<meta name=\"twitter:data2\" content=\"2 minutos\" \/>\n<script type=\"application\/ld+json\" class=\"yoast-schema-graph\">{\"@context\":\"https:\/\/schema.org\",\"@graph\":[{\"@type\":\"WebPage\",\"@id\":\"https:\/\/ondauno.com.ar\/index.php\/2019\/12\/26\/incorporan-profesional-para-el-centro-de-salud-de-claromeco\/\",\"url\":\"https:\/\/ondauno.com.ar\/index.php\/2019\/12\/26\/incorporan-profesional-para-el-centro-de-salud-de-claromeco\/\",\"name\":\"Incorporan Profesional para el Centro de Salud de Claromec\u00f3 - 103.9 fm\",\"isPartOf\":{\"@id\":\"https:\/\/ondauno.com.ar\/#website\"},\"primaryImageOfPage\":{\"@id\":\"https:\/\/ondauno.com.ar\/index.php\/2019\/12\/26\/incorporan-profesional-para-el-centro-de-salud-de-claromeco\/#primaryimage\"},\"image\":{\"@id\":\"https:\/\/ondauno.com.ar\/index.php\/2019\/12\/26\/incorporan-profesional-para-el-centro-de-salud-de-claromeco\/#primaryimage\"},\"thumbnailUrl\":\"https:\/\/ondauno.com.ar\/wp-content\/uploads\/2019\/12\/Dres.-Alexis-Pogorzelsky-Dra.-Aldana-Capristo-Dr.-Gabriel-Guerra-1.jpeg\",\"datePublished\":\"2019-12-26T14:46:06+00:00\",\"dateModified\":\"2019-12-26T14:46:13+00:00\",\"author\":{\"@id\":\"https:\/\/ondauno.com.ar\/#\/schema\/person\/201d1b68e6c75e0fd396fe5f8af5d139\"},\"breadcrumb\":{\"@id\":\"https:\/\/ondauno.com.ar\/index.php\/2019\/12\/26\/incorporan-profesional-para-el-centro-de-salud-de-claromeco\/#breadcrumb\"},\"inLanguage\":\"es-AR\",\"potentialAction\":[{\"@type\":\"ReadAction\",\"target\":[\"https:\/\/ondauno.com.ar\/index.php\/2019\/12\/26\/incorporan-profesional-para-el-centro-de-salud-de-claromeco\/\"]}]},{\"@type\":\"ImageObject\",\"inLanguage\":\"es-AR\",\"@id\":\"https:\/\/ondauno.com.ar\/index.php\/2019\/12\/26\/incorporan-profesional-para-el-centro-de-salud-de-claromeco\/#primaryimage\",\"url\":\"https:\/\/ondauno.com.ar\/wp-content\/uploads\/2019\/12\/Dres.-Alexis-Pogorzelsky-Dra.-Aldana-Capristo-Dr.-Gabriel-Guerra-1.jpeg\",\"contentUrl\":\"https:\/\/ondauno.com.ar\/wp-content\/uploads\/2019\/12\/Dres.-Alexis-Pogorzelsky-Dra.-Aldana-Capristo-Dr.-Gabriel-Guerra-1.jpeg\",\"width\":1280,\"height\":1078},{\"@type\":\"BreadcrumbList\",\"@id\":\"https:\/\/ondauno.com.ar\/index.php\/2019\/12\/26\/incorporan-profesional-para-el-centro-de-salud-de-claromeco\/#breadcrumb\",\"itemListElement\":[{\"@type\":\"ListItem\",\"position\":1,\"name\":\"Inicio\",\"item\":\"https:\/\/ondauno.com.ar\/\"},{\"@type\":\"ListItem\",\"position\":2,\"name\":\"Incorporan Profesional para el Centro de Salud de Claromec\u00f3\"}]},{\"@type\":\"WebSite\",\"@id\":\"https:\/\/ondauno.com.ar\/#website\",\"url\":\"https:\/\/ondauno.com.ar\/\",\"name\":\"103.9 fm\",\"description\":\"LA PRIMERA RADIO MULTIMEDIA DE TRES ARROYOS\",\"potentialAction\":[{\"@type\":\"SearchAction\",\"target\":{\"@type\":\"EntryPoint\",\"urlTemplate\":\"https:\/\/ondauno.com.ar\/?s={search_term_string}\"},\"query-input\":\"required name=search_term_string\"}],\"inLanguage\":\"es-AR\"},{\"@type\":\"Person\",\"@id\":\"https:\/\/ondauno.com.ar\/#\/schema\/person\/201d1b68e6c75e0fd396fe5f8af5d139\",\"name\":\"fernando garcia\",\"image\":{\"@type\":\"ImageObject\",\"inLanguage\":\"es-AR\",\"@id\":\"https:\/\/ondauno.com.ar\/#\/schema\/person\/image\/\",\"url\":\"https:\/\/secure.gravatar.com\/avatar\/5f7254642ad81272e79a2e69653cfdfc?s=96&d=mm&r=g\",\"contentUrl\":\"https:\/\/secure.gravatar.com\/avatar\/5f7254642ad81272e79a2e69653cfdfc?s=96&d=mm&r=g\",\"caption\":\"fernando garcia\"},\"url\":\"https:\/\/ondauno.com.ar\/index.php\/author\/ondaunoeditor\/\"}]}<\/script>\n<!-- \/ Yoast SEO plugin. -->","yoast_head_json":{"title":"Incorporan Profesional para el Centro de Salud de Claromec\u00f3 - 103.9 fm","robots":{"index":"index","follow":"follow","max-snippet":"max-snippet:-1","max-image-preview":"max-image-preview:large","max-video-preview":"max-video-preview:-1"},"canonical":"https:\/\/ondauno.com.ar\/index.php\/2019\/12\/26\/incorporan-profesional-para-el-centro-de-salud-de-claromeco\/","og_locale":"es_ES","og_type":"article","og_title":"Incorporan Profesional para el Centro de Salud de Claromec\u00f3 - 103.9 fm","og_description":"Desde el Centro de Salud Municipal se informa que se incorpora la Dra. Aldana Capristo al equipo que estar\u00e1 trabajando durante la temporada de verano en la localidad de Claromec\u00f3. La Dra. es oriunda de nuestra ciudad y vivi\u00f3 en ella hasta los 8 a\u00f1os de edad. Hoy, retorna con la especialidad de m\u00e9dica cirujana [&hellip;]","og_url":"https:\/\/ondauno.com.ar\/index.php\/2019\/12\/26\/incorporan-profesional-para-el-centro-de-salud-de-claromeco\/","og_site_name":"103.9 fm","article_publisher":"https:\/\/www.facebook.com\/ondauno103.9","article_published_time":"2019-12-26T14:46:06+00:00","article_modified_time":"2019-12-26T14:46:13+00:00","og_image":[{"width":1280,"height":1078,"url":"https:\/\/ondauno.com.ar\/wp-content\/uploads\/2019\/12\/Dres.-Alexis-Pogorzelsky-Dra.-Aldana-Capristo-Dr.-Gabriel-Guerra-1.jpeg","type":"image\/jpeg"}],"author":"fernando garcia","twitter_card":"summary_large_image","twitter_misc":{"Escrito por":"fernando garcia","Tiempo de lectura":"2 minutos"},"schema":{"@context":"https:\/\/schema.org","@graph":[{"@type":"WebPage","@id":"https:\/\/ondauno.com.ar\/index.php\/2019\/12\/26\/incorporan-profesional-para-el-centro-de-salud-de-claromeco\/","url":"https:\/\/ondauno.com.ar\/index.php\/2019\/12\/26\/incorporan-profesional-para-el-centro-de-salud-de-claromeco\/","name":"Incorporan Profesional para el Centro de Salud de Claromec\u00f3 - 103.9 fm","isPartOf":{"@id":"https:\/\/ondauno.com.ar\/#website"},"primaryImageOfPage":{"@id":"https:\/\/ondauno.com.ar\/index.php\/2019\/12\/26\/incorporan-profesional-para-el-centro-de-salud-de-claromeco\/#primaryimage"},"image":{"@id":"https:\/\/ondauno.com.ar\/index.php\/2019\/12\/26\/incorporan-profesional-para-el-centro-de-salud-de-claromeco\/#primaryimage"},"thumbnailUrl":"https:\/\/ondauno.com.ar\/wp-content\/uploads\/2019\/12\/Dres.-Alexis-Pogorzelsky-Dra.-Aldana-Capristo-Dr.-Gabriel-Guerra-1.jpeg","datePublished":"2019-12-26T14:46:06+00:00","dateModified":"2019-12-26T14:46:13+00:00","author":{"@id":"https:\/\/ondauno.com.ar\/#\/schema\/person\/201d1b68e6c75e0fd396fe5f8af5d139"},"breadcrumb":{"@id":"https:\/\/ondauno.com.ar\/index.php\/2019\/12\/26\/incorporan-profesional-para-el-centro-de-salud-de-claromeco\/#breadcrumb"},"inLanguage":"es-AR","potentialAction":[{"@type":"ReadAction","target":["https:\/\/ondauno.com.ar\/index.php\/2019\/12\/26\/incorporan-profesional-para-el-centro-de-salud-de-claromeco\/"]}]},{"@type":"ImageObject","inLanguage":"es-AR","@id":"https:\/\/ondauno.com.ar\/index.php\/2019\/12\/26\/incorporan-profesional-para-el-centro-de-salud-de-claromeco\/#primaryimage","url":"https:\/\/ondauno.com.ar\/wp-content\/uploads\/2019\/12\/Dres.-Alexis-Pogorzelsky-Dra.-Aldana-Capristo-Dr.-Gabriel-Guerra-1.jpeg","contentUrl":"https:\/\/ondauno.com.ar\/wp-content\/uploads\/2019\/12\/Dres.-Alexis-Pogorzelsky-Dra.-Aldana-Capristo-Dr.-Gabriel-Guerra-1.jpeg","width":1280,"height":1078},{"@type":"BreadcrumbList","@id":"https:\/\/ondauno.com.ar\/index.php\/2019\/12\/26\/incorporan-profesional-para-el-centro-de-salud-de-claromeco\/#breadcrumb","itemListElement":[{"@type":"ListItem","position":1,"name":"Inicio","item":"https:\/\/ondauno.com.ar\/"},{"@type":"ListItem","position":2,"name":"Incorporan Profesional para el Centro de Salud de Claromec\u00f3"}]},{"@type":"WebSite","@id":"https:\/\/ondauno.com.ar\/#website","url":"https:\/\/ondauno.com.ar\/","name":"103.9 fm","description":"LA PRIMERA RADIO MULTIMEDIA DE TRES ARROYOS","potentialAction":[{"@type":"SearchAction","target":{"@type":"EntryPoint","urlTemplate":"https:\/\/ondauno.com.ar\/?s={search_term_string}"},"query-input":"required name=search_term_string"}],"inLanguage":"es-AR"},{"@type":"Person","@id":"https:\/\/ondauno.com.ar\/#\/schema\/person\/201d1b68e6c75e0fd396fe5f8af5d139","name":"fernando garcia","image":{"@type":"ImageObject","inLanguage":"es-AR","@id":"https:\/\/ondauno.com.ar\/#\/schema\/person\/image\/","url":"https:\/\/secure.gravatar.com\/avatar\/5f7254642ad81272e79a2e69653cfdfc?s=96&d=mm&r=g","contentUrl":"https:\/\/secure.gravatar.com\/avatar\/5f7254642ad81272e79a2e69653cfdfc?s=96&d=mm&r=g","caption":"fernando garcia"},"url":"https:\/\/ondauno.com.ar\/index.php\/author\/ondaunoeditor\/"}]}},"jetpack_publicize_connections":[],"jetpack_featured_media_url":"https:\/\/ondauno.com.ar\/wp-content\/uploads\/2019\/12\/Dres.-Alexis-Pogorzelsky-Dra.-Aldana-Capristo-Dr.-Gabriel-Guerra-1.jpeg","jetpack_sharing_enabled":true,"_links":{"self":[{"href":"https:\/\/ondauno.com.ar\/index.php\/wp-json\/wp\/v2\/posts\/3788","targetHints":{"allow":["GET"]}}],"collection":[{"href":"https:\/\/ondauno.com.ar\/index.php\/wp-json\/wp\/v2\/posts"}],"about":[{"href":"https:\/\/ondauno.com.ar\/index.php\/wp-json\/wp\/v2\/types\/post"}],"author":[{"embeddable":true,"href":"https:\/\/ondauno.com.ar\/index.php\/wp-json\/wp\/v2\/users\/2"}],"replies":[{"embeddable":true,"href":"https:\/\/ondauno.com.ar\/index.php\/wp-json\/wp\/v2\/comments?post=3788"}],"version-history":[{"count":0,"href":"https:\/\/ondauno.com.ar\/index.php\/wp-json\/wp\/v2\/posts\/3788\/revisions"}],"wp:featuredmedia":[{"embeddable":true,"href":"https:\/\/ondauno.com.ar\/index.php\/wp-json\/wp\/v2\/media\/3790"}],"wp:attachment":[{"href":"https:\/\/ondauno.com.ar\/index.php\/wp-json\/wp\/v2\/media?parent=3788"}],"wp:term":[{"taxonomy":"category","embeddable":true,"href":"https:\/\/ondauno.com.ar\/index.php\/wp-json\/wp\/v2\/categories?post=3788"},{"taxonomy":"post_tag","embeddable":true,"href":"https:\/\/ondauno.com.ar\/index.php\/wp-json\/wp\/v2\/tags?post=3788"}],"curies":[{"name":"wp","href":"https:\/\/api.w.org\/{rel}","templated":true}]}}