{"id":3699,"date":"2019-12-23T20:39:27","date_gmt":"2019-12-23T23:39:27","guid":{"rendered":"http:\/\/ondauno.com.ar\/?p=3699"},"modified":"2019-12-23T20:39:34","modified_gmt":"2019-12-23T23:39:34","slug":"durante-cuatro-anos-achicaron-los-beneficios-a-los-jubilados-y-pensionados","status":"publish","type":"post","link":"https:\/\/ondauno.com.ar\/index.php\/2019\/12\/23\/durante-cuatro-anos-achicaron-los-beneficios-a-los-jubilados-y-pensionados\/","title":{"rendered":"&#8220;Durante cuatro a\u00f1os achicaron los beneficios a los jubilados y pensionados&#8221;"},"content":{"rendered":"<div class=\"ondau-before-content_3\" style=\"margin-top: -30px;\" id=\"ondau-2318634095\"><a href=\"https:\/\/www.lps.com.ar\/\" aria-label=\"la-perse2\"><img loading=\"lazy\" decoding=\"async\" src=\"https:\/\/ondauno.com.ar\/wp-content\/uploads\/2021\/10\/la-perse2.jpg\" alt=\"\"  srcset=\"https:\/\/ondauno.com.ar\/wp-content\/uploads\/2021\/10\/la-perse2.jpg 1353w, https:\/\/ondauno.com.ar\/wp-content\/uploads\/2021\/10\/la-perse2-300x43.jpg 300w, https:\/\/ondauno.com.ar\/wp-content\/uploads\/2021\/10\/la-perse2-1024x148.jpg 1024w, https:\/\/ondauno.com.ar\/wp-content\/uploads\/2021\/10\/la-perse2-768x111.jpg 768w, https:\/\/ondauno.com.ar\/wp-content\/uploads\/2021\/10\/la-perse2-696x100.jpg 696w, https:\/\/ondauno.com.ar\/wp-content\/uploads\/2021\/10\/la-perse2-1068x154.jpg 1068w\" sizes=\"(max-width: 1353px) 100vw, 1353px\" class=\"no-lazyload\" width=\"1353\" height=\"195\"  style=\"display: inline-block;\" \/><\/a><\/div>\n<p> El abogado especialista en derecho previsional, Miguel \u00c1ngel Fern\u00e1ndez Pastor, desminti\u00f3 en Cosas que Pasan  a quienes afirman que el gobierno de Alberto Fern\u00e1ndez eliminar\u00e1 la movilidad jubilatoria. <\/p>\n\n\n\n<p>&#8220;Hicieron todos los desastres habidos y por haber y por primera vez s ele otorgar\u00e1 un beneficio extraordinario a 9 millones de argentinos y eso pareciera ser un ajuste sin quitarle derechos a ning\u00fan otro, y eso se ve como un ajuste, eso es de locos. Hay que esperar a ver qu\u00e9 va a pasar en marzo para decir algo&#8221;.<\/p>\n\n\n\n<p>&#8220;Las jubilaciones no se congelaron porque el mismo art\u00edculo que suspende la movilidad en uno de sus p\u00e1rrafos agrega que el Poder Ejecutivo otorgar\u00e1 los aumentos de marzo y julio por decreto. Adem\u00e1s la movilidad que est\u00e1 prevista en la ley ya defini\u00f3 el aumento del 11.56 % en marzo. Por lo tanto si el presidente dice que nadie va a perder con eso piensa por lo menos dar este aumento. El sentido d ela suspensi\u00f3n es resolver el problema de los que menos ganan o que tengan un derecho mejor como los que tendr\u00e1n la jubilaci\u00f3n general. Es sentido com\u00fan, ning\u00fan gobierno hace un esfuerzo tan grande si pensara que no va a generar mejoras y ampliaci\u00f3n de derechos&#8221;, manifest\u00f3 en Cosas que Pasan el especialista en seguridad social. <\/p>\n\n\n\n<p><\/p>\n\n\n\n<p>Fern\u00e1ndez Pastor destac\u00f3 que las medidas anunciadas por Naci\u00f3n que benefician a los jubilados \u2013<a href=\"http:\/\/radioformosa.com.ar\/el-primer-bono-para-jubilados-se-cobrara-el-30-de-diciembre-y-alcanzara-a-unas-45-millones\/\">como el bono de  $5000- <\/a> \u201cle dan un ox\u00edgeno al gobierno para estudiar la f\u00f3rmula adecuada para calcular el haber previsional\u201d.<\/p>\n\n\n\n<p>Asimismo Fern\u00e1ndez Pastor explic\u00f3 la necesidad de cambiar la f\u00f3rmula con la que se calcula el haber jubilatorio y record\u00f3 que por decisi\u00f3n de la gesti\u00f3n anterior la nueva f\u00f3rmula est\u00e1 compuesta en un 70% de la variaci\u00f3n de precios que informa el INDEC y el 30% de un \u00edndice salarial publicado por la secretar\u00eda de Seguridad Social denominado RIPTE (Remuneraci\u00f3n Imponible Promedio de los Trabajadores Estables).<\/p>\n\n\n\n<p>Consider\u00f3 que \u201ca esa a f\u00f3rmula actual hay que modificarla porque en los \u00faltimos dos a\u00f1os el sistema previsional perdi\u00f3 casi el 23% y puede ser a\u00fan m\u00e1s, dependiendo de la inflaci\u00f3n, y por lo tanto es una f\u00f3rmula negativa\u201d.<\/p>\n\n\n\n<p>El especialista mencion\u00f3 que \u201cla f\u00f3rmula anterior, que rigi\u00f3 hasta diciembre del 2017, si se hubiese seguido aplicando habr\u00eda una p\u00e9rdida mucho menor, alrededor del 14%, es decir la f\u00f3rmula anterior era mejor que la actual y eso se tendr\u00e1 que rever\u201d.<\/p>\n\n\n\n<p>Fern\u00e1ndez Pastor se\u00f1al\u00f3 que las medidas que se aplicar\u00e1n tras la sanci\u00f3n de la ley  le dar\u00e1n un margen de 60 d\u00edas a su Gabinete para estudiar y llevar adelante el cambio de f\u00f3rmula que represente menos perjuicio para los jubilados.<\/p>\n\n\n\n<figure class=\"wp-block-embed-facebook wp-block-embed is-type-video is-provider-facebook\"><div class=\"wp-block-embed__wrapper\">\n<div class=\"fb-video\" data-allowfullscreen=\"true\" data-href=\"https:\/\/www.facebook.com\/ondauno103.9\/videos\/2501919750129437\/\" style=\"background-color: #fff; display: inline-block;\"><\/div>\n<\/div><\/figure>\n","protected":false},"excerpt":{"rendered":"<p>El abogado especialista en derecho previsional, Miguel \u00c1ngel Fern\u00e1ndez Pastor, desminti\u00f3 en Cosas que Pasan a quienes afirman que el gobierno de Alberto Fern\u00e1ndez eliminar\u00e1 la movilidad jubilatoria. &#8220;Hicieron todos los desastres habidos y por haber y por primera vez s ele otorgar\u00e1 un beneficio extraordinario a 9 millones de argentinos y eso pareciera ser [&hellip;]<\/p>\n","protected":false},"author":2,"featured_media":3700,"comment_status":"open","ping_status":"open","sticky":false,"template":"","format":"standard","meta":{"tdm_status":"","tdm_grid_status":"","_jetpack_memberships_contains_paid_content":false,"footnotes":"","jetpack_publicize_message":"","jetpack_publicize_feature_enabled":true,"jetpack_social_post_already_shared":false,"jetpack_social_options":{"image_generator_settings":{"template":"highway","default_image_id":0,"font":"","enabled":false},"version":2}},"categories":[1],"tags":[],"class_list":{"0":"post-3699","1":"post","2":"type-post","3":"status-publish","4":"format-standard","5":"has-post-thumbnail","7":"category-sin-categoria"},"yoast_head":"<!-- This site is optimized with the Yoast SEO plugin v22.7 - https:\/\/yoast.com\/wordpress\/plugins\/seo\/ -->\n<title>&quot;Durante cuatro a\u00f1os achicaron los beneficios a los jubilados y pensionados&quot; - 103.9 fm<\/title>\n<meta name=\"robots\" content=\"index, follow, max-snippet:-1, max-image-preview:large, max-video-preview:-1\" \/>\n<link rel=\"canonical\" href=\"https:\/\/ondauno.com.ar\/index.php\/2019\/12\/23\/durante-cuatro-anos-achicaron-los-beneficios-a-los-jubilados-y-pensionados\/\" \/>\n<meta property=\"og:locale\" content=\"es_ES\" \/>\n<meta property=\"og:type\" content=\"article\" \/>\n<meta property=\"og:title\" content=\"&quot;Durante cuatro a\u00f1os achicaron los beneficios a los jubilados y pensionados&quot; - 103.9 fm\" \/>\n<meta property=\"og:description\" content=\"El abogado especialista en derecho previsional, Miguel \u00c1ngel Fern\u00e1ndez Pastor, desminti\u00f3 en Cosas que Pasan a quienes afirman que el gobierno de Alberto Fern\u00e1ndez eliminar\u00e1 la movilidad jubilatoria. &#8220;Hicieron todos los desastres habidos y por haber y por primera vez s ele otorgar\u00e1 un beneficio extraordinario a 9 millones de argentinos y eso pareciera ser [&hellip;]\" \/>\n<meta property=\"og:url\" content=\"https:\/\/ondauno.com.ar\/index.php\/2019\/12\/23\/durante-cuatro-anos-achicaron-los-beneficios-a-los-jubilados-y-pensionados\/\" \/>\n<meta property=\"og:site_name\" content=\"103.9 fm\" \/>\n<meta property=\"article:publisher\" content=\"https:\/\/www.facebook.com\/ondauno103.9\" \/>\n<meta property=\"article:published_time\" content=\"2019-12-23T23:39:27+00:00\" \/>\n<meta property=\"article:modified_time\" content=\"2019-12-23T23:39:34+00:00\" \/>\n<meta property=\"og:image\" content=\"https:\/\/ondauno.com.ar\/wp-content\/uploads\/2019\/12\/fern\u00e1ndez-Pastor.jpg\" \/>\n\t<meta property=\"og:image:width\" content=\"275\" \/>\n\t<meta property=\"og:image:height\" content=\"183\" \/>\n\t<meta property=\"og:image:type\" content=\"image\/jpeg\" \/>\n<meta name=\"author\" content=\"fernando garcia\" \/>\n<meta name=\"twitter:card\" content=\"summary_large_image\" \/>\n<meta name=\"twitter:label1\" content=\"Escrito por\" \/>\n\t<meta name=\"twitter:data1\" content=\"fernando garcia\" \/>\n\t<meta name=\"twitter:label2\" content=\"Tiempo de lectura\" \/>\n\t<meta name=\"twitter:data2\" content=\"2 minutos\" \/>\n<script type=\"application\/ld+json\" class=\"yoast-schema-graph\">{\"@context\":\"https:\/\/schema.org\",\"@graph\":[{\"@type\":\"WebPage\",\"@id\":\"https:\/\/ondauno.com.ar\/index.php\/2019\/12\/23\/durante-cuatro-anos-achicaron-los-beneficios-a-los-jubilados-y-pensionados\/\",\"url\":\"https:\/\/ondauno.com.ar\/index.php\/2019\/12\/23\/durante-cuatro-anos-achicaron-los-beneficios-a-los-jubilados-y-pensionados\/\",\"name\":\"\\\"Durante cuatro a\u00f1os achicaron los beneficios a los jubilados y pensionados\\\" - 103.9 fm\",\"isPartOf\":{\"@id\":\"https:\/\/ondauno.com.ar\/#website\"},\"primaryImageOfPage\":{\"@id\":\"https:\/\/ondauno.com.ar\/index.php\/2019\/12\/23\/durante-cuatro-anos-achicaron-los-beneficios-a-los-jubilados-y-pensionados\/#primaryimage\"},\"image\":{\"@id\":\"https:\/\/ondauno.com.ar\/index.php\/2019\/12\/23\/durante-cuatro-anos-achicaron-los-beneficios-a-los-jubilados-y-pensionados\/#primaryimage\"},\"thumbnailUrl\":\"https:\/\/ondauno.com.ar\/wp-content\/uploads\/2019\/12\/fern\u00e1ndez-Pastor.jpg\",\"datePublished\":\"2019-12-23T23:39:27+00:00\",\"dateModified\":\"2019-12-23T23:39:34+00:00\",\"author\":{\"@id\":\"https:\/\/ondauno.com.ar\/#\/schema\/person\/201d1b68e6c75e0fd396fe5f8af5d139\"},\"breadcrumb\":{\"@id\":\"https:\/\/ondauno.com.ar\/index.php\/2019\/12\/23\/durante-cuatro-anos-achicaron-los-beneficios-a-los-jubilados-y-pensionados\/#breadcrumb\"},\"inLanguage\":\"es-AR\",\"potentialAction\":[{\"@type\":\"ReadAction\",\"target\":[\"https:\/\/ondauno.com.ar\/index.php\/2019\/12\/23\/durante-cuatro-anos-achicaron-los-beneficios-a-los-jubilados-y-pensionados\/\"]}]},{\"@type\":\"ImageObject\",\"inLanguage\":\"es-AR\",\"@id\":\"https:\/\/ondauno.com.ar\/index.php\/2019\/12\/23\/durante-cuatro-anos-achicaron-los-beneficios-a-los-jubilados-y-pensionados\/#primaryimage\",\"url\":\"https:\/\/ondauno.com.ar\/wp-content\/uploads\/2019\/12\/fern\u00e1ndez-Pastor.jpg\",\"contentUrl\":\"https:\/\/ondauno.com.ar\/wp-content\/uploads\/2019\/12\/fern\u00e1ndez-Pastor.jpg\",\"width\":275,\"height\":183},{\"@type\":\"BreadcrumbList\",\"@id\":\"https:\/\/ondauno.com.ar\/index.php\/2019\/12\/23\/durante-cuatro-anos-achicaron-los-beneficios-a-los-jubilados-y-pensionados\/#breadcrumb\",\"itemListElement\":[{\"@type\":\"ListItem\",\"position\":1,\"name\":\"Inicio\",\"item\":\"https:\/\/ondauno.com.ar\/\"},{\"@type\":\"ListItem\",\"position\":2,\"name\":\"&#8220;Durante cuatro a\u00f1os achicaron los beneficios a los jubilados y pensionados&#8221;\"}]},{\"@type\":\"WebSite\",\"@id\":\"https:\/\/ondauno.com.ar\/#website\",\"url\":\"https:\/\/ondauno.com.ar\/\",\"name\":\"103.9 fm\",\"description\":\"LA PRIMERA RADIO MULTIMEDIA DE TRES ARROYOS\",\"potentialAction\":[{\"@type\":\"SearchAction\",\"target\":{\"@type\":\"EntryPoint\",\"urlTemplate\":\"https:\/\/ondauno.com.ar\/?s={search_term_string}\"},\"query-input\":\"required name=search_term_string\"}],\"inLanguage\":\"es-AR\"},{\"@type\":\"Person\",\"@id\":\"https:\/\/ondauno.com.ar\/#\/schema\/person\/201d1b68e6c75e0fd396fe5f8af5d139\",\"name\":\"fernando garcia\",\"image\":{\"@type\":\"ImageObject\",\"inLanguage\":\"es-AR\",\"@id\":\"https:\/\/ondauno.com.ar\/#\/schema\/person\/image\/\",\"url\":\"https:\/\/secure.gravatar.com\/avatar\/5f7254642ad81272e79a2e69653cfdfc?s=96&d=mm&r=g\",\"contentUrl\":\"https:\/\/secure.gravatar.com\/avatar\/5f7254642ad81272e79a2e69653cfdfc?s=96&d=mm&r=g\",\"caption\":\"fernando garcia\"},\"url\":\"https:\/\/ondauno.com.ar\/index.php\/author\/ondaunoeditor\/\"}]}<\/script>\n<!-- \/ Yoast SEO plugin. -->","yoast_head_json":{"title":"\"Durante cuatro a\u00f1os achicaron los beneficios a los jubilados y pensionados\" - 103.9 fm","robots":{"index":"index","follow":"follow","max-snippet":"max-snippet:-1","max-image-preview":"max-image-preview:large","max-video-preview":"max-video-preview:-1"},"canonical":"https:\/\/ondauno.com.ar\/index.php\/2019\/12\/23\/durante-cuatro-anos-achicaron-los-beneficios-a-los-jubilados-y-pensionados\/","og_locale":"es_ES","og_type":"article","og_title":"\"Durante cuatro a\u00f1os achicaron los beneficios a los jubilados y pensionados\" - 103.9 fm","og_description":"El abogado especialista en derecho previsional, Miguel \u00c1ngel Fern\u00e1ndez Pastor, desminti\u00f3 en Cosas que Pasan a quienes afirman que el gobierno de Alberto Fern\u00e1ndez eliminar\u00e1 la movilidad jubilatoria. &#8220;Hicieron todos los desastres habidos y por haber y por primera vez s ele otorgar\u00e1 un beneficio extraordinario a 9 millones de argentinos y eso pareciera ser [&hellip;]","og_url":"https:\/\/ondauno.com.ar\/index.php\/2019\/12\/23\/durante-cuatro-anos-achicaron-los-beneficios-a-los-jubilados-y-pensionados\/","og_site_name":"103.9 fm","article_publisher":"https:\/\/www.facebook.com\/ondauno103.9","article_published_time":"2019-12-23T23:39:27+00:00","article_modified_time":"2019-12-23T23:39:34+00:00","og_image":[{"width":275,"height":183,"url":"https:\/\/ondauno.com.ar\/wp-content\/uploads\/2019\/12\/fern\u00e1ndez-Pastor.jpg","type":"image\/jpeg"}],"author":"fernando garcia","twitter_card":"summary_large_image","twitter_misc":{"Escrito por":"fernando garcia","Tiempo de lectura":"2 minutos"},"schema":{"@context":"https:\/\/schema.org","@graph":[{"@type":"WebPage","@id":"https:\/\/ondauno.com.ar\/index.php\/2019\/12\/23\/durante-cuatro-anos-achicaron-los-beneficios-a-los-jubilados-y-pensionados\/","url":"https:\/\/ondauno.com.ar\/index.php\/2019\/12\/23\/durante-cuatro-anos-achicaron-los-beneficios-a-los-jubilados-y-pensionados\/","name":"\"Durante cuatro a\u00f1os achicaron los beneficios a los jubilados y pensionados\" - 103.9 fm","isPartOf":{"@id":"https:\/\/ondauno.com.ar\/#website"},"primaryImageOfPage":{"@id":"https:\/\/ondauno.com.ar\/index.php\/2019\/12\/23\/durante-cuatro-anos-achicaron-los-beneficios-a-los-jubilados-y-pensionados\/#primaryimage"},"image":{"@id":"https:\/\/ondauno.com.ar\/index.php\/2019\/12\/23\/durante-cuatro-anos-achicaron-los-beneficios-a-los-jubilados-y-pensionados\/#primaryimage"},"thumbnailUrl":"https:\/\/ondauno.com.ar\/wp-content\/uploads\/2019\/12\/fern\u00e1ndez-Pastor.jpg","datePublished":"2019-12-23T23:39:27+00:00","dateModified":"2019-12-23T23:39:34+00:00","author":{"@id":"https:\/\/ondauno.com.ar\/#\/schema\/person\/201d1b68e6c75e0fd396fe5f8af5d139"},"breadcrumb":{"@id":"https:\/\/ondauno.com.ar\/index.php\/2019\/12\/23\/durante-cuatro-anos-achicaron-los-beneficios-a-los-jubilados-y-pensionados\/#breadcrumb"},"inLanguage":"es-AR","potentialAction":[{"@type":"ReadAction","target":["https:\/\/ondauno.com.ar\/index.php\/2019\/12\/23\/durante-cuatro-anos-achicaron-los-beneficios-a-los-jubilados-y-pensionados\/"]}]},{"@type":"ImageObject","inLanguage":"es-AR","@id":"https:\/\/ondauno.com.ar\/index.php\/2019\/12\/23\/durante-cuatro-anos-achicaron-los-beneficios-a-los-jubilados-y-pensionados\/#primaryimage","url":"https:\/\/ondauno.com.ar\/wp-content\/uploads\/2019\/12\/fern\u00e1ndez-Pastor.jpg","contentUrl":"https:\/\/ondauno.com.ar\/wp-content\/uploads\/2019\/12\/fern\u00e1ndez-Pastor.jpg","width":275,"height":183},{"@type":"BreadcrumbList","@id":"https:\/\/ondauno.com.ar\/index.php\/2019\/12\/23\/durante-cuatro-anos-achicaron-los-beneficios-a-los-jubilados-y-pensionados\/#breadcrumb","itemListElement":[{"@type":"ListItem","position":1,"name":"Inicio","item":"https:\/\/ondauno.com.ar\/"},{"@type":"ListItem","position":2,"name":"&#8220;Durante cuatro a\u00f1os achicaron los beneficios a los jubilados y pensionados&#8221;"}]},{"@type":"WebSite","@id":"https:\/\/ondauno.com.ar\/#website","url":"https:\/\/ondauno.com.ar\/","name":"103.9 fm","description":"LA PRIMERA RADIO MULTIMEDIA DE TRES ARROYOS","potentialAction":[{"@type":"SearchAction","target":{"@type":"EntryPoint","urlTemplate":"https:\/\/ondauno.com.ar\/?s={search_term_string}"},"query-input":"required name=search_term_string"}],"inLanguage":"es-AR"},{"@type":"Person","@id":"https:\/\/ondauno.com.ar\/#\/schema\/person\/201d1b68e6c75e0fd396fe5f8af5d139","name":"fernando garcia","image":{"@type":"ImageObject","inLanguage":"es-AR","@id":"https:\/\/ondauno.com.ar\/#\/schema\/person\/image\/","url":"https:\/\/secure.gravatar.com\/avatar\/5f7254642ad81272e79a2e69653cfdfc?s=96&d=mm&r=g","contentUrl":"https:\/\/secure.gravatar.com\/avatar\/5f7254642ad81272e79a2e69653cfdfc?s=96&d=mm&r=g","caption":"fernando garcia"},"url":"https:\/\/ondauno.com.ar\/index.php\/author\/ondaunoeditor\/"}]}},"jetpack_publicize_connections":[],"jetpack_featured_media_url":"https:\/\/ondauno.com.ar\/wp-content\/uploads\/2019\/12\/fern\u00e1ndez-Pastor.jpg","jetpack_sharing_enabled":true,"_links":{"self":[{"href":"https:\/\/ondauno.com.ar\/index.php\/wp-json\/wp\/v2\/posts\/3699","targetHints":{"allow":["GET"]}}],"collection":[{"href":"https:\/\/ondauno.com.ar\/index.php\/wp-json\/wp\/v2\/posts"}],"about":[{"href":"https:\/\/ondauno.com.ar\/index.php\/wp-json\/wp\/v2\/types\/post"}],"author":[{"embeddable":true,"href":"https:\/\/ondauno.com.ar\/index.php\/wp-json\/wp\/v2\/users\/2"}],"replies":[{"embeddable":true,"href":"https:\/\/ondauno.com.ar\/index.php\/wp-json\/wp\/v2\/comments?post=3699"}],"version-history":[{"count":0,"href":"https:\/\/ondauno.com.ar\/index.php\/wp-json\/wp\/v2\/posts\/3699\/revisions"}],"wp:featuredmedia":[{"embeddable":true,"href":"https:\/\/ondauno.com.ar\/index.php\/wp-json\/wp\/v2\/media\/3700"}],"wp:attachment":[{"href":"https:\/\/ondauno.com.ar\/index.php\/wp-json\/wp\/v2\/media?parent=3699"}],"wp:term":[{"taxonomy":"category","embeddable":true,"href":"https:\/\/ondauno.com.ar\/index.php\/wp-json\/wp\/v2\/categories?post=3699"},{"taxonomy":"post_tag","embeddable":true,"href":"https:\/\/ondauno.com.ar\/index.php\/wp-json\/wp\/v2\/tags?post=3699"}],"curies":[{"name":"wp","href":"https:\/\/api.w.org\/{rel}","templated":true}]}}