{"id":35758,"date":"2022-09-03T12:30:01","date_gmt":"2022-09-03T15:30:01","guid":{"rendered":"http:\/\/ondauno.com.ar\/?p=35758"},"modified":"2022-09-03T12:30:02","modified_gmt":"2022-09-03T15:30:02","slug":"tiene-que-primar-la-coherencia-que-le-decimos-a-los-ninos-que-llevamos-a-plantar-arboles","status":"publish","type":"post","link":"https:\/\/ondauno.com.ar\/index.php\/2022\/09\/03\/tiene-que-primar-la-coherencia-que-le-decimos-a-los-ninos-que-llevamos-a-plantar-arboles\/","title":{"rendered":"&#8220;Tiene que primar la coherencia, qu\u00e9 le decimos a los ni\u00f1os que llevamos a plantar \u00e1rboles&#8221;"},"content":{"rendered":"<div class=\"ondau-before-content_3\" style=\"margin-top: -30px;\" id=\"ondau-2903897969\"><a href=\"https:\/\/www.lps.com.ar\/\" aria-label=\"la-perse2\"><img loading=\"lazy\" decoding=\"async\" src=\"https:\/\/ondauno.com.ar\/wp-content\/uploads\/2021\/10\/la-perse2.jpg\" alt=\"\"  srcset=\"https:\/\/ondauno.com.ar\/wp-content\/uploads\/2021\/10\/la-perse2.jpg 1353w, https:\/\/ondauno.com.ar\/wp-content\/uploads\/2021\/10\/la-perse2-300x43.jpg 300w, https:\/\/ondauno.com.ar\/wp-content\/uploads\/2021\/10\/la-perse2-1024x148.jpg 1024w, https:\/\/ondauno.com.ar\/wp-content\/uploads\/2021\/10\/la-perse2-768x111.jpg 768w, https:\/\/ondauno.com.ar\/wp-content\/uploads\/2021\/10\/la-perse2-696x100.jpg 696w, https:\/\/ondauno.com.ar\/wp-content\/uploads\/2021\/10\/la-perse2-1068x154.jpg 1068w\" sizes=\"(max-width: 1353px) 100vw, 1353px\" class=\"no-lazyload\" width=\"1353\" height=\"195\"  style=\"display: inline-block;\" \/><\/a><\/div>\n<p>La concejal del Frente de Todos, Graciela Callegari, cuestion\u00f3 en la reciente sesi\u00f3n del Concejo Deliberante que el intendente Carlos S\u00e1nchez no respete un fallo firme de la justicia que le proh\u00edbe talar y podar \u00e1rboles de espacios p\u00fablicos.<\/p>\n\n\n\n<p>Tambi\u00e9n pidi\u00f3 que el municipio cumpla con la ordenanza del arbolado urbano.<\/p>\n\n\n\n<p>La exposici\u00f3n tuvo que ver con la nueva tala de casi 200 eucaliptus llevada a cabo recientemente por el municipio, por orden del intendente S\u00e1nchez, sin que se presente ninguna nota con firma y aval de especialista para llevarla a cabo.<\/p>\n\n\n\n<figure class=\"wp-block-image\"><img loading=\"lazy\" decoding=\"async\" width=\"1024\" height=\"161\" data-src=\"http:\/\/ondauno.com.ar\/wp-content\/uploads\/2022\/03\/Escucha-la-nota1-1024x161.jpg\" alt=\"\" class=\"wp-image-32072 lazyload\" data-srcset=\"https:\/\/ondauno.com.ar\/wp-content\/uploads\/2022\/03\/Escucha-la-nota1-1024x161.jpg 1024w, https:\/\/ondauno.com.ar\/wp-content\/uploads\/2022\/03\/Escucha-la-nota1-300x47.jpg 300w, https:\/\/ondauno.com.ar\/wp-content\/uploads\/2022\/03\/Escucha-la-nota1-768x121.jpg 768w, https:\/\/ondauno.com.ar\/wp-content\/uploads\/2022\/03\/Escucha-la-nota1-696x110.jpg 696w, https:\/\/ondauno.com.ar\/wp-content\/uploads\/2022\/03\/Escucha-la-nota1-1068x168.jpg 1068w, https:\/\/ondauno.com.ar\/wp-content\/uploads\/2022\/03\/Escucha-la-nota1-1920x302.jpg 1920w\" data-sizes=\"auto, (max-width: 1024px) 100vw, 1024px\" src=\"data:image\/gif;base64,R0lGODlhAQABAAAAACH5BAEKAAEALAAAAAABAAEAAAICTAEAOw==\" style=\"--smush-placeholder-width: 1024px; --smush-placeholder-aspect-ratio: 1024\/161;\" \/><noscript><img loading=\"lazy\" decoding=\"async\" width=\"1024\" height=\"161\" src=\"http:\/\/ondauno.com.ar\/wp-content\/uploads\/2022\/03\/Escucha-la-nota1-1024x161.jpg\" alt=\"\" class=\"wp-image-32072\" srcset=\"https:\/\/ondauno.com.ar\/wp-content\/uploads\/2022\/03\/Escucha-la-nota1-1024x161.jpg 1024w, https:\/\/ondauno.com.ar\/wp-content\/uploads\/2022\/03\/Escucha-la-nota1-300x47.jpg 300w, https:\/\/ondauno.com.ar\/wp-content\/uploads\/2022\/03\/Escucha-la-nota1-768x121.jpg 768w, https:\/\/ondauno.com.ar\/wp-content\/uploads\/2022\/03\/Escucha-la-nota1-696x110.jpg 696w, https:\/\/ondauno.com.ar\/wp-content\/uploads\/2022\/03\/Escucha-la-nota1-1068x168.jpg 1068w, https:\/\/ondauno.com.ar\/wp-content\/uploads\/2022\/03\/Escucha-la-nota1-1920x302.jpg 1920w\" sizes=\"auto, (max-width: 1024px) 100vw, 1024px\" \/><\/noscript><\/figure>\n\n\n\n<figure><iframe loading=\"lazy\" data-src=\"https:\/\/www.facebook.com\/plugins\/video.php?height=314&amp;href=https%3A%2F%2Fwww.facebook.com%2Fondauno103.9%2Fvideos%2F496618602299485%2F&amp;show_text=false&amp;width=560&amp;t=0\" width=\"560\" height=\"314\" allowfullscreen=\"true\" src=\"data:image\/gif;base64,R0lGODlhAQABAAAAACH5BAEKAAEALAAAAAABAAEAAAICTAEAOw==\" class=\"lazyload\" data-load-mode=\"1\"><\/iframe><\/figure>\n","protected":false},"excerpt":{"rendered":"<p>La concejal del Frente de Todos, Graciela Callegari, cuestion\u00f3 en la reciente sesi\u00f3n del Concejo Deliberante que el intendente Carlos S\u00e1nchez no respete un fallo firme de la justicia que le proh\u00edbe talar y podar \u00e1rboles de espacios p\u00fablicos. Tambi\u00e9n pidi\u00f3 que el municipio cumpla con la ordenanza del arbolado urbano. La exposici\u00f3n tuvo que [&hellip;]<\/p>\n","protected":false},"author":1,"featured_media":0,"comment_status":"open","ping_status":"open","sticky":false,"template":"","format":"standard","meta":{"tdm_status":"","tdm_grid_status":"","_jetpack_memberships_contains_paid_content":false,"footnotes":"","jetpack_publicize_message":"","jetpack_publicize_feature_enabled":true,"jetpack_social_post_already_shared":true,"jetpack_social_options":{"image_generator_settings":{"template":"highway","default_image_id":0,"font":"","enabled":false},"version":2}},"categories":[2],"tags":[],"class_list":{"0":"post-35758","1":"post","2":"type-post","3":"status-publish","4":"format-standard","6":"category-locales"},"yoast_head":"<!-- This site is optimized with the Yoast SEO plugin v22.7 - https:\/\/yoast.com\/wordpress\/plugins\/seo\/ -->\n<title>&quot;Tiene que primar la coherencia, qu\u00e9 le decimos a los ni\u00f1os que llevamos a plantar \u00e1rboles&quot; - 103.9 fm<\/title>\n<meta name=\"robots\" content=\"index, follow, max-snippet:-1, max-image-preview:large, max-video-preview:-1\" \/>\n<link rel=\"canonical\" href=\"https:\/\/ondauno.com.ar\/index.php\/2022\/09\/03\/tiene-que-primar-la-coherencia-que-le-decimos-a-los-ninos-que-llevamos-a-plantar-arboles\/\" \/>\n<meta property=\"og:locale\" content=\"es_ES\" \/>\n<meta property=\"og:type\" content=\"article\" \/>\n<meta property=\"og:title\" content=\"&quot;Tiene que primar la coherencia, qu\u00e9 le decimos a los ni\u00f1os que llevamos a plantar \u00e1rboles&quot; - 103.9 fm\" \/>\n<meta property=\"og:description\" content=\"La concejal del Frente de Todos, Graciela Callegari, cuestion\u00f3 en la reciente sesi\u00f3n del Concejo Deliberante que el intendente Carlos S\u00e1nchez no respete un fallo firme de la justicia que le proh\u00edbe talar y podar \u00e1rboles de espacios p\u00fablicos. Tambi\u00e9n pidi\u00f3 que el municipio cumpla con la ordenanza del arbolado urbano. La exposici\u00f3n tuvo que [&hellip;]\" \/>\n<meta property=\"og:url\" content=\"https:\/\/ondauno.com.ar\/index.php\/2022\/09\/03\/tiene-que-primar-la-coherencia-que-le-decimos-a-los-ninos-que-llevamos-a-plantar-arboles\/\" \/>\n<meta property=\"og:site_name\" content=\"103.9 fm\" \/>\n<meta property=\"article:publisher\" content=\"https:\/\/www.facebook.com\/ondauno103.9\" \/>\n<meta property=\"article:published_time\" content=\"2022-09-03T15:30:01+00:00\" \/>\n<meta property=\"article:modified_time\" content=\"2022-09-03T15:30:02+00:00\" \/>\n<meta property=\"og:image\" content=\"https:\/\/ondauno.com.ar\/wp-content\/uploads\/2022\/09\/plantas.jpg\" \/>\n\t<meta property=\"og:image:width\" content=\"1200\" \/>\n\t<meta property=\"og:image:height\" content=\"900\" \/>\n\t<meta property=\"og:image:type\" content=\"image\/jpeg\" \/>\n<meta name=\"author\" content=\"OndaUno\" \/>\n<meta name=\"twitter:card\" content=\"summary_large_image\" \/>\n<meta name=\"twitter:label1\" content=\"Escrito por\" \/>\n\t<meta name=\"twitter:data1\" content=\"OndaUno\" \/>\n<script type=\"application\/ld+json\" class=\"yoast-schema-graph\">{\"@context\":\"https:\/\/schema.org\",\"@graph\":[{\"@type\":\"WebPage\",\"@id\":\"https:\/\/ondauno.com.ar\/index.php\/2022\/09\/03\/tiene-que-primar-la-coherencia-que-le-decimos-a-los-ninos-que-llevamos-a-plantar-arboles\/\",\"url\":\"https:\/\/ondauno.com.ar\/index.php\/2022\/09\/03\/tiene-que-primar-la-coherencia-que-le-decimos-a-los-ninos-que-llevamos-a-plantar-arboles\/\",\"name\":\"\\\"Tiene que primar la coherencia, qu\u00e9 le decimos a los ni\u00f1os que llevamos a plantar \u00e1rboles\\\" - 103.9 fm\",\"isPartOf\":{\"@id\":\"https:\/\/ondauno.com.ar\/#website\"},\"primaryImageOfPage\":{\"@id\":\"https:\/\/ondauno.com.ar\/index.php\/2022\/09\/03\/tiene-que-primar-la-coherencia-que-le-decimos-a-los-ninos-que-llevamos-a-plantar-arboles\/#primaryimage\"},\"image\":{\"@id\":\"https:\/\/ondauno.com.ar\/index.php\/2022\/09\/03\/tiene-que-primar-la-coherencia-que-le-decimos-a-los-ninos-que-llevamos-a-plantar-arboles\/#primaryimage\"},\"thumbnailUrl\":\"http:\/\/ondauno.com.ar\/wp-content\/uploads\/2022\/03\/Escucha-la-nota1-1024x161.jpg\",\"datePublished\":\"2022-09-03T15:30:01+00:00\",\"dateModified\":\"2022-09-03T15:30:02+00:00\",\"author\":{\"@id\":\"https:\/\/ondauno.com.ar\/#\/schema\/person\/7ec851ddeceb4133d7d7132dc645714e\"},\"breadcrumb\":{\"@id\":\"https:\/\/ondauno.com.ar\/index.php\/2022\/09\/03\/tiene-que-primar-la-coherencia-que-le-decimos-a-los-ninos-que-llevamos-a-plantar-arboles\/#breadcrumb\"},\"inLanguage\":\"es-AR\",\"potentialAction\":[{\"@type\":\"ReadAction\",\"target\":[\"https:\/\/ondauno.com.ar\/index.php\/2022\/09\/03\/tiene-que-primar-la-coherencia-que-le-decimos-a-los-ninos-que-llevamos-a-plantar-arboles\/\"]}]},{\"@type\":\"ImageObject\",\"inLanguage\":\"es-AR\",\"@id\":\"https:\/\/ondauno.com.ar\/index.php\/2022\/09\/03\/tiene-que-primar-la-coherencia-que-le-decimos-a-los-ninos-que-llevamos-a-plantar-arboles\/#primaryimage\",\"url\":\"https:\/\/ondauno.com.ar\/wp-content\/uploads\/2022\/03\/Escucha-la-nota1.jpg\",\"contentUrl\":\"https:\/\/ondauno.com.ar\/wp-content\/uploads\/2022\/03\/Escucha-la-nota1.jpg\",\"width\":5397,\"height\":850},{\"@type\":\"BreadcrumbList\",\"@id\":\"https:\/\/ondauno.com.ar\/index.php\/2022\/09\/03\/tiene-que-primar-la-coherencia-que-le-decimos-a-los-ninos-que-llevamos-a-plantar-arboles\/#breadcrumb\",\"itemListElement\":[{\"@type\":\"ListItem\",\"position\":1,\"name\":\"Inicio\",\"item\":\"https:\/\/ondauno.com.ar\/\"},{\"@type\":\"ListItem\",\"position\":2,\"name\":\"&#8220;Tiene que primar la coherencia, qu\u00e9 le decimos a los ni\u00f1os que llevamos a plantar \u00e1rboles&#8221;\"}]},{\"@type\":\"WebSite\",\"@id\":\"https:\/\/ondauno.com.ar\/#website\",\"url\":\"https:\/\/ondauno.com.ar\/\",\"name\":\"103.9 fm\",\"description\":\"LA PRIMERA RADIO MULTIMEDIA DE TRES ARROYOS\",\"potentialAction\":[{\"@type\":\"SearchAction\",\"target\":{\"@type\":\"EntryPoint\",\"urlTemplate\":\"https:\/\/ondauno.com.ar\/?s={search_term_string}\"},\"query-input\":\"required name=search_term_string\"}],\"inLanguage\":\"es-AR\"},{\"@type\":\"Person\",\"@id\":\"https:\/\/ondauno.com.ar\/#\/schema\/person\/7ec851ddeceb4133d7d7132dc645714e\",\"name\":\"OndaUno\",\"image\":{\"@type\":\"ImageObject\",\"inLanguage\":\"es-AR\",\"@id\":\"https:\/\/ondauno.com.ar\/#\/schema\/person\/image\/\",\"url\":\"https:\/\/secure.gravatar.com\/avatar\/93b8009f0de7021f1feb2bd5b32fb9e8?s=96&d=mm&r=g\",\"contentUrl\":\"https:\/\/secure.gravatar.com\/avatar\/93b8009f0de7021f1feb2bd5b32fb9e8?s=96&d=mm&r=g\",\"caption\":\"OndaUno\"},\"url\":\"https:\/\/ondauno.com.ar\/index.php\/author\/ondauno\/\"}]}<\/script>\n<!-- \/ Yoast SEO plugin. -->","yoast_head_json":{"title":"\"Tiene que primar la coherencia, qu\u00e9 le decimos a los ni\u00f1os que llevamos a plantar \u00e1rboles\" - 103.9 fm","robots":{"index":"index","follow":"follow","max-snippet":"max-snippet:-1","max-image-preview":"max-image-preview:large","max-video-preview":"max-video-preview:-1"},"canonical":"https:\/\/ondauno.com.ar\/index.php\/2022\/09\/03\/tiene-que-primar-la-coherencia-que-le-decimos-a-los-ninos-que-llevamos-a-plantar-arboles\/","og_locale":"es_ES","og_type":"article","og_title":"\"Tiene que primar la coherencia, qu\u00e9 le decimos a los ni\u00f1os que llevamos a plantar \u00e1rboles\" - 103.9 fm","og_description":"La concejal del Frente de Todos, Graciela Callegari, cuestion\u00f3 en la reciente sesi\u00f3n del Concejo Deliberante que el intendente Carlos S\u00e1nchez no respete un fallo firme de la justicia que le proh\u00edbe talar y podar \u00e1rboles de espacios p\u00fablicos. Tambi\u00e9n pidi\u00f3 que el municipio cumpla con la ordenanza del arbolado urbano. La exposici\u00f3n tuvo que [&hellip;]","og_url":"https:\/\/ondauno.com.ar\/index.php\/2022\/09\/03\/tiene-que-primar-la-coherencia-que-le-decimos-a-los-ninos-que-llevamos-a-plantar-arboles\/","og_site_name":"103.9 fm","article_publisher":"https:\/\/www.facebook.com\/ondauno103.9","article_published_time":"2022-09-03T15:30:01+00:00","article_modified_time":"2022-09-03T15:30:02+00:00","og_image":[{"width":1200,"height":900,"url":"https:\/\/ondauno.com.ar\/wp-content\/uploads\/2022\/09\/plantas.jpg","type":"image\/jpeg"}],"author":"OndaUno","twitter_card":"summary_large_image","twitter_misc":{"Escrito por":"OndaUno"},"schema":{"@context":"https:\/\/schema.org","@graph":[{"@type":"WebPage","@id":"https:\/\/ondauno.com.ar\/index.php\/2022\/09\/03\/tiene-que-primar-la-coherencia-que-le-decimos-a-los-ninos-que-llevamos-a-plantar-arboles\/","url":"https:\/\/ondauno.com.ar\/index.php\/2022\/09\/03\/tiene-que-primar-la-coherencia-que-le-decimos-a-los-ninos-que-llevamos-a-plantar-arboles\/","name":"\"Tiene que primar la coherencia, qu\u00e9 le decimos a los ni\u00f1os que llevamos a plantar \u00e1rboles\" - 103.9 fm","isPartOf":{"@id":"https:\/\/ondauno.com.ar\/#website"},"primaryImageOfPage":{"@id":"https:\/\/ondauno.com.ar\/index.php\/2022\/09\/03\/tiene-que-primar-la-coherencia-que-le-decimos-a-los-ninos-que-llevamos-a-plantar-arboles\/#primaryimage"},"image":{"@id":"https:\/\/ondauno.com.ar\/index.php\/2022\/09\/03\/tiene-que-primar-la-coherencia-que-le-decimos-a-los-ninos-que-llevamos-a-plantar-arboles\/#primaryimage"},"thumbnailUrl":"http:\/\/ondauno.com.ar\/wp-content\/uploads\/2022\/03\/Escucha-la-nota1-1024x161.jpg","datePublished":"2022-09-03T15:30:01+00:00","dateModified":"2022-09-03T15:30:02+00:00","author":{"@id":"https:\/\/ondauno.com.ar\/#\/schema\/person\/7ec851ddeceb4133d7d7132dc645714e"},"breadcrumb":{"@id":"https:\/\/ondauno.com.ar\/index.php\/2022\/09\/03\/tiene-que-primar-la-coherencia-que-le-decimos-a-los-ninos-que-llevamos-a-plantar-arboles\/#breadcrumb"},"inLanguage":"es-AR","potentialAction":[{"@type":"ReadAction","target":["https:\/\/ondauno.com.ar\/index.php\/2022\/09\/03\/tiene-que-primar-la-coherencia-que-le-decimos-a-los-ninos-que-llevamos-a-plantar-arboles\/"]}]},{"@type":"ImageObject","inLanguage":"es-AR","@id":"https:\/\/ondauno.com.ar\/index.php\/2022\/09\/03\/tiene-que-primar-la-coherencia-que-le-decimos-a-los-ninos-que-llevamos-a-plantar-arboles\/#primaryimage","url":"https:\/\/ondauno.com.ar\/wp-content\/uploads\/2022\/03\/Escucha-la-nota1.jpg","contentUrl":"https:\/\/ondauno.com.ar\/wp-content\/uploads\/2022\/03\/Escucha-la-nota1.jpg","width":5397,"height":850},{"@type":"BreadcrumbList","@id":"https:\/\/ondauno.com.ar\/index.php\/2022\/09\/03\/tiene-que-primar-la-coherencia-que-le-decimos-a-los-ninos-que-llevamos-a-plantar-arboles\/#breadcrumb","itemListElement":[{"@type":"ListItem","position":1,"name":"Inicio","item":"https:\/\/ondauno.com.ar\/"},{"@type":"ListItem","position":2,"name":"&#8220;Tiene que primar la coherencia, qu\u00e9 le decimos a los ni\u00f1os que llevamos a plantar \u00e1rboles&#8221;"}]},{"@type":"WebSite","@id":"https:\/\/ondauno.com.ar\/#website","url":"https:\/\/ondauno.com.ar\/","name":"103.9 fm","description":"LA PRIMERA RADIO MULTIMEDIA DE TRES ARROYOS","potentialAction":[{"@type":"SearchAction","target":{"@type":"EntryPoint","urlTemplate":"https:\/\/ondauno.com.ar\/?s={search_term_string}"},"query-input":"required name=search_term_string"}],"inLanguage":"es-AR"},{"@type":"Person","@id":"https:\/\/ondauno.com.ar\/#\/schema\/person\/7ec851ddeceb4133d7d7132dc645714e","name":"OndaUno","image":{"@type":"ImageObject","inLanguage":"es-AR","@id":"https:\/\/ondauno.com.ar\/#\/schema\/person\/image\/","url":"https:\/\/secure.gravatar.com\/avatar\/93b8009f0de7021f1feb2bd5b32fb9e8?s=96&d=mm&r=g","contentUrl":"https:\/\/secure.gravatar.com\/avatar\/93b8009f0de7021f1feb2bd5b32fb9e8?s=96&d=mm&r=g","caption":"OndaUno"},"url":"https:\/\/ondauno.com.ar\/index.php\/author\/ondauno\/"}]}},"jetpack_publicize_connections":[],"jetpack_featured_media_url":"","jetpack_sharing_enabled":true,"_links":{"self":[{"href":"https:\/\/ondauno.com.ar\/index.php\/wp-json\/wp\/v2\/posts\/35758","targetHints":{"allow":["GET"]}}],"collection":[{"href":"https:\/\/ondauno.com.ar\/index.php\/wp-json\/wp\/v2\/posts"}],"about":[{"href":"https:\/\/ondauno.com.ar\/index.php\/wp-json\/wp\/v2\/types\/post"}],"author":[{"embeddable":true,"href":"https:\/\/ondauno.com.ar\/index.php\/wp-json\/wp\/v2\/users\/1"}],"replies":[{"embeddable":true,"href":"https:\/\/ondauno.com.ar\/index.php\/wp-json\/wp\/v2\/comments?post=35758"}],"version-history":[{"count":0,"href":"https:\/\/ondauno.com.ar\/index.php\/wp-json\/wp\/v2\/posts\/35758\/revisions"}],"wp:attachment":[{"href":"https:\/\/ondauno.com.ar\/index.php\/wp-json\/wp\/v2\/media?parent=35758"}],"wp:term":[{"taxonomy":"category","embeddable":true,"href":"https:\/\/ondauno.com.ar\/index.php\/wp-json\/wp\/v2\/categories?post=35758"},{"taxonomy":"post_tag","embeddable":true,"href":"https:\/\/ondauno.com.ar\/index.php\/wp-json\/wp\/v2\/tags?post=35758"}],"curies":[{"name":"wp","href":"https:\/\/api.w.org\/{rel}","templated":true}]}}