{"id":35501,"date":"2022-08-20T23:39:19","date_gmt":"2022-08-21T02:39:19","guid":{"rendered":"http:\/\/ondauno.com.ar\/?p=35501"},"modified":"2022-08-20T23:39:20","modified_gmt":"2022-08-21T02:39:20","slug":"en-su-primer-libro-alejandro-ansaldi-vuela-alto-junto-a-los-murcielagos","status":"publish","type":"post","link":"https:\/\/ondauno.com.ar\/index.php\/2022\/08\/20\/en-su-primer-libro-alejandro-ansaldi-vuela-alto-junto-a-los-murcielagos\/","title":{"rendered":"En su primer libro, Alejandro Ansaldi vuela alto junto a Los Murci\u00e9lagos"},"content":{"rendered":"<div class=\"ondau-before-content_3\" style=\"margin-top: -30px;\" id=\"ondau-1081914772\"><a href=\"https:\/\/www.lps.com.ar\/\" aria-label=\"la-perse2\"><img loading=\"lazy\" decoding=\"async\" src=\"https:\/\/ondauno.com.ar\/wp-content\/uploads\/2021\/10\/la-perse2.jpg\" alt=\"\"  srcset=\"https:\/\/ondauno.com.ar\/wp-content\/uploads\/2021\/10\/la-perse2.jpg 1353w, https:\/\/ondauno.com.ar\/wp-content\/uploads\/2021\/10\/la-perse2-300x43.jpg 300w, https:\/\/ondauno.com.ar\/wp-content\/uploads\/2021\/10\/la-perse2-1024x148.jpg 1024w, https:\/\/ondauno.com.ar\/wp-content\/uploads\/2021\/10\/la-perse2-768x111.jpg 768w, https:\/\/ondauno.com.ar\/wp-content\/uploads\/2021\/10\/la-perse2-696x100.jpg 696w, https:\/\/ondauno.com.ar\/wp-content\/uploads\/2021\/10\/la-perse2-1068x154.jpg 1068w\" sizes=\"(max-width: 1353px) 100vw, 1353px\" class=\"no-lazyload\" width=\"1353\" height=\"195\"  style=\"display: inline-block;\" \/><\/a><\/div>\n<p>Dice que le apasiona contar historias, y se nota. Adem\u00e1s de gustarle, sabe c\u00f3mo hacerlo. La prueba cabal de esa capacidad es el libro \u201cF\u00fatbol Ciego (el arte de volar como Los Murci\u00e9lagos)\u201d, publicado por ediciones Al Arco.<\/p>\n\n\n\n<p>Prologado por Eduardo Sacheri, en sus 176 p\u00e1ginas se narra el surgimiento y desarrollo del seleccionado argentino de f\u00fatbol para ciegos, hasta convertirse en potencia mundial y paral\u00edmpica. Pero tambi\u00e9n se abordan las historias de vida de varios protagonistas. Todas inspiradoras, todas cargadas de superaci\u00f3n. Porque el f\u00fatbol es mucho m\u00e1s que un juego, y en el caso de las personas ciegas la frase parece tener m\u00e1s sentido a\u00fan. El f\u00fatbol fue y es, para ellos, una raz\u00f3n de vivir.<\/p>\n\n\n\n<p>Alejandro es periodista deportivo. Se recibi\u00f3 en 1993 y recorri\u00f3 distintos medios hasta recalar en el diario La Prensa, donde se desempe\u00f1a como sub editor de deportes. Conoci\u00f3 a Los Murci\u00e9lagos en 2009, cuando disputaban la Copa Am\u00e9rica en el CENARD de Buenos Aires. Lo invit\u00f3 Natalia, su mujer. Ella es maestra de ciegos y se hab\u00eda inscripto como voluntaria. En aquel momento sinti\u00f3 una mezcla de incredulidad y fascinaci\u00f3n. El a\u00f1o pasado consider\u00f3 que hab\u00eda llegado la hora de escribir sobre el tema y en cuatro meses, el libro estuvo listo.<\/p>\n\n\n\n<p>Euf\u00f3rico y satisfecho, Alejandro pas\u00f3 esta ma\u00f1ana por \u201cEl Plan Perfecto\u201d<\/p>\n\n\n\n<figure><iframe loading=\"lazy\" width=\"100%\" height=\"120\" data-src=\"https:\/\/www.mixcloud.com\/widget\/iframe\/?hide_cover=1&amp;light=1&amp;feed=%2Fonda-uno%2Falejandro-ansaldi-20-08-2022%2F\" src=\"data:image\/gif;base64,R0lGODlhAQABAAAAACH5BAEKAAEALAAAAAABAAEAAAICTAEAOw==\" class=\"lazyload\" data-load-mode=\"1\"><\/iframe><\/figure>\n","protected":false},"excerpt":{"rendered":"<p>Dice que le apasiona contar historias, y se nota. Adem\u00e1s de gustarle, sabe c\u00f3mo hacerlo. La prueba cabal de esa capacidad es el libro \u201cF\u00fatbol Ciego (el arte de volar como Los Murci\u00e9lagos)\u201d, publicado por ediciones Al Arco. Prologado por Eduardo Sacheri, en sus 176 p\u00e1ginas se narra el surgimiento y desarrollo del seleccionado argentino [&hellip;]<\/p>\n","protected":false},"author":1,"featured_media":35502,"comment_status":"open","ping_status":"open","sticky":false,"template":"","format":"standard","meta":{"tdm_status":"","tdm_grid_status":"","_jetpack_memberships_contains_paid_content":false,"footnotes":"","jetpack_publicize_message":"","jetpack_publicize_feature_enabled":true,"jetpack_social_post_already_shared":true,"jetpack_social_options":{"image_generator_settings":{"template":"highway","default_image_id":0,"font":"","enabled":false},"version":2}},"categories":[28],"tags":[],"class_list":{"0":"post-35501","1":"post","2":"type-post","3":"status-publish","4":"format-standard","5":"has-post-thumbnail","7":"category-interes-general"},"yoast_head":"<!-- This site is optimized with the Yoast SEO plugin v22.7 - https:\/\/yoast.com\/wordpress\/plugins\/seo\/ -->\n<title>En su primer libro, Alejandro Ansaldi vuela alto junto a Los Murci\u00e9lagos - 103.9 fm<\/title>\n<meta name=\"robots\" content=\"index, follow, max-snippet:-1, max-image-preview:large, max-video-preview:-1\" \/>\n<link rel=\"canonical\" href=\"https:\/\/ondauno.com.ar\/index.php\/2022\/08\/20\/en-su-primer-libro-alejandro-ansaldi-vuela-alto-junto-a-los-murcielagos\/\" \/>\n<meta property=\"og:locale\" content=\"es_ES\" \/>\n<meta property=\"og:type\" content=\"article\" \/>\n<meta property=\"og:title\" content=\"En su primer libro, Alejandro Ansaldi vuela alto junto a Los Murci\u00e9lagos - 103.9 fm\" \/>\n<meta property=\"og:description\" content=\"Dice que le apasiona contar historias, y se nota. Adem\u00e1s de gustarle, sabe c\u00f3mo hacerlo. La prueba cabal de esa capacidad es el libro \u201cF\u00fatbol Ciego (el arte de volar como Los Murci\u00e9lagos)\u201d, publicado por ediciones Al Arco. Prologado por Eduardo Sacheri, en sus 176 p\u00e1ginas se narra el surgimiento y desarrollo del seleccionado argentino [&hellip;]\" \/>\n<meta property=\"og:url\" content=\"https:\/\/ondauno.com.ar\/index.php\/2022\/08\/20\/en-su-primer-libro-alejandro-ansaldi-vuela-alto-junto-a-los-murcielagos\/\" \/>\n<meta property=\"og:site_name\" content=\"103.9 fm\" \/>\n<meta property=\"article:publisher\" content=\"https:\/\/www.facebook.com\/ondauno103.9\" \/>\n<meta property=\"article:published_time\" content=\"2022-08-21T02:39:19+00:00\" \/>\n<meta property=\"article:modified_time\" content=\"2022-08-21T02:39:20+00:00\" \/>\n<meta property=\"og:image\" content=\"https:\/\/ondauno.com.ar\/wp-content\/uploads\/2022\/08\/Ansaldi.jpg\" \/>\n\t<meta property=\"og:image:width\" content=\"721\" \/>\n\t<meta property=\"og:image:height\" content=\"721\" \/>\n\t<meta property=\"og:image:type\" content=\"image\/jpeg\" \/>\n<meta name=\"author\" content=\"OndaUno\" \/>\n<meta name=\"twitter:card\" content=\"summary_large_image\" \/>\n<meta name=\"twitter:label1\" content=\"Escrito por\" \/>\n\t<meta name=\"twitter:data1\" content=\"OndaUno\" \/>\n\t<meta name=\"twitter:label2\" content=\"Tiempo de lectura\" \/>\n\t<meta name=\"twitter:data2\" content=\"1 minuto\" \/>\n<script type=\"application\/ld+json\" class=\"yoast-schema-graph\">{\"@context\":\"https:\/\/schema.org\",\"@graph\":[{\"@type\":\"WebPage\",\"@id\":\"https:\/\/ondauno.com.ar\/index.php\/2022\/08\/20\/en-su-primer-libro-alejandro-ansaldi-vuela-alto-junto-a-los-murcielagos\/\",\"url\":\"https:\/\/ondauno.com.ar\/index.php\/2022\/08\/20\/en-su-primer-libro-alejandro-ansaldi-vuela-alto-junto-a-los-murcielagos\/\",\"name\":\"En su primer libro, Alejandro Ansaldi vuela alto junto a Los Murci\u00e9lagos - 103.9 fm\",\"isPartOf\":{\"@id\":\"https:\/\/ondauno.com.ar\/#website\"},\"primaryImageOfPage\":{\"@id\":\"https:\/\/ondauno.com.ar\/index.php\/2022\/08\/20\/en-su-primer-libro-alejandro-ansaldi-vuela-alto-junto-a-los-murcielagos\/#primaryimage\"},\"image\":{\"@id\":\"https:\/\/ondauno.com.ar\/index.php\/2022\/08\/20\/en-su-primer-libro-alejandro-ansaldi-vuela-alto-junto-a-los-murcielagos\/#primaryimage\"},\"thumbnailUrl\":\"https:\/\/ondauno.com.ar\/wp-content\/uploads\/2022\/08\/Ansaldi.jpg\",\"datePublished\":\"2022-08-21T02:39:19+00:00\",\"dateModified\":\"2022-08-21T02:39:20+00:00\",\"author\":{\"@id\":\"https:\/\/ondauno.com.ar\/#\/schema\/person\/7ec851ddeceb4133d7d7132dc645714e\"},\"breadcrumb\":{\"@id\":\"https:\/\/ondauno.com.ar\/index.php\/2022\/08\/20\/en-su-primer-libro-alejandro-ansaldi-vuela-alto-junto-a-los-murcielagos\/#breadcrumb\"},\"inLanguage\":\"es-AR\",\"potentialAction\":[{\"@type\":\"ReadAction\",\"target\":[\"https:\/\/ondauno.com.ar\/index.php\/2022\/08\/20\/en-su-primer-libro-alejandro-ansaldi-vuela-alto-junto-a-los-murcielagos\/\"]}]},{\"@type\":\"ImageObject\",\"inLanguage\":\"es-AR\",\"@id\":\"https:\/\/ondauno.com.ar\/index.php\/2022\/08\/20\/en-su-primer-libro-alejandro-ansaldi-vuela-alto-junto-a-los-murcielagos\/#primaryimage\",\"url\":\"https:\/\/ondauno.com.ar\/wp-content\/uploads\/2022\/08\/Ansaldi.jpg\",\"contentUrl\":\"https:\/\/ondauno.com.ar\/wp-content\/uploads\/2022\/08\/Ansaldi.jpg\",\"width\":721,\"height\":721},{\"@type\":\"BreadcrumbList\",\"@id\":\"https:\/\/ondauno.com.ar\/index.php\/2022\/08\/20\/en-su-primer-libro-alejandro-ansaldi-vuela-alto-junto-a-los-murcielagos\/#breadcrumb\",\"itemListElement\":[{\"@type\":\"ListItem\",\"position\":1,\"name\":\"Inicio\",\"item\":\"https:\/\/ondauno.com.ar\/\"},{\"@type\":\"ListItem\",\"position\":2,\"name\":\"En su primer libro, Alejandro Ansaldi vuela alto junto a Los Murci\u00e9lagos\"}]},{\"@type\":\"WebSite\",\"@id\":\"https:\/\/ondauno.com.ar\/#website\",\"url\":\"https:\/\/ondauno.com.ar\/\",\"name\":\"103.9 fm\",\"description\":\"LA PRIMERA RADIO MULTIMEDIA DE TRES ARROYOS\",\"potentialAction\":[{\"@type\":\"SearchAction\",\"target\":{\"@type\":\"EntryPoint\",\"urlTemplate\":\"https:\/\/ondauno.com.ar\/?s={search_term_string}\"},\"query-input\":\"required name=search_term_string\"}],\"inLanguage\":\"es-AR\"},{\"@type\":\"Person\",\"@id\":\"https:\/\/ondauno.com.ar\/#\/schema\/person\/7ec851ddeceb4133d7d7132dc645714e\",\"name\":\"OndaUno\",\"image\":{\"@type\":\"ImageObject\",\"inLanguage\":\"es-AR\",\"@id\":\"https:\/\/ondauno.com.ar\/#\/schema\/person\/image\/\",\"url\":\"https:\/\/secure.gravatar.com\/avatar\/93b8009f0de7021f1feb2bd5b32fb9e8?s=96&d=mm&r=g\",\"contentUrl\":\"https:\/\/secure.gravatar.com\/avatar\/93b8009f0de7021f1feb2bd5b32fb9e8?s=96&d=mm&r=g\",\"caption\":\"OndaUno\"},\"url\":\"https:\/\/ondauno.com.ar\/index.php\/author\/ondauno\/\"}]}<\/script>\n<!-- \/ Yoast SEO plugin. -->","yoast_head_json":{"title":"En su primer libro, Alejandro Ansaldi vuela alto junto a Los Murci\u00e9lagos - 103.9 fm","robots":{"index":"index","follow":"follow","max-snippet":"max-snippet:-1","max-image-preview":"max-image-preview:large","max-video-preview":"max-video-preview:-1"},"canonical":"https:\/\/ondauno.com.ar\/index.php\/2022\/08\/20\/en-su-primer-libro-alejandro-ansaldi-vuela-alto-junto-a-los-murcielagos\/","og_locale":"es_ES","og_type":"article","og_title":"En su primer libro, Alejandro Ansaldi vuela alto junto a Los Murci\u00e9lagos - 103.9 fm","og_description":"Dice que le apasiona contar historias, y se nota. Adem\u00e1s de gustarle, sabe c\u00f3mo hacerlo. La prueba cabal de esa capacidad es el libro \u201cF\u00fatbol Ciego (el arte de volar como Los Murci\u00e9lagos)\u201d, publicado por ediciones Al Arco. Prologado por Eduardo Sacheri, en sus 176 p\u00e1ginas se narra el surgimiento y desarrollo del seleccionado argentino [&hellip;]","og_url":"https:\/\/ondauno.com.ar\/index.php\/2022\/08\/20\/en-su-primer-libro-alejandro-ansaldi-vuela-alto-junto-a-los-murcielagos\/","og_site_name":"103.9 fm","article_publisher":"https:\/\/www.facebook.com\/ondauno103.9","article_published_time":"2022-08-21T02:39:19+00:00","article_modified_time":"2022-08-21T02:39:20+00:00","og_image":[{"width":721,"height":721,"url":"https:\/\/ondauno.com.ar\/wp-content\/uploads\/2022\/08\/Ansaldi.jpg","type":"image\/jpeg"}],"author":"OndaUno","twitter_card":"summary_large_image","twitter_misc":{"Escrito por":"OndaUno","Tiempo de lectura":"1 minuto"},"schema":{"@context":"https:\/\/schema.org","@graph":[{"@type":"WebPage","@id":"https:\/\/ondauno.com.ar\/index.php\/2022\/08\/20\/en-su-primer-libro-alejandro-ansaldi-vuela-alto-junto-a-los-murcielagos\/","url":"https:\/\/ondauno.com.ar\/index.php\/2022\/08\/20\/en-su-primer-libro-alejandro-ansaldi-vuela-alto-junto-a-los-murcielagos\/","name":"En su primer libro, Alejandro Ansaldi vuela alto junto a Los Murci\u00e9lagos - 103.9 fm","isPartOf":{"@id":"https:\/\/ondauno.com.ar\/#website"},"primaryImageOfPage":{"@id":"https:\/\/ondauno.com.ar\/index.php\/2022\/08\/20\/en-su-primer-libro-alejandro-ansaldi-vuela-alto-junto-a-los-murcielagos\/#primaryimage"},"image":{"@id":"https:\/\/ondauno.com.ar\/index.php\/2022\/08\/20\/en-su-primer-libro-alejandro-ansaldi-vuela-alto-junto-a-los-murcielagos\/#primaryimage"},"thumbnailUrl":"https:\/\/ondauno.com.ar\/wp-content\/uploads\/2022\/08\/Ansaldi.jpg","datePublished":"2022-08-21T02:39:19+00:00","dateModified":"2022-08-21T02:39:20+00:00","author":{"@id":"https:\/\/ondauno.com.ar\/#\/schema\/person\/7ec851ddeceb4133d7d7132dc645714e"},"breadcrumb":{"@id":"https:\/\/ondauno.com.ar\/index.php\/2022\/08\/20\/en-su-primer-libro-alejandro-ansaldi-vuela-alto-junto-a-los-murcielagos\/#breadcrumb"},"inLanguage":"es-AR","potentialAction":[{"@type":"ReadAction","target":["https:\/\/ondauno.com.ar\/index.php\/2022\/08\/20\/en-su-primer-libro-alejandro-ansaldi-vuela-alto-junto-a-los-murcielagos\/"]}]},{"@type":"ImageObject","inLanguage":"es-AR","@id":"https:\/\/ondauno.com.ar\/index.php\/2022\/08\/20\/en-su-primer-libro-alejandro-ansaldi-vuela-alto-junto-a-los-murcielagos\/#primaryimage","url":"https:\/\/ondauno.com.ar\/wp-content\/uploads\/2022\/08\/Ansaldi.jpg","contentUrl":"https:\/\/ondauno.com.ar\/wp-content\/uploads\/2022\/08\/Ansaldi.jpg","width":721,"height":721},{"@type":"BreadcrumbList","@id":"https:\/\/ondauno.com.ar\/index.php\/2022\/08\/20\/en-su-primer-libro-alejandro-ansaldi-vuela-alto-junto-a-los-murcielagos\/#breadcrumb","itemListElement":[{"@type":"ListItem","position":1,"name":"Inicio","item":"https:\/\/ondauno.com.ar\/"},{"@type":"ListItem","position":2,"name":"En su primer libro, Alejandro Ansaldi vuela alto junto a Los Murci\u00e9lagos"}]},{"@type":"WebSite","@id":"https:\/\/ondauno.com.ar\/#website","url":"https:\/\/ondauno.com.ar\/","name":"103.9 fm","description":"LA PRIMERA RADIO MULTIMEDIA DE TRES ARROYOS","potentialAction":[{"@type":"SearchAction","target":{"@type":"EntryPoint","urlTemplate":"https:\/\/ondauno.com.ar\/?s={search_term_string}"},"query-input":"required name=search_term_string"}],"inLanguage":"es-AR"},{"@type":"Person","@id":"https:\/\/ondauno.com.ar\/#\/schema\/person\/7ec851ddeceb4133d7d7132dc645714e","name":"OndaUno","image":{"@type":"ImageObject","inLanguage":"es-AR","@id":"https:\/\/ondauno.com.ar\/#\/schema\/person\/image\/","url":"https:\/\/secure.gravatar.com\/avatar\/93b8009f0de7021f1feb2bd5b32fb9e8?s=96&d=mm&r=g","contentUrl":"https:\/\/secure.gravatar.com\/avatar\/93b8009f0de7021f1feb2bd5b32fb9e8?s=96&d=mm&r=g","caption":"OndaUno"},"url":"https:\/\/ondauno.com.ar\/index.php\/author\/ondauno\/"}]}},"jetpack_publicize_connections":[],"jetpack_featured_media_url":"https:\/\/ondauno.com.ar\/wp-content\/uploads\/2022\/08\/Ansaldi.jpg","jetpack_sharing_enabled":true,"_links":{"self":[{"href":"https:\/\/ondauno.com.ar\/index.php\/wp-json\/wp\/v2\/posts\/35501","targetHints":{"allow":["GET"]}}],"collection":[{"href":"https:\/\/ondauno.com.ar\/index.php\/wp-json\/wp\/v2\/posts"}],"about":[{"href":"https:\/\/ondauno.com.ar\/index.php\/wp-json\/wp\/v2\/types\/post"}],"author":[{"embeddable":true,"href":"https:\/\/ondauno.com.ar\/index.php\/wp-json\/wp\/v2\/users\/1"}],"replies":[{"embeddable":true,"href":"https:\/\/ondauno.com.ar\/index.php\/wp-json\/wp\/v2\/comments?post=35501"}],"version-history":[{"count":0,"href":"https:\/\/ondauno.com.ar\/index.php\/wp-json\/wp\/v2\/posts\/35501\/revisions"}],"wp:featuredmedia":[{"embeddable":true,"href":"https:\/\/ondauno.com.ar\/index.php\/wp-json\/wp\/v2\/media\/35502"}],"wp:attachment":[{"href":"https:\/\/ondauno.com.ar\/index.php\/wp-json\/wp\/v2\/media?parent=35501"}],"wp:term":[{"taxonomy":"category","embeddable":true,"href":"https:\/\/ondauno.com.ar\/index.php\/wp-json\/wp\/v2\/categories?post=35501"},{"taxonomy":"post_tag","embeddable":true,"href":"https:\/\/ondauno.com.ar\/index.php\/wp-json\/wp\/v2\/tags?post=35501"}],"curies":[{"name":"wp","href":"https:\/\/api.w.org\/{rel}","templated":true}]}}