{"id":3529,"date":"2019-12-19T11:33:35","date_gmt":"2019-12-19T14:33:35","guid":{"rendered":"http:\/\/ondauno.com.ar\/?p=3529"},"modified":"2019-12-19T11:33:42","modified_gmt":"2019-12-19T14:33:42","slug":"el-gobierno-dispuso-asueto-el-24-y-31-de-diciembre-para-la-administracion-publica-nacional","status":"publish","type":"post","link":"https:\/\/ondauno.com.ar\/index.php\/2019\/12\/19\/el-gobierno-dispuso-asueto-el-24-y-31-de-diciembre-para-la-administracion-publica-nacional\/","title":{"rendered":"El gobierno dispuso asueto el 24 y 31 de diciembre para la administraci\u00f3n p\u00fablica nacional"},"content":{"rendered":"<div class=\"ondau-before-content_3\" style=\"margin-top: -30px;\" id=\"ondau-3095257822\"><a href=\"https:\/\/www.lps.com.ar\/\" aria-label=\"la-perse2\"><img loading=\"lazy\" decoding=\"async\" src=\"https:\/\/ondauno.com.ar\/wp-content\/uploads\/2021\/10\/la-perse2.jpg\" alt=\"\"  srcset=\"https:\/\/ondauno.com.ar\/wp-content\/uploads\/2021\/10\/la-perse2.jpg 1353w, https:\/\/ondauno.com.ar\/wp-content\/uploads\/2021\/10\/la-perse2-300x43.jpg 300w, https:\/\/ondauno.com.ar\/wp-content\/uploads\/2021\/10\/la-perse2-1024x148.jpg 1024w, https:\/\/ondauno.com.ar\/wp-content\/uploads\/2021\/10\/la-perse2-768x111.jpg 768w, https:\/\/ondauno.com.ar\/wp-content\/uploads\/2021\/10\/la-perse2-696x100.jpg 696w, https:\/\/ondauno.com.ar\/wp-content\/uploads\/2021\/10\/la-perse2-1068x154.jpg 1068w\" sizes=\"(max-width: 1353px) 100vw, 1353px\" class=\"no-lazyload\" width=\"1353\" height=\"195\"  style=\"display: inline-block;\" \/><\/a><\/div>\n<p>El gobierno emiti\u00f3 una resoluci\u00f3n en la que establece asueto el 24 y 31 de diciembre para la administraci\u00f3n p\u00fablica nacional. Sin embargo, la medida no alcanza a los bancos ni entidades financieras.<\/p>\n\n\n\n<figure class=\"wp-block-image\"><img decoding=\"async\" data-src=\"http:\/\/ondauno.com.ar\/wp-content\/uploads\/2019\/12\/asueto-1024x576.jpg\" alt=\"\" class=\"wp-image-3530 lazyload\" src=\"data:image\/gif;base64,R0lGODlhAQABAAAAACH5BAEKAAEALAAAAAABAAEAAAICTAEAOw==\" style=\"--smush-placeholder-width: 1024px; --smush-placeholder-aspect-ratio: 1024\/576;\" \/><noscript><img decoding=\"async\" src=\"http:\/\/ondauno.com.ar\/wp-content\/uploads\/2019\/12\/asueto-1024x576.jpg\" alt=\"\" class=\"wp-image-3530\"\/><\/noscript><\/figure>\n\n\n\n<p>El Decreto 45 fundament\u00f3 la decisi\u00f3n&nbsp;\u201ca fin de facilitar las cl\u00e1sicas reuniones familiares que se realizan en dichas fechas, se estima procedente posibilitar el acercamiento de quienes, por diversas causas, se domicilian lejos de sus seres queridos\u201d.<\/p>\n\n\n\n<p>Entonces, \u201ccon ese objeto, se considera conveniente otorgar asueto administrativo los d\u00edas 24 y 31 del corriente mes\u201d.<\/p>\n\n\n\n<p>Asimismo, indic\u00f3: \u201cInstr\u00fayese a los distintos organismos para que implementen las medidas necesarias a efectos de mantener la continuidad de los servicios esenciales\u201d, y aclar\u00f3 que&nbsp;\u201cla presente medida no alcanza a las instituciones bancarias y entidades financieras\u201d.<\/p>\n\n\n\n<p><strong>El decreto:<\/strong><\/p>\n\n\n\n<figure class=\"wp-block-image\"><img decoding=\"async\" data-src=\"https:\/\/infocielo.com\/uploads\/ckeditor\/2019\/12\/20191219091005_screenshot-3.jpg\" alt=\"\" src=\"data:image\/gif;base64,R0lGODlhAQABAAAAACH5BAEKAAEALAAAAAABAAEAAAICTAEAOw==\" class=\"lazyload\" \/><noscript><img decoding=\"async\" src=\"https:\/\/infocielo.com\/uploads\/ckeditor\/2019\/12\/20191219091005_screenshot-3.jpg\" alt=\"\"\/><\/noscript><\/figure>\n\n\n\n<p>FUENTE INFOCIELO<\/p>\n","protected":false},"excerpt":{"rendered":"<p>El gobierno emiti\u00f3 una resoluci\u00f3n en la que establece asueto el 24 y 31 de diciembre para la administraci\u00f3n p\u00fablica nacional. Sin embargo, la medida no alcanza a los bancos ni entidades financieras. El Decreto 45 fundament\u00f3 la decisi\u00f3n&nbsp;\u201ca fin de facilitar las cl\u00e1sicas reuniones familiares que se realizan en dichas fechas, se estima procedente [&hellip;]<\/p>\n","protected":false},"author":2,"featured_media":0,"comment_status":"open","ping_status":"open","sticky":false,"template":"","format":"standard","meta":{"tdm_status":"","tdm_grid_status":"","_jetpack_memberships_contains_paid_content":false,"footnotes":"","jetpack_publicize_message":"","jetpack_publicize_feature_enabled":true,"jetpack_social_post_already_shared":false,"jetpack_social_options":{"image_generator_settings":{"template":"highway","default_image_id":0,"font":"","enabled":false},"version":2}},"categories":[3],"tags":[],"class_list":{"0":"post-3529","1":"post","2":"type-post","3":"status-publish","4":"format-standard","6":"category-nacionales"},"yoast_head":"<!-- This site is optimized with the Yoast SEO plugin v22.7 - https:\/\/yoast.com\/wordpress\/plugins\/seo\/ -->\n<title>El gobierno dispuso asueto el 24 y 31 de diciembre para la administraci\u00f3n p\u00fablica nacional - 103.9 fm<\/title>\n<meta name=\"robots\" content=\"index, follow, max-snippet:-1, max-image-preview:large, max-video-preview:-1\" \/>\n<link rel=\"canonical\" href=\"https:\/\/ondauno.com.ar\/index.php\/2019\/12\/19\/el-gobierno-dispuso-asueto-el-24-y-31-de-diciembre-para-la-administracion-publica-nacional\/\" \/>\n<meta property=\"og:locale\" content=\"es_ES\" \/>\n<meta property=\"og:type\" content=\"article\" \/>\n<meta property=\"og:title\" content=\"El gobierno dispuso asueto el 24 y 31 de diciembre para la administraci\u00f3n p\u00fablica nacional - 103.9 fm\" \/>\n<meta property=\"og:description\" content=\"El gobierno emiti\u00f3 una resoluci\u00f3n en la que establece asueto el 24 y 31 de diciembre para la administraci\u00f3n p\u00fablica nacional. Sin embargo, la medida no alcanza a los bancos ni entidades financieras. El Decreto 45 fundament\u00f3 la decisi\u00f3n&nbsp;\u201ca fin de facilitar las cl\u00e1sicas reuniones familiares que se realizan en dichas fechas, se estima procedente [&hellip;]\" \/>\n<meta property=\"og:url\" content=\"https:\/\/ondauno.com.ar\/index.php\/2019\/12\/19\/el-gobierno-dispuso-asueto-el-24-y-31-de-diciembre-para-la-administracion-publica-nacional\/\" \/>\n<meta property=\"og:site_name\" content=\"103.9 fm\" \/>\n<meta property=\"article:publisher\" content=\"https:\/\/www.facebook.com\/ondauno103.9\" \/>\n<meta property=\"article:published_time\" content=\"2019-12-19T14:33:35+00:00\" \/>\n<meta property=\"article:modified_time\" content=\"2019-12-19T14:33:42+00:00\" \/>\n<meta property=\"og:image\" content=\"https:\/\/ondauno.com.ar\/wp-content\/uploads\/2019\/12\/asueto.jpg\" \/>\n\t<meta property=\"og:image:width\" content=\"1200\" \/>\n\t<meta property=\"og:image:height\" content=\"675\" \/>\n\t<meta property=\"og:image:type\" content=\"image\/jpeg\" \/>\n<meta name=\"author\" content=\"fernando garcia\" \/>\n<meta name=\"twitter:card\" content=\"summary_large_image\" \/>\n<meta name=\"twitter:label1\" content=\"Escrito por\" \/>\n\t<meta name=\"twitter:data1\" content=\"fernando garcia\" \/>\n\t<meta name=\"twitter:label2\" content=\"Tiempo de lectura\" \/>\n\t<meta name=\"twitter:data2\" content=\"1 minuto\" \/>\n<script type=\"application\/ld+json\" class=\"yoast-schema-graph\">{\"@context\":\"https:\/\/schema.org\",\"@graph\":[{\"@type\":\"WebPage\",\"@id\":\"https:\/\/ondauno.com.ar\/index.php\/2019\/12\/19\/el-gobierno-dispuso-asueto-el-24-y-31-de-diciembre-para-la-administracion-publica-nacional\/\",\"url\":\"https:\/\/ondauno.com.ar\/index.php\/2019\/12\/19\/el-gobierno-dispuso-asueto-el-24-y-31-de-diciembre-para-la-administracion-publica-nacional\/\",\"name\":\"El gobierno dispuso asueto el 24 y 31 de diciembre para la administraci\u00f3n p\u00fablica nacional - 103.9 fm\",\"isPartOf\":{\"@id\":\"https:\/\/ondauno.com.ar\/#website\"},\"primaryImageOfPage\":{\"@id\":\"https:\/\/ondauno.com.ar\/index.php\/2019\/12\/19\/el-gobierno-dispuso-asueto-el-24-y-31-de-diciembre-para-la-administracion-publica-nacional\/#primaryimage\"},\"image\":{\"@id\":\"https:\/\/ondauno.com.ar\/index.php\/2019\/12\/19\/el-gobierno-dispuso-asueto-el-24-y-31-de-diciembre-para-la-administracion-publica-nacional\/#primaryimage\"},\"thumbnailUrl\":\"http:\/\/ondauno.com.ar\/wp-content\/uploads\/2019\/12\/asueto-1024x576.jpg\",\"datePublished\":\"2019-12-19T14:33:35+00:00\",\"dateModified\":\"2019-12-19T14:33:42+00:00\",\"author\":{\"@id\":\"https:\/\/ondauno.com.ar\/#\/schema\/person\/201d1b68e6c75e0fd396fe5f8af5d139\"},\"breadcrumb\":{\"@id\":\"https:\/\/ondauno.com.ar\/index.php\/2019\/12\/19\/el-gobierno-dispuso-asueto-el-24-y-31-de-diciembre-para-la-administracion-publica-nacional\/#breadcrumb\"},\"inLanguage\":\"es-AR\",\"potentialAction\":[{\"@type\":\"ReadAction\",\"target\":[\"https:\/\/ondauno.com.ar\/index.php\/2019\/12\/19\/el-gobierno-dispuso-asueto-el-24-y-31-de-diciembre-para-la-administracion-publica-nacional\/\"]}]},{\"@type\":\"ImageObject\",\"inLanguage\":\"es-AR\",\"@id\":\"https:\/\/ondauno.com.ar\/index.php\/2019\/12\/19\/el-gobierno-dispuso-asueto-el-24-y-31-de-diciembre-para-la-administracion-publica-nacional\/#primaryimage\",\"url\":\"\",\"contentUrl\":\"\"},{\"@type\":\"BreadcrumbList\",\"@id\":\"https:\/\/ondauno.com.ar\/index.php\/2019\/12\/19\/el-gobierno-dispuso-asueto-el-24-y-31-de-diciembre-para-la-administracion-publica-nacional\/#breadcrumb\",\"itemListElement\":[{\"@type\":\"ListItem\",\"position\":1,\"name\":\"Inicio\",\"item\":\"https:\/\/ondauno.com.ar\/\"},{\"@type\":\"ListItem\",\"position\":2,\"name\":\"El gobierno dispuso asueto el 24 y 31 de diciembre para la administraci\u00f3n p\u00fablica nacional\"}]},{\"@type\":\"WebSite\",\"@id\":\"https:\/\/ondauno.com.ar\/#website\",\"url\":\"https:\/\/ondauno.com.ar\/\",\"name\":\"103.9 fm\",\"description\":\"LA PRIMERA RADIO MULTIMEDIA DE TRES ARROYOS\",\"potentialAction\":[{\"@type\":\"SearchAction\",\"target\":{\"@type\":\"EntryPoint\",\"urlTemplate\":\"https:\/\/ondauno.com.ar\/?s={search_term_string}\"},\"query-input\":\"required name=search_term_string\"}],\"inLanguage\":\"es-AR\"},{\"@type\":\"Person\",\"@id\":\"https:\/\/ondauno.com.ar\/#\/schema\/person\/201d1b68e6c75e0fd396fe5f8af5d139\",\"name\":\"fernando garcia\",\"image\":{\"@type\":\"ImageObject\",\"inLanguage\":\"es-AR\",\"@id\":\"https:\/\/ondauno.com.ar\/#\/schema\/person\/image\/\",\"url\":\"https:\/\/secure.gravatar.com\/avatar\/5f7254642ad81272e79a2e69653cfdfc?s=96&d=mm&r=g\",\"contentUrl\":\"https:\/\/secure.gravatar.com\/avatar\/5f7254642ad81272e79a2e69653cfdfc?s=96&d=mm&r=g\",\"caption\":\"fernando garcia\"},\"url\":\"https:\/\/ondauno.com.ar\/index.php\/author\/ondaunoeditor\/\"}]}<\/script>\n<!-- \/ Yoast SEO plugin. -->","yoast_head_json":{"title":"El gobierno dispuso asueto el 24 y 31 de diciembre para la administraci\u00f3n p\u00fablica nacional - 103.9 fm","robots":{"index":"index","follow":"follow","max-snippet":"max-snippet:-1","max-image-preview":"max-image-preview:large","max-video-preview":"max-video-preview:-1"},"canonical":"https:\/\/ondauno.com.ar\/index.php\/2019\/12\/19\/el-gobierno-dispuso-asueto-el-24-y-31-de-diciembre-para-la-administracion-publica-nacional\/","og_locale":"es_ES","og_type":"article","og_title":"El gobierno dispuso asueto el 24 y 31 de diciembre para la administraci\u00f3n p\u00fablica nacional - 103.9 fm","og_description":"El gobierno emiti\u00f3 una resoluci\u00f3n en la que establece asueto el 24 y 31 de diciembre para la administraci\u00f3n p\u00fablica nacional. Sin embargo, la medida no alcanza a los bancos ni entidades financieras. El Decreto 45 fundament\u00f3 la decisi\u00f3n&nbsp;\u201ca fin de facilitar las cl\u00e1sicas reuniones familiares que se realizan en dichas fechas, se estima procedente [&hellip;]","og_url":"https:\/\/ondauno.com.ar\/index.php\/2019\/12\/19\/el-gobierno-dispuso-asueto-el-24-y-31-de-diciembre-para-la-administracion-publica-nacional\/","og_site_name":"103.9 fm","article_publisher":"https:\/\/www.facebook.com\/ondauno103.9","article_published_time":"2019-12-19T14:33:35+00:00","article_modified_time":"2019-12-19T14:33:42+00:00","og_image":[{"width":1200,"height":675,"url":"https:\/\/ondauno.com.ar\/wp-content\/uploads\/2019\/12\/asueto.jpg","type":"image\/jpeg"}],"author":"fernando garcia","twitter_card":"summary_large_image","twitter_misc":{"Escrito por":"fernando garcia","Tiempo de lectura":"1 minuto"},"schema":{"@context":"https:\/\/schema.org","@graph":[{"@type":"WebPage","@id":"https:\/\/ondauno.com.ar\/index.php\/2019\/12\/19\/el-gobierno-dispuso-asueto-el-24-y-31-de-diciembre-para-la-administracion-publica-nacional\/","url":"https:\/\/ondauno.com.ar\/index.php\/2019\/12\/19\/el-gobierno-dispuso-asueto-el-24-y-31-de-diciembre-para-la-administracion-publica-nacional\/","name":"El gobierno dispuso asueto el 24 y 31 de diciembre para la administraci\u00f3n p\u00fablica nacional - 103.9 fm","isPartOf":{"@id":"https:\/\/ondauno.com.ar\/#website"},"primaryImageOfPage":{"@id":"https:\/\/ondauno.com.ar\/index.php\/2019\/12\/19\/el-gobierno-dispuso-asueto-el-24-y-31-de-diciembre-para-la-administracion-publica-nacional\/#primaryimage"},"image":{"@id":"https:\/\/ondauno.com.ar\/index.php\/2019\/12\/19\/el-gobierno-dispuso-asueto-el-24-y-31-de-diciembre-para-la-administracion-publica-nacional\/#primaryimage"},"thumbnailUrl":"http:\/\/ondauno.com.ar\/wp-content\/uploads\/2019\/12\/asueto-1024x576.jpg","datePublished":"2019-12-19T14:33:35+00:00","dateModified":"2019-12-19T14:33:42+00:00","author":{"@id":"https:\/\/ondauno.com.ar\/#\/schema\/person\/201d1b68e6c75e0fd396fe5f8af5d139"},"breadcrumb":{"@id":"https:\/\/ondauno.com.ar\/index.php\/2019\/12\/19\/el-gobierno-dispuso-asueto-el-24-y-31-de-diciembre-para-la-administracion-publica-nacional\/#breadcrumb"},"inLanguage":"es-AR","potentialAction":[{"@type":"ReadAction","target":["https:\/\/ondauno.com.ar\/index.php\/2019\/12\/19\/el-gobierno-dispuso-asueto-el-24-y-31-de-diciembre-para-la-administracion-publica-nacional\/"]}]},{"@type":"ImageObject","inLanguage":"es-AR","@id":"https:\/\/ondauno.com.ar\/index.php\/2019\/12\/19\/el-gobierno-dispuso-asueto-el-24-y-31-de-diciembre-para-la-administracion-publica-nacional\/#primaryimage","url":"","contentUrl":""},{"@type":"BreadcrumbList","@id":"https:\/\/ondauno.com.ar\/index.php\/2019\/12\/19\/el-gobierno-dispuso-asueto-el-24-y-31-de-diciembre-para-la-administracion-publica-nacional\/#breadcrumb","itemListElement":[{"@type":"ListItem","position":1,"name":"Inicio","item":"https:\/\/ondauno.com.ar\/"},{"@type":"ListItem","position":2,"name":"El gobierno dispuso asueto el 24 y 31 de diciembre para la administraci\u00f3n p\u00fablica nacional"}]},{"@type":"WebSite","@id":"https:\/\/ondauno.com.ar\/#website","url":"https:\/\/ondauno.com.ar\/","name":"103.9 fm","description":"LA PRIMERA RADIO MULTIMEDIA DE TRES ARROYOS","potentialAction":[{"@type":"SearchAction","target":{"@type":"EntryPoint","urlTemplate":"https:\/\/ondauno.com.ar\/?s={search_term_string}"},"query-input":"required name=search_term_string"}],"inLanguage":"es-AR"},{"@type":"Person","@id":"https:\/\/ondauno.com.ar\/#\/schema\/person\/201d1b68e6c75e0fd396fe5f8af5d139","name":"fernando garcia","image":{"@type":"ImageObject","inLanguage":"es-AR","@id":"https:\/\/ondauno.com.ar\/#\/schema\/person\/image\/","url":"https:\/\/secure.gravatar.com\/avatar\/5f7254642ad81272e79a2e69653cfdfc?s=96&d=mm&r=g","contentUrl":"https:\/\/secure.gravatar.com\/avatar\/5f7254642ad81272e79a2e69653cfdfc?s=96&d=mm&r=g","caption":"fernando garcia"},"url":"https:\/\/ondauno.com.ar\/index.php\/author\/ondaunoeditor\/"}]}},"jetpack_publicize_connections":[],"jetpack_featured_media_url":"","jetpack_sharing_enabled":true,"_links":{"self":[{"href":"https:\/\/ondauno.com.ar\/index.php\/wp-json\/wp\/v2\/posts\/3529","targetHints":{"allow":["GET"]}}],"collection":[{"href":"https:\/\/ondauno.com.ar\/index.php\/wp-json\/wp\/v2\/posts"}],"about":[{"href":"https:\/\/ondauno.com.ar\/index.php\/wp-json\/wp\/v2\/types\/post"}],"author":[{"embeddable":true,"href":"https:\/\/ondauno.com.ar\/index.php\/wp-json\/wp\/v2\/users\/2"}],"replies":[{"embeddable":true,"href":"https:\/\/ondauno.com.ar\/index.php\/wp-json\/wp\/v2\/comments?post=3529"}],"version-history":[{"count":0,"href":"https:\/\/ondauno.com.ar\/index.php\/wp-json\/wp\/v2\/posts\/3529\/revisions"}],"wp:attachment":[{"href":"https:\/\/ondauno.com.ar\/index.php\/wp-json\/wp\/v2\/media?parent=3529"}],"wp:term":[{"taxonomy":"category","embeddable":true,"href":"https:\/\/ondauno.com.ar\/index.php\/wp-json\/wp\/v2\/categories?post=3529"},{"taxonomy":"post_tag","embeddable":true,"href":"https:\/\/ondauno.com.ar\/index.php\/wp-json\/wp\/v2\/tags?post=3529"}],"curies":[{"name":"wp","href":"https:\/\/api.w.org\/{rel}","templated":true}]}}