{"id":35245,"date":"2022-08-06T18:33:30","date_gmt":"2022-08-06T21:33:30","guid":{"rendered":"http:\/\/ondauno.com.ar\/?p=35245"},"modified":"2022-08-06T18:33:31","modified_gmt":"2022-08-06T21:33:31","slug":"nuevo-taller-en-la-cacuri-harry-potter-y-la-inteligencia-emocional","status":"publish","type":"post","link":"https:\/\/ondauno.com.ar\/index.php\/2022\/08\/06\/nuevo-taller-en-la-cacuri-harry-potter-y-la-inteligencia-emocional\/","title":{"rendered":"Nuevo taller en la Cacuri: \u201cHarry Potter y la inteligencia emocional\u201d"},"content":{"rendered":"<div class=\"ondau-before-content_3\" style=\"margin-top: -30px;\" id=\"ondau-1841165184\"><a href=\"https:\/\/www.lps.com.ar\/\" aria-label=\"la-perse2\"><img loading=\"lazy\" decoding=\"async\" src=\"https:\/\/ondauno.com.ar\/wp-content\/uploads\/2021\/10\/la-perse2.jpg\" alt=\"\"  srcset=\"https:\/\/ondauno.com.ar\/wp-content\/uploads\/2021\/10\/la-perse2.jpg 1353w, https:\/\/ondauno.com.ar\/wp-content\/uploads\/2021\/10\/la-perse2-300x43.jpg 300w, https:\/\/ondauno.com.ar\/wp-content\/uploads\/2021\/10\/la-perse2-1024x148.jpg 1024w, https:\/\/ondauno.com.ar\/wp-content\/uploads\/2021\/10\/la-perse2-768x111.jpg 768w, https:\/\/ondauno.com.ar\/wp-content\/uploads\/2021\/10\/la-perse2-696x100.jpg 696w, https:\/\/ondauno.com.ar\/wp-content\/uploads\/2021\/10\/la-perse2-1068x154.jpg 1068w\" sizes=\"(max-width: 1353px) 100vw, 1353px\" class=\"no-lazyload\" width=\"1353\" height=\"195\"  style=\"display: inline-block;\" \/><\/a><\/div>\n<p>Carolina Radrizzani impulsa este espacio de lectura compartida, pensado para adolescentes entre 12 y 18 a\u00f1os.<\/p>\n\n\n\n<p>La propuesta contempla la lectura y puesta en com\u00fan de la saga escrita por J. K. Rowling, fomentando el debate cr\u00edtico. Uno de los principales objetivos es identificar el mundo emocional de cada participante, a partir de los m\u00faltiples disparadores que ofrece Harry Potter y su enorme plataforma de valores.<\/p>\n\n\n\n<figure class=\"wp-block-image\"><img decoding=\"async\" data-src=\"https:\/\/ondauno.com.ar\/wp-content\/uploads\/2022\/08\/WhatsApp-Image-2022-08-06-at-5.21.16-PM-723x1024.jpeg\" alt=\"\" class=\"wp-image-35247 lazyload\" src=\"data:image\/gif;base64,R0lGODlhAQABAAAAACH5BAEKAAEALAAAAAABAAEAAAICTAEAOw==\" style=\"--smush-placeholder-width: 723px; --smush-placeholder-aspect-ratio: 723\/1024;\" \/><noscript><img decoding=\"async\" src=\"https:\/\/ondauno.com.ar\/wp-content\/uploads\/2022\/08\/WhatsApp-Image-2022-08-06-at-5.21.16-PM-723x1024.jpeg\" alt=\"\" class=\"wp-image-35247\"\/><\/noscript><\/figure>\n\n\n\n<p>La actividad comenzar\u00e1 el 11 de agosto y continuar\u00e1 todos los jueves, de 18:30 a 20, en Hip\u00f3lito Yrigoyen 143. Es trimestral y tiene un valor de $ 3000. Hay descuento para afiliados al Sindicato Empleados de Comercio y socios de la biblioteca Cacuri. Por informes o inscripci\u00f3n, pod\u00e9s comunicarte al 0249-154688477.<\/p>\n\n\n\n<p>Con la ansiedad l\u00f3gica que implican los nuevos desaf\u00edos, Carolina pas\u00f3 por \u201cEl Plan Perfecto\u201d. Formul\u00f3 la invitaci\u00f3n, se mostr\u00f3 contenta por las consultas recibidas y no descart\u00f3 generar encuentros similares para adultos.<\/p>\n\n\n\n<figure><iframe loading=\"lazy\" width=\"100%\" height=\"120\" data-src=\"https:\/\/www.mixcloud.com\/widget\/iframe\/?hide_cover=1&amp;light=1&amp;feed=%2Fonda-uno%2Fcarolina-radrizzani-06-08-2022%2F\" src=\"data:image\/gif;base64,R0lGODlhAQABAAAAACH5BAEKAAEALAAAAAABAAEAAAICTAEAOw==\" class=\"lazyload\" data-load-mode=\"1\"><\/iframe><\/figure>\n","protected":false},"excerpt":{"rendered":"<p>Carolina Radrizzani impulsa este espacio de lectura compartida, pensado para adolescentes entre 12 y 18 a\u00f1os. La propuesta contempla la lectura y puesta en com\u00fan de la saga escrita por J. K. Rowling, fomentando el debate cr\u00edtico. Uno de los principales objetivos es identificar el mundo emocional de cada participante, a partir de los m\u00faltiples [&hellip;]<\/p>\n","protected":false},"author":1,"featured_media":0,"comment_status":"open","ping_status":"open","sticky":false,"template":"","format":"standard","meta":{"tdm_status":"","tdm_grid_status":"","_jetpack_memberships_contains_paid_content":false,"footnotes":"","jetpack_publicize_message":"","jetpack_publicize_feature_enabled":true,"jetpack_social_post_already_shared":true,"jetpack_social_options":{"image_generator_settings":{"template":"highway","default_image_id":0,"font":"","enabled":false},"version":2}},"categories":[2],"tags":[],"class_list":{"0":"post-35245","1":"post","2":"type-post","3":"status-publish","4":"format-standard","6":"category-locales"},"yoast_head":"<!-- This site is optimized with the Yoast SEO plugin v22.7 - https:\/\/yoast.com\/wordpress\/plugins\/seo\/ -->\n<title>Nuevo taller en la Cacuri: \u201cHarry Potter y la inteligencia emocional\u201d - 103.9 fm<\/title>\n<meta name=\"robots\" content=\"index, follow, max-snippet:-1, max-image-preview:large, max-video-preview:-1\" \/>\n<link rel=\"canonical\" href=\"https:\/\/ondauno.com.ar\/index.php\/2022\/08\/06\/nuevo-taller-en-la-cacuri-harry-potter-y-la-inteligencia-emocional\/\" \/>\n<meta property=\"og:locale\" content=\"es_ES\" \/>\n<meta property=\"og:type\" content=\"article\" \/>\n<meta property=\"og:title\" content=\"Nuevo taller en la Cacuri: \u201cHarry Potter y la inteligencia emocional\u201d - 103.9 fm\" \/>\n<meta property=\"og:description\" content=\"Carolina Radrizzani impulsa este espacio de lectura compartida, pensado para adolescentes entre 12 y 18 a\u00f1os. La propuesta contempla la lectura y puesta en com\u00fan de la saga escrita por J. K. Rowling, fomentando el debate cr\u00edtico. Uno de los principales objetivos es identificar el mundo emocional de cada participante, a partir de los m\u00faltiples [&hellip;]\" \/>\n<meta property=\"og:url\" content=\"https:\/\/ondauno.com.ar\/index.php\/2022\/08\/06\/nuevo-taller-en-la-cacuri-harry-potter-y-la-inteligencia-emocional\/\" \/>\n<meta property=\"og:site_name\" content=\"103.9 fm\" \/>\n<meta property=\"article:publisher\" content=\"https:\/\/www.facebook.com\/ondauno103.9\" \/>\n<meta property=\"article:published_time\" content=\"2022-08-06T21:33:30+00:00\" \/>\n<meta property=\"article:modified_time\" content=\"2022-08-06T21:33:31+00:00\" \/>\n<meta property=\"og:image\" content=\"https:\/\/ondauno.com.ar\/wp-content\/uploads\/2022\/08\/WhatsApp-Image-2022-08-06-at-5.20.51-PM.jpeg\" \/>\n\t<meta property=\"og:image:width\" content=\"1080\" \/>\n\t<meta property=\"og:image:height\" content=\"1080\" \/>\n\t<meta property=\"og:image:type\" content=\"image\/jpeg\" \/>\n<meta name=\"author\" content=\"OndaUno\" \/>\n<meta name=\"twitter:card\" content=\"summary_large_image\" \/>\n<meta name=\"twitter:label1\" content=\"Escrito por\" \/>\n\t<meta name=\"twitter:data1\" content=\"OndaUno\" \/>\n\t<meta name=\"twitter:label2\" content=\"Tiempo de lectura\" \/>\n\t<meta name=\"twitter:data2\" content=\"1 minuto\" \/>\n<script type=\"application\/ld+json\" class=\"yoast-schema-graph\">{\"@context\":\"https:\/\/schema.org\",\"@graph\":[{\"@type\":\"WebPage\",\"@id\":\"https:\/\/ondauno.com.ar\/index.php\/2022\/08\/06\/nuevo-taller-en-la-cacuri-harry-potter-y-la-inteligencia-emocional\/\",\"url\":\"https:\/\/ondauno.com.ar\/index.php\/2022\/08\/06\/nuevo-taller-en-la-cacuri-harry-potter-y-la-inteligencia-emocional\/\",\"name\":\"Nuevo taller en la Cacuri: \u201cHarry Potter y la inteligencia emocional\u201d - 103.9 fm\",\"isPartOf\":{\"@id\":\"https:\/\/ondauno.com.ar\/#website\"},\"primaryImageOfPage\":{\"@id\":\"https:\/\/ondauno.com.ar\/index.php\/2022\/08\/06\/nuevo-taller-en-la-cacuri-harry-potter-y-la-inteligencia-emocional\/#primaryimage\"},\"image\":{\"@id\":\"https:\/\/ondauno.com.ar\/index.php\/2022\/08\/06\/nuevo-taller-en-la-cacuri-harry-potter-y-la-inteligencia-emocional\/#primaryimage\"},\"thumbnailUrl\":\"https:\/\/ondauno.com.ar\/wp-content\/uploads\/2022\/08\/WhatsApp-Image-2022-08-06-at-5.21.16-PM-723x1024.jpeg\",\"datePublished\":\"2022-08-06T21:33:30+00:00\",\"dateModified\":\"2022-08-06T21:33:31+00:00\",\"author\":{\"@id\":\"https:\/\/ondauno.com.ar\/#\/schema\/person\/7ec851ddeceb4133d7d7132dc645714e\"},\"breadcrumb\":{\"@id\":\"https:\/\/ondauno.com.ar\/index.php\/2022\/08\/06\/nuevo-taller-en-la-cacuri-harry-potter-y-la-inteligencia-emocional\/#breadcrumb\"},\"inLanguage\":\"es-AR\",\"potentialAction\":[{\"@type\":\"ReadAction\",\"target\":[\"https:\/\/ondauno.com.ar\/index.php\/2022\/08\/06\/nuevo-taller-en-la-cacuri-harry-potter-y-la-inteligencia-emocional\/\"]}]},{\"@type\":\"ImageObject\",\"inLanguage\":\"es-AR\",\"@id\":\"https:\/\/ondauno.com.ar\/index.php\/2022\/08\/06\/nuevo-taller-en-la-cacuri-harry-potter-y-la-inteligencia-emocional\/#primaryimage\",\"url\":\"\",\"contentUrl\":\"\"},{\"@type\":\"BreadcrumbList\",\"@id\":\"https:\/\/ondauno.com.ar\/index.php\/2022\/08\/06\/nuevo-taller-en-la-cacuri-harry-potter-y-la-inteligencia-emocional\/#breadcrumb\",\"itemListElement\":[{\"@type\":\"ListItem\",\"position\":1,\"name\":\"Inicio\",\"item\":\"https:\/\/ondauno.com.ar\/\"},{\"@type\":\"ListItem\",\"position\":2,\"name\":\"Nuevo taller en la Cacuri: \u201cHarry Potter y la inteligencia emocional\u201d\"}]},{\"@type\":\"WebSite\",\"@id\":\"https:\/\/ondauno.com.ar\/#website\",\"url\":\"https:\/\/ondauno.com.ar\/\",\"name\":\"103.9 fm\",\"description\":\"LA PRIMERA RADIO MULTIMEDIA DE TRES ARROYOS\",\"potentialAction\":[{\"@type\":\"SearchAction\",\"target\":{\"@type\":\"EntryPoint\",\"urlTemplate\":\"https:\/\/ondauno.com.ar\/?s={search_term_string}\"},\"query-input\":\"required name=search_term_string\"}],\"inLanguage\":\"es-AR\"},{\"@type\":\"Person\",\"@id\":\"https:\/\/ondauno.com.ar\/#\/schema\/person\/7ec851ddeceb4133d7d7132dc645714e\",\"name\":\"OndaUno\",\"image\":{\"@type\":\"ImageObject\",\"inLanguage\":\"es-AR\",\"@id\":\"https:\/\/ondauno.com.ar\/#\/schema\/person\/image\/\",\"url\":\"https:\/\/secure.gravatar.com\/avatar\/93b8009f0de7021f1feb2bd5b32fb9e8?s=96&d=mm&r=g\",\"contentUrl\":\"https:\/\/secure.gravatar.com\/avatar\/93b8009f0de7021f1feb2bd5b32fb9e8?s=96&d=mm&r=g\",\"caption\":\"OndaUno\"},\"url\":\"https:\/\/ondauno.com.ar\/index.php\/author\/ondauno\/\"}]}<\/script>\n<!-- \/ Yoast SEO plugin. -->","yoast_head_json":{"title":"Nuevo taller en la Cacuri: \u201cHarry Potter y la inteligencia emocional\u201d - 103.9 fm","robots":{"index":"index","follow":"follow","max-snippet":"max-snippet:-1","max-image-preview":"max-image-preview:large","max-video-preview":"max-video-preview:-1"},"canonical":"https:\/\/ondauno.com.ar\/index.php\/2022\/08\/06\/nuevo-taller-en-la-cacuri-harry-potter-y-la-inteligencia-emocional\/","og_locale":"es_ES","og_type":"article","og_title":"Nuevo taller en la Cacuri: \u201cHarry Potter y la inteligencia emocional\u201d - 103.9 fm","og_description":"Carolina Radrizzani impulsa este espacio de lectura compartida, pensado para adolescentes entre 12 y 18 a\u00f1os. La propuesta contempla la lectura y puesta en com\u00fan de la saga escrita por J. K. Rowling, fomentando el debate cr\u00edtico. Uno de los principales objetivos es identificar el mundo emocional de cada participante, a partir de los m\u00faltiples [&hellip;]","og_url":"https:\/\/ondauno.com.ar\/index.php\/2022\/08\/06\/nuevo-taller-en-la-cacuri-harry-potter-y-la-inteligencia-emocional\/","og_site_name":"103.9 fm","article_publisher":"https:\/\/www.facebook.com\/ondauno103.9","article_published_time":"2022-08-06T21:33:30+00:00","article_modified_time":"2022-08-06T21:33:31+00:00","og_image":[{"width":1080,"height":1080,"url":"https:\/\/ondauno.com.ar\/wp-content\/uploads\/2022\/08\/WhatsApp-Image-2022-08-06-at-5.20.51-PM.jpeg","type":"image\/jpeg"}],"author":"OndaUno","twitter_card":"summary_large_image","twitter_misc":{"Escrito por":"OndaUno","Tiempo de lectura":"1 minuto"},"schema":{"@context":"https:\/\/schema.org","@graph":[{"@type":"WebPage","@id":"https:\/\/ondauno.com.ar\/index.php\/2022\/08\/06\/nuevo-taller-en-la-cacuri-harry-potter-y-la-inteligencia-emocional\/","url":"https:\/\/ondauno.com.ar\/index.php\/2022\/08\/06\/nuevo-taller-en-la-cacuri-harry-potter-y-la-inteligencia-emocional\/","name":"Nuevo taller en la Cacuri: \u201cHarry Potter y la inteligencia emocional\u201d - 103.9 fm","isPartOf":{"@id":"https:\/\/ondauno.com.ar\/#website"},"primaryImageOfPage":{"@id":"https:\/\/ondauno.com.ar\/index.php\/2022\/08\/06\/nuevo-taller-en-la-cacuri-harry-potter-y-la-inteligencia-emocional\/#primaryimage"},"image":{"@id":"https:\/\/ondauno.com.ar\/index.php\/2022\/08\/06\/nuevo-taller-en-la-cacuri-harry-potter-y-la-inteligencia-emocional\/#primaryimage"},"thumbnailUrl":"https:\/\/ondauno.com.ar\/wp-content\/uploads\/2022\/08\/WhatsApp-Image-2022-08-06-at-5.21.16-PM-723x1024.jpeg","datePublished":"2022-08-06T21:33:30+00:00","dateModified":"2022-08-06T21:33:31+00:00","author":{"@id":"https:\/\/ondauno.com.ar\/#\/schema\/person\/7ec851ddeceb4133d7d7132dc645714e"},"breadcrumb":{"@id":"https:\/\/ondauno.com.ar\/index.php\/2022\/08\/06\/nuevo-taller-en-la-cacuri-harry-potter-y-la-inteligencia-emocional\/#breadcrumb"},"inLanguage":"es-AR","potentialAction":[{"@type":"ReadAction","target":["https:\/\/ondauno.com.ar\/index.php\/2022\/08\/06\/nuevo-taller-en-la-cacuri-harry-potter-y-la-inteligencia-emocional\/"]}]},{"@type":"ImageObject","inLanguage":"es-AR","@id":"https:\/\/ondauno.com.ar\/index.php\/2022\/08\/06\/nuevo-taller-en-la-cacuri-harry-potter-y-la-inteligencia-emocional\/#primaryimage","url":"","contentUrl":""},{"@type":"BreadcrumbList","@id":"https:\/\/ondauno.com.ar\/index.php\/2022\/08\/06\/nuevo-taller-en-la-cacuri-harry-potter-y-la-inteligencia-emocional\/#breadcrumb","itemListElement":[{"@type":"ListItem","position":1,"name":"Inicio","item":"https:\/\/ondauno.com.ar\/"},{"@type":"ListItem","position":2,"name":"Nuevo taller en la Cacuri: \u201cHarry Potter y la inteligencia emocional\u201d"}]},{"@type":"WebSite","@id":"https:\/\/ondauno.com.ar\/#website","url":"https:\/\/ondauno.com.ar\/","name":"103.9 fm","description":"LA PRIMERA RADIO MULTIMEDIA DE TRES ARROYOS","potentialAction":[{"@type":"SearchAction","target":{"@type":"EntryPoint","urlTemplate":"https:\/\/ondauno.com.ar\/?s={search_term_string}"},"query-input":"required name=search_term_string"}],"inLanguage":"es-AR"},{"@type":"Person","@id":"https:\/\/ondauno.com.ar\/#\/schema\/person\/7ec851ddeceb4133d7d7132dc645714e","name":"OndaUno","image":{"@type":"ImageObject","inLanguage":"es-AR","@id":"https:\/\/ondauno.com.ar\/#\/schema\/person\/image\/","url":"https:\/\/secure.gravatar.com\/avatar\/93b8009f0de7021f1feb2bd5b32fb9e8?s=96&d=mm&r=g","contentUrl":"https:\/\/secure.gravatar.com\/avatar\/93b8009f0de7021f1feb2bd5b32fb9e8?s=96&d=mm&r=g","caption":"OndaUno"},"url":"https:\/\/ondauno.com.ar\/index.php\/author\/ondauno\/"}]}},"jetpack_publicize_connections":[],"jetpack_featured_media_url":"","jetpack_sharing_enabled":true,"_links":{"self":[{"href":"https:\/\/ondauno.com.ar\/index.php\/wp-json\/wp\/v2\/posts\/35245","targetHints":{"allow":["GET"]}}],"collection":[{"href":"https:\/\/ondauno.com.ar\/index.php\/wp-json\/wp\/v2\/posts"}],"about":[{"href":"https:\/\/ondauno.com.ar\/index.php\/wp-json\/wp\/v2\/types\/post"}],"author":[{"embeddable":true,"href":"https:\/\/ondauno.com.ar\/index.php\/wp-json\/wp\/v2\/users\/1"}],"replies":[{"embeddable":true,"href":"https:\/\/ondauno.com.ar\/index.php\/wp-json\/wp\/v2\/comments?post=35245"}],"version-history":[{"count":0,"href":"https:\/\/ondauno.com.ar\/index.php\/wp-json\/wp\/v2\/posts\/35245\/revisions"}],"wp:attachment":[{"href":"https:\/\/ondauno.com.ar\/index.php\/wp-json\/wp\/v2\/media?parent=35245"}],"wp:term":[{"taxonomy":"category","embeddable":true,"href":"https:\/\/ondauno.com.ar\/index.php\/wp-json\/wp\/v2\/categories?post=35245"},{"taxonomy":"post_tag","embeddable":true,"href":"https:\/\/ondauno.com.ar\/index.php\/wp-json\/wp\/v2\/tags?post=35245"}],"curies":[{"name":"wp","href":"https:\/\/api.w.org\/{rel}","templated":true}]}}