{"id":3523,"date":"2019-12-18T21:16:53","date_gmt":"2019-12-19T00:16:53","guid":{"rendered":"http:\/\/ondauno.com.ar\/?p=3523"},"modified":"2019-12-18T21:17:00","modified_gmt":"2019-12-19T00:17:00","slug":"se-promulgo-el-programa-de-reduccion-de-la-utilizacion-de-sorbetes-y-vasos-plasticos","status":"publish","type":"post","link":"https:\/\/ondauno.com.ar\/index.php\/2019\/12\/18\/se-promulgo-el-programa-de-reduccion-de-la-utilizacion-de-sorbetes-y-vasos-plasticos\/","title":{"rendered":"Se promulg\u00f3 el programa de reducci\u00f3n de la utilizaci\u00f3n de sorbetes y vasos pl\u00e1sticos"},"content":{"rendered":"<div class=\"ondau-before-content_3\" style=\"margin-top: -30px;\" id=\"ondau-82989520\"><a href=\"https:\/\/www.lps.com.ar\/\" aria-label=\"la-perse2\"><img loading=\"lazy\" decoding=\"async\" src=\"https:\/\/ondauno.com.ar\/wp-content\/uploads\/2021\/10\/la-perse2.jpg\" alt=\"\"  srcset=\"https:\/\/ondauno.com.ar\/wp-content\/uploads\/2021\/10\/la-perse2.jpg 1353w, https:\/\/ondauno.com.ar\/wp-content\/uploads\/2021\/10\/la-perse2-300x43.jpg 300w, https:\/\/ondauno.com.ar\/wp-content\/uploads\/2021\/10\/la-perse2-1024x148.jpg 1024w, https:\/\/ondauno.com.ar\/wp-content\/uploads\/2021\/10\/la-perse2-768x111.jpg 768w, https:\/\/ondauno.com.ar\/wp-content\/uploads\/2021\/10\/la-perse2-696x100.jpg 696w, https:\/\/ondauno.com.ar\/wp-content\/uploads\/2021\/10\/la-perse2-1068x154.jpg 1068w\" sizes=\"(max-width: 1353px) 100vw, 1353px\" class=\"no-lazyload\" width=\"1353\" height=\"195\"  style=\"display: inline-block;\" \/><\/a><\/div>\n<p> El Ejecutivo municipal dispuso a trav\u00e9s de la promulgaci\u00f3n de una ordenanza municipal la prohibici\u00f3n del uso de sorbetes y  vasos pl\u00e1sticos en todo el distrito de Tres Arroyos<\/p>\n\n\n\n<p>El secretario de Gesti\u00f3n Ambiental, Ricardo D\u00b4Annunzzio habl\u00f3 en Cosas que Pasan de las acciones que realizar\u00e1n desde el \u00e1rea que conduce para dar curso a la norma recientemente promulgada.<\/p>\n\n\n\n<p>La ordenanza determina que a<em> partir del 1 de Abril\u00a0 de 2020 los comercios que operen dentro del partido de Tres Arroyos deben reducir la utilizaci\u00f3n y entrega de sorbetes y vasos pl\u00e1sticos o similares.<\/em><\/p>\n\n\n\n<p>Agrega que a<em> partir del 1 de Diciembre de 2020, quedar\u00e1 prohibido en todo el Partido de Tres Arroyos, la utilizaci\u00f3n, entrega y expendio de sorbetes y vasos pl\u00e1sticos o similares.<\/em><\/p>\n\n\n\n<p>El secretario de Gesti\u00f3n Ambiental indic\u00f3 que se est\u00e1n realizando afiche informativos y tareas directas con los comercios locales y de la zona para comenzar con la primera etapa que es desalentar el uso.<\/p>\n\n\n\n<p><\/p>\n\n\n\n<p>. <\/p>\n\n\n\n<figure class=\"wp-block-embed-facebook wp-block-embed is-type-video is-provider-facebook\"><div class=\"wp-block-embed__wrapper\">\n<div class=\"fb-video\" data-allowfullscreen=\"true\" data-href=\"https:\/\/www.facebook.com\/ondauno103.9\/videos\/572071036958988\/\" style=\"background-color: #fff; display: inline-block;\"><\/div>\n<\/div><\/figure>\n","protected":false},"excerpt":{"rendered":"<p>El Ejecutivo municipal dispuso a trav\u00e9s de la promulgaci\u00f3n de una ordenanza municipal la prohibici\u00f3n del uso de sorbetes y vasos pl\u00e1sticos en todo el distrito de Tres Arroyos El secretario de Gesti\u00f3n Ambiental, Ricardo D\u00b4Annunzzio habl\u00f3 en Cosas que Pasan de las acciones que realizar\u00e1n desde el \u00e1rea que conduce para dar curso a [&hellip;]<\/p>\n","protected":false},"author":2,"featured_media":0,"comment_status":"open","ping_status":"open","sticky":false,"template":"","format":"standard","meta":{"tdm_status":"","tdm_grid_status":"","_jetpack_memberships_contains_paid_content":false,"footnotes":"","jetpack_publicize_message":"","jetpack_publicize_feature_enabled":true,"jetpack_social_post_already_shared":false,"jetpack_social_options":{"image_generator_settings":{"template":"highway","default_image_id":0,"font":"","enabled":false},"version":2}},"categories":[2],"tags":[],"class_list":{"0":"post-3523","1":"post","2":"type-post","3":"status-publish","4":"format-standard","6":"category-locales"},"yoast_head":"<!-- This site is optimized with the Yoast SEO plugin v22.7 - https:\/\/yoast.com\/wordpress\/plugins\/seo\/ -->\n<title>Se promulg\u00f3 el programa de reducci\u00f3n de la utilizaci\u00f3n de sorbetes y vasos pl\u00e1sticos - 103.9 fm<\/title>\n<meta name=\"robots\" content=\"index, follow, max-snippet:-1, max-image-preview:large, max-video-preview:-1\" \/>\n<link rel=\"canonical\" href=\"https:\/\/ondauno.com.ar\/index.php\/2019\/12\/18\/se-promulgo-el-programa-de-reduccion-de-la-utilizacion-de-sorbetes-y-vasos-plasticos\/\" \/>\n<meta property=\"og:locale\" content=\"es_ES\" \/>\n<meta property=\"og:type\" content=\"article\" \/>\n<meta property=\"og:title\" content=\"Se promulg\u00f3 el programa de reducci\u00f3n de la utilizaci\u00f3n de sorbetes y vasos pl\u00e1sticos - 103.9 fm\" \/>\n<meta property=\"og:description\" content=\"El Ejecutivo municipal dispuso a trav\u00e9s de la promulgaci\u00f3n de una ordenanza municipal la prohibici\u00f3n del uso de sorbetes y vasos pl\u00e1sticos en todo el distrito de Tres Arroyos El secretario de Gesti\u00f3n Ambiental, Ricardo D\u00b4Annunzzio habl\u00f3 en Cosas que Pasan de las acciones que realizar\u00e1n desde el \u00e1rea que conduce para dar curso a [&hellip;]\" \/>\n<meta property=\"og:url\" content=\"https:\/\/ondauno.com.ar\/index.php\/2019\/12\/18\/se-promulgo-el-programa-de-reduccion-de-la-utilizacion-de-sorbetes-y-vasos-plasticos\/\" \/>\n<meta property=\"og:site_name\" content=\"103.9 fm\" \/>\n<meta property=\"article:publisher\" content=\"https:\/\/www.facebook.com\/ondauno103.9\" \/>\n<meta property=\"article:published_time\" content=\"2019-12-19T00:16:53+00:00\" \/>\n<meta property=\"article:modified_time\" content=\"2019-12-19T00:17:00+00:00\" \/>\n<meta property=\"og:image\" content=\"https:\/\/ondauno.com.ar\/wp-content\/uploads\/2019\/12\/sorbetes.jpg\" \/>\n\t<meta property=\"og:image:width\" content=\"288\" \/>\n\t<meta property=\"og:image:height\" content=\"175\" \/>\n\t<meta property=\"og:image:type\" content=\"image\/jpeg\" \/>\n<meta name=\"author\" content=\"fernando garcia\" \/>\n<meta name=\"twitter:card\" content=\"summary_large_image\" \/>\n<meta name=\"twitter:label1\" content=\"Escrito por\" \/>\n\t<meta name=\"twitter:data1\" content=\"fernando garcia\" \/>\n\t<meta name=\"twitter:label2\" content=\"Tiempo de lectura\" \/>\n\t<meta name=\"twitter:data2\" content=\"1 minuto\" \/>\n<script type=\"application\/ld+json\" class=\"yoast-schema-graph\">{\"@context\":\"https:\/\/schema.org\",\"@graph\":[{\"@type\":\"WebPage\",\"@id\":\"https:\/\/ondauno.com.ar\/index.php\/2019\/12\/18\/se-promulgo-el-programa-de-reduccion-de-la-utilizacion-de-sorbetes-y-vasos-plasticos\/\",\"url\":\"https:\/\/ondauno.com.ar\/index.php\/2019\/12\/18\/se-promulgo-el-programa-de-reduccion-de-la-utilizacion-de-sorbetes-y-vasos-plasticos\/\",\"name\":\"Se promulg\u00f3 el programa de reducci\u00f3n de la utilizaci\u00f3n de sorbetes y vasos pl\u00e1sticos - 103.9 fm\",\"isPartOf\":{\"@id\":\"https:\/\/ondauno.com.ar\/#website\"},\"datePublished\":\"2019-12-19T00:16:53+00:00\",\"dateModified\":\"2019-12-19T00:17:00+00:00\",\"author\":{\"@id\":\"https:\/\/ondauno.com.ar\/#\/schema\/person\/201d1b68e6c75e0fd396fe5f8af5d139\"},\"breadcrumb\":{\"@id\":\"https:\/\/ondauno.com.ar\/index.php\/2019\/12\/18\/se-promulgo-el-programa-de-reduccion-de-la-utilizacion-de-sorbetes-y-vasos-plasticos\/#breadcrumb\"},\"inLanguage\":\"es-AR\",\"potentialAction\":[{\"@type\":\"ReadAction\",\"target\":[\"https:\/\/ondauno.com.ar\/index.php\/2019\/12\/18\/se-promulgo-el-programa-de-reduccion-de-la-utilizacion-de-sorbetes-y-vasos-plasticos\/\"]}]},{\"@type\":\"BreadcrumbList\",\"@id\":\"https:\/\/ondauno.com.ar\/index.php\/2019\/12\/18\/se-promulgo-el-programa-de-reduccion-de-la-utilizacion-de-sorbetes-y-vasos-plasticos\/#breadcrumb\",\"itemListElement\":[{\"@type\":\"ListItem\",\"position\":1,\"name\":\"Inicio\",\"item\":\"https:\/\/ondauno.com.ar\/\"},{\"@type\":\"ListItem\",\"position\":2,\"name\":\"Se promulg\u00f3 el programa de reducci\u00f3n de la utilizaci\u00f3n de sorbetes y vasos pl\u00e1sticos\"}]},{\"@type\":\"WebSite\",\"@id\":\"https:\/\/ondauno.com.ar\/#website\",\"url\":\"https:\/\/ondauno.com.ar\/\",\"name\":\"103.9 fm\",\"description\":\"LA PRIMERA RADIO MULTIMEDIA DE TRES ARROYOS\",\"potentialAction\":[{\"@type\":\"SearchAction\",\"target\":{\"@type\":\"EntryPoint\",\"urlTemplate\":\"https:\/\/ondauno.com.ar\/?s={search_term_string}\"},\"query-input\":\"required name=search_term_string\"}],\"inLanguage\":\"es-AR\"},{\"@type\":\"Person\",\"@id\":\"https:\/\/ondauno.com.ar\/#\/schema\/person\/201d1b68e6c75e0fd396fe5f8af5d139\",\"name\":\"fernando garcia\",\"image\":{\"@type\":\"ImageObject\",\"inLanguage\":\"es-AR\",\"@id\":\"https:\/\/ondauno.com.ar\/#\/schema\/person\/image\/\",\"url\":\"https:\/\/secure.gravatar.com\/avatar\/5f7254642ad81272e79a2e69653cfdfc?s=96&d=mm&r=g\",\"contentUrl\":\"https:\/\/secure.gravatar.com\/avatar\/5f7254642ad81272e79a2e69653cfdfc?s=96&d=mm&r=g\",\"caption\":\"fernando garcia\"},\"url\":\"https:\/\/ondauno.com.ar\/index.php\/author\/ondaunoeditor\/\"}]}<\/script>\n<!-- \/ Yoast SEO plugin. -->","yoast_head_json":{"title":"Se promulg\u00f3 el programa de reducci\u00f3n de la utilizaci\u00f3n de sorbetes y vasos pl\u00e1sticos - 103.9 fm","robots":{"index":"index","follow":"follow","max-snippet":"max-snippet:-1","max-image-preview":"max-image-preview:large","max-video-preview":"max-video-preview:-1"},"canonical":"https:\/\/ondauno.com.ar\/index.php\/2019\/12\/18\/se-promulgo-el-programa-de-reduccion-de-la-utilizacion-de-sorbetes-y-vasos-plasticos\/","og_locale":"es_ES","og_type":"article","og_title":"Se promulg\u00f3 el programa de reducci\u00f3n de la utilizaci\u00f3n de sorbetes y vasos pl\u00e1sticos - 103.9 fm","og_description":"El Ejecutivo municipal dispuso a trav\u00e9s de la promulgaci\u00f3n de una ordenanza municipal la prohibici\u00f3n del uso de sorbetes y vasos pl\u00e1sticos en todo el distrito de Tres Arroyos El secretario de Gesti\u00f3n Ambiental, Ricardo D\u00b4Annunzzio habl\u00f3 en Cosas que Pasan de las acciones que realizar\u00e1n desde el \u00e1rea que conduce para dar curso a [&hellip;]","og_url":"https:\/\/ondauno.com.ar\/index.php\/2019\/12\/18\/se-promulgo-el-programa-de-reduccion-de-la-utilizacion-de-sorbetes-y-vasos-plasticos\/","og_site_name":"103.9 fm","article_publisher":"https:\/\/www.facebook.com\/ondauno103.9","article_published_time":"2019-12-19T00:16:53+00:00","article_modified_time":"2019-12-19T00:17:00+00:00","og_image":[{"width":288,"height":175,"url":"https:\/\/ondauno.com.ar\/wp-content\/uploads\/2019\/12\/sorbetes.jpg","type":"image\/jpeg"}],"author":"fernando garcia","twitter_card":"summary_large_image","twitter_misc":{"Escrito por":"fernando garcia","Tiempo de lectura":"1 minuto"},"schema":{"@context":"https:\/\/schema.org","@graph":[{"@type":"WebPage","@id":"https:\/\/ondauno.com.ar\/index.php\/2019\/12\/18\/se-promulgo-el-programa-de-reduccion-de-la-utilizacion-de-sorbetes-y-vasos-plasticos\/","url":"https:\/\/ondauno.com.ar\/index.php\/2019\/12\/18\/se-promulgo-el-programa-de-reduccion-de-la-utilizacion-de-sorbetes-y-vasos-plasticos\/","name":"Se promulg\u00f3 el programa de reducci\u00f3n de la utilizaci\u00f3n de sorbetes y vasos pl\u00e1sticos - 103.9 fm","isPartOf":{"@id":"https:\/\/ondauno.com.ar\/#website"},"datePublished":"2019-12-19T00:16:53+00:00","dateModified":"2019-12-19T00:17:00+00:00","author":{"@id":"https:\/\/ondauno.com.ar\/#\/schema\/person\/201d1b68e6c75e0fd396fe5f8af5d139"},"breadcrumb":{"@id":"https:\/\/ondauno.com.ar\/index.php\/2019\/12\/18\/se-promulgo-el-programa-de-reduccion-de-la-utilizacion-de-sorbetes-y-vasos-plasticos\/#breadcrumb"},"inLanguage":"es-AR","potentialAction":[{"@type":"ReadAction","target":["https:\/\/ondauno.com.ar\/index.php\/2019\/12\/18\/se-promulgo-el-programa-de-reduccion-de-la-utilizacion-de-sorbetes-y-vasos-plasticos\/"]}]},{"@type":"BreadcrumbList","@id":"https:\/\/ondauno.com.ar\/index.php\/2019\/12\/18\/se-promulgo-el-programa-de-reduccion-de-la-utilizacion-de-sorbetes-y-vasos-plasticos\/#breadcrumb","itemListElement":[{"@type":"ListItem","position":1,"name":"Inicio","item":"https:\/\/ondauno.com.ar\/"},{"@type":"ListItem","position":2,"name":"Se promulg\u00f3 el programa de reducci\u00f3n de la utilizaci\u00f3n de sorbetes y vasos pl\u00e1sticos"}]},{"@type":"WebSite","@id":"https:\/\/ondauno.com.ar\/#website","url":"https:\/\/ondauno.com.ar\/","name":"103.9 fm","description":"LA PRIMERA RADIO MULTIMEDIA DE TRES ARROYOS","potentialAction":[{"@type":"SearchAction","target":{"@type":"EntryPoint","urlTemplate":"https:\/\/ondauno.com.ar\/?s={search_term_string}"},"query-input":"required name=search_term_string"}],"inLanguage":"es-AR"},{"@type":"Person","@id":"https:\/\/ondauno.com.ar\/#\/schema\/person\/201d1b68e6c75e0fd396fe5f8af5d139","name":"fernando garcia","image":{"@type":"ImageObject","inLanguage":"es-AR","@id":"https:\/\/ondauno.com.ar\/#\/schema\/person\/image\/","url":"https:\/\/secure.gravatar.com\/avatar\/5f7254642ad81272e79a2e69653cfdfc?s=96&d=mm&r=g","contentUrl":"https:\/\/secure.gravatar.com\/avatar\/5f7254642ad81272e79a2e69653cfdfc?s=96&d=mm&r=g","caption":"fernando garcia"},"url":"https:\/\/ondauno.com.ar\/index.php\/author\/ondaunoeditor\/"}]}},"jetpack_publicize_connections":[],"jetpack_featured_media_url":"","jetpack_sharing_enabled":true,"_links":{"self":[{"href":"https:\/\/ondauno.com.ar\/index.php\/wp-json\/wp\/v2\/posts\/3523","targetHints":{"allow":["GET"]}}],"collection":[{"href":"https:\/\/ondauno.com.ar\/index.php\/wp-json\/wp\/v2\/posts"}],"about":[{"href":"https:\/\/ondauno.com.ar\/index.php\/wp-json\/wp\/v2\/types\/post"}],"author":[{"embeddable":true,"href":"https:\/\/ondauno.com.ar\/index.php\/wp-json\/wp\/v2\/users\/2"}],"replies":[{"embeddable":true,"href":"https:\/\/ondauno.com.ar\/index.php\/wp-json\/wp\/v2\/comments?post=3523"}],"version-history":[{"count":0,"href":"https:\/\/ondauno.com.ar\/index.php\/wp-json\/wp\/v2\/posts\/3523\/revisions"}],"wp:attachment":[{"href":"https:\/\/ondauno.com.ar\/index.php\/wp-json\/wp\/v2\/media?parent=3523"}],"wp:term":[{"taxonomy":"category","embeddable":true,"href":"https:\/\/ondauno.com.ar\/index.php\/wp-json\/wp\/v2\/categories?post=3523"},{"taxonomy":"post_tag","embeddable":true,"href":"https:\/\/ondauno.com.ar\/index.php\/wp-json\/wp\/v2\/tags?post=3523"}],"curies":[{"name":"wp","href":"https:\/\/api.w.org\/{rel}","templated":true}]}}