{"id":35200,"date":"2022-08-05T11:09:15","date_gmt":"2022-08-05T14:09:15","guid":{"rendered":"http:\/\/ondauno.com.ar\/?p=35200"},"modified":"2022-08-05T11:09:17","modified_gmt":"2022-08-05T14:09:17","slug":"kicillof-encabezo-el-acto-de-recategorizacion-del-hospital-municipal-de-gonzales-chaves","status":"publish","type":"post","link":"https:\/\/ondauno.com.ar\/index.php\/2022\/08\/05\/kicillof-encabezo-el-acto-de-recategorizacion-del-hospital-municipal-de-gonzales-chaves\/","title":{"rendered":"Kicillof encabez\u00f3 el acto de recategorizaci\u00f3n del Hospital Municipal de Gonzales Chaves"},"content":{"rendered":"<div class=\"ondau-before-content_3\" style=\"margin-top: -30px;\" id=\"ondau-1566686390\"><a href=\"https:\/\/www.lps.com.ar\/\" aria-label=\"la-perse2\"><img loading=\"lazy\" decoding=\"async\" src=\"https:\/\/ondauno.com.ar\/wp-content\/uploads\/2021\/10\/la-perse2.jpg\" alt=\"\"  srcset=\"https:\/\/ondauno.com.ar\/wp-content\/uploads\/2021\/10\/la-perse2.jpg 1353w, https:\/\/ondauno.com.ar\/wp-content\/uploads\/2021\/10\/la-perse2-300x43.jpg 300w, https:\/\/ondauno.com.ar\/wp-content\/uploads\/2021\/10\/la-perse2-1024x148.jpg 1024w, https:\/\/ondauno.com.ar\/wp-content\/uploads\/2021\/10\/la-perse2-768x111.jpg 768w, https:\/\/ondauno.com.ar\/wp-content\/uploads\/2021\/10\/la-perse2-696x100.jpg 696w, https:\/\/ondauno.com.ar\/wp-content\/uploads\/2021\/10\/la-perse2-1068x154.jpg 1068w\" sizes=\"(max-width: 1353px) 100vw, 1353px\" class=\"no-lazyload\" width=\"1353\" height=\"195\"  style=\"display: inline-block;\" \/><\/a><\/div>\n<p>El gobernador de la provincia de Buenos Aires, Axel Kicillof, encabez\u00f3 este jueves el acto de recategorizaci\u00f3n del Hospital Municipal \u201cAnita Eli\u00e7agaray\u201d de Adolfo Gonzales Chaves, que incorpor\u00f3 prestaciones de mayor complejidad. Fue junto al intendente local, Marcelo Santill\u00e1n; la subsecretaria de Gesti\u00f3n de la Informaci\u00f3n, Educaci\u00f3n Permanente y Fiscalizaci\u00f3n del Ministerio de Salud, Leticia Ceriani; y el director de la instituci\u00f3n, Sergio Lasdica.<\/p>\n\n\n\n<p>En ese marco, Kicillof se\u00f1al\u00f3 que \u201cpara nosotros es muy importante que este hospital pueda subir de categor\u00eda, ya que nos permite cumplir con el derecho de muchos y muchas bonaerenses que ten\u00edan que trasladarse m\u00e1s de 200 kil\u00f3metros para acceder a servicios esenciales de salud\u201d. \u201cNo es solo una cuesti\u00f3n de arraigo, sino de generaci\u00f3n de oportunidades en el interior de la provincia de Buenos Aires\u201d, agreg\u00f3.<\/p>\n\n\n\n<ul class=\"wp-block-gallery columns-3 is-cropped wp-block-gallery-1 is-layout-flex wp-block-gallery-is-layout-flex\"><li class=\"blocks-gallery-item\"><figure><a href=\"http:\/\/ondauno.com.ar\/wp-content\/uploads\/2022\/08\/97U6460_2.jpg\" rel=\"lightbox-0\"><img decoding=\"async\" data-src=\"http:\/\/ondauno.com.ar\/wp-content\/uploads\/2022\/08\/97U6460_2.jpg\" alt=\"\" data-id=\"35210\" data-link=\"http:\/\/ondauno.com.ar\/?attachment_id=35210\" class=\"wp-image-35210 lazyload\" src=\"data:image\/gif;base64,R0lGODlhAQABAAAAACH5BAEKAAEALAAAAAABAAEAAAICTAEAOw==\" \/><noscript><img decoding=\"async\" src=\"http:\/\/ondauno.com.ar\/wp-content\/uploads\/2022\/08\/97U6460_2.jpg\" alt=\"\" data-id=\"35210\" data-link=\"http:\/\/ondauno.com.ar\/?attachment_id=35210\" class=\"wp-image-35210\"\/><\/noscript><\/a><\/figure><\/li><li class=\"blocks-gallery-item\"><figure><a href=\"http:\/\/ondauno.com.ar\/wp-content\/uploads\/2022\/08\/97U6279_2.jpg\" rel=\"lightbox-1\"><img decoding=\"async\" data-src=\"http:\/\/ondauno.com.ar\/wp-content\/uploads\/2022\/08\/97U6279_2.jpg\" alt=\"\" data-id=\"35208\" data-link=\"http:\/\/ondauno.com.ar\/?attachment_id=35208\" class=\"wp-image-35208 lazyload\" src=\"data:image\/gif;base64,R0lGODlhAQABAAAAACH5BAEKAAEALAAAAAABAAEAAAICTAEAOw==\" \/><noscript><img decoding=\"async\" src=\"http:\/\/ondauno.com.ar\/wp-content\/uploads\/2022\/08\/97U6279_2.jpg\" alt=\"\" data-id=\"35208\" data-link=\"http:\/\/ondauno.com.ar\/?attachment_id=35208\" class=\"wp-image-35208\"\/><\/noscript><\/a><\/figure><\/li><li class=\"blocks-gallery-item\"><figure><a href=\"http:\/\/ondauno.com.ar\/wp-content\/uploads\/2022\/08\/IMG_20220804_105432660_2.jpg\" rel=\"lightbox-2\"><img decoding=\"async\" data-src=\"http:\/\/ondauno.com.ar\/wp-content\/uploads\/2022\/08\/IMG_20220804_105432660_2.jpg\" alt=\"\" data-id=\"35207\" data-link=\"http:\/\/ondauno.com.ar\/?attachment_id=35207\" class=\"wp-image-35207 lazyload\" src=\"data:image\/gif;base64,R0lGODlhAQABAAAAACH5BAEKAAEALAAAAAABAAEAAAICTAEAOw==\" \/><noscript><img decoding=\"async\" src=\"http:\/\/ondauno.com.ar\/wp-content\/uploads\/2022\/08\/IMG_20220804_105432660_2.jpg\" alt=\"\" data-id=\"35207\" data-link=\"http:\/\/ondauno.com.ar\/?attachment_id=35207\" class=\"wp-image-35207\"\/><\/noscript><\/a><\/figure><\/li><li class=\"blocks-gallery-item\"><figure><a href=\"http:\/\/ondauno.com.ar\/wp-content\/uploads\/2022\/08\/IMG_20220804_100308117_2.jpg\" rel=\"lightbox-3\"><img decoding=\"async\" data-src=\"http:\/\/ondauno.com.ar\/wp-content\/uploads\/2022\/08\/IMG_20220804_100308117_2.jpg\" alt=\"\" data-id=\"35206\" data-link=\"http:\/\/ondauno.com.ar\/?attachment_id=35206\" class=\"wp-image-35206 lazyload\" src=\"data:image\/gif;base64,R0lGODlhAQABAAAAACH5BAEKAAEALAAAAAABAAEAAAICTAEAOw==\" \/><noscript><img decoding=\"async\" src=\"http:\/\/ondauno.com.ar\/wp-content\/uploads\/2022\/08\/IMG_20220804_100308117_2.jpg\" alt=\"\" data-id=\"35206\" data-link=\"http:\/\/ondauno.com.ar\/?attachment_id=35206\" class=\"wp-image-35206\"\/><\/noscript><\/a><\/figure><\/li><\/ul>\n\n\n\n<p>En ese sentido, el Gobernador resalt\u00f3 que \u201ctrabajamos con un modelo de desarrollo que abarca a toda la Provincia, con el objeto de que todos los municipios ofrezcan mejores oportunidades para sus vecinos y vecinas\u201d. \u201cSe trata de profundizar la justicia social con m\u00e1s salud, educaci\u00f3n, caminos y obras de infraestructura que conviertan los sue\u00f1os en realidades\u201d, afirm\u00f3.<\/p>\n\n\n\n<p>La recategorizaci\u00f3n del hospital municipal significa que pasa a una mayor complejidad a partir de la ampliaci\u00f3n de su equipamiento: m\u00e1s camas de internaci\u00f3n general; unidad de terapia intensiva; dos quir\u00f3fanos, sala de partos y un \u00e1rea de esterilizaci\u00f3n; servicio de diagn\u00f3stico por im\u00e1genes, hemoterapia, medicina nuclear y anatom\u00eda patol\u00f3gica. El Hospital ya inaugur\u00f3 su \u00e1rea de oncolog\u00eda, que proyecta duplicarse, y posee un hogar geri\u00e1trico de alta complejidad con 29 camas.<\/p>\n\n\n\n<p>Por su parte, el intendente Santill\u00e1n remarc\u00f3: &#8220;Gracias al apoyo del Gobierno provincial, hemos obtenido la recategorizaci\u00f3n del hospital para que cuente con m\u00e1s y mejor tecnolog\u00eda, evitando que muchos pacientes tengan que trasladarse m\u00e1s de 240 kil\u00f3metros\u201d. \u201cEsto genera arraigo y mejores condiciones de vida en nuestro municipio\u201d, dijo.<\/p>\n\n\n\n<p>En tanto, Lasdica asegur\u00f3 que \u201ces un d\u00eda muy especial para todos nosotros porque la recategorizaci\u00f3n del hospital significa que habr\u00e1 m\u00e1s servicios de salud, seguridad y capacidad de atenci\u00f3n para asistir a todos los y las vecinas de Gonzales Chaves\u201d.<\/p>\n\n\n\n<p><br>Estuvieron presentes la ministra de Gobierno, Cristina \u00c1lvarez Rodr\u00edguez; su par de H\u00e1bitat y Desarrollo Urbano, Agust\u00edn Simone; el jefe de Asesores del Gobernador, Carlos Bianco; el senador provincial Alfredo Fisher; el diputado bonaerense Carlos Moreno; la legisladora Luc\u00eda Ia\u00f1ez; y los intendentes de Monte Hermoso, Marcos Fern\u00e1ndez; y de Laprida, Pablo Torres.<\/p>\n\n\n\n<p><\/p>\n","protected":false},"excerpt":{"rendered":"<p>El gobernador de la provincia de Buenos Aires, Axel Kicillof, encabez\u00f3 este jueves el acto de recategorizaci\u00f3n del Hospital Municipal \u201cAnita Eli\u00e7agaray\u201d de Adolfo Gonzales Chaves, que incorpor\u00f3 prestaciones de mayor complejidad. Fue junto al intendente local, Marcelo Santill\u00e1n; la subsecretaria de Gesti\u00f3n de la Informaci\u00f3n, Educaci\u00f3n Permanente y Fiscalizaci\u00f3n del Ministerio de Salud, Leticia [&hellip;]<\/p>\n","protected":false},"author":1,"featured_media":0,"comment_status":"open","ping_status":"open","sticky":false,"template":"","format":"standard","meta":{"tdm_status":"","tdm_grid_status":"","_jetpack_memberships_contains_paid_content":false,"footnotes":"","jetpack_publicize_message":"","jetpack_publicize_feature_enabled":true,"jetpack_social_post_already_shared":true,"jetpack_social_options":{"image_generator_settings":{"template":"highway","default_image_id":0,"font":"","enabled":false},"version":2}},"categories":[35],"tags":[],"class_list":{"0":"post-35200","1":"post","2":"type-post","3":"status-publish","4":"format-standard","6":"category-regionales"},"yoast_head":"<!-- This site is optimized with the Yoast SEO plugin v22.7 - https:\/\/yoast.com\/wordpress\/plugins\/seo\/ -->\n<title>Kicillof encabez\u00f3 el acto de recategorizaci\u00f3n del Hospital Municipal de Gonzales Chaves - 103.9 fm<\/title>\n<meta name=\"robots\" content=\"index, follow, max-snippet:-1, max-image-preview:large, max-video-preview:-1\" \/>\n<link rel=\"canonical\" href=\"https:\/\/ondauno.com.ar\/index.php\/2022\/08\/05\/kicillof-encabezo-el-acto-de-recategorizacion-del-hospital-municipal-de-gonzales-chaves\/\" \/>\n<meta property=\"og:locale\" content=\"es_ES\" \/>\n<meta property=\"og:type\" content=\"article\" \/>\n<meta property=\"og:title\" content=\"Kicillof encabez\u00f3 el acto de recategorizaci\u00f3n del Hospital Municipal de Gonzales Chaves - 103.9 fm\" \/>\n<meta property=\"og:description\" content=\"El gobernador de la provincia de Buenos Aires, Axel Kicillof, encabez\u00f3 este jueves el acto de recategorizaci\u00f3n del Hospital Municipal \u201cAnita Eli\u00e7agaray\u201d de Adolfo Gonzales Chaves, que incorpor\u00f3 prestaciones de mayor complejidad. Fue junto al intendente local, Marcelo Santill\u00e1n; la subsecretaria de Gesti\u00f3n de la Informaci\u00f3n, Educaci\u00f3n Permanente y Fiscalizaci\u00f3n del Ministerio de Salud, Leticia [&hellip;]\" \/>\n<meta property=\"og:url\" content=\"https:\/\/ondauno.com.ar\/index.php\/2022\/08\/05\/kicillof-encabezo-el-acto-de-recategorizacion-del-hospital-municipal-de-gonzales-chaves\/\" \/>\n<meta property=\"og:site_name\" content=\"103.9 fm\" \/>\n<meta property=\"article:publisher\" content=\"https:\/\/www.facebook.com\/ondauno103.9\" \/>\n<meta property=\"article:published_time\" content=\"2022-08-05T14:09:15+00:00\" \/>\n<meta property=\"article:modified_time\" content=\"2022-08-05T14:09:17+00:00\" \/>\n<meta property=\"og:image\" content=\"https:\/\/ondauno.com.ar\/wp-content\/uploads\/2022\/08\/97U6430_2.jpg\" \/>\n\t<meta property=\"og:image:width\" content=\"567\" \/>\n\t<meta property=\"og:image:height\" content=\"378\" \/>\n\t<meta property=\"og:image:type\" content=\"image\/jpeg\" \/>\n<meta name=\"author\" content=\"OndaUno\" \/>\n<meta name=\"twitter:card\" content=\"summary_large_image\" \/>\n<meta name=\"twitter:label1\" content=\"Escrito por\" \/>\n\t<meta name=\"twitter:data1\" content=\"OndaUno\" \/>\n\t<meta name=\"twitter:label2\" content=\"Tiempo de lectura\" \/>\n\t<meta name=\"twitter:data2\" content=\"2 minutos\" \/>\n<script type=\"application\/ld+json\" class=\"yoast-schema-graph\">{\"@context\":\"https:\/\/schema.org\",\"@graph\":[{\"@type\":\"WebPage\",\"@id\":\"https:\/\/ondauno.com.ar\/index.php\/2022\/08\/05\/kicillof-encabezo-el-acto-de-recategorizacion-del-hospital-municipal-de-gonzales-chaves\/\",\"url\":\"https:\/\/ondauno.com.ar\/index.php\/2022\/08\/05\/kicillof-encabezo-el-acto-de-recategorizacion-del-hospital-municipal-de-gonzales-chaves\/\",\"name\":\"Kicillof encabez\u00f3 el acto de recategorizaci\u00f3n del Hospital Municipal de Gonzales Chaves - 103.9 fm\",\"isPartOf\":{\"@id\":\"https:\/\/ondauno.com.ar\/#website\"},\"primaryImageOfPage\":{\"@id\":\"https:\/\/ondauno.com.ar\/index.php\/2022\/08\/05\/kicillof-encabezo-el-acto-de-recategorizacion-del-hospital-municipal-de-gonzales-chaves\/#primaryimage\"},\"image\":{\"@id\":\"https:\/\/ondauno.com.ar\/index.php\/2022\/08\/05\/kicillof-encabezo-el-acto-de-recategorizacion-del-hospital-municipal-de-gonzales-chaves\/#primaryimage\"},\"thumbnailUrl\":\"http:\/\/ondauno.com.ar\/wp-content\/uploads\/2022\/08\/97U6460_2.jpg\",\"datePublished\":\"2022-08-05T14:09:15+00:00\",\"dateModified\":\"2022-08-05T14:09:17+00:00\",\"author\":{\"@id\":\"https:\/\/ondauno.com.ar\/#\/schema\/person\/7ec851ddeceb4133d7d7132dc645714e\"},\"breadcrumb\":{\"@id\":\"https:\/\/ondauno.com.ar\/index.php\/2022\/08\/05\/kicillof-encabezo-el-acto-de-recategorizacion-del-hospital-municipal-de-gonzales-chaves\/#breadcrumb\"},\"inLanguage\":\"es-AR\",\"potentialAction\":[{\"@type\":\"ReadAction\",\"target\":[\"https:\/\/ondauno.com.ar\/index.php\/2022\/08\/05\/kicillof-encabezo-el-acto-de-recategorizacion-del-hospital-municipal-de-gonzales-chaves\/\"]}]},{\"@type\":\"ImageObject\",\"inLanguage\":\"es-AR\",\"@id\":\"https:\/\/ondauno.com.ar\/index.php\/2022\/08\/05\/kicillof-encabezo-el-acto-de-recategorizacion-del-hospital-municipal-de-gonzales-chaves\/#primaryimage\",\"url\":\"http:\/\/ondauno.com.ar\/wp-content\/uploads\/2022\/08\/97U6460_2.jpg\",\"contentUrl\":\"http:\/\/ondauno.com.ar\/wp-content\/uploads\/2022\/08\/97U6460_2.jpg\"},{\"@type\":\"BreadcrumbList\",\"@id\":\"https:\/\/ondauno.com.ar\/index.php\/2022\/08\/05\/kicillof-encabezo-el-acto-de-recategorizacion-del-hospital-municipal-de-gonzales-chaves\/#breadcrumb\",\"itemListElement\":[{\"@type\":\"ListItem\",\"position\":1,\"name\":\"Inicio\",\"item\":\"https:\/\/ondauno.com.ar\/\"},{\"@type\":\"ListItem\",\"position\":2,\"name\":\"Kicillof encabez\u00f3 el acto de recategorizaci\u00f3n del Hospital Municipal de Gonzales Chaves\"}]},{\"@type\":\"WebSite\",\"@id\":\"https:\/\/ondauno.com.ar\/#website\",\"url\":\"https:\/\/ondauno.com.ar\/\",\"name\":\"103.9 fm\",\"description\":\"LA PRIMERA RADIO MULTIMEDIA DE TRES ARROYOS\",\"potentialAction\":[{\"@type\":\"SearchAction\",\"target\":{\"@type\":\"EntryPoint\",\"urlTemplate\":\"https:\/\/ondauno.com.ar\/?s={search_term_string}\"},\"query-input\":\"required name=search_term_string\"}],\"inLanguage\":\"es-AR\"},{\"@type\":\"Person\",\"@id\":\"https:\/\/ondauno.com.ar\/#\/schema\/person\/7ec851ddeceb4133d7d7132dc645714e\",\"name\":\"OndaUno\",\"image\":{\"@type\":\"ImageObject\",\"inLanguage\":\"es-AR\",\"@id\":\"https:\/\/ondauno.com.ar\/#\/schema\/person\/image\/\",\"url\":\"https:\/\/secure.gravatar.com\/avatar\/93b8009f0de7021f1feb2bd5b32fb9e8?s=96&d=mm&r=g\",\"contentUrl\":\"https:\/\/secure.gravatar.com\/avatar\/93b8009f0de7021f1feb2bd5b32fb9e8?s=96&d=mm&r=g\",\"caption\":\"OndaUno\"},\"url\":\"https:\/\/ondauno.com.ar\/index.php\/author\/ondauno\/\"}]}<\/script>\n<!-- \/ Yoast SEO plugin. -->","yoast_head_json":{"title":"Kicillof encabez\u00f3 el acto de recategorizaci\u00f3n del Hospital Municipal de Gonzales Chaves - 103.9 fm","robots":{"index":"index","follow":"follow","max-snippet":"max-snippet:-1","max-image-preview":"max-image-preview:large","max-video-preview":"max-video-preview:-1"},"canonical":"https:\/\/ondauno.com.ar\/index.php\/2022\/08\/05\/kicillof-encabezo-el-acto-de-recategorizacion-del-hospital-municipal-de-gonzales-chaves\/","og_locale":"es_ES","og_type":"article","og_title":"Kicillof encabez\u00f3 el acto de recategorizaci\u00f3n del Hospital Municipal de Gonzales Chaves - 103.9 fm","og_description":"El gobernador de la provincia de Buenos Aires, Axel Kicillof, encabez\u00f3 este jueves el acto de recategorizaci\u00f3n del Hospital Municipal \u201cAnita Eli\u00e7agaray\u201d de Adolfo Gonzales Chaves, que incorpor\u00f3 prestaciones de mayor complejidad. Fue junto al intendente local, Marcelo Santill\u00e1n; la subsecretaria de Gesti\u00f3n de la Informaci\u00f3n, Educaci\u00f3n Permanente y Fiscalizaci\u00f3n del Ministerio de Salud, Leticia [&hellip;]","og_url":"https:\/\/ondauno.com.ar\/index.php\/2022\/08\/05\/kicillof-encabezo-el-acto-de-recategorizacion-del-hospital-municipal-de-gonzales-chaves\/","og_site_name":"103.9 fm","article_publisher":"https:\/\/www.facebook.com\/ondauno103.9","article_published_time":"2022-08-05T14:09:15+00:00","article_modified_time":"2022-08-05T14:09:17+00:00","og_image":[{"width":567,"height":378,"url":"https:\/\/ondauno.com.ar\/wp-content\/uploads\/2022\/08\/97U6430_2.jpg","type":"image\/jpeg"}],"author":"OndaUno","twitter_card":"summary_large_image","twitter_misc":{"Escrito por":"OndaUno","Tiempo de lectura":"2 minutos"},"schema":{"@context":"https:\/\/schema.org","@graph":[{"@type":"WebPage","@id":"https:\/\/ondauno.com.ar\/index.php\/2022\/08\/05\/kicillof-encabezo-el-acto-de-recategorizacion-del-hospital-municipal-de-gonzales-chaves\/","url":"https:\/\/ondauno.com.ar\/index.php\/2022\/08\/05\/kicillof-encabezo-el-acto-de-recategorizacion-del-hospital-municipal-de-gonzales-chaves\/","name":"Kicillof encabez\u00f3 el acto de recategorizaci\u00f3n del Hospital Municipal de Gonzales Chaves - 103.9 fm","isPartOf":{"@id":"https:\/\/ondauno.com.ar\/#website"},"primaryImageOfPage":{"@id":"https:\/\/ondauno.com.ar\/index.php\/2022\/08\/05\/kicillof-encabezo-el-acto-de-recategorizacion-del-hospital-municipal-de-gonzales-chaves\/#primaryimage"},"image":{"@id":"https:\/\/ondauno.com.ar\/index.php\/2022\/08\/05\/kicillof-encabezo-el-acto-de-recategorizacion-del-hospital-municipal-de-gonzales-chaves\/#primaryimage"},"thumbnailUrl":"http:\/\/ondauno.com.ar\/wp-content\/uploads\/2022\/08\/97U6460_2.jpg","datePublished":"2022-08-05T14:09:15+00:00","dateModified":"2022-08-05T14:09:17+00:00","author":{"@id":"https:\/\/ondauno.com.ar\/#\/schema\/person\/7ec851ddeceb4133d7d7132dc645714e"},"breadcrumb":{"@id":"https:\/\/ondauno.com.ar\/index.php\/2022\/08\/05\/kicillof-encabezo-el-acto-de-recategorizacion-del-hospital-municipal-de-gonzales-chaves\/#breadcrumb"},"inLanguage":"es-AR","potentialAction":[{"@type":"ReadAction","target":["https:\/\/ondauno.com.ar\/index.php\/2022\/08\/05\/kicillof-encabezo-el-acto-de-recategorizacion-del-hospital-municipal-de-gonzales-chaves\/"]}]},{"@type":"ImageObject","inLanguage":"es-AR","@id":"https:\/\/ondauno.com.ar\/index.php\/2022\/08\/05\/kicillof-encabezo-el-acto-de-recategorizacion-del-hospital-municipal-de-gonzales-chaves\/#primaryimage","url":"http:\/\/ondauno.com.ar\/wp-content\/uploads\/2022\/08\/97U6460_2.jpg","contentUrl":"http:\/\/ondauno.com.ar\/wp-content\/uploads\/2022\/08\/97U6460_2.jpg"},{"@type":"BreadcrumbList","@id":"https:\/\/ondauno.com.ar\/index.php\/2022\/08\/05\/kicillof-encabezo-el-acto-de-recategorizacion-del-hospital-municipal-de-gonzales-chaves\/#breadcrumb","itemListElement":[{"@type":"ListItem","position":1,"name":"Inicio","item":"https:\/\/ondauno.com.ar\/"},{"@type":"ListItem","position":2,"name":"Kicillof encabez\u00f3 el acto de recategorizaci\u00f3n del Hospital Municipal de Gonzales Chaves"}]},{"@type":"WebSite","@id":"https:\/\/ondauno.com.ar\/#website","url":"https:\/\/ondauno.com.ar\/","name":"103.9 fm","description":"LA PRIMERA RADIO MULTIMEDIA DE TRES ARROYOS","potentialAction":[{"@type":"SearchAction","target":{"@type":"EntryPoint","urlTemplate":"https:\/\/ondauno.com.ar\/?s={search_term_string}"},"query-input":"required name=search_term_string"}],"inLanguage":"es-AR"},{"@type":"Person","@id":"https:\/\/ondauno.com.ar\/#\/schema\/person\/7ec851ddeceb4133d7d7132dc645714e","name":"OndaUno","image":{"@type":"ImageObject","inLanguage":"es-AR","@id":"https:\/\/ondauno.com.ar\/#\/schema\/person\/image\/","url":"https:\/\/secure.gravatar.com\/avatar\/93b8009f0de7021f1feb2bd5b32fb9e8?s=96&d=mm&r=g","contentUrl":"https:\/\/secure.gravatar.com\/avatar\/93b8009f0de7021f1feb2bd5b32fb9e8?s=96&d=mm&r=g","caption":"OndaUno"},"url":"https:\/\/ondauno.com.ar\/index.php\/author\/ondauno\/"}]}},"jetpack_publicize_connections":[],"jetpack_featured_media_url":"","jetpack_sharing_enabled":true,"_links":{"self":[{"href":"https:\/\/ondauno.com.ar\/index.php\/wp-json\/wp\/v2\/posts\/35200","targetHints":{"allow":["GET"]}}],"collection":[{"href":"https:\/\/ondauno.com.ar\/index.php\/wp-json\/wp\/v2\/posts"}],"about":[{"href":"https:\/\/ondauno.com.ar\/index.php\/wp-json\/wp\/v2\/types\/post"}],"author":[{"embeddable":true,"href":"https:\/\/ondauno.com.ar\/index.php\/wp-json\/wp\/v2\/users\/1"}],"replies":[{"embeddable":true,"href":"https:\/\/ondauno.com.ar\/index.php\/wp-json\/wp\/v2\/comments?post=35200"}],"version-history":[{"count":0,"href":"https:\/\/ondauno.com.ar\/index.php\/wp-json\/wp\/v2\/posts\/35200\/revisions"}],"wp:attachment":[{"href":"https:\/\/ondauno.com.ar\/index.php\/wp-json\/wp\/v2\/media?parent=35200"}],"wp:term":[{"taxonomy":"category","embeddable":true,"href":"https:\/\/ondauno.com.ar\/index.php\/wp-json\/wp\/v2\/categories?post=35200"},{"taxonomy":"post_tag","embeddable":true,"href":"https:\/\/ondauno.com.ar\/index.php\/wp-json\/wp\/v2\/tags?post=35200"}],"curies":[{"name":"wp","href":"https:\/\/api.w.org\/{rel}","templated":true}]}}