{"id":34569,"date":"2022-07-05T14:14:43","date_gmt":"2022-07-05T17:14:43","guid":{"rendered":"http:\/\/ondauno.com.ar\/?p=34569"},"modified":"2022-07-05T14:14:44","modified_gmt":"2022-07-05T17:14:44","slug":"carlos-aguirre-quinteto-en-tres-arroyos","status":"publish","type":"post","link":"https:\/\/ondauno.com.ar\/index.php\/2022\/07\/05\/carlos-aguirre-quinteto-en-tres-arroyos\/","title":{"rendered":"Carlos Aguirre Quinteto en Tres Arroyos"},"content":{"rendered":"<div class=\"ondau-before-content_3\" style=\"margin-top: -30px;\" id=\"ondau-1555060741\"><a href=\"https:\/\/www.lps.com.ar\/\" aria-label=\"la-perse2\"><img loading=\"lazy\" decoding=\"async\" src=\"https:\/\/ondauno.com.ar\/wp-content\/uploads\/2021\/10\/la-perse2.jpg\" alt=\"\"  srcset=\"https:\/\/ondauno.com.ar\/wp-content\/uploads\/2021\/10\/la-perse2.jpg 1353w, https:\/\/ondauno.com.ar\/wp-content\/uploads\/2021\/10\/la-perse2-300x43.jpg 300w, https:\/\/ondauno.com.ar\/wp-content\/uploads\/2021\/10\/la-perse2-1024x148.jpg 1024w, https:\/\/ondauno.com.ar\/wp-content\/uploads\/2021\/10\/la-perse2-768x111.jpg 768w, https:\/\/ondauno.com.ar\/wp-content\/uploads\/2021\/10\/la-perse2-696x100.jpg 696w, https:\/\/ondauno.com.ar\/wp-content\/uploads\/2021\/10\/la-perse2-1068x154.jpg 1068w\" sizes=\"(max-width: 1353px) 100vw, 1353px\" class=\"no-lazyload\" width=\"1353\" height=\"195\"  style=\"display: inline-block;\" \/><\/a><\/div>\n<p>Carlos \u201cNegro\u201d Aguirre &nbsp;estar\u00e1 en Tres Arroyos presentando su nuevo\nmaterial discogr\u00e1fico <strong>\u201cVa siendo tiempo\u201d,\n<\/strong>con el<strong> &nbsp;Carlos Aguirre Quinteto<\/strong>, un proyecto\nmusical centrado en la guitarra. <\/p>\n\n\n\n<p>El quinteto realizar\u00e1 un concierto el <strong>domingo 17 de Julio<\/strong> a las<strong> 19<\/strong> horas en la Sala de la Fundaci\u00f3n\nCampano, calle Hip\u00f3lito Yrigoyen 252. <\/p>\n\n\n\n<p>Las entradas anticipadas tendr\u00e1n un valor de $1000 y se podr\u00e1n adquirir en la Biblioteca Campano, librer\u00eda \u201cLos 7 Locos\u201d o comunic\u00e1ndose al 2983 464991. En puerta el valor ser\u00e1 de $1200.<\/p>\n\n\n\n<figure class=\"wp-block-image\"><img decoding=\"async\" data-src=\"http:\/\/ondauno.com.ar\/wp-content\/uploads\/2022\/07\/WhatsApp-Image-2022-07-05-at-11.53.52-AM-576x1024.jpeg\" alt=\"\" class=\"wp-image-34571 lazyload\" src=\"data:image\/gif;base64,R0lGODlhAQABAAAAACH5BAEKAAEALAAAAAABAAEAAAICTAEAOw==\" style=\"--smush-placeholder-width: 576px; --smush-placeholder-aspect-ratio: 576\/1024;\" \/><noscript><img decoding=\"async\" src=\"http:\/\/ondauno.com.ar\/wp-content\/uploads\/2022\/07\/WhatsApp-Image-2022-07-05-at-11.53.52-AM-576x1024.jpeg\" alt=\"\" class=\"wp-image-34571\"\/><\/noscript><\/figure>\n\n\n\n<p>A tres a\u00f1os de lanzar&nbsp; <strong>\u201cLa\nm\u00fasica del agua<\/strong>\u201d(2019), \u00e1lbum para el que escribi\u00f3 arreglos sobre\ncomposiciones de diversos autores que trabajaron sobre m\u00fasicas del litoral y el\nposterior CD <strong>\u201cEn el jard\u00edn\u201d<\/strong>(2020) a\nd\u00fao junto al guitarrista israel\u00ed Yotam Silberstein con composiciones de ambos,\nel m\u00fasico entrerriano presenta su nuevo registro discogr\u00e1fico, <strong>\u201cVa siendo tiempo\u201d<\/strong> (editado por el\nsello Shagrada Medra). Esta vez en formato de Quinteto de Guitarras y haciendo\nhincapi\u00e9 en m\u00fasicas de su autor\u00eda. <\/p>\n\n\n\n<p>El <strong>Carlos\nAguirre Quinteto<\/strong> est\u00e1 conformado por Luis Medina (SantaFe), Mauricio\nLaferrara (Entre R\u00edos), Sebasti\u00e1n Narv\u00e1ez (Mendoza),&nbsp; Mauro Leyes (Entre R\u00edos) y&nbsp; Carlos Aguirre (Entre R\u00edos). <\/p>\n\n\n\n<p>Dice Carlos Aguirre<em>: \u201cEn 2017 convoqu\u00e9 a queridos amigos guitarristas con la idea de\nconstituir este laboratorio con el que ten\u00eda muchas ganas de evocar algunas\nsonoridades que siempre me impactaron con relaci\u00f3n a los grupos de guitarras en\nnuestro folclore.<\/em><\/p>\n\n\n\n<p><em>Al comienzo\nechamos mano a temas que compuse para \u00e1lbumes anteriores, reversion\u00e1ndolos,\nrepens\u00e1ndolos y us\u00e1ndolos como excusa para ensayar abordajes de los arreglos\npropios a esta instrumentaci\u00f3n. Una vez que tuvimos un \u2018men\u00fa\u2019 de recursos que\nsurgieron de numerosos encuentros, sin ning\u00fan tipo de apuro por un resultado o\npor salir a tocar, vino una nueva etapa. <\/em><\/p>\n\n\n\n<p><em>La idea\nentonces fue iniciar el proceso de gestaci\u00f3n de una serie de nuevas piezas para\neste formato a la luz de todo el sedimento que gener\u00f3 la tarea anterior de\nlaboratorio. Esperaba a mis compa\u00f1eros con peque\u00f1os bocetos que desarrollaba en\nlos ensayos, cambiando todo el tiempo la informaci\u00f3n para una y otra guitarra\nhasta dar con la sonoridad buscada y recibiendo sus apreciaciones y aportes\npara terminar de dar forma a cada secci\u00f3n.<\/em><\/p>\n\n\n\n<p><em>Finalmente,\nal cabo de todos esos a\u00f1os, nos dimos cuenta de que ten\u00edamos un repertorio\nnuevo y que naci\u00f3 espec\u00edficamente para este proyecto, y surgi\u00f3 ah\u00ed la\niniciativa de dejar un registro de todo ese trabajo.<\/em><\/p>\n\n\n\n<p><em>En el\ntranscurso de este tiempo fue surgiendo la necesidad de ampliar la t\u00edmbrica del\ngrupo y paulatinamente se agregaron otros instrumentos de la familia de las\ncuerdas pulsadas: guitarra p\u00edccolo, guitarr\u00f3n, guitarra bajo y mandolina.\nTambi\u00e9n, y a la hora de interpretar varios ritmos del Litoral, nos gust\u00f3 la\nidea de incorporar el acorde\u00f3n\u201d.<\/em><\/p>\n\n\n\n<p>El \u00e1lbum incluye trece composiciones basadas en\ndiferentes especies musicales del folclore argentino: Va siendo tiempo(Carlos\nAguirre), Siempre azul (Carlos Aguirre), Color despedida (Carlos Aguirre), Los\namores de Cabr\u00e9 (Enrique Hidalgo), Chaya errante (Carlos Aguirre), Zamba de los\nalmacenes (Carlos Aguirre), Nini (Carlos Aguirre), Don \u00c1ngel Borda (Carlos\nAguirre), Siesta de domingo (Carlos Aguirre), A gatas (Carlos Aguirre), Camino\na Puerto Alvear (Carlos Aguirre), Puerto Soledad (L:Henry Mart\u00ednez-M: Carlos\nAguirre) y Canci\u00f3n por Santiago (Carlos Aguirre).&nbsp; Al respecto agrega Carlos: \u201cLas composiciones\nque integran este \u00e1lbum est\u00e1n enmarcadas, en su gran mayor\u00eda, en ritmos\nfolcl\u00f3ricos argentinos. Hay tantos temas instrumentales como canciones con\nletras propias sobre tem\u00e1ticas sobre las que quise escribir desde hace un\ntiempo y que implicaron una investigaci\u00f3n que dio origen a una serie de\nentrevistas a personas vinculadas a cada historia y una nutrida bibliograf\u00eda en\nla que fui abrevando de modo tal de tener la mayor intimidad con los escenarios\nque pretend\u00eda reflejar en los poemas. En una de las canciones tuve la dicha de\ncontar con el poema de un querido y admirado cantautor venezolano, Henry\nMart\u00ednez. \u00c9l trabaj\u00f3 sobre una melod\u00eda que le envi\u00e9 y un sue\u00f1o que quise\ncompartirle ya que hab\u00eda sido el que gener\u00f3 esa pieza instrumental con\nintenciones de transformarse en una canci\u00f3n. Quisimos versionar una canci\u00f3n\nvenezolana que nos gusta mucho y es la \u00fanica obra de otro compositor que\nincluimos en este CD. Se trata de \u2018Los amores de Cabr\u00e9\u2019 de Enrique Hidalgo\u201d. <\/p>\n\n\n\n<p><strong>FICHA T\u00c9CNICA<\/strong><\/p>\n\n\n\n<p>Grabaci\u00f3n:<\/p>\n\n\n\n<p>Entre febrero y septiembre de 2021 <\/p>\n\n\n\n<p>Estudio La Playa, t\u00e9cnico Eduardo Vilar, Paran\u00e1<\/p>\n\n\n\n<p>Estudio El muelle, t\u00e9cnico Sebasti\u00e1n Narv\u00e1ez, Paran\u00e1<\/p>\n\n\n\n<p>Edici\u00f3n:<\/p>\n\n\n\n<p>Estudio El muelle, t\u00e9cnico Sebasti\u00e1n Narv\u00e1ez, Paran\u00e1<\/p>\n\n\n\n<p>Estudio El mangrullo, t\u00e9cnico Luis Medina, Santa Fe<\/p>\n\n\n\n<p>Mezcla y masterizaci\u00f3n: <\/p>\n\n\n\n<p>Estudio La casa del Tano, t\u00e9cnico Gustavo Bruno,\nMendoza<\/p>\n\n\n\n<p>Dise\u00f1o gr\u00e1fico: Mart\u00edn Aguilini<\/p>\n\n\n\n<p>Fotograf\u00edas: Carlos Aguirre<\/p>\n\n\n\n<p>Este disco se\ngrab\u00f3, edit\u00f3, mezcl\u00f3 y masteriz\u00f3 entre febrero de 2021 hasta febrero de 2022.<\/p>\n","protected":false},"excerpt":{"rendered":"<p>Carlos \u201cNegro\u201d Aguirre &nbsp;estar\u00e1 en Tres Arroyos presentando su nuevo material discogr\u00e1fico \u201cVa siendo tiempo\u201d, con el &nbsp;Carlos Aguirre Quinteto, un proyecto musical centrado en la guitarra. El quinteto realizar\u00e1 un concierto el domingo 17 de Julio a las 19 horas en la Sala de la Fundaci\u00f3n Campano, calle Hip\u00f3lito Yrigoyen 252. Las entradas anticipadas [&hellip;]<\/p>\n","protected":false},"author":1,"featured_media":0,"comment_status":"open","ping_status":"open","sticky":false,"template":"","format":"standard","meta":{"tdm_status":"","tdm_grid_status":"","_jetpack_memberships_contains_paid_content":false,"footnotes":"","jetpack_publicize_message":"","jetpack_publicize_feature_enabled":true,"jetpack_social_post_already_shared":true,"jetpack_social_options":{"image_generator_settings":{"template":"highway","default_image_id":0,"font":"","enabled":false},"version":2}},"categories":[2],"tags":[],"class_list":{"0":"post-34569","1":"post","2":"type-post","3":"status-publish","4":"format-standard","6":"category-locales"},"yoast_head":"<!-- This site is optimized with the Yoast SEO plugin v22.7 - https:\/\/yoast.com\/wordpress\/plugins\/seo\/ -->\n<title>Carlos Aguirre Quinteto en Tres Arroyos - 103.9 fm<\/title>\n<meta name=\"robots\" content=\"index, follow, max-snippet:-1, max-image-preview:large, max-video-preview:-1\" \/>\n<link rel=\"canonical\" href=\"https:\/\/ondauno.com.ar\/index.php\/2022\/07\/05\/carlos-aguirre-quinteto-en-tres-arroyos\/\" \/>\n<meta property=\"og:locale\" content=\"es_ES\" \/>\n<meta property=\"og:type\" content=\"article\" \/>\n<meta property=\"og:title\" content=\"Carlos Aguirre Quinteto en Tres Arroyos - 103.9 fm\" \/>\n<meta property=\"og:description\" content=\"Carlos \u201cNegro\u201d Aguirre &nbsp;estar\u00e1 en Tres Arroyos presentando su nuevo material discogr\u00e1fico \u201cVa siendo tiempo\u201d, con el &nbsp;Carlos Aguirre Quinteto, un proyecto musical centrado en la guitarra. El quinteto realizar\u00e1 un concierto el domingo 17 de Julio a las 19 horas en la Sala de la Fundaci\u00f3n Campano, calle Hip\u00f3lito Yrigoyen 252. Las entradas anticipadas [&hellip;]\" \/>\n<meta property=\"og:url\" content=\"https:\/\/ondauno.com.ar\/index.php\/2022\/07\/05\/carlos-aguirre-quinteto-en-tres-arroyos\/\" \/>\n<meta property=\"og:site_name\" content=\"103.9 fm\" \/>\n<meta property=\"article:publisher\" content=\"https:\/\/www.facebook.com\/ondauno103.9\" \/>\n<meta property=\"article:published_time\" content=\"2022-07-05T17:14:43+00:00\" \/>\n<meta property=\"article:modified_time\" content=\"2022-07-05T17:14:44+00:00\" \/>\n<meta property=\"og:image\" content=\"https:\/\/ondauno.com.ar\/wp-content\/uploads\/2022\/07\/WhatsApp-Image-2022-07-05-at-11.53.53-AM.jpeg\" \/>\n\t<meta property=\"og:image:width\" content=\"1280\" \/>\n\t<meta property=\"og:image:height\" content=\"854\" \/>\n\t<meta property=\"og:image:type\" content=\"image\/jpeg\" \/>\n<meta name=\"author\" content=\"OndaUno\" \/>\n<meta name=\"twitter:card\" content=\"summary_large_image\" \/>\n<meta name=\"twitter:label1\" content=\"Escrito por\" \/>\n\t<meta name=\"twitter:data1\" content=\"OndaUno\" \/>\n\t<meta name=\"twitter:label2\" content=\"Tiempo de lectura\" \/>\n\t<meta name=\"twitter:data2\" content=\"4 minutos\" \/>\n<script type=\"application\/ld+json\" class=\"yoast-schema-graph\">{\"@context\":\"https:\/\/schema.org\",\"@graph\":[{\"@type\":\"WebPage\",\"@id\":\"https:\/\/ondauno.com.ar\/index.php\/2022\/07\/05\/carlos-aguirre-quinteto-en-tres-arroyos\/\",\"url\":\"https:\/\/ondauno.com.ar\/index.php\/2022\/07\/05\/carlos-aguirre-quinteto-en-tres-arroyos\/\",\"name\":\"Carlos Aguirre Quinteto en Tres Arroyos - 103.9 fm\",\"isPartOf\":{\"@id\":\"https:\/\/ondauno.com.ar\/#website\"},\"primaryImageOfPage\":{\"@id\":\"https:\/\/ondauno.com.ar\/index.php\/2022\/07\/05\/carlos-aguirre-quinteto-en-tres-arroyos\/#primaryimage\"},\"image\":{\"@id\":\"https:\/\/ondauno.com.ar\/index.php\/2022\/07\/05\/carlos-aguirre-quinteto-en-tres-arroyos\/#primaryimage\"},\"thumbnailUrl\":\"http:\/\/ondauno.com.ar\/wp-content\/uploads\/2022\/07\/WhatsApp-Image-2022-07-05-at-11.53.52-AM-576x1024.jpeg\",\"datePublished\":\"2022-07-05T17:14:43+00:00\",\"dateModified\":\"2022-07-05T17:14:44+00:00\",\"author\":{\"@id\":\"https:\/\/ondauno.com.ar\/#\/schema\/person\/7ec851ddeceb4133d7d7132dc645714e\"},\"breadcrumb\":{\"@id\":\"https:\/\/ondauno.com.ar\/index.php\/2022\/07\/05\/carlos-aguirre-quinteto-en-tres-arroyos\/#breadcrumb\"},\"inLanguage\":\"es-AR\",\"potentialAction\":[{\"@type\":\"ReadAction\",\"target\":[\"https:\/\/ondauno.com.ar\/index.php\/2022\/07\/05\/carlos-aguirre-quinteto-en-tres-arroyos\/\"]}]},{\"@type\":\"ImageObject\",\"inLanguage\":\"es-AR\",\"@id\":\"https:\/\/ondauno.com.ar\/index.php\/2022\/07\/05\/carlos-aguirre-quinteto-en-tres-arroyos\/#primaryimage\",\"url\":\"\",\"contentUrl\":\"\"},{\"@type\":\"BreadcrumbList\",\"@id\":\"https:\/\/ondauno.com.ar\/index.php\/2022\/07\/05\/carlos-aguirre-quinteto-en-tres-arroyos\/#breadcrumb\",\"itemListElement\":[{\"@type\":\"ListItem\",\"position\":1,\"name\":\"Inicio\",\"item\":\"https:\/\/ondauno.com.ar\/\"},{\"@type\":\"ListItem\",\"position\":2,\"name\":\"Carlos Aguirre Quinteto en Tres Arroyos\"}]},{\"@type\":\"WebSite\",\"@id\":\"https:\/\/ondauno.com.ar\/#website\",\"url\":\"https:\/\/ondauno.com.ar\/\",\"name\":\"103.9 fm\",\"description\":\"LA PRIMERA RADIO MULTIMEDIA DE TRES ARROYOS\",\"potentialAction\":[{\"@type\":\"SearchAction\",\"target\":{\"@type\":\"EntryPoint\",\"urlTemplate\":\"https:\/\/ondauno.com.ar\/?s={search_term_string}\"},\"query-input\":\"required name=search_term_string\"}],\"inLanguage\":\"es-AR\"},{\"@type\":\"Person\",\"@id\":\"https:\/\/ondauno.com.ar\/#\/schema\/person\/7ec851ddeceb4133d7d7132dc645714e\",\"name\":\"OndaUno\",\"image\":{\"@type\":\"ImageObject\",\"inLanguage\":\"es-AR\",\"@id\":\"https:\/\/ondauno.com.ar\/#\/schema\/person\/image\/\",\"url\":\"https:\/\/secure.gravatar.com\/avatar\/93b8009f0de7021f1feb2bd5b32fb9e8?s=96&d=mm&r=g\",\"contentUrl\":\"https:\/\/secure.gravatar.com\/avatar\/93b8009f0de7021f1feb2bd5b32fb9e8?s=96&d=mm&r=g\",\"caption\":\"OndaUno\"},\"url\":\"https:\/\/ondauno.com.ar\/index.php\/author\/ondauno\/\"}]}<\/script>\n<!-- \/ Yoast SEO plugin. -->","yoast_head_json":{"title":"Carlos Aguirre Quinteto en Tres Arroyos - 103.9 fm","robots":{"index":"index","follow":"follow","max-snippet":"max-snippet:-1","max-image-preview":"max-image-preview:large","max-video-preview":"max-video-preview:-1"},"canonical":"https:\/\/ondauno.com.ar\/index.php\/2022\/07\/05\/carlos-aguirre-quinteto-en-tres-arroyos\/","og_locale":"es_ES","og_type":"article","og_title":"Carlos Aguirre Quinteto en Tres Arroyos - 103.9 fm","og_description":"Carlos \u201cNegro\u201d Aguirre &nbsp;estar\u00e1 en Tres Arroyos presentando su nuevo material discogr\u00e1fico \u201cVa siendo tiempo\u201d, con el &nbsp;Carlos Aguirre Quinteto, un proyecto musical centrado en la guitarra. El quinteto realizar\u00e1 un concierto el domingo 17 de Julio a las 19 horas en la Sala de la Fundaci\u00f3n Campano, calle Hip\u00f3lito Yrigoyen 252. Las entradas anticipadas [&hellip;]","og_url":"https:\/\/ondauno.com.ar\/index.php\/2022\/07\/05\/carlos-aguirre-quinteto-en-tres-arroyos\/","og_site_name":"103.9 fm","article_publisher":"https:\/\/www.facebook.com\/ondauno103.9","article_published_time":"2022-07-05T17:14:43+00:00","article_modified_time":"2022-07-05T17:14:44+00:00","og_image":[{"width":1280,"height":854,"url":"https:\/\/ondauno.com.ar\/wp-content\/uploads\/2022\/07\/WhatsApp-Image-2022-07-05-at-11.53.53-AM.jpeg","type":"image\/jpeg"}],"author":"OndaUno","twitter_card":"summary_large_image","twitter_misc":{"Escrito por":"OndaUno","Tiempo de lectura":"4 minutos"},"schema":{"@context":"https:\/\/schema.org","@graph":[{"@type":"WebPage","@id":"https:\/\/ondauno.com.ar\/index.php\/2022\/07\/05\/carlos-aguirre-quinteto-en-tres-arroyos\/","url":"https:\/\/ondauno.com.ar\/index.php\/2022\/07\/05\/carlos-aguirre-quinteto-en-tres-arroyos\/","name":"Carlos Aguirre Quinteto en Tres Arroyos - 103.9 fm","isPartOf":{"@id":"https:\/\/ondauno.com.ar\/#website"},"primaryImageOfPage":{"@id":"https:\/\/ondauno.com.ar\/index.php\/2022\/07\/05\/carlos-aguirre-quinteto-en-tres-arroyos\/#primaryimage"},"image":{"@id":"https:\/\/ondauno.com.ar\/index.php\/2022\/07\/05\/carlos-aguirre-quinteto-en-tres-arroyos\/#primaryimage"},"thumbnailUrl":"http:\/\/ondauno.com.ar\/wp-content\/uploads\/2022\/07\/WhatsApp-Image-2022-07-05-at-11.53.52-AM-576x1024.jpeg","datePublished":"2022-07-05T17:14:43+00:00","dateModified":"2022-07-05T17:14:44+00:00","author":{"@id":"https:\/\/ondauno.com.ar\/#\/schema\/person\/7ec851ddeceb4133d7d7132dc645714e"},"breadcrumb":{"@id":"https:\/\/ondauno.com.ar\/index.php\/2022\/07\/05\/carlos-aguirre-quinteto-en-tres-arroyos\/#breadcrumb"},"inLanguage":"es-AR","potentialAction":[{"@type":"ReadAction","target":["https:\/\/ondauno.com.ar\/index.php\/2022\/07\/05\/carlos-aguirre-quinteto-en-tres-arroyos\/"]}]},{"@type":"ImageObject","inLanguage":"es-AR","@id":"https:\/\/ondauno.com.ar\/index.php\/2022\/07\/05\/carlos-aguirre-quinteto-en-tres-arroyos\/#primaryimage","url":"","contentUrl":""},{"@type":"BreadcrumbList","@id":"https:\/\/ondauno.com.ar\/index.php\/2022\/07\/05\/carlos-aguirre-quinteto-en-tres-arroyos\/#breadcrumb","itemListElement":[{"@type":"ListItem","position":1,"name":"Inicio","item":"https:\/\/ondauno.com.ar\/"},{"@type":"ListItem","position":2,"name":"Carlos Aguirre Quinteto en Tres Arroyos"}]},{"@type":"WebSite","@id":"https:\/\/ondauno.com.ar\/#website","url":"https:\/\/ondauno.com.ar\/","name":"103.9 fm","description":"LA PRIMERA RADIO MULTIMEDIA DE TRES ARROYOS","potentialAction":[{"@type":"SearchAction","target":{"@type":"EntryPoint","urlTemplate":"https:\/\/ondauno.com.ar\/?s={search_term_string}"},"query-input":"required name=search_term_string"}],"inLanguage":"es-AR"},{"@type":"Person","@id":"https:\/\/ondauno.com.ar\/#\/schema\/person\/7ec851ddeceb4133d7d7132dc645714e","name":"OndaUno","image":{"@type":"ImageObject","inLanguage":"es-AR","@id":"https:\/\/ondauno.com.ar\/#\/schema\/person\/image\/","url":"https:\/\/secure.gravatar.com\/avatar\/93b8009f0de7021f1feb2bd5b32fb9e8?s=96&d=mm&r=g","contentUrl":"https:\/\/secure.gravatar.com\/avatar\/93b8009f0de7021f1feb2bd5b32fb9e8?s=96&d=mm&r=g","caption":"OndaUno"},"url":"https:\/\/ondauno.com.ar\/index.php\/author\/ondauno\/"}]}},"jetpack_publicize_connections":[],"jetpack_featured_media_url":"","jetpack_sharing_enabled":true,"_links":{"self":[{"href":"https:\/\/ondauno.com.ar\/index.php\/wp-json\/wp\/v2\/posts\/34569","targetHints":{"allow":["GET"]}}],"collection":[{"href":"https:\/\/ondauno.com.ar\/index.php\/wp-json\/wp\/v2\/posts"}],"about":[{"href":"https:\/\/ondauno.com.ar\/index.php\/wp-json\/wp\/v2\/types\/post"}],"author":[{"embeddable":true,"href":"https:\/\/ondauno.com.ar\/index.php\/wp-json\/wp\/v2\/users\/1"}],"replies":[{"embeddable":true,"href":"https:\/\/ondauno.com.ar\/index.php\/wp-json\/wp\/v2\/comments?post=34569"}],"version-history":[{"count":0,"href":"https:\/\/ondauno.com.ar\/index.php\/wp-json\/wp\/v2\/posts\/34569\/revisions"}],"wp:attachment":[{"href":"https:\/\/ondauno.com.ar\/index.php\/wp-json\/wp\/v2\/media?parent=34569"}],"wp:term":[{"taxonomy":"category","embeddable":true,"href":"https:\/\/ondauno.com.ar\/index.php\/wp-json\/wp\/v2\/categories?post=34569"},{"taxonomy":"post_tag","embeddable":true,"href":"https:\/\/ondauno.com.ar\/index.php\/wp-json\/wp\/v2\/tags?post=34569"}],"curies":[{"name":"wp","href":"https:\/\/api.w.org\/{rel}","templated":true}]}}