{"id":34151,"date":"2022-06-19T01:48:03","date_gmt":"2022-06-19T04:48:03","guid":{"rendered":"https:\/\/ondauno.com.ar\/?p=34151"},"modified":"2022-06-19T02:02:50","modified_gmt":"2022-06-19T05:02:50","slug":"un-trasladado-al-hospital-tras-accidente-de-transito","status":"publish","type":"post","link":"https:\/\/ondauno.com.ar\/index.php\/2022\/06\/19\/un-trasladado-al-hospital-tras-accidente-de-transito\/","title":{"rendered":"Un trasladado al hospital tras accidente de tr\u00e1nsito"},"content":{"rendered":"<div class=\"ondau-before-content_3\" style=\"margin-top: -30px;\" id=\"ondau-2091550051\"><a href=\"https:\/\/www.lps.com.ar\/\" aria-label=\"la-perse2\"><img loading=\"lazy\" decoding=\"async\" src=\"https:\/\/ondauno.com.ar\/wp-content\/uploads\/2021\/10\/la-perse2.jpg\" alt=\"\"  srcset=\"https:\/\/ondauno.com.ar\/wp-content\/uploads\/2021\/10\/la-perse2.jpg 1353w, https:\/\/ondauno.com.ar\/wp-content\/uploads\/2021\/10\/la-perse2-300x43.jpg 300w, https:\/\/ondauno.com.ar\/wp-content\/uploads\/2021\/10\/la-perse2-1024x148.jpg 1024w, https:\/\/ondauno.com.ar\/wp-content\/uploads\/2021\/10\/la-perse2-768x111.jpg 768w, https:\/\/ondauno.com.ar\/wp-content\/uploads\/2021\/10\/la-perse2-696x100.jpg 696w, https:\/\/ondauno.com.ar\/wp-content\/uploads\/2021\/10\/la-perse2-1068x154.jpg 1068w\" sizes=\"(max-width: 1353px) 100vw, 1353px\" class=\"no-lazyload\" width=\"1353\" height=\"195\"  style=\"display: inline-block;\" \/><\/a><\/div>\n<p>Aproximadamente a la 1 de la madrugada de este domingo, se produjo un accidente de tr\u00e1nsito en la intersecci\u00f3n de Av. Moreno y calle Roca.<\/p>\n\n\n\n<p><br>Por causas que a\u00fan se investigan un VW Gol color azul oscuro que circulaba por la arteria mayor de manera descendente, colision\u00f3 con una Toyota SW4 de color blanca que cruzaba desde Lavalle a calle Roca.<\/p>\n\n\n\n<figure class=\"wp-block-gallery has-nested-images columns-default is-cropped wp-block-gallery-1 is-layout-flex wp-block-gallery-is-layout-flex\">\n<figure class=\"wp-block-image\"><img decoding=\"async\" data-id=\"34149\" data-src=\"https:\/\/ondauno.com.ar\/wp-content\/uploads\/2022\/06\/IMG_20220619_010932.jpg\" alt=\"\" class=\"wp-image-34149 lazyload\" src=\"data:image\/gif;base64,R0lGODlhAQABAAAAACH5BAEKAAEALAAAAAABAAEAAAICTAEAOw==\" \/><noscript><img decoding=\"async\" data-id=\"34149\" src=\"https:\/\/ondauno.com.ar\/wp-content\/uploads\/2022\/06\/IMG_20220619_010932.jpg\" alt=\"\" class=\"wp-image-34149\"\/><\/noscript><\/figure>\n\n\n\n<figure class=\"wp-block-image\"><img decoding=\"async\" data-id=\"34145\" data-src=\"https:\/\/ondauno.com.ar\/wp-content\/uploads\/2022\/06\/IMG_20220619_010953.jpg\" alt=\"\" class=\"wp-image-34145 lazyload\" src=\"data:image\/gif;base64,R0lGODlhAQABAAAAACH5BAEKAAEALAAAAAABAAEAAAICTAEAOw==\" \/><noscript><img decoding=\"async\" data-id=\"34145\" src=\"https:\/\/ondauno.com.ar\/wp-content\/uploads\/2022\/06\/IMG_20220619_010953.jpg\" alt=\"\" class=\"wp-image-34145\"\/><\/noscript><\/figure>\n\n\n\n<figure class=\"wp-block-image\"><img decoding=\"async\" data-id=\"34148\" data-src=\"https:\/\/ondauno.com.ar\/wp-content\/uploads\/2022\/06\/IMG_20220619_010956.jpg\" alt=\"\" class=\"wp-image-34148 lazyload\" src=\"data:image\/gif;base64,R0lGODlhAQABAAAAACH5BAEKAAEALAAAAAABAAEAAAICTAEAOw==\" \/><noscript><img decoding=\"async\" data-id=\"34148\" src=\"https:\/\/ondauno.com.ar\/wp-content\/uploads\/2022\/06\/IMG_20220619_010956.jpg\" alt=\"\" class=\"wp-image-34148\"\/><\/noscript><\/figure>\n\n\n\n<figure class=\"wp-block-image\"><img decoding=\"async\" data-id=\"34147\" data-src=\"https:\/\/ondauno.com.ar\/wp-content\/uploads\/2022\/06\/IMG_20220619_011006.jpg\" alt=\"\" class=\"wp-image-34147 lazyload\" src=\"data:image\/gif;base64,R0lGODlhAQABAAAAACH5BAEKAAEALAAAAAABAAEAAAICTAEAOw==\" \/><noscript><img decoding=\"async\" data-id=\"34147\" src=\"https:\/\/ondauno.com.ar\/wp-content\/uploads\/2022\/06\/IMG_20220619_011006.jpg\" alt=\"\" class=\"wp-image-34147\"\/><\/noscript><\/figure>\n\n\n\n<figure class=\"wp-block-image\"><img decoding=\"async\" data-id=\"34150\" data-src=\"https:\/\/ondauno.com.ar\/wp-content\/uploads\/2022\/06\/IMG_20220619_011023.jpg\" alt=\"\" class=\"wp-image-34150 lazyload\" src=\"data:image\/gif;base64,R0lGODlhAQABAAAAACH5BAEKAAEALAAAAAABAAEAAAICTAEAOw==\" \/><noscript><img decoding=\"async\" data-id=\"34150\" src=\"https:\/\/ondauno.com.ar\/wp-content\/uploads\/2022\/06\/IMG_20220619_011023.jpg\" alt=\"\" class=\"wp-image-34150\"\/><\/noscript><\/figure>\n\n\n\n<figure class=\"wp-block-image\"><img decoding=\"async\" data-id=\"34146\" data-src=\"https:\/\/ondauno.com.ar\/wp-content\/uploads\/2022\/06\/IMG_20220619_011245.jpg\" alt=\"\" class=\"wp-image-34146 lazyload\" src=\"data:image\/gif;base64,R0lGODlhAQABAAAAACH5BAEKAAEALAAAAAABAAEAAAICTAEAOw==\" \/><noscript><img decoding=\"async\" data-id=\"34146\" src=\"https:\/\/ondauno.com.ar\/wp-content\/uploads\/2022\/06\/IMG_20220619_011245.jpg\" alt=\"\" class=\"wp-image-34146\"\/><\/noscript><\/figure>\n<\/figure>\n\n\n\n<p><br>Como consecuencia del impacto hubo que lamentar importantes da\u00f1os materiales en el veh\u00edculo de menor porte y un joven que circulaba como acompa\u00f1ante en el Gol debi\u00f3 ser trasladado al centro de salud por los golpes sufridos en el impacto, que si bien no revest\u00edan gravedad, fue trasladado para un control de rutina.<\/p>\n\n\n\n<p><br>Trabajo en el lugar personal de la Polic\u00eda comunal, personal de tr\u00e1nsito, y la.ambulancia del hospital Pirovano<\/p>\n","protected":false},"excerpt":{"rendered":"<p>Aproximadamente a la 1 de la madrugada de este domingo, se produjo un accidente de tr\u00e1nsito en la intersecci\u00f3n de Av. Moreno y calle Roca. Por causas que a\u00fan se investigan un VW Gol color azul oscuro que circulaba por la arteria mayor de manera descendente, colision\u00f3 con una Toyota SW4 de color blanca que [&hellip;]<\/p>\n","protected":false},"author":1,"featured_media":45248,"comment_status":"open","ping_status":"open","sticky":false,"template":"","format":"standard","meta":{"tdm_status":"","tdm_grid_status":"","_jetpack_memberships_contains_paid_content":false,"footnotes":"","jetpack_publicize_message":"","jetpack_publicize_feature_enabled":true,"jetpack_social_post_already_shared":true,"jetpack_social_options":{"image_generator_settings":{"template":"highway","default_image_id":0,"font":"","enabled":false},"version":2}},"categories":[29],"tags":[],"class_list":{"0":"post-34151","1":"post","2":"type-post","3":"status-publish","4":"format-standard","5":"has-post-thumbnail","7":"category-policiales"},"yoast_head":"<!-- This site is optimized with the Yoast SEO plugin v22.7 - https:\/\/yoast.com\/wordpress\/plugins\/seo\/ -->\n<title>Un trasladado al hospital tras accidente de tr\u00e1nsito - 103.9 fm<\/title>\n<meta name=\"robots\" content=\"index, follow, max-snippet:-1, max-image-preview:large, max-video-preview:-1\" \/>\n<link rel=\"canonical\" href=\"https:\/\/ondauno.com.ar\/index.php\/2022\/06\/19\/un-trasladado-al-hospital-tras-accidente-de-transito\/\" \/>\n<meta property=\"og:locale\" content=\"es_ES\" \/>\n<meta property=\"og:type\" content=\"article\" \/>\n<meta property=\"og:title\" content=\"Un trasladado al hospital tras accidente de tr\u00e1nsito - 103.9 fm\" \/>\n<meta property=\"og:description\" content=\"Aproximadamente a la 1 de la madrugada de este domingo, se produjo un accidente de tr\u00e1nsito en la intersecci\u00f3n de Av. Moreno y calle Roca. Por causas que a\u00fan se investigan un VW Gol color azul oscuro que circulaba por la arteria mayor de manera descendente, colision\u00f3 con una Toyota SW4 de color blanca que [&hellip;]\" \/>\n<meta property=\"og:url\" content=\"https:\/\/ondauno.com.ar\/index.php\/2022\/06\/19\/un-trasladado-al-hospital-tras-accidente-de-transito\/\" \/>\n<meta property=\"og:site_name\" content=\"103.9 fm\" \/>\n<meta property=\"article:publisher\" content=\"https:\/\/www.facebook.com\/ondauno103.9\" \/>\n<meta property=\"article:published_time\" content=\"2022-06-19T04:48:03+00:00\" \/>\n<meta property=\"article:modified_time\" content=\"2022-06-19T05:02:50+00:00\" \/>\n<meta property=\"og:image\" content=\"https:\/\/ondauno.com.ar\/wp-content\/uploads\/2024\/03\/logo-jpg.jpg\" \/>\n\t<meta property=\"og:image:width\" content=\"336\" \/>\n\t<meta property=\"og:image:height\" content=\"292\" \/>\n\t<meta property=\"og:image:type\" content=\"image\/jpeg\" \/>\n<meta name=\"author\" content=\"OndaUno\" \/>\n<meta name=\"twitter:card\" content=\"summary_large_image\" \/>\n<meta name=\"twitter:label1\" content=\"Escrito por\" \/>\n\t<meta name=\"twitter:data1\" content=\"OndaUno\" \/>\n\t<meta name=\"twitter:label2\" content=\"Tiempo de lectura\" \/>\n\t<meta name=\"twitter:data2\" content=\"1 minuto\" \/>\n<script type=\"application\/ld+json\" class=\"yoast-schema-graph\">{\"@context\":\"https:\/\/schema.org\",\"@graph\":[{\"@type\":\"WebPage\",\"@id\":\"https:\/\/ondauno.com.ar\/index.php\/2022\/06\/19\/un-trasladado-al-hospital-tras-accidente-de-transito\/\",\"url\":\"https:\/\/ondauno.com.ar\/index.php\/2022\/06\/19\/un-trasladado-al-hospital-tras-accidente-de-transito\/\",\"name\":\"Un trasladado al hospital tras accidente de tr\u00e1nsito - 103.9 fm\",\"isPartOf\":{\"@id\":\"https:\/\/ondauno.com.ar\/#website\"},\"primaryImageOfPage\":{\"@id\":\"https:\/\/ondauno.com.ar\/index.php\/2022\/06\/19\/un-trasladado-al-hospital-tras-accidente-de-transito\/#primaryimage\"},\"image\":{\"@id\":\"https:\/\/ondauno.com.ar\/index.php\/2022\/06\/19\/un-trasladado-al-hospital-tras-accidente-de-transito\/#primaryimage\"},\"thumbnailUrl\":\"https:\/\/ondauno.com.ar\/wp-content\/uploads\/2024\/03\/logo-jpg.jpg\",\"datePublished\":\"2022-06-19T04:48:03+00:00\",\"dateModified\":\"2022-06-19T05:02:50+00:00\",\"author\":{\"@id\":\"https:\/\/ondauno.com.ar\/#\/schema\/person\/7ec851ddeceb4133d7d7132dc645714e\"},\"breadcrumb\":{\"@id\":\"https:\/\/ondauno.com.ar\/index.php\/2022\/06\/19\/un-trasladado-al-hospital-tras-accidente-de-transito\/#breadcrumb\"},\"inLanguage\":\"es-AR\",\"potentialAction\":[{\"@type\":\"ReadAction\",\"target\":[\"https:\/\/ondauno.com.ar\/index.php\/2022\/06\/19\/un-trasladado-al-hospital-tras-accidente-de-transito\/\"]}]},{\"@type\":\"ImageObject\",\"inLanguage\":\"es-AR\",\"@id\":\"https:\/\/ondauno.com.ar\/index.php\/2022\/06\/19\/un-trasladado-al-hospital-tras-accidente-de-transito\/#primaryimage\",\"url\":\"https:\/\/ondauno.com.ar\/wp-content\/uploads\/2024\/03\/logo-jpg.jpg\",\"contentUrl\":\"https:\/\/ondauno.com.ar\/wp-content\/uploads\/2024\/03\/logo-jpg.jpg\",\"width\":336,\"height\":292},{\"@type\":\"BreadcrumbList\",\"@id\":\"https:\/\/ondauno.com.ar\/index.php\/2022\/06\/19\/un-trasladado-al-hospital-tras-accidente-de-transito\/#breadcrumb\",\"itemListElement\":[{\"@type\":\"ListItem\",\"position\":1,\"name\":\"Inicio\",\"item\":\"https:\/\/ondauno.com.ar\/\"},{\"@type\":\"ListItem\",\"position\":2,\"name\":\"Un trasladado al hospital tras accidente de tr\u00e1nsito\"}]},{\"@type\":\"WebSite\",\"@id\":\"https:\/\/ondauno.com.ar\/#website\",\"url\":\"https:\/\/ondauno.com.ar\/\",\"name\":\"103.9 fm\",\"description\":\"LA PRIMERA RADIO MULTIMEDIA DE TRES ARROYOS\",\"potentialAction\":[{\"@type\":\"SearchAction\",\"target\":{\"@type\":\"EntryPoint\",\"urlTemplate\":\"https:\/\/ondauno.com.ar\/?s={search_term_string}\"},\"query-input\":\"required name=search_term_string\"}],\"inLanguage\":\"es-AR\"},{\"@type\":\"Person\",\"@id\":\"https:\/\/ondauno.com.ar\/#\/schema\/person\/7ec851ddeceb4133d7d7132dc645714e\",\"name\":\"OndaUno\",\"image\":{\"@type\":\"ImageObject\",\"inLanguage\":\"es-AR\",\"@id\":\"https:\/\/ondauno.com.ar\/#\/schema\/person\/image\/\",\"url\":\"https:\/\/secure.gravatar.com\/avatar\/93b8009f0de7021f1feb2bd5b32fb9e8?s=96&d=mm&r=g\",\"contentUrl\":\"https:\/\/secure.gravatar.com\/avatar\/93b8009f0de7021f1feb2bd5b32fb9e8?s=96&d=mm&r=g\",\"caption\":\"OndaUno\"},\"url\":\"https:\/\/ondauno.com.ar\/index.php\/author\/ondauno\/\"}]}<\/script>\n<!-- \/ Yoast SEO plugin. -->","yoast_head_json":{"title":"Un trasladado al hospital tras accidente de tr\u00e1nsito - 103.9 fm","robots":{"index":"index","follow":"follow","max-snippet":"max-snippet:-1","max-image-preview":"max-image-preview:large","max-video-preview":"max-video-preview:-1"},"canonical":"https:\/\/ondauno.com.ar\/index.php\/2022\/06\/19\/un-trasladado-al-hospital-tras-accidente-de-transito\/","og_locale":"es_ES","og_type":"article","og_title":"Un trasladado al hospital tras accidente de tr\u00e1nsito - 103.9 fm","og_description":"Aproximadamente a la 1 de la madrugada de este domingo, se produjo un accidente de tr\u00e1nsito en la intersecci\u00f3n de Av. Moreno y calle Roca. Por causas que a\u00fan se investigan un VW Gol color azul oscuro que circulaba por la arteria mayor de manera descendente, colision\u00f3 con una Toyota SW4 de color blanca que [&hellip;]","og_url":"https:\/\/ondauno.com.ar\/index.php\/2022\/06\/19\/un-trasladado-al-hospital-tras-accidente-de-transito\/","og_site_name":"103.9 fm","article_publisher":"https:\/\/www.facebook.com\/ondauno103.9","article_published_time":"2022-06-19T04:48:03+00:00","article_modified_time":"2022-06-19T05:02:50+00:00","og_image":[{"width":336,"height":292,"url":"https:\/\/ondauno.com.ar\/wp-content\/uploads\/2024\/03\/logo-jpg.jpg","type":"image\/jpeg"}],"author":"OndaUno","twitter_card":"summary_large_image","twitter_misc":{"Escrito por":"OndaUno","Tiempo de lectura":"1 minuto"},"schema":{"@context":"https:\/\/schema.org","@graph":[{"@type":"WebPage","@id":"https:\/\/ondauno.com.ar\/index.php\/2022\/06\/19\/un-trasladado-al-hospital-tras-accidente-de-transito\/","url":"https:\/\/ondauno.com.ar\/index.php\/2022\/06\/19\/un-trasladado-al-hospital-tras-accidente-de-transito\/","name":"Un trasladado al hospital tras accidente de tr\u00e1nsito - 103.9 fm","isPartOf":{"@id":"https:\/\/ondauno.com.ar\/#website"},"primaryImageOfPage":{"@id":"https:\/\/ondauno.com.ar\/index.php\/2022\/06\/19\/un-trasladado-al-hospital-tras-accidente-de-transito\/#primaryimage"},"image":{"@id":"https:\/\/ondauno.com.ar\/index.php\/2022\/06\/19\/un-trasladado-al-hospital-tras-accidente-de-transito\/#primaryimage"},"thumbnailUrl":"https:\/\/ondauno.com.ar\/wp-content\/uploads\/2024\/03\/logo-jpg.jpg","datePublished":"2022-06-19T04:48:03+00:00","dateModified":"2022-06-19T05:02:50+00:00","author":{"@id":"https:\/\/ondauno.com.ar\/#\/schema\/person\/7ec851ddeceb4133d7d7132dc645714e"},"breadcrumb":{"@id":"https:\/\/ondauno.com.ar\/index.php\/2022\/06\/19\/un-trasladado-al-hospital-tras-accidente-de-transito\/#breadcrumb"},"inLanguage":"es-AR","potentialAction":[{"@type":"ReadAction","target":["https:\/\/ondauno.com.ar\/index.php\/2022\/06\/19\/un-trasladado-al-hospital-tras-accidente-de-transito\/"]}]},{"@type":"ImageObject","inLanguage":"es-AR","@id":"https:\/\/ondauno.com.ar\/index.php\/2022\/06\/19\/un-trasladado-al-hospital-tras-accidente-de-transito\/#primaryimage","url":"https:\/\/ondauno.com.ar\/wp-content\/uploads\/2024\/03\/logo-jpg.jpg","contentUrl":"https:\/\/ondauno.com.ar\/wp-content\/uploads\/2024\/03\/logo-jpg.jpg","width":336,"height":292},{"@type":"BreadcrumbList","@id":"https:\/\/ondauno.com.ar\/index.php\/2022\/06\/19\/un-trasladado-al-hospital-tras-accidente-de-transito\/#breadcrumb","itemListElement":[{"@type":"ListItem","position":1,"name":"Inicio","item":"https:\/\/ondauno.com.ar\/"},{"@type":"ListItem","position":2,"name":"Un trasladado al hospital tras accidente de tr\u00e1nsito"}]},{"@type":"WebSite","@id":"https:\/\/ondauno.com.ar\/#website","url":"https:\/\/ondauno.com.ar\/","name":"103.9 fm","description":"LA PRIMERA RADIO MULTIMEDIA DE TRES ARROYOS","potentialAction":[{"@type":"SearchAction","target":{"@type":"EntryPoint","urlTemplate":"https:\/\/ondauno.com.ar\/?s={search_term_string}"},"query-input":"required name=search_term_string"}],"inLanguage":"es-AR"},{"@type":"Person","@id":"https:\/\/ondauno.com.ar\/#\/schema\/person\/7ec851ddeceb4133d7d7132dc645714e","name":"OndaUno","image":{"@type":"ImageObject","inLanguage":"es-AR","@id":"https:\/\/ondauno.com.ar\/#\/schema\/person\/image\/","url":"https:\/\/secure.gravatar.com\/avatar\/93b8009f0de7021f1feb2bd5b32fb9e8?s=96&d=mm&r=g","contentUrl":"https:\/\/secure.gravatar.com\/avatar\/93b8009f0de7021f1feb2bd5b32fb9e8?s=96&d=mm&r=g","caption":"OndaUno"},"url":"https:\/\/ondauno.com.ar\/index.php\/author\/ondauno\/"}]}},"jetpack_publicize_connections":[],"jetpack_featured_media_url":"https:\/\/ondauno.com.ar\/wp-content\/uploads\/2024\/03\/logo-jpg.jpg","jetpack_sharing_enabled":true,"_links":{"self":[{"href":"https:\/\/ondauno.com.ar\/index.php\/wp-json\/wp\/v2\/posts\/34151","targetHints":{"allow":["GET"]}}],"collection":[{"href":"https:\/\/ondauno.com.ar\/index.php\/wp-json\/wp\/v2\/posts"}],"about":[{"href":"https:\/\/ondauno.com.ar\/index.php\/wp-json\/wp\/v2\/types\/post"}],"author":[{"embeddable":true,"href":"https:\/\/ondauno.com.ar\/index.php\/wp-json\/wp\/v2\/users\/1"}],"replies":[{"embeddable":true,"href":"https:\/\/ondauno.com.ar\/index.php\/wp-json\/wp\/v2\/comments?post=34151"}],"version-history":[{"count":0,"href":"https:\/\/ondauno.com.ar\/index.php\/wp-json\/wp\/v2\/posts\/34151\/revisions"}],"wp:featuredmedia":[{"embeddable":true,"href":"https:\/\/ondauno.com.ar\/index.php\/wp-json\/wp\/v2\/media\/45248"}],"wp:attachment":[{"href":"https:\/\/ondauno.com.ar\/index.php\/wp-json\/wp\/v2\/media?parent=34151"}],"wp:term":[{"taxonomy":"category","embeddable":true,"href":"https:\/\/ondauno.com.ar\/index.php\/wp-json\/wp\/v2\/categories?post=34151"},{"taxonomy":"post_tag","embeddable":true,"href":"https:\/\/ondauno.com.ar\/index.php\/wp-json\/wp\/v2\/tags?post=34151"}],"curies":[{"name":"wp","href":"https:\/\/api.w.org\/{rel}","templated":true}]}}