{"id":34058,"date":"2022-06-13T22:43:07","date_gmt":"2022-06-14T01:43:07","guid":{"rendered":"http:\/\/ondauno.com.ar\/?p=34058"},"modified":"2022-06-13T22:43:08","modified_gmt":"2022-06-14T01:43:08","slug":"trybuchowuicz-hemos-perdido-el-50-por-ciento-de-nuestras-playas-en-los-ultimos-20-anos","status":"publish","type":"post","link":"https:\/\/ondauno.com.ar\/index.php\/2022\/06\/13\/trybuchowuicz-hemos-perdido-el-50-por-ciento-de-nuestras-playas-en-los-ultimos-20-anos\/","title":{"rendered":"Trybuchowuicz: &#8220;Hemos perdido el 50 por ciento de nuestras playas, en los \u00faltimos 20 a\u00f1os&#8221;"},"content":{"rendered":"<div class=\"ondau-before-content_3\" style=\"margin-top: -30px;\" id=\"ondau-496421144\"><a href=\"https:\/\/www.lps.com.ar\/\" aria-label=\"la-perse2\"><img loading=\"lazy\" decoding=\"async\" src=\"https:\/\/ondauno.com.ar\/wp-content\/uploads\/2021\/10\/la-perse2.jpg\" alt=\"\"  srcset=\"https:\/\/ondauno.com.ar\/wp-content\/uploads\/2021\/10\/la-perse2.jpg 1353w, https:\/\/ondauno.com.ar\/wp-content\/uploads\/2021\/10\/la-perse2-300x43.jpg 300w, https:\/\/ondauno.com.ar\/wp-content\/uploads\/2021\/10\/la-perse2-1024x148.jpg 1024w, https:\/\/ondauno.com.ar\/wp-content\/uploads\/2021\/10\/la-perse2-768x111.jpg 768w, https:\/\/ondauno.com.ar\/wp-content\/uploads\/2021\/10\/la-perse2-696x100.jpg 696w, https:\/\/ondauno.com.ar\/wp-content\/uploads\/2021\/10\/la-perse2-1068x154.jpg 1068w\" sizes=\"(max-width: 1353px) 100vw, 1353px\" class=\"no-lazyload\" width=\"1353\" height=\"195\"  style=\"display: inline-block;\" \/><\/a><\/div>\n<p><strong><em>Alejandro Trybuchowuicz en Cosas que pasan<\/em><\/strong><\/p>\n\n\n\n<p>El director de Turismo, Alejandro Trybuchowuicz pas\u00f3 por Cosas que pasan d\u00f3nde dej\u00f3 expuesta su preocupaci\u00f3n por los efectos de la reciente marejada, que gener\u00f3 la aparici\u00f3n de nuevas piedras en la desembocadura del arroyo Claromec\u00f3.<\/p>\n\n\n\n<p>Tambi\u00e9n anunci\u00f3 que la secretar\u00eda de Obras P\u00fablicas elabora el llamado para el concurso de ideas para la construcci\u00f3n del parador \u00fanico, y confirm\u00f3 que no estuvo presente en la reuni\u00f3n de municipios con la Comarca del R\u00edo Quequ\u00e9n Salado, aunque apoya el trabajo que se impulsa.<\/p>\n\n\n\n<p>Asimismo el responsable de las pol\u00edticas tur\u00edsticas tresarroyenses dijo que pidi\u00f3 al Dr en Geolog\u00eda de Costas, Federico Isla, un informa de situaci\u00f3n sobre erosi\u00f3n costera, pensado en llevar adelante pol\u00edticas para los pr\u00f3ximos diez o quince a\u00f1os, sin comprometer futuras inversiones como por ejemplo nuevos paradores.<\/p>\n\n\n\n<p>Dijo adem\u00e1s &#8220;algo se tiene que armar&#8221; para la nueva edici\u00f3n de la fiesta de la primavera.<\/p>\n\n\n\n<figure class=\"wp-block-image\"><img loading=\"lazy\" decoding=\"async\" width=\"1024\" height=\"161\" data-src=\"http:\/\/ondauno.com.ar\/wp-content\/uploads\/2022\/03\/Escucha-la-nota1-1024x161.jpg\" alt=\"\" class=\"wp-image-32072 lazyload\" data-srcset=\"https:\/\/ondauno.com.ar\/wp-content\/uploads\/2022\/03\/Escucha-la-nota1-1024x161.jpg 1024w, https:\/\/ondauno.com.ar\/wp-content\/uploads\/2022\/03\/Escucha-la-nota1-300x47.jpg 300w, https:\/\/ondauno.com.ar\/wp-content\/uploads\/2022\/03\/Escucha-la-nota1-768x121.jpg 768w, https:\/\/ondauno.com.ar\/wp-content\/uploads\/2022\/03\/Escucha-la-nota1-696x110.jpg 696w, https:\/\/ondauno.com.ar\/wp-content\/uploads\/2022\/03\/Escucha-la-nota1-1068x168.jpg 1068w, https:\/\/ondauno.com.ar\/wp-content\/uploads\/2022\/03\/Escucha-la-nota1-1920x302.jpg 1920w\" data-sizes=\"auto, (max-width: 1024px) 100vw, 1024px\" src=\"data:image\/gif;base64,R0lGODlhAQABAAAAACH5BAEKAAEALAAAAAABAAEAAAICTAEAOw==\" style=\"--smush-placeholder-width: 1024px; --smush-placeholder-aspect-ratio: 1024\/161;\" \/><noscript><img loading=\"lazy\" decoding=\"async\" width=\"1024\" height=\"161\" src=\"http:\/\/ondauno.com.ar\/wp-content\/uploads\/2022\/03\/Escucha-la-nota1-1024x161.jpg\" alt=\"\" class=\"wp-image-32072\" srcset=\"https:\/\/ondauno.com.ar\/wp-content\/uploads\/2022\/03\/Escucha-la-nota1-1024x161.jpg 1024w, https:\/\/ondauno.com.ar\/wp-content\/uploads\/2022\/03\/Escucha-la-nota1-300x47.jpg 300w, https:\/\/ondauno.com.ar\/wp-content\/uploads\/2022\/03\/Escucha-la-nota1-768x121.jpg 768w, https:\/\/ondauno.com.ar\/wp-content\/uploads\/2022\/03\/Escucha-la-nota1-696x110.jpg 696w, https:\/\/ondauno.com.ar\/wp-content\/uploads\/2022\/03\/Escucha-la-nota1-1068x168.jpg 1068w, https:\/\/ondauno.com.ar\/wp-content\/uploads\/2022\/03\/Escucha-la-nota1-1920x302.jpg 1920w\" sizes=\"auto, (max-width: 1024px) 100vw, 1024px\" \/><\/noscript><\/figure>\n\n\n\n<figure><iframe loading=\"lazy\" data-src=\"https:\/\/www.facebook.com\/plugins\/video.php?height=314&amp;href=https%3A%2F%2Fwww.facebook.com%2Fondauno103.9%2Fvideos%2F444757127488228%2F&amp;show_text=false&amp;width=560&amp;t=0\" width=\"560\" height=\"314\" allowfullscreen=\"true\" src=\"data:image\/gif;base64,R0lGODlhAQABAAAAACH5BAEKAAEALAAAAAABAAEAAAICTAEAOw==\" class=\"lazyload\" data-load-mode=\"1\"><\/iframe><\/figure>\n","protected":false},"excerpt":{"rendered":"<p>Alejandro Trybuchowuicz en Cosas que pasan El director de Turismo, Alejandro Trybuchowuicz pas\u00f3 por Cosas que pasan d\u00f3nde dej\u00f3 expuesta su preocupaci\u00f3n por los efectos de la reciente marejada, que gener\u00f3 la aparici\u00f3n de nuevas piedras en la desembocadura del arroyo Claromec\u00f3. Tambi\u00e9n anunci\u00f3 que la secretar\u00eda de Obras P\u00fablicas elabora el llamado para el [&hellip;]<\/p>\n","protected":false},"author":1,"featured_media":34059,"comment_status":"open","ping_status":"open","sticky":false,"template":"","format":"standard","meta":{"tdm_status":"","tdm_grid_status":"","_jetpack_memberships_contains_paid_content":false,"footnotes":"","jetpack_publicize_message":"","jetpack_publicize_feature_enabled":true,"jetpack_social_post_already_shared":true,"jetpack_social_options":{"image_generator_settings":{"template":"highway","default_image_id":0,"font":"","enabled":false},"version":2}},"categories":[2],"tags":[],"class_list":{"0":"post-34058","1":"post","2":"type-post","3":"status-publish","4":"format-standard","5":"has-post-thumbnail","7":"category-locales"},"yoast_head":"<!-- This site is optimized with the Yoast SEO plugin v22.7 - https:\/\/yoast.com\/wordpress\/plugins\/seo\/ -->\n<title>Trybuchowuicz: &quot;Hemos perdido el 50 por ciento de nuestras playas, en los \u00faltimos 20 a\u00f1os&quot; - 103.9 fm<\/title>\n<meta name=\"robots\" content=\"index, follow, max-snippet:-1, max-image-preview:large, max-video-preview:-1\" \/>\n<link rel=\"canonical\" href=\"https:\/\/ondauno.com.ar\/index.php\/2022\/06\/13\/trybuchowuicz-hemos-perdido-el-50-por-ciento-de-nuestras-playas-en-los-ultimos-20-anos\/\" \/>\n<meta property=\"og:locale\" content=\"es_ES\" \/>\n<meta property=\"og:type\" content=\"article\" \/>\n<meta property=\"og:title\" content=\"Trybuchowuicz: &quot;Hemos perdido el 50 por ciento de nuestras playas, en los \u00faltimos 20 a\u00f1os&quot; - 103.9 fm\" \/>\n<meta property=\"og:description\" content=\"Alejandro Trybuchowuicz en Cosas que pasan El director de Turismo, Alejandro Trybuchowuicz pas\u00f3 por Cosas que pasan d\u00f3nde dej\u00f3 expuesta su preocupaci\u00f3n por los efectos de la reciente marejada, que gener\u00f3 la aparici\u00f3n de nuevas piedras en la desembocadura del arroyo Claromec\u00f3. Tambi\u00e9n anunci\u00f3 que la secretar\u00eda de Obras P\u00fablicas elabora el llamado para el [&hellip;]\" \/>\n<meta property=\"og:url\" content=\"https:\/\/ondauno.com.ar\/index.php\/2022\/06\/13\/trybuchowuicz-hemos-perdido-el-50-por-ciento-de-nuestras-playas-en-los-ultimos-20-anos\/\" \/>\n<meta property=\"og:site_name\" content=\"103.9 fm\" \/>\n<meta property=\"article:publisher\" content=\"https:\/\/www.facebook.com\/ondauno103.9\" \/>\n<meta property=\"article:published_time\" content=\"2022-06-14T01:43:07+00:00\" \/>\n<meta property=\"article:modified_time\" content=\"2022-06-14T01:43:08+00:00\" \/>\n<meta property=\"og:image\" content=\"https:\/\/ondauno.com.ar\/wp-content\/uploads\/2022\/06\/Trybuchowuicz.jpeg\" \/>\n\t<meta property=\"og:image:width\" content=\"1600\" \/>\n\t<meta property=\"og:image:height\" content=\"1200\" \/>\n\t<meta property=\"og:image:type\" content=\"image\/jpeg\" \/>\n<meta name=\"author\" content=\"OndaUno\" \/>\n<meta name=\"twitter:card\" content=\"summary_large_image\" \/>\n<meta name=\"twitter:label1\" content=\"Escrito por\" \/>\n\t<meta name=\"twitter:data1\" content=\"OndaUno\" \/>\n\t<meta name=\"twitter:label2\" content=\"Tiempo de lectura\" \/>\n\t<meta name=\"twitter:data2\" content=\"1 minuto\" \/>\n<script type=\"application\/ld+json\" class=\"yoast-schema-graph\">{\"@context\":\"https:\/\/schema.org\",\"@graph\":[{\"@type\":\"WebPage\",\"@id\":\"https:\/\/ondauno.com.ar\/index.php\/2022\/06\/13\/trybuchowuicz-hemos-perdido-el-50-por-ciento-de-nuestras-playas-en-los-ultimos-20-anos\/\",\"url\":\"https:\/\/ondauno.com.ar\/index.php\/2022\/06\/13\/trybuchowuicz-hemos-perdido-el-50-por-ciento-de-nuestras-playas-en-los-ultimos-20-anos\/\",\"name\":\"Trybuchowuicz: \\\"Hemos perdido el 50 por ciento de nuestras playas, en los \u00faltimos 20 a\u00f1os\\\" - 103.9 fm\",\"isPartOf\":{\"@id\":\"https:\/\/ondauno.com.ar\/#website\"},\"primaryImageOfPage\":{\"@id\":\"https:\/\/ondauno.com.ar\/index.php\/2022\/06\/13\/trybuchowuicz-hemos-perdido-el-50-por-ciento-de-nuestras-playas-en-los-ultimos-20-anos\/#primaryimage\"},\"image\":{\"@id\":\"https:\/\/ondauno.com.ar\/index.php\/2022\/06\/13\/trybuchowuicz-hemos-perdido-el-50-por-ciento-de-nuestras-playas-en-los-ultimos-20-anos\/#primaryimage\"},\"thumbnailUrl\":\"https:\/\/ondauno.com.ar\/wp-content\/uploads\/2022\/06\/Trybuchowuicz.jpeg\",\"datePublished\":\"2022-06-14T01:43:07+00:00\",\"dateModified\":\"2022-06-14T01:43:08+00:00\",\"author\":{\"@id\":\"https:\/\/ondauno.com.ar\/#\/schema\/person\/7ec851ddeceb4133d7d7132dc645714e\"},\"breadcrumb\":{\"@id\":\"https:\/\/ondauno.com.ar\/index.php\/2022\/06\/13\/trybuchowuicz-hemos-perdido-el-50-por-ciento-de-nuestras-playas-en-los-ultimos-20-anos\/#breadcrumb\"},\"inLanguage\":\"es-AR\",\"potentialAction\":[{\"@type\":\"ReadAction\",\"target\":[\"https:\/\/ondauno.com.ar\/index.php\/2022\/06\/13\/trybuchowuicz-hemos-perdido-el-50-por-ciento-de-nuestras-playas-en-los-ultimos-20-anos\/\"]}]},{\"@type\":\"ImageObject\",\"inLanguage\":\"es-AR\",\"@id\":\"https:\/\/ondauno.com.ar\/index.php\/2022\/06\/13\/trybuchowuicz-hemos-perdido-el-50-por-ciento-de-nuestras-playas-en-los-ultimos-20-anos\/#primaryimage\",\"url\":\"https:\/\/ondauno.com.ar\/wp-content\/uploads\/2022\/06\/Trybuchowuicz.jpeg\",\"contentUrl\":\"https:\/\/ondauno.com.ar\/wp-content\/uploads\/2022\/06\/Trybuchowuicz.jpeg\",\"width\":1600,\"height\":1200},{\"@type\":\"BreadcrumbList\",\"@id\":\"https:\/\/ondauno.com.ar\/index.php\/2022\/06\/13\/trybuchowuicz-hemos-perdido-el-50-por-ciento-de-nuestras-playas-en-los-ultimos-20-anos\/#breadcrumb\",\"itemListElement\":[{\"@type\":\"ListItem\",\"position\":1,\"name\":\"Inicio\",\"item\":\"https:\/\/ondauno.com.ar\/\"},{\"@type\":\"ListItem\",\"position\":2,\"name\":\"Trybuchowuicz: &#8220;Hemos perdido el 50 por ciento de nuestras playas, en los \u00faltimos 20 a\u00f1os&#8221;\"}]},{\"@type\":\"WebSite\",\"@id\":\"https:\/\/ondauno.com.ar\/#website\",\"url\":\"https:\/\/ondauno.com.ar\/\",\"name\":\"103.9 fm\",\"description\":\"LA PRIMERA RADIO MULTIMEDIA DE TRES ARROYOS\",\"potentialAction\":[{\"@type\":\"SearchAction\",\"target\":{\"@type\":\"EntryPoint\",\"urlTemplate\":\"https:\/\/ondauno.com.ar\/?s={search_term_string}\"},\"query-input\":\"required name=search_term_string\"}],\"inLanguage\":\"es-AR\"},{\"@type\":\"Person\",\"@id\":\"https:\/\/ondauno.com.ar\/#\/schema\/person\/7ec851ddeceb4133d7d7132dc645714e\",\"name\":\"OndaUno\",\"image\":{\"@type\":\"ImageObject\",\"inLanguage\":\"es-AR\",\"@id\":\"https:\/\/ondauno.com.ar\/#\/schema\/person\/image\/\",\"url\":\"https:\/\/secure.gravatar.com\/avatar\/93b8009f0de7021f1feb2bd5b32fb9e8?s=96&d=mm&r=g\",\"contentUrl\":\"https:\/\/secure.gravatar.com\/avatar\/93b8009f0de7021f1feb2bd5b32fb9e8?s=96&d=mm&r=g\",\"caption\":\"OndaUno\"},\"url\":\"https:\/\/ondauno.com.ar\/index.php\/author\/ondauno\/\"}]}<\/script>\n<!-- \/ Yoast SEO plugin. -->","yoast_head_json":{"title":"Trybuchowuicz: \"Hemos perdido el 50 por ciento de nuestras playas, en los \u00faltimos 20 a\u00f1os\" - 103.9 fm","robots":{"index":"index","follow":"follow","max-snippet":"max-snippet:-1","max-image-preview":"max-image-preview:large","max-video-preview":"max-video-preview:-1"},"canonical":"https:\/\/ondauno.com.ar\/index.php\/2022\/06\/13\/trybuchowuicz-hemos-perdido-el-50-por-ciento-de-nuestras-playas-en-los-ultimos-20-anos\/","og_locale":"es_ES","og_type":"article","og_title":"Trybuchowuicz: \"Hemos perdido el 50 por ciento de nuestras playas, en los \u00faltimos 20 a\u00f1os\" - 103.9 fm","og_description":"Alejandro Trybuchowuicz en Cosas que pasan El director de Turismo, Alejandro Trybuchowuicz pas\u00f3 por Cosas que pasan d\u00f3nde dej\u00f3 expuesta su preocupaci\u00f3n por los efectos de la reciente marejada, que gener\u00f3 la aparici\u00f3n de nuevas piedras en la desembocadura del arroyo Claromec\u00f3. Tambi\u00e9n anunci\u00f3 que la secretar\u00eda de Obras P\u00fablicas elabora el llamado para el [&hellip;]","og_url":"https:\/\/ondauno.com.ar\/index.php\/2022\/06\/13\/trybuchowuicz-hemos-perdido-el-50-por-ciento-de-nuestras-playas-en-los-ultimos-20-anos\/","og_site_name":"103.9 fm","article_publisher":"https:\/\/www.facebook.com\/ondauno103.9","article_published_time":"2022-06-14T01:43:07+00:00","article_modified_time":"2022-06-14T01:43:08+00:00","og_image":[{"width":1600,"height":1200,"url":"https:\/\/ondauno.com.ar\/wp-content\/uploads\/2022\/06\/Trybuchowuicz.jpeg","type":"image\/jpeg"}],"author":"OndaUno","twitter_card":"summary_large_image","twitter_misc":{"Escrito por":"OndaUno","Tiempo de lectura":"1 minuto"},"schema":{"@context":"https:\/\/schema.org","@graph":[{"@type":"WebPage","@id":"https:\/\/ondauno.com.ar\/index.php\/2022\/06\/13\/trybuchowuicz-hemos-perdido-el-50-por-ciento-de-nuestras-playas-en-los-ultimos-20-anos\/","url":"https:\/\/ondauno.com.ar\/index.php\/2022\/06\/13\/trybuchowuicz-hemos-perdido-el-50-por-ciento-de-nuestras-playas-en-los-ultimos-20-anos\/","name":"Trybuchowuicz: \"Hemos perdido el 50 por ciento de nuestras playas, en los \u00faltimos 20 a\u00f1os\" - 103.9 fm","isPartOf":{"@id":"https:\/\/ondauno.com.ar\/#website"},"primaryImageOfPage":{"@id":"https:\/\/ondauno.com.ar\/index.php\/2022\/06\/13\/trybuchowuicz-hemos-perdido-el-50-por-ciento-de-nuestras-playas-en-los-ultimos-20-anos\/#primaryimage"},"image":{"@id":"https:\/\/ondauno.com.ar\/index.php\/2022\/06\/13\/trybuchowuicz-hemos-perdido-el-50-por-ciento-de-nuestras-playas-en-los-ultimos-20-anos\/#primaryimage"},"thumbnailUrl":"https:\/\/ondauno.com.ar\/wp-content\/uploads\/2022\/06\/Trybuchowuicz.jpeg","datePublished":"2022-06-14T01:43:07+00:00","dateModified":"2022-06-14T01:43:08+00:00","author":{"@id":"https:\/\/ondauno.com.ar\/#\/schema\/person\/7ec851ddeceb4133d7d7132dc645714e"},"breadcrumb":{"@id":"https:\/\/ondauno.com.ar\/index.php\/2022\/06\/13\/trybuchowuicz-hemos-perdido-el-50-por-ciento-de-nuestras-playas-en-los-ultimos-20-anos\/#breadcrumb"},"inLanguage":"es-AR","potentialAction":[{"@type":"ReadAction","target":["https:\/\/ondauno.com.ar\/index.php\/2022\/06\/13\/trybuchowuicz-hemos-perdido-el-50-por-ciento-de-nuestras-playas-en-los-ultimos-20-anos\/"]}]},{"@type":"ImageObject","inLanguage":"es-AR","@id":"https:\/\/ondauno.com.ar\/index.php\/2022\/06\/13\/trybuchowuicz-hemos-perdido-el-50-por-ciento-de-nuestras-playas-en-los-ultimos-20-anos\/#primaryimage","url":"https:\/\/ondauno.com.ar\/wp-content\/uploads\/2022\/06\/Trybuchowuicz.jpeg","contentUrl":"https:\/\/ondauno.com.ar\/wp-content\/uploads\/2022\/06\/Trybuchowuicz.jpeg","width":1600,"height":1200},{"@type":"BreadcrumbList","@id":"https:\/\/ondauno.com.ar\/index.php\/2022\/06\/13\/trybuchowuicz-hemos-perdido-el-50-por-ciento-de-nuestras-playas-en-los-ultimos-20-anos\/#breadcrumb","itemListElement":[{"@type":"ListItem","position":1,"name":"Inicio","item":"https:\/\/ondauno.com.ar\/"},{"@type":"ListItem","position":2,"name":"Trybuchowuicz: &#8220;Hemos perdido el 50 por ciento de nuestras playas, en los \u00faltimos 20 a\u00f1os&#8221;"}]},{"@type":"WebSite","@id":"https:\/\/ondauno.com.ar\/#website","url":"https:\/\/ondauno.com.ar\/","name":"103.9 fm","description":"LA PRIMERA RADIO MULTIMEDIA DE TRES ARROYOS","potentialAction":[{"@type":"SearchAction","target":{"@type":"EntryPoint","urlTemplate":"https:\/\/ondauno.com.ar\/?s={search_term_string}"},"query-input":"required name=search_term_string"}],"inLanguage":"es-AR"},{"@type":"Person","@id":"https:\/\/ondauno.com.ar\/#\/schema\/person\/7ec851ddeceb4133d7d7132dc645714e","name":"OndaUno","image":{"@type":"ImageObject","inLanguage":"es-AR","@id":"https:\/\/ondauno.com.ar\/#\/schema\/person\/image\/","url":"https:\/\/secure.gravatar.com\/avatar\/93b8009f0de7021f1feb2bd5b32fb9e8?s=96&d=mm&r=g","contentUrl":"https:\/\/secure.gravatar.com\/avatar\/93b8009f0de7021f1feb2bd5b32fb9e8?s=96&d=mm&r=g","caption":"OndaUno"},"url":"https:\/\/ondauno.com.ar\/index.php\/author\/ondauno\/"}]}},"jetpack_publicize_connections":[],"jetpack_featured_media_url":"https:\/\/ondauno.com.ar\/wp-content\/uploads\/2022\/06\/Trybuchowuicz.jpeg","jetpack_sharing_enabled":true,"_links":{"self":[{"href":"https:\/\/ondauno.com.ar\/index.php\/wp-json\/wp\/v2\/posts\/34058","targetHints":{"allow":["GET"]}}],"collection":[{"href":"https:\/\/ondauno.com.ar\/index.php\/wp-json\/wp\/v2\/posts"}],"about":[{"href":"https:\/\/ondauno.com.ar\/index.php\/wp-json\/wp\/v2\/types\/post"}],"author":[{"embeddable":true,"href":"https:\/\/ondauno.com.ar\/index.php\/wp-json\/wp\/v2\/users\/1"}],"replies":[{"embeddable":true,"href":"https:\/\/ondauno.com.ar\/index.php\/wp-json\/wp\/v2\/comments?post=34058"}],"version-history":[{"count":0,"href":"https:\/\/ondauno.com.ar\/index.php\/wp-json\/wp\/v2\/posts\/34058\/revisions"}],"wp:featuredmedia":[{"embeddable":true,"href":"https:\/\/ondauno.com.ar\/index.php\/wp-json\/wp\/v2\/media\/34059"}],"wp:attachment":[{"href":"https:\/\/ondauno.com.ar\/index.php\/wp-json\/wp\/v2\/media?parent=34058"}],"wp:term":[{"taxonomy":"category","embeddable":true,"href":"https:\/\/ondauno.com.ar\/index.php\/wp-json\/wp\/v2\/categories?post=34058"},{"taxonomy":"post_tag","embeddable":true,"href":"https:\/\/ondauno.com.ar\/index.php\/wp-json\/wp\/v2\/tags?post=34058"}],"curies":[{"name":"wp","href":"https:\/\/api.w.org\/{rel}","templated":true}]}}