{"id":33958,"date":"2022-06-08T13:50:43","date_gmt":"2022-06-08T16:50:43","guid":{"rendered":"http:\/\/ondauno.com.ar\/?p=33958"},"modified":"2022-06-08T13:50:44","modified_gmt":"2022-06-08T16:50:44","slug":"la-concesion-comenzo-a-desarmar-parcialmente-el-antiguo-samoa","status":"publish","type":"post","link":"https:\/\/ondauno.com.ar\/index.php\/2022\/06\/08\/la-concesion-comenzo-a-desarmar-parcialmente-el-antiguo-samoa\/","title":{"rendered":"La concesi\u00f3n comenz\u00f3 a desarmar parcialmente el antiguo Samoa"},"content":{"rendered":"<div class=\"ondau-before-content_3\" style=\"margin-top: -30px;\" id=\"ondau-2748979786\"><a href=\"https:\/\/www.lps.com.ar\/\" aria-label=\"la-perse2\"><img loading=\"lazy\" decoding=\"async\" src=\"https:\/\/ondauno.com.ar\/wp-content\/uploads\/2021\/10\/la-perse2.jpg\" alt=\"\"  srcset=\"https:\/\/ondauno.com.ar\/wp-content\/uploads\/2021\/10\/la-perse2.jpg 1353w, https:\/\/ondauno.com.ar\/wp-content\/uploads\/2021\/10\/la-perse2-300x43.jpg 300w, https:\/\/ondauno.com.ar\/wp-content\/uploads\/2021\/10\/la-perse2-1024x148.jpg 1024w, https:\/\/ondauno.com.ar\/wp-content\/uploads\/2021\/10\/la-perse2-768x111.jpg 768w, https:\/\/ondauno.com.ar\/wp-content\/uploads\/2021\/10\/la-perse2-696x100.jpg 696w, https:\/\/ondauno.com.ar\/wp-content\/uploads\/2021\/10\/la-perse2-1068x154.jpg 1068w\" sizes=\"(max-width: 1353px) 100vw, 1353px\" class=\"no-lazyload\" width=\"1353\" height=\"195\"  style=\"display: inline-block;\" \/><\/a><\/div>\n<figure class=\"wp-block-image\"><img decoding=\"async\" data-src=\"http:\/\/ondauno.com.ar\/wp-content\/uploads\/2022\/06\/WhatsApp-Image-2022-06-08-at-11.42.05-AM-576x1024.jpeg\" alt=\"\" class=\"wp-image-33959 lazyload\" src=\"data:image\/gif;base64,R0lGODlhAQABAAAAACH5BAEKAAEALAAAAAABAAEAAAICTAEAOw==\" style=\"--smush-placeholder-width: 576px; --smush-placeholder-aspect-ratio: 576\/1024;\" \/><noscript><img decoding=\"async\" src=\"http:\/\/ondauno.com.ar\/wp-content\/uploads\/2022\/06\/WhatsApp-Image-2022-06-08-at-11.42.05-AM-576x1024.jpeg\" alt=\"\" class=\"wp-image-33959\"\/><\/noscript><\/figure>\n\n\n\n<p>En la ma\u00f1ana de este mi\u00e9rcoles los responsables de la concesi\u00f3n del parador Samoa, en Claromeco, comenzaron a desarmar el inmueble con vistas a cumplir con lo acordado con la delegaci\u00f3n municipal que por su parte deber\u00e1 hacerse cargo de quitar toda la mamposter\u00eda de ese sector de la playa que hoy acumula mucha arena cerca del nuevo parador.<\/p>\n\n\n\n<figure><iframe loading=\"lazy\" width=\"320\" height=\"441\" data-src=\"https:\/\/www.youtube.com\/embed\/zACF9rU-NVc\" allowfullscreen=\"\" src=\"data:image\/gif;base64,R0lGODlhAQABAAAAACH5BAEKAAEALAAAAAABAAEAAAICTAEAOw==\" class=\"lazyload\" data-load-mode=\"1\"><\/iframe><\/figure>\n","protected":false},"excerpt":{"rendered":"<p>En la ma\u00f1ana de este mi\u00e9rcoles los responsables de la concesi\u00f3n del parador Samoa, en Claromeco, comenzaron a desarmar el inmueble con vistas a cumplir con lo acordado con la delegaci\u00f3n municipal que por su parte deber\u00e1 hacerse cargo de quitar toda la mamposter\u00eda de ese sector de la playa que hoy acumula mucha arena [&hellip;]<\/p>\n","protected":false},"author":1,"featured_media":0,"comment_status":"open","ping_status":"open","sticky":false,"template":"","format":"standard","meta":{"tdm_status":"","tdm_grid_status":"","_jetpack_memberships_contains_paid_content":false,"footnotes":"","jetpack_publicize_message":"","jetpack_publicize_feature_enabled":true,"jetpack_social_post_already_shared":true,"jetpack_social_options":{"image_generator_settings":{"template":"highway","default_image_id":0,"font":"","enabled":false},"version":2}},"categories":[35],"tags":[],"class_list":{"0":"post-33958","1":"post","2":"type-post","3":"status-publish","4":"format-standard","6":"category-regionales"},"yoast_head":"<!-- This site is optimized with the Yoast SEO plugin v22.7 - https:\/\/yoast.com\/wordpress\/plugins\/seo\/ -->\n<title>La concesi\u00f3n comenz\u00f3 a desarmar parcialmente el antiguo Samoa - 103.9 fm<\/title>\n<meta name=\"robots\" content=\"index, follow, max-snippet:-1, max-image-preview:large, max-video-preview:-1\" \/>\n<link rel=\"canonical\" href=\"https:\/\/ondauno.com.ar\/index.php\/2022\/06\/08\/la-concesion-comenzo-a-desarmar-parcialmente-el-antiguo-samoa\/\" \/>\n<meta property=\"og:locale\" content=\"es_ES\" \/>\n<meta property=\"og:type\" content=\"article\" \/>\n<meta property=\"og:title\" content=\"La concesi\u00f3n comenz\u00f3 a desarmar parcialmente el antiguo Samoa - 103.9 fm\" \/>\n<meta property=\"og:description\" content=\"En la ma\u00f1ana de este mi\u00e9rcoles los responsables de la concesi\u00f3n del parador Samoa, en Claromeco, comenzaron a desarmar el inmueble con vistas a cumplir con lo acordado con la delegaci\u00f3n municipal que por su parte deber\u00e1 hacerse cargo de quitar toda la mamposter\u00eda de ese sector de la playa que hoy acumula mucha arena [&hellip;]\" \/>\n<meta property=\"og:url\" content=\"https:\/\/ondauno.com.ar\/index.php\/2022\/06\/08\/la-concesion-comenzo-a-desarmar-parcialmente-el-antiguo-samoa\/\" \/>\n<meta property=\"og:site_name\" content=\"103.9 fm\" \/>\n<meta property=\"article:publisher\" content=\"https:\/\/www.facebook.com\/ondauno103.9\" \/>\n<meta property=\"article:published_time\" content=\"2022-06-08T16:50:43+00:00\" \/>\n<meta property=\"article:modified_time\" content=\"2022-06-08T16:50:44+00:00\" \/>\n<meta property=\"og:image\" content=\"https:\/\/ondauno.com.ar\/wp-content\/uploads\/2022\/06\/WhatsApp-Image-2022-06-08-at-11.42.05-AM-1.jpeg\" \/>\n\t<meta property=\"og:image:width\" content=\"720\" \/>\n\t<meta property=\"og:image:height\" content=\"1280\" \/>\n\t<meta property=\"og:image:type\" content=\"image\/jpeg\" \/>\n<meta name=\"author\" content=\"OndaUno\" \/>\n<meta name=\"twitter:card\" content=\"summary_large_image\" \/>\n<meta name=\"twitter:label1\" content=\"Escrito por\" \/>\n\t<meta name=\"twitter:data1\" content=\"OndaUno\" \/>\n<script type=\"application\/ld+json\" class=\"yoast-schema-graph\">{\"@context\":\"https:\/\/schema.org\",\"@graph\":[{\"@type\":\"WebPage\",\"@id\":\"https:\/\/ondauno.com.ar\/index.php\/2022\/06\/08\/la-concesion-comenzo-a-desarmar-parcialmente-el-antiguo-samoa\/\",\"url\":\"https:\/\/ondauno.com.ar\/index.php\/2022\/06\/08\/la-concesion-comenzo-a-desarmar-parcialmente-el-antiguo-samoa\/\",\"name\":\"La concesi\u00f3n comenz\u00f3 a desarmar parcialmente el antiguo Samoa - 103.9 fm\",\"isPartOf\":{\"@id\":\"https:\/\/ondauno.com.ar\/#website\"},\"primaryImageOfPage\":{\"@id\":\"https:\/\/ondauno.com.ar\/index.php\/2022\/06\/08\/la-concesion-comenzo-a-desarmar-parcialmente-el-antiguo-samoa\/#primaryimage\"},\"image\":{\"@id\":\"https:\/\/ondauno.com.ar\/index.php\/2022\/06\/08\/la-concesion-comenzo-a-desarmar-parcialmente-el-antiguo-samoa\/#primaryimage\"},\"thumbnailUrl\":\"http:\/\/ondauno.com.ar\/wp-content\/uploads\/2022\/06\/WhatsApp-Image-2022-06-08-at-11.42.05-AM-576x1024.jpeg\",\"datePublished\":\"2022-06-08T16:50:43+00:00\",\"dateModified\":\"2022-06-08T16:50:44+00:00\",\"author\":{\"@id\":\"https:\/\/ondauno.com.ar\/#\/schema\/person\/7ec851ddeceb4133d7d7132dc645714e\"},\"breadcrumb\":{\"@id\":\"https:\/\/ondauno.com.ar\/index.php\/2022\/06\/08\/la-concesion-comenzo-a-desarmar-parcialmente-el-antiguo-samoa\/#breadcrumb\"},\"inLanguage\":\"es-AR\",\"potentialAction\":[{\"@type\":\"ReadAction\",\"target\":[\"https:\/\/ondauno.com.ar\/index.php\/2022\/06\/08\/la-concesion-comenzo-a-desarmar-parcialmente-el-antiguo-samoa\/\"]}]},{\"@type\":\"ImageObject\",\"inLanguage\":\"es-AR\",\"@id\":\"https:\/\/ondauno.com.ar\/index.php\/2022\/06\/08\/la-concesion-comenzo-a-desarmar-parcialmente-el-antiguo-samoa\/#primaryimage\",\"url\":\"\",\"contentUrl\":\"\"},{\"@type\":\"BreadcrumbList\",\"@id\":\"https:\/\/ondauno.com.ar\/index.php\/2022\/06\/08\/la-concesion-comenzo-a-desarmar-parcialmente-el-antiguo-samoa\/#breadcrumb\",\"itemListElement\":[{\"@type\":\"ListItem\",\"position\":1,\"name\":\"Inicio\",\"item\":\"https:\/\/ondauno.com.ar\/\"},{\"@type\":\"ListItem\",\"position\":2,\"name\":\"La concesi\u00f3n comenz\u00f3 a desarmar parcialmente el antiguo Samoa\"}]},{\"@type\":\"WebSite\",\"@id\":\"https:\/\/ondauno.com.ar\/#website\",\"url\":\"https:\/\/ondauno.com.ar\/\",\"name\":\"103.9 fm\",\"description\":\"LA PRIMERA RADIO MULTIMEDIA DE TRES ARROYOS\",\"potentialAction\":[{\"@type\":\"SearchAction\",\"target\":{\"@type\":\"EntryPoint\",\"urlTemplate\":\"https:\/\/ondauno.com.ar\/?s={search_term_string}\"},\"query-input\":\"required name=search_term_string\"}],\"inLanguage\":\"es-AR\"},{\"@type\":\"Person\",\"@id\":\"https:\/\/ondauno.com.ar\/#\/schema\/person\/7ec851ddeceb4133d7d7132dc645714e\",\"name\":\"OndaUno\",\"image\":{\"@type\":\"ImageObject\",\"inLanguage\":\"es-AR\",\"@id\":\"https:\/\/ondauno.com.ar\/#\/schema\/person\/image\/\",\"url\":\"https:\/\/secure.gravatar.com\/avatar\/93b8009f0de7021f1feb2bd5b32fb9e8?s=96&d=mm&r=g\",\"contentUrl\":\"https:\/\/secure.gravatar.com\/avatar\/93b8009f0de7021f1feb2bd5b32fb9e8?s=96&d=mm&r=g\",\"caption\":\"OndaUno\"},\"url\":\"https:\/\/ondauno.com.ar\/index.php\/author\/ondauno\/\"}]}<\/script>\n<!-- \/ Yoast SEO plugin. -->","yoast_head_json":{"title":"La concesi\u00f3n comenz\u00f3 a desarmar parcialmente el antiguo Samoa - 103.9 fm","robots":{"index":"index","follow":"follow","max-snippet":"max-snippet:-1","max-image-preview":"max-image-preview:large","max-video-preview":"max-video-preview:-1"},"canonical":"https:\/\/ondauno.com.ar\/index.php\/2022\/06\/08\/la-concesion-comenzo-a-desarmar-parcialmente-el-antiguo-samoa\/","og_locale":"es_ES","og_type":"article","og_title":"La concesi\u00f3n comenz\u00f3 a desarmar parcialmente el antiguo Samoa - 103.9 fm","og_description":"En la ma\u00f1ana de este mi\u00e9rcoles los responsables de la concesi\u00f3n del parador Samoa, en Claromeco, comenzaron a desarmar el inmueble con vistas a cumplir con lo acordado con la delegaci\u00f3n municipal que por su parte deber\u00e1 hacerse cargo de quitar toda la mamposter\u00eda de ese sector de la playa que hoy acumula mucha arena [&hellip;]","og_url":"https:\/\/ondauno.com.ar\/index.php\/2022\/06\/08\/la-concesion-comenzo-a-desarmar-parcialmente-el-antiguo-samoa\/","og_site_name":"103.9 fm","article_publisher":"https:\/\/www.facebook.com\/ondauno103.9","article_published_time":"2022-06-08T16:50:43+00:00","article_modified_time":"2022-06-08T16:50:44+00:00","og_image":[{"width":720,"height":1280,"url":"https:\/\/ondauno.com.ar\/wp-content\/uploads\/2022\/06\/WhatsApp-Image-2022-06-08-at-11.42.05-AM-1.jpeg","type":"image\/jpeg"}],"author":"OndaUno","twitter_card":"summary_large_image","twitter_misc":{"Escrito por":"OndaUno"},"schema":{"@context":"https:\/\/schema.org","@graph":[{"@type":"WebPage","@id":"https:\/\/ondauno.com.ar\/index.php\/2022\/06\/08\/la-concesion-comenzo-a-desarmar-parcialmente-el-antiguo-samoa\/","url":"https:\/\/ondauno.com.ar\/index.php\/2022\/06\/08\/la-concesion-comenzo-a-desarmar-parcialmente-el-antiguo-samoa\/","name":"La concesi\u00f3n comenz\u00f3 a desarmar parcialmente el antiguo Samoa - 103.9 fm","isPartOf":{"@id":"https:\/\/ondauno.com.ar\/#website"},"primaryImageOfPage":{"@id":"https:\/\/ondauno.com.ar\/index.php\/2022\/06\/08\/la-concesion-comenzo-a-desarmar-parcialmente-el-antiguo-samoa\/#primaryimage"},"image":{"@id":"https:\/\/ondauno.com.ar\/index.php\/2022\/06\/08\/la-concesion-comenzo-a-desarmar-parcialmente-el-antiguo-samoa\/#primaryimage"},"thumbnailUrl":"http:\/\/ondauno.com.ar\/wp-content\/uploads\/2022\/06\/WhatsApp-Image-2022-06-08-at-11.42.05-AM-576x1024.jpeg","datePublished":"2022-06-08T16:50:43+00:00","dateModified":"2022-06-08T16:50:44+00:00","author":{"@id":"https:\/\/ondauno.com.ar\/#\/schema\/person\/7ec851ddeceb4133d7d7132dc645714e"},"breadcrumb":{"@id":"https:\/\/ondauno.com.ar\/index.php\/2022\/06\/08\/la-concesion-comenzo-a-desarmar-parcialmente-el-antiguo-samoa\/#breadcrumb"},"inLanguage":"es-AR","potentialAction":[{"@type":"ReadAction","target":["https:\/\/ondauno.com.ar\/index.php\/2022\/06\/08\/la-concesion-comenzo-a-desarmar-parcialmente-el-antiguo-samoa\/"]}]},{"@type":"ImageObject","inLanguage":"es-AR","@id":"https:\/\/ondauno.com.ar\/index.php\/2022\/06\/08\/la-concesion-comenzo-a-desarmar-parcialmente-el-antiguo-samoa\/#primaryimage","url":"","contentUrl":""},{"@type":"BreadcrumbList","@id":"https:\/\/ondauno.com.ar\/index.php\/2022\/06\/08\/la-concesion-comenzo-a-desarmar-parcialmente-el-antiguo-samoa\/#breadcrumb","itemListElement":[{"@type":"ListItem","position":1,"name":"Inicio","item":"https:\/\/ondauno.com.ar\/"},{"@type":"ListItem","position":2,"name":"La concesi\u00f3n comenz\u00f3 a desarmar parcialmente el antiguo Samoa"}]},{"@type":"WebSite","@id":"https:\/\/ondauno.com.ar\/#website","url":"https:\/\/ondauno.com.ar\/","name":"103.9 fm","description":"LA PRIMERA RADIO MULTIMEDIA DE TRES ARROYOS","potentialAction":[{"@type":"SearchAction","target":{"@type":"EntryPoint","urlTemplate":"https:\/\/ondauno.com.ar\/?s={search_term_string}"},"query-input":"required name=search_term_string"}],"inLanguage":"es-AR"},{"@type":"Person","@id":"https:\/\/ondauno.com.ar\/#\/schema\/person\/7ec851ddeceb4133d7d7132dc645714e","name":"OndaUno","image":{"@type":"ImageObject","inLanguage":"es-AR","@id":"https:\/\/ondauno.com.ar\/#\/schema\/person\/image\/","url":"https:\/\/secure.gravatar.com\/avatar\/93b8009f0de7021f1feb2bd5b32fb9e8?s=96&d=mm&r=g","contentUrl":"https:\/\/secure.gravatar.com\/avatar\/93b8009f0de7021f1feb2bd5b32fb9e8?s=96&d=mm&r=g","caption":"OndaUno"},"url":"https:\/\/ondauno.com.ar\/index.php\/author\/ondauno\/"}]}},"jetpack_publicize_connections":[],"jetpack_featured_media_url":"","jetpack_sharing_enabled":true,"_links":{"self":[{"href":"https:\/\/ondauno.com.ar\/index.php\/wp-json\/wp\/v2\/posts\/33958","targetHints":{"allow":["GET"]}}],"collection":[{"href":"https:\/\/ondauno.com.ar\/index.php\/wp-json\/wp\/v2\/posts"}],"about":[{"href":"https:\/\/ondauno.com.ar\/index.php\/wp-json\/wp\/v2\/types\/post"}],"author":[{"embeddable":true,"href":"https:\/\/ondauno.com.ar\/index.php\/wp-json\/wp\/v2\/users\/1"}],"replies":[{"embeddable":true,"href":"https:\/\/ondauno.com.ar\/index.php\/wp-json\/wp\/v2\/comments?post=33958"}],"version-history":[{"count":0,"href":"https:\/\/ondauno.com.ar\/index.php\/wp-json\/wp\/v2\/posts\/33958\/revisions"}],"wp:attachment":[{"href":"https:\/\/ondauno.com.ar\/index.php\/wp-json\/wp\/v2\/media?parent=33958"}],"wp:term":[{"taxonomy":"category","embeddable":true,"href":"https:\/\/ondauno.com.ar\/index.php\/wp-json\/wp\/v2\/categories?post=33958"},{"taxonomy":"post_tag","embeddable":true,"href":"https:\/\/ondauno.com.ar\/index.php\/wp-json\/wp\/v2\/tags?post=33958"}],"curies":[{"name":"wp","href":"https:\/\/api.w.org\/{rel}","templated":true}]}}