{"id":33948,"date":"2022-06-07T19:58:56","date_gmt":"2022-06-07T22:58:56","guid":{"rendered":"http:\/\/ondauno.com.ar\/?p=33948"},"modified":"2022-06-07T19:58:59","modified_gmt":"2022-06-07T22:58:59","slug":"violencia-laboral-el-ministerio-puso-en-funcionamiento-la-direccion-provincial-de-relaciones-individuales-del-trabajo","status":"publish","type":"post","link":"https:\/\/ondauno.com.ar\/index.php\/2022\/06\/07\/violencia-laboral-el-ministerio-puso-en-funcionamiento-la-direccion-provincial-de-relaciones-individuales-del-trabajo\/","title":{"rendered":"Violencia laboral: El Ministerio puso en funcionamiento la Direcci\u00f3n Provincial de Relaciones Individuales del Trabajo"},"content":{"rendered":"<div class=\"ondau-before-content_3\" style=\"margin-top: -30px;\" id=\"ondau-858671348\"><a href=\"https:\/\/www.lps.com.ar\/\" aria-label=\"la-perse2\"><img loading=\"lazy\" decoding=\"async\" src=\"https:\/\/ondauno.com.ar\/wp-content\/uploads\/2021\/10\/la-perse2.jpg\" alt=\"\"  srcset=\"https:\/\/ondauno.com.ar\/wp-content\/uploads\/2021\/10\/la-perse2.jpg 1353w, https:\/\/ondauno.com.ar\/wp-content\/uploads\/2021\/10\/la-perse2-300x43.jpg 300w, https:\/\/ondauno.com.ar\/wp-content\/uploads\/2021\/10\/la-perse2-1024x148.jpg 1024w, https:\/\/ondauno.com.ar\/wp-content\/uploads\/2021\/10\/la-perse2-768x111.jpg 768w, https:\/\/ondauno.com.ar\/wp-content\/uploads\/2021\/10\/la-perse2-696x100.jpg 696w, https:\/\/ondauno.com.ar\/wp-content\/uploads\/2021\/10\/la-perse2-1068x154.jpg 1068w\" sizes=\"(max-width: 1353px) 100vw, 1353px\" class=\"no-lazyload\" width=\"1353\" height=\"195\"  style=\"display: inline-block;\" \/><\/a><\/div>\n<p>De ella depender\u00e1n las direcciones de Violencia Laboral y de Asuntos Laborales Individuales<br> <\/p>\n\n\n\n<p>El ministerio de Trabajo bonaerense puso en funcionamiento la Direcci\u00f3n<br> Provincial de Relaciones Individuales del Trabajo, lo que permitir\u00e1<br> implementar de mejor forma una pol\u00edtica p\u00fablica de atenci\u00f3n, contenci\u00f3n y<br> defensa de los trabajadores y trabajadoras.<\/p>\n\n\n\n<p><br> La creaci\u00f3n de esta direcci\u00f3n implica que por primera vez habr\u00e1 en la<br> Provincia un \u00e1rea espec\u00edfica para afrontar a todos los tipos de violencia<br> laboral que se manifiesten en el territorio. Y significa un gran paso adelante<br> en materia laboral, no s\u00f3lo porque implica una modificaci\u00f3n en la<br> estructura del Ministerio, sino porque permite cumplir con el Convenio 190<br> de la OIT el cual insta a tomar las medidas necesarias para poner fin a la<br> violencia y el acoso en el trabajo.<\/p>\n\n\n\n<figure class=\"wp-block-image\"><img decoding=\"async\" data-src=\"http:\/\/ondauno.com.ar\/wp-content\/uploads\/2022\/06\/WhatsApp-Image-2022-06-07-at-6.46.54-PM-1-1024x682.jpeg\" alt=\"\" class=\"wp-image-33949 lazyload\" src=\"data:image\/gif;base64,R0lGODlhAQABAAAAACH5BAEKAAEALAAAAAABAAEAAAICTAEAOw==\" style=\"--smush-placeholder-width: 1024px; --smush-placeholder-aspect-ratio: 1024\/682;\" \/><noscript><img decoding=\"async\" src=\"http:\/\/ondauno.com.ar\/wp-content\/uploads\/2022\/06\/WhatsApp-Image-2022-06-07-at-6.46.54-PM-1-1024x682.jpeg\" alt=\"\" class=\"wp-image-33949\"\/><\/noscript><\/figure>\n\n\n\n<p><br> Para ello, el gobernador Axel Kicillof firm\u00f3 el decreto 21\/2022 que<br> modifica el organigrama de la cartera laboral y crea esta Direcci\u00f3n<br> Provincial, con facultades para llevar el control sobre el patrocinio,<br> conciliaciones y acuerdos, realizar campa\u00f1as de difusi\u00f3n de derechos y<br> concientizaci\u00f3n, brindar asistencia y asesor\u00eda y promocionar pol\u00edticas de<br> igualdad de g\u00e9nero, entre otras tareas. Su titular ser\u00e1 Paula Astolfo, de<br> profesi\u00f3n abogada, quien ya se ven\u00eda desempe\u00f1ando en el ministerio de<br> Trabajo.<\/p>\n\n\n\n<p><br> Esta dependencia tendr\u00e1 a su cargo otras dos direcciones: la de \u201cAsuntos<br> Laborales Individuales\u201d, orientada al estudio y adopci\u00f3n de medidas de<br> prevenci\u00f3n de conflictos individuales, sustanciar o intervenir en audiencias,<br> controlar actas de conciliaci\u00f3n, capacitaci\u00f3n y soporte t\u00e9cnico para el<br> personal de las delegaciones; y la de \u201cViolencia Laboral\u201d, cuyo campo de<br> intervenci\u00f3n ser\u00e1n aquellas situaciones relacionadas con episodios de este<br> tipo que pueden darse en el \u00e1mbito de trabajo, y que estar\u00e1 dirigida por<br> Mar\u00eda Soledad Elichabe, quien se desempe\u00f1a en el Ministerio desde 2004.<br> El anuncio de la puesta en funcionamiento de estas dependencias fue<br> durante un acto encabezado por la ministra Mara Ruiz Malec en el Sal\u00f3n<br> Auditorio del ministerio de Econom\u00eda y Hacienda bonaerense, donde<br> estuvo acompa\u00f1ada por el subsecretario de Relaciones del Trabajo,<br> Leandro Macia, y las designadas Paula Astolfo y Mar\u00eda Soledad Elichabe.<br> Tambi\u00e9n estuvieron presentes legisladoras y representantes gremiales.<br> La Direcci\u00f3n de Violencia Laboral podr\u00e1 brindar asesoramiento a la o el<br> denunciante respecto de cu\u00e1les son los derechos que le asisten y el \u00e1mbito<br> para su ejercicio, como as\u00ed tambi\u00e9n gestionar presentaciones que incluyan<br> consultas o denuncias concretas.<\/p>\n\n\n\n<p><br> Otra de las funciones ser\u00e1 la de llevar adelante acciones destinadas tanto a<br> la prevenci\u00f3n, como al dise\u00f1o de programas de difusi\u00f3n, capacitaci\u00f3n y<br> asistencia t\u00e9cnica a sindicatos y empresas sobre la necesidad de la toma de<br> conciencia de la importancia de erradicar el flagelo de la violencia laboral.<br> Y es en ese marco que procurar\u00e1 desarrollar investigaciones que permitan<br> facilitar la comprensi\u00f3n de este fen\u00f3meno, con el objetivo de fortalecer el<br> car\u00e1cter preventivo, para lo cual podr\u00e1 elaborar herramientas, como<br> documentos y datos estad\u00edsticos, que permitan evaluar su impacto y<br> evoluci\u00f3n<\/p>\n","protected":false},"excerpt":{"rendered":"<p>De ella depender\u00e1n las direcciones de Violencia Laboral y de Asuntos Laborales Individuales El ministerio de Trabajo bonaerense puso en funcionamiento la Direcci\u00f3n Provincial de Relaciones Individuales del Trabajo, lo que permitir\u00e1 implementar de mejor forma una pol\u00edtica p\u00fablica de atenci\u00f3n, contenci\u00f3n y defensa de los trabajadores y trabajadoras. La creaci\u00f3n de esta direcci\u00f3n implica [&hellip;]<\/p>\n","protected":false},"author":1,"featured_media":0,"comment_status":"open","ping_status":"open","sticky":false,"template":"","format":"standard","meta":{"tdm_status":"","tdm_grid_status":"","_jetpack_memberships_contains_paid_content":false,"footnotes":"","jetpack_publicize_message":"","jetpack_publicize_feature_enabled":true,"jetpack_social_post_already_shared":true,"jetpack_social_options":{"image_generator_settings":{"template":"highway","default_image_id":0,"font":"","enabled":false},"version":2}},"categories":[30],"tags":[],"class_list":{"0":"post-33948","1":"post","2":"type-post","3":"status-publish","4":"format-standard","6":"category-provinciales"},"yoast_head":"<!-- This site is optimized with the Yoast SEO plugin v22.7 - https:\/\/yoast.com\/wordpress\/plugins\/seo\/ -->\n<title>Violencia laboral: El Ministerio puso en funcionamiento la Direcci\u00f3n Provincial de Relaciones Individuales del Trabajo - 103.9 fm<\/title>\n<meta name=\"robots\" content=\"index, follow, max-snippet:-1, max-image-preview:large, max-video-preview:-1\" \/>\n<link rel=\"canonical\" href=\"https:\/\/ondauno.com.ar\/index.php\/2022\/06\/07\/violencia-laboral-el-ministerio-puso-en-funcionamiento-la-direccion-provincial-de-relaciones-individuales-del-trabajo\/\" \/>\n<meta property=\"og:locale\" content=\"es_ES\" \/>\n<meta property=\"og:type\" content=\"article\" \/>\n<meta property=\"og:title\" content=\"Violencia laboral: El Ministerio puso en funcionamiento la Direcci\u00f3n Provincial de Relaciones Individuales del Trabajo - 103.9 fm\" \/>\n<meta property=\"og:description\" content=\"De ella depender\u00e1n las direcciones de Violencia Laboral y de Asuntos Laborales Individuales El ministerio de Trabajo bonaerense puso en funcionamiento la Direcci\u00f3n Provincial de Relaciones Individuales del Trabajo, lo que permitir\u00e1 implementar de mejor forma una pol\u00edtica p\u00fablica de atenci\u00f3n, contenci\u00f3n y defensa de los trabajadores y trabajadoras. La creaci\u00f3n de esta direcci\u00f3n implica [&hellip;]\" \/>\n<meta property=\"og:url\" content=\"https:\/\/ondauno.com.ar\/index.php\/2022\/06\/07\/violencia-laboral-el-ministerio-puso-en-funcionamiento-la-direccion-provincial-de-relaciones-individuales-del-trabajo\/\" \/>\n<meta property=\"og:site_name\" content=\"103.9 fm\" \/>\n<meta property=\"article:publisher\" content=\"https:\/\/www.facebook.com\/ondauno103.9\" \/>\n<meta property=\"article:published_time\" content=\"2022-06-07T22:58:56+00:00\" \/>\n<meta property=\"article:modified_time\" content=\"2022-06-07T22:58:59+00:00\" \/>\n<meta property=\"og:image\" content=\"https:\/\/ondauno.com.ar\/wp-content\/uploads\/2022\/06\/WhatsApp-Image-2022-06-07-at-6.46.54-PM.jpeg\" \/>\n\t<meta property=\"og:image:width\" content=\"1600\" \/>\n\t<meta property=\"og:image:height\" content=\"1066\" \/>\n\t<meta property=\"og:image:type\" content=\"image\/jpeg\" \/>\n<meta name=\"author\" content=\"OndaUno\" \/>\n<meta name=\"twitter:card\" content=\"summary_large_image\" \/>\n<meta name=\"twitter:label1\" content=\"Escrito por\" \/>\n\t<meta name=\"twitter:data1\" content=\"OndaUno\" \/>\n\t<meta name=\"twitter:label2\" content=\"Tiempo de lectura\" \/>\n\t<meta name=\"twitter:data2\" content=\"3 minutos\" \/>\n<script type=\"application\/ld+json\" class=\"yoast-schema-graph\">{\"@context\":\"https:\/\/schema.org\",\"@graph\":[{\"@type\":\"WebPage\",\"@id\":\"https:\/\/ondauno.com.ar\/index.php\/2022\/06\/07\/violencia-laboral-el-ministerio-puso-en-funcionamiento-la-direccion-provincial-de-relaciones-individuales-del-trabajo\/\",\"url\":\"https:\/\/ondauno.com.ar\/index.php\/2022\/06\/07\/violencia-laboral-el-ministerio-puso-en-funcionamiento-la-direccion-provincial-de-relaciones-individuales-del-trabajo\/\",\"name\":\"Violencia laboral: El Ministerio puso en funcionamiento la Direcci\u00f3n Provincial de Relaciones Individuales del Trabajo - 103.9 fm\",\"isPartOf\":{\"@id\":\"https:\/\/ondauno.com.ar\/#website\"},\"primaryImageOfPage\":{\"@id\":\"https:\/\/ondauno.com.ar\/index.php\/2022\/06\/07\/violencia-laboral-el-ministerio-puso-en-funcionamiento-la-direccion-provincial-de-relaciones-individuales-del-trabajo\/#primaryimage\"},\"image\":{\"@id\":\"https:\/\/ondauno.com.ar\/index.php\/2022\/06\/07\/violencia-laboral-el-ministerio-puso-en-funcionamiento-la-direccion-provincial-de-relaciones-individuales-del-trabajo\/#primaryimage\"},\"thumbnailUrl\":\"http:\/\/ondauno.com.ar\/wp-content\/uploads\/2022\/06\/WhatsApp-Image-2022-06-07-at-6.46.54-PM-1-1024x682.jpeg\",\"datePublished\":\"2022-06-07T22:58:56+00:00\",\"dateModified\":\"2022-06-07T22:58:59+00:00\",\"author\":{\"@id\":\"https:\/\/ondauno.com.ar\/#\/schema\/person\/7ec851ddeceb4133d7d7132dc645714e\"},\"breadcrumb\":{\"@id\":\"https:\/\/ondauno.com.ar\/index.php\/2022\/06\/07\/violencia-laboral-el-ministerio-puso-en-funcionamiento-la-direccion-provincial-de-relaciones-individuales-del-trabajo\/#breadcrumb\"},\"inLanguage\":\"es-AR\",\"potentialAction\":[{\"@type\":\"ReadAction\",\"target\":[\"https:\/\/ondauno.com.ar\/index.php\/2022\/06\/07\/violencia-laboral-el-ministerio-puso-en-funcionamiento-la-direccion-provincial-de-relaciones-individuales-del-trabajo\/\"]}]},{\"@type\":\"ImageObject\",\"inLanguage\":\"es-AR\",\"@id\":\"https:\/\/ondauno.com.ar\/index.php\/2022\/06\/07\/violencia-laboral-el-ministerio-puso-en-funcionamiento-la-direccion-provincial-de-relaciones-individuales-del-trabajo\/#primaryimage\",\"url\":\"\",\"contentUrl\":\"\"},{\"@type\":\"BreadcrumbList\",\"@id\":\"https:\/\/ondauno.com.ar\/index.php\/2022\/06\/07\/violencia-laboral-el-ministerio-puso-en-funcionamiento-la-direccion-provincial-de-relaciones-individuales-del-trabajo\/#breadcrumb\",\"itemListElement\":[{\"@type\":\"ListItem\",\"position\":1,\"name\":\"Inicio\",\"item\":\"https:\/\/ondauno.com.ar\/\"},{\"@type\":\"ListItem\",\"position\":2,\"name\":\"Violencia laboral: El Ministerio puso en funcionamiento la Direcci\u00f3n Provincial de Relaciones Individuales del Trabajo\"}]},{\"@type\":\"WebSite\",\"@id\":\"https:\/\/ondauno.com.ar\/#website\",\"url\":\"https:\/\/ondauno.com.ar\/\",\"name\":\"103.9 fm\",\"description\":\"LA PRIMERA RADIO MULTIMEDIA DE TRES ARROYOS\",\"potentialAction\":[{\"@type\":\"SearchAction\",\"target\":{\"@type\":\"EntryPoint\",\"urlTemplate\":\"https:\/\/ondauno.com.ar\/?s={search_term_string}\"},\"query-input\":\"required name=search_term_string\"}],\"inLanguage\":\"es-AR\"},{\"@type\":\"Person\",\"@id\":\"https:\/\/ondauno.com.ar\/#\/schema\/person\/7ec851ddeceb4133d7d7132dc645714e\",\"name\":\"OndaUno\",\"image\":{\"@type\":\"ImageObject\",\"inLanguage\":\"es-AR\",\"@id\":\"https:\/\/ondauno.com.ar\/#\/schema\/person\/image\/\",\"url\":\"https:\/\/secure.gravatar.com\/avatar\/93b8009f0de7021f1feb2bd5b32fb9e8?s=96&d=mm&r=g\",\"contentUrl\":\"https:\/\/secure.gravatar.com\/avatar\/93b8009f0de7021f1feb2bd5b32fb9e8?s=96&d=mm&r=g\",\"caption\":\"OndaUno\"},\"url\":\"https:\/\/ondauno.com.ar\/index.php\/author\/ondauno\/\"}]}<\/script>\n<!-- \/ Yoast SEO plugin. -->","yoast_head_json":{"title":"Violencia laboral: El Ministerio puso en funcionamiento la Direcci\u00f3n Provincial de Relaciones Individuales del Trabajo - 103.9 fm","robots":{"index":"index","follow":"follow","max-snippet":"max-snippet:-1","max-image-preview":"max-image-preview:large","max-video-preview":"max-video-preview:-1"},"canonical":"https:\/\/ondauno.com.ar\/index.php\/2022\/06\/07\/violencia-laboral-el-ministerio-puso-en-funcionamiento-la-direccion-provincial-de-relaciones-individuales-del-trabajo\/","og_locale":"es_ES","og_type":"article","og_title":"Violencia laboral: El Ministerio puso en funcionamiento la Direcci\u00f3n Provincial de Relaciones Individuales del Trabajo - 103.9 fm","og_description":"De ella depender\u00e1n las direcciones de Violencia Laboral y de Asuntos Laborales Individuales El ministerio de Trabajo bonaerense puso en funcionamiento la Direcci\u00f3n Provincial de Relaciones Individuales del Trabajo, lo que permitir\u00e1 implementar de mejor forma una pol\u00edtica p\u00fablica de atenci\u00f3n, contenci\u00f3n y defensa de los trabajadores y trabajadoras. La creaci\u00f3n de esta direcci\u00f3n implica [&hellip;]","og_url":"https:\/\/ondauno.com.ar\/index.php\/2022\/06\/07\/violencia-laboral-el-ministerio-puso-en-funcionamiento-la-direccion-provincial-de-relaciones-individuales-del-trabajo\/","og_site_name":"103.9 fm","article_publisher":"https:\/\/www.facebook.com\/ondauno103.9","article_published_time":"2022-06-07T22:58:56+00:00","article_modified_time":"2022-06-07T22:58:59+00:00","og_image":[{"width":1600,"height":1066,"url":"https:\/\/ondauno.com.ar\/wp-content\/uploads\/2022\/06\/WhatsApp-Image-2022-06-07-at-6.46.54-PM.jpeg","type":"image\/jpeg"}],"author":"OndaUno","twitter_card":"summary_large_image","twitter_misc":{"Escrito por":"OndaUno","Tiempo de lectura":"3 minutos"},"schema":{"@context":"https:\/\/schema.org","@graph":[{"@type":"WebPage","@id":"https:\/\/ondauno.com.ar\/index.php\/2022\/06\/07\/violencia-laboral-el-ministerio-puso-en-funcionamiento-la-direccion-provincial-de-relaciones-individuales-del-trabajo\/","url":"https:\/\/ondauno.com.ar\/index.php\/2022\/06\/07\/violencia-laboral-el-ministerio-puso-en-funcionamiento-la-direccion-provincial-de-relaciones-individuales-del-trabajo\/","name":"Violencia laboral: El Ministerio puso en funcionamiento la Direcci\u00f3n Provincial de Relaciones Individuales del Trabajo - 103.9 fm","isPartOf":{"@id":"https:\/\/ondauno.com.ar\/#website"},"primaryImageOfPage":{"@id":"https:\/\/ondauno.com.ar\/index.php\/2022\/06\/07\/violencia-laboral-el-ministerio-puso-en-funcionamiento-la-direccion-provincial-de-relaciones-individuales-del-trabajo\/#primaryimage"},"image":{"@id":"https:\/\/ondauno.com.ar\/index.php\/2022\/06\/07\/violencia-laboral-el-ministerio-puso-en-funcionamiento-la-direccion-provincial-de-relaciones-individuales-del-trabajo\/#primaryimage"},"thumbnailUrl":"http:\/\/ondauno.com.ar\/wp-content\/uploads\/2022\/06\/WhatsApp-Image-2022-06-07-at-6.46.54-PM-1-1024x682.jpeg","datePublished":"2022-06-07T22:58:56+00:00","dateModified":"2022-06-07T22:58:59+00:00","author":{"@id":"https:\/\/ondauno.com.ar\/#\/schema\/person\/7ec851ddeceb4133d7d7132dc645714e"},"breadcrumb":{"@id":"https:\/\/ondauno.com.ar\/index.php\/2022\/06\/07\/violencia-laboral-el-ministerio-puso-en-funcionamiento-la-direccion-provincial-de-relaciones-individuales-del-trabajo\/#breadcrumb"},"inLanguage":"es-AR","potentialAction":[{"@type":"ReadAction","target":["https:\/\/ondauno.com.ar\/index.php\/2022\/06\/07\/violencia-laboral-el-ministerio-puso-en-funcionamiento-la-direccion-provincial-de-relaciones-individuales-del-trabajo\/"]}]},{"@type":"ImageObject","inLanguage":"es-AR","@id":"https:\/\/ondauno.com.ar\/index.php\/2022\/06\/07\/violencia-laboral-el-ministerio-puso-en-funcionamiento-la-direccion-provincial-de-relaciones-individuales-del-trabajo\/#primaryimage","url":"","contentUrl":""},{"@type":"BreadcrumbList","@id":"https:\/\/ondauno.com.ar\/index.php\/2022\/06\/07\/violencia-laboral-el-ministerio-puso-en-funcionamiento-la-direccion-provincial-de-relaciones-individuales-del-trabajo\/#breadcrumb","itemListElement":[{"@type":"ListItem","position":1,"name":"Inicio","item":"https:\/\/ondauno.com.ar\/"},{"@type":"ListItem","position":2,"name":"Violencia laboral: El Ministerio puso en funcionamiento la Direcci\u00f3n Provincial de Relaciones Individuales del Trabajo"}]},{"@type":"WebSite","@id":"https:\/\/ondauno.com.ar\/#website","url":"https:\/\/ondauno.com.ar\/","name":"103.9 fm","description":"LA PRIMERA RADIO MULTIMEDIA DE TRES ARROYOS","potentialAction":[{"@type":"SearchAction","target":{"@type":"EntryPoint","urlTemplate":"https:\/\/ondauno.com.ar\/?s={search_term_string}"},"query-input":"required name=search_term_string"}],"inLanguage":"es-AR"},{"@type":"Person","@id":"https:\/\/ondauno.com.ar\/#\/schema\/person\/7ec851ddeceb4133d7d7132dc645714e","name":"OndaUno","image":{"@type":"ImageObject","inLanguage":"es-AR","@id":"https:\/\/ondauno.com.ar\/#\/schema\/person\/image\/","url":"https:\/\/secure.gravatar.com\/avatar\/93b8009f0de7021f1feb2bd5b32fb9e8?s=96&d=mm&r=g","contentUrl":"https:\/\/secure.gravatar.com\/avatar\/93b8009f0de7021f1feb2bd5b32fb9e8?s=96&d=mm&r=g","caption":"OndaUno"},"url":"https:\/\/ondauno.com.ar\/index.php\/author\/ondauno\/"}]}},"jetpack_publicize_connections":[],"jetpack_featured_media_url":"","jetpack_sharing_enabled":true,"_links":{"self":[{"href":"https:\/\/ondauno.com.ar\/index.php\/wp-json\/wp\/v2\/posts\/33948","targetHints":{"allow":["GET"]}}],"collection":[{"href":"https:\/\/ondauno.com.ar\/index.php\/wp-json\/wp\/v2\/posts"}],"about":[{"href":"https:\/\/ondauno.com.ar\/index.php\/wp-json\/wp\/v2\/types\/post"}],"author":[{"embeddable":true,"href":"https:\/\/ondauno.com.ar\/index.php\/wp-json\/wp\/v2\/users\/1"}],"replies":[{"embeddable":true,"href":"https:\/\/ondauno.com.ar\/index.php\/wp-json\/wp\/v2\/comments?post=33948"}],"version-history":[{"count":0,"href":"https:\/\/ondauno.com.ar\/index.php\/wp-json\/wp\/v2\/posts\/33948\/revisions"}],"wp:attachment":[{"href":"https:\/\/ondauno.com.ar\/index.php\/wp-json\/wp\/v2\/media?parent=33948"}],"wp:term":[{"taxonomy":"category","embeddable":true,"href":"https:\/\/ondauno.com.ar\/index.php\/wp-json\/wp\/v2\/categories?post=33948"},{"taxonomy":"post_tag","embeddable":true,"href":"https:\/\/ondauno.com.ar\/index.php\/wp-json\/wp\/v2\/tags?post=33948"}],"curies":[{"name":"wp","href":"https:\/\/api.w.org\/{rel}","templated":true}]}}