{"id":33868,"date":"2022-06-02T21:54:03","date_gmt":"2022-06-03T00:54:03","guid":{"rendered":"http:\/\/ondauno.com.ar\/?p=33868"},"modified":"2022-06-02T21:54:16","modified_gmt":"2022-06-03T00:54:16","slug":"encarcelan-a-uno-de-los-sospechosos-del-asalto-al-campo-de-dimarco-en-cascallares","status":"publish","type":"post","link":"https:\/\/ondauno.com.ar\/index.php\/2022\/06\/02\/encarcelan-a-uno-de-los-sospechosos-del-asalto-al-campo-de-dimarco-en-cascallares\/","title":{"rendered":"Encarcelan a uno de los sospechosos del asalto al campo de Dimarco, en Cascallares"},"content":{"rendered":"<div class=\"ondau-before-content_3\" style=\"margin-top: -30px;\" id=\"ondau-1702009869\"><a href=\"https:\/\/www.lps.com.ar\/\" aria-label=\"la-perse2\"><img loading=\"lazy\" decoding=\"async\" src=\"https:\/\/ondauno.com.ar\/wp-content\/uploads\/2021\/10\/la-perse2.jpg\" alt=\"\"  srcset=\"https:\/\/ondauno.com.ar\/wp-content\/uploads\/2021\/10\/la-perse2.jpg 1353w, https:\/\/ondauno.com.ar\/wp-content\/uploads\/2021\/10\/la-perse2-300x43.jpg 300w, https:\/\/ondauno.com.ar\/wp-content\/uploads\/2021\/10\/la-perse2-1024x148.jpg 1024w, https:\/\/ondauno.com.ar\/wp-content\/uploads\/2021\/10\/la-perse2-768x111.jpg 768w, https:\/\/ondauno.com.ar\/wp-content\/uploads\/2021\/10\/la-perse2-696x100.jpg 696w, https:\/\/ondauno.com.ar\/wp-content\/uploads\/2021\/10\/la-perse2-1068x154.jpg 1068w\" sizes=\"(max-width: 1353px) 100vw, 1353px\" class=\"no-lazyload\" width=\"1353\" height=\"195\"  style=\"display: inline-block;\" \/><\/a><\/div>\n<p class=\"has-small-font-size\"><em><strong>El hecho ocurri\u00f3 a fin de agosto de 2021<\/strong><\/em><\/p>\n\n\n\n<p>Durante el fin de semana pasado personal del CPR Tres\nArroyos, en conjunto con personal de la comisar\u00eda 1era Ts. As y SubDDI. efectivizaron\nla detenci\u00f3n en el domicilio de calle cerrito al 1300, del ciudadano Marcos Leguizam\u00f3n,\n<\/p>\n\n\n\n<p>La detenci\u00f3n se debe al resultado una investigaci\u00f3n iniciada\npor el CPR local esclareciendo un asalto a la familia de la zona rural de Cascallares\ncometido a principio de a\u00f1o. Y con la colaboraci\u00f3n de la Subddi local se logr\u00f3\ndar con uno de los autores del hecho ya anteriormente identificado sobre el\ncual las pruebas fueron contundentes para que el Juzgado de Garant\u00edas\ndispusiera la medida llevada a cabo exitosamente. <\/p>\n\n\n\n<p>Si bien la identidad de sus c\u00f3mplices no se ha dado a\nconocer sobre los mismos recaer\u00eda la misma medida judicial pr\u00f3ximamente.<\/p>\n","protected":false},"excerpt":{"rendered":"<p>El hecho ocurri\u00f3 a fin de agosto de 2021 Durante el fin de semana pasado personal del CPR Tres Arroyos, en conjunto con personal de la comisar\u00eda 1era Ts. As y SubDDI. efectivizaron la detenci\u00f3n en el domicilio de calle cerrito al 1300, del ciudadano Marcos Leguizam\u00f3n, La detenci\u00f3n se debe al resultado una investigaci\u00f3n [&hellip;]<\/p>\n","protected":false},"author":1,"featured_media":0,"comment_status":"open","ping_status":"open","sticky":false,"template":"","format":"standard","meta":{"tdm_status":"","tdm_grid_status":"","_jetpack_memberships_contains_paid_content":false,"footnotes":"","jetpack_publicize_message":"","jetpack_publicize_feature_enabled":true,"jetpack_social_post_already_shared":true,"jetpack_social_options":{"image_generator_settings":{"template":"highway","default_image_id":0,"font":"","enabled":false},"version":2}},"categories":[29],"tags":[],"class_list":{"0":"post-33868","1":"post","2":"type-post","3":"status-publish","4":"format-standard","6":"category-policiales"},"yoast_head":"<!-- This site is optimized with the Yoast SEO plugin v22.7 - https:\/\/yoast.com\/wordpress\/plugins\/seo\/ -->\n<title>Encarcelan a uno de los sospechosos del asalto al campo de Dimarco, en Cascallares - 103.9 fm<\/title>\n<meta name=\"robots\" content=\"index, follow, max-snippet:-1, max-image-preview:large, max-video-preview:-1\" \/>\n<link rel=\"canonical\" href=\"https:\/\/ondauno.com.ar\/index.php\/2022\/06\/02\/encarcelan-a-uno-de-los-sospechosos-del-asalto-al-campo-de-dimarco-en-cascallares\/\" \/>\n<meta property=\"og:locale\" content=\"es_ES\" \/>\n<meta property=\"og:type\" content=\"article\" \/>\n<meta property=\"og:title\" content=\"Encarcelan a uno de los sospechosos del asalto al campo de Dimarco, en Cascallares - 103.9 fm\" \/>\n<meta property=\"og:description\" content=\"El hecho ocurri\u00f3 a fin de agosto de 2021 Durante el fin de semana pasado personal del CPR Tres Arroyos, en conjunto con personal de la comisar\u00eda 1era Ts. As y SubDDI. efectivizaron la detenci\u00f3n en el domicilio de calle cerrito al 1300, del ciudadano Marcos Leguizam\u00f3n, La detenci\u00f3n se debe al resultado una investigaci\u00f3n [&hellip;]\" \/>\n<meta property=\"og:url\" content=\"https:\/\/ondauno.com.ar\/index.php\/2022\/06\/02\/encarcelan-a-uno-de-los-sospechosos-del-asalto-al-campo-de-dimarco-en-cascallares\/\" \/>\n<meta property=\"og:site_name\" content=\"103.9 fm\" \/>\n<meta property=\"article:publisher\" content=\"https:\/\/www.facebook.com\/ondauno103.9\" \/>\n<meta property=\"article:published_time\" content=\"2022-06-03T00:54:03+00:00\" \/>\n<meta property=\"article:modified_time\" content=\"2022-06-03T00:54:16+00:00\" \/>\n<meta property=\"og:image\" content=\"https:\/\/ondauno.com.ar\/wp-content\/uploads\/2022\/06\/WhatsApp-Image-2022-06-02-at-9.20.12-PM.jpeg\" \/>\n\t<meta property=\"og:image:width\" content=\"1600\" \/>\n\t<meta property=\"og:image:height\" content=\"1600\" \/>\n\t<meta property=\"og:image:type\" content=\"image\/jpeg\" \/>\n<meta name=\"author\" content=\"OndaUno\" \/>\n<meta name=\"twitter:card\" content=\"summary_large_image\" \/>\n<meta name=\"twitter:label1\" content=\"Escrito por\" \/>\n\t<meta name=\"twitter:data1\" content=\"OndaUno\" \/>\n\t<meta name=\"twitter:label2\" content=\"Tiempo de lectura\" \/>\n\t<meta name=\"twitter:data2\" content=\"1 minuto\" \/>\n<script type=\"application\/ld+json\" class=\"yoast-schema-graph\">{\"@context\":\"https:\/\/schema.org\",\"@graph\":[{\"@type\":\"WebPage\",\"@id\":\"https:\/\/ondauno.com.ar\/index.php\/2022\/06\/02\/encarcelan-a-uno-de-los-sospechosos-del-asalto-al-campo-de-dimarco-en-cascallares\/\",\"url\":\"https:\/\/ondauno.com.ar\/index.php\/2022\/06\/02\/encarcelan-a-uno-de-los-sospechosos-del-asalto-al-campo-de-dimarco-en-cascallares\/\",\"name\":\"Encarcelan a uno de los sospechosos del asalto al campo de Dimarco, en Cascallares - 103.9 fm\",\"isPartOf\":{\"@id\":\"https:\/\/ondauno.com.ar\/#website\"},\"datePublished\":\"2022-06-03T00:54:03+00:00\",\"dateModified\":\"2022-06-03T00:54:16+00:00\",\"author\":{\"@id\":\"https:\/\/ondauno.com.ar\/#\/schema\/person\/7ec851ddeceb4133d7d7132dc645714e\"},\"breadcrumb\":{\"@id\":\"https:\/\/ondauno.com.ar\/index.php\/2022\/06\/02\/encarcelan-a-uno-de-los-sospechosos-del-asalto-al-campo-de-dimarco-en-cascallares\/#breadcrumb\"},\"inLanguage\":\"es-AR\",\"potentialAction\":[{\"@type\":\"ReadAction\",\"target\":[\"https:\/\/ondauno.com.ar\/index.php\/2022\/06\/02\/encarcelan-a-uno-de-los-sospechosos-del-asalto-al-campo-de-dimarco-en-cascallares\/\"]}]},{\"@type\":\"BreadcrumbList\",\"@id\":\"https:\/\/ondauno.com.ar\/index.php\/2022\/06\/02\/encarcelan-a-uno-de-los-sospechosos-del-asalto-al-campo-de-dimarco-en-cascallares\/#breadcrumb\",\"itemListElement\":[{\"@type\":\"ListItem\",\"position\":1,\"name\":\"Inicio\",\"item\":\"https:\/\/ondauno.com.ar\/\"},{\"@type\":\"ListItem\",\"position\":2,\"name\":\"Encarcelan a uno de los sospechosos del asalto al campo de Dimarco, en Cascallares\"}]},{\"@type\":\"WebSite\",\"@id\":\"https:\/\/ondauno.com.ar\/#website\",\"url\":\"https:\/\/ondauno.com.ar\/\",\"name\":\"103.9 fm\",\"description\":\"LA PRIMERA RADIO MULTIMEDIA DE TRES ARROYOS\",\"potentialAction\":[{\"@type\":\"SearchAction\",\"target\":{\"@type\":\"EntryPoint\",\"urlTemplate\":\"https:\/\/ondauno.com.ar\/?s={search_term_string}\"},\"query-input\":\"required name=search_term_string\"}],\"inLanguage\":\"es-AR\"},{\"@type\":\"Person\",\"@id\":\"https:\/\/ondauno.com.ar\/#\/schema\/person\/7ec851ddeceb4133d7d7132dc645714e\",\"name\":\"OndaUno\",\"image\":{\"@type\":\"ImageObject\",\"inLanguage\":\"es-AR\",\"@id\":\"https:\/\/ondauno.com.ar\/#\/schema\/person\/image\/\",\"url\":\"https:\/\/secure.gravatar.com\/avatar\/93b8009f0de7021f1feb2bd5b32fb9e8?s=96&d=mm&r=g\",\"contentUrl\":\"https:\/\/secure.gravatar.com\/avatar\/93b8009f0de7021f1feb2bd5b32fb9e8?s=96&d=mm&r=g\",\"caption\":\"OndaUno\"},\"url\":\"https:\/\/ondauno.com.ar\/index.php\/author\/ondauno\/\"}]}<\/script>\n<!-- \/ Yoast SEO plugin. -->","yoast_head_json":{"title":"Encarcelan a uno de los sospechosos del asalto al campo de Dimarco, en Cascallares - 103.9 fm","robots":{"index":"index","follow":"follow","max-snippet":"max-snippet:-1","max-image-preview":"max-image-preview:large","max-video-preview":"max-video-preview:-1"},"canonical":"https:\/\/ondauno.com.ar\/index.php\/2022\/06\/02\/encarcelan-a-uno-de-los-sospechosos-del-asalto-al-campo-de-dimarco-en-cascallares\/","og_locale":"es_ES","og_type":"article","og_title":"Encarcelan a uno de los sospechosos del asalto al campo de Dimarco, en Cascallares - 103.9 fm","og_description":"El hecho ocurri\u00f3 a fin de agosto de 2021 Durante el fin de semana pasado personal del CPR Tres Arroyos, en conjunto con personal de la comisar\u00eda 1era Ts. As y SubDDI. efectivizaron la detenci\u00f3n en el domicilio de calle cerrito al 1300, del ciudadano Marcos Leguizam\u00f3n, La detenci\u00f3n se debe al resultado una investigaci\u00f3n [&hellip;]","og_url":"https:\/\/ondauno.com.ar\/index.php\/2022\/06\/02\/encarcelan-a-uno-de-los-sospechosos-del-asalto-al-campo-de-dimarco-en-cascallares\/","og_site_name":"103.9 fm","article_publisher":"https:\/\/www.facebook.com\/ondauno103.9","article_published_time":"2022-06-03T00:54:03+00:00","article_modified_time":"2022-06-03T00:54:16+00:00","og_image":[{"width":1600,"height":1600,"url":"https:\/\/ondauno.com.ar\/wp-content\/uploads\/2022\/06\/WhatsApp-Image-2022-06-02-at-9.20.12-PM.jpeg","type":"image\/jpeg"}],"author":"OndaUno","twitter_card":"summary_large_image","twitter_misc":{"Escrito por":"OndaUno","Tiempo de lectura":"1 minuto"},"schema":{"@context":"https:\/\/schema.org","@graph":[{"@type":"WebPage","@id":"https:\/\/ondauno.com.ar\/index.php\/2022\/06\/02\/encarcelan-a-uno-de-los-sospechosos-del-asalto-al-campo-de-dimarco-en-cascallares\/","url":"https:\/\/ondauno.com.ar\/index.php\/2022\/06\/02\/encarcelan-a-uno-de-los-sospechosos-del-asalto-al-campo-de-dimarco-en-cascallares\/","name":"Encarcelan a uno de los sospechosos del asalto al campo de Dimarco, en Cascallares - 103.9 fm","isPartOf":{"@id":"https:\/\/ondauno.com.ar\/#website"},"datePublished":"2022-06-03T00:54:03+00:00","dateModified":"2022-06-03T00:54:16+00:00","author":{"@id":"https:\/\/ondauno.com.ar\/#\/schema\/person\/7ec851ddeceb4133d7d7132dc645714e"},"breadcrumb":{"@id":"https:\/\/ondauno.com.ar\/index.php\/2022\/06\/02\/encarcelan-a-uno-de-los-sospechosos-del-asalto-al-campo-de-dimarco-en-cascallares\/#breadcrumb"},"inLanguage":"es-AR","potentialAction":[{"@type":"ReadAction","target":["https:\/\/ondauno.com.ar\/index.php\/2022\/06\/02\/encarcelan-a-uno-de-los-sospechosos-del-asalto-al-campo-de-dimarco-en-cascallares\/"]}]},{"@type":"BreadcrumbList","@id":"https:\/\/ondauno.com.ar\/index.php\/2022\/06\/02\/encarcelan-a-uno-de-los-sospechosos-del-asalto-al-campo-de-dimarco-en-cascallares\/#breadcrumb","itemListElement":[{"@type":"ListItem","position":1,"name":"Inicio","item":"https:\/\/ondauno.com.ar\/"},{"@type":"ListItem","position":2,"name":"Encarcelan a uno de los sospechosos del asalto al campo de Dimarco, en Cascallares"}]},{"@type":"WebSite","@id":"https:\/\/ondauno.com.ar\/#website","url":"https:\/\/ondauno.com.ar\/","name":"103.9 fm","description":"LA PRIMERA RADIO MULTIMEDIA DE TRES ARROYOS","potentialAction":[{"@type":"SearchAction","target":{"@type":"EntryPoint","urlTemplate":"https:\/\/ondauno.com.ar\/?s={search_term_string}"},"query-input":"required name=search_term_string"}],"inLanguage":"es-AR"},{"@type":"Person","@id":"https:\/\/ondauno.com.ar\/#\/schema\/person\/7ec851ddeceb4133d7d7132dc645714e","name":"OndaUno","image":{"@type":"ImageObject","inLanguage":"es-AR","@id":"https:\/\/ondauno.com.ar\/#\/schema\/person\/image\/","url":"https:\/\/secure.gravatar.com\/avatar\/93b8009f0de7021f1feb2bd5b32fb9e8?s=96&d=mm&r=g","contentUrl":"https:\/\/secure.gravatar.com\/avatar\/93b8009f0de7021f1feb2bd5b32fb9e8?s=96&d=mm&r=g","caption":"OndaUno"},"url":"https:\/\/ondauno.com.ar\/index.php\/author\/ondauno\/"}]}},"jetpack_publicize_connections":[],"jetpack_featured_media_url":"","jetpack_sharing_enabled":true,"_links":{"self":[{"href":"https:\/\/ondauno.com.ar\/index.php\/wp-json\/wp\/v2\/posts\/33868","targetHints":{"allow":["GET"]}}],"collection":[{"href":"https:\/\/ondauno.com.ar\/index.php\/wp-json\/wp\/v2\/posts"}],"about":[{"href":"https:\/\/ondauno.com.ar\/index.php\/wp-json\/wp\/v2\/types\/post"}],"author":[{"embeddable":true,"href":"https:\/\/ondauno.com.ar\/index.php\/wp-json\/wp\/v2\/users\/1"}],"replies":[{"embeddable":true,"href":"https:\/\/ondauno.com.ar\/index.php\/wp-json\/wp\/v2\/comments?post=33868"}],"version-history":[{"count":0,"href":"https:\/\/ondauno.com.ar\/index.php\/wp-json\/wp\/v2\/posts\/33868\/revisions"}],"wp:attachment":[{"href":"https:\/\/ondauno.com.ar\/index.php\/wp-json\/wp\/v2\/media?parent=33868"}],"wp:term":[{"taxonomy":"category","embeddable":true,"href":"https:\/\/ondauno.com.ar\/index.php\/wp-json\/wp\/v2\/categories?post=33868"},{"taxonomy":"post_tag","embeddable":true,"href":"https:\/\/ondauno.com.ar\/index.php\/wp-json\/wp\/v2\/tags?post=33868"}],"curies":[{"name":"wp","href":"https:\/\/api.w.org\/{rel}","templated":true}]}}