{"id":33793,"date":"2022-05-31T00:18:28","date_gmt":"2022-05-31T03:18:28","guid":{"rendered":"http:\/\/ondauno.com.ar\/?p=33793"},"modified":"2022-05-31T00:18:29","modified_gmt":"2022-05-31T03:18:29","slug":"la-apdh-y-la-mesa-intersectorial-de-mujeres-presentan-el-libro-genero-y-derechos-humanos","status":"publish","type":"post","link":"https:\/\/ondauno.com.ar\/index.php\/2022\/05\/31\/la-apdh-y-la-mesa-intersectorial-de-mujeres-presentan-el-libro-genero-y-derechos-humanos\/","title":{"rendered":"La APDH y la Mesa Intersectorial de Mujeres presentan el libro \u201cG\u00e9nero y Derechos Humanos\u201d"},"content":{"rendered":"<div class=\"ondau-before-content_3\" style=\"margin-top: -30px;\" id=\"ondau-1342405909\"><a href=\"https:\/\/www.lps.com.ar\/\" aria-label=\"la-perse2\"><img loading=\"lazy\" decoding=\"async\" src=\"https:\/\/ondauno.com.ar\/wp-content\/uploads\/2021\/10\/la-perse2.jpg\" alt=\"\"  srcset=\"https:\/\/ondauno.com.ar\/wp-content\/uploads\/2021\/10\/la-perse2.jpg 1353w, https:\/\/ondauno.com.ar\/wp-content\/uploads\/2021\/10\/la-perse2-300x43.jpg 300w, https:\/\/ondauno.com.ar\/wp-content\/uploads\/2021\/10\/la-perse2-1024x148.jpg 1024w, https:\/\/ondauno.com.ar\/wp-content\/uploads\/2021\/10\/la-perse2-768x111.jpg 768w, https:\/\/ondauno.com.ar\/wp-content\/uploads\/2021\/10\/la-perse2-696x100.jpg 696w, https:\/\/ondauno.com.ar\/wp-content\/uploads\/2021\/10\/la-perse2-1068x154.jpg 1068w\" sizes=\"(max-width: 1353px) 100vw, 1353px\" class=\"no-lazyload\" width=\"1353\" height=\"195\"  style=\"display: inline-block;\" \/><\/a><\/div>\n<p>Con la presencia de la vicepresidenta de la Asamblea Permanente por los Derechos Humanos nacional, Mar\u00eda Elena Naddeo, la filial Tres Arroyos de esa organizaci\u00f3n presentar\u00e1 el viernes 3 de junio el libro \u201cG\u00e9nero y Derechos Humanos\u201d. <\/p>\n\n\n\n<p>Lo har\u00e1 en conjunto con la Mesa Intersectorial de Mujeres, G\u00e9nero y Diversidad local, en el marco de una serie de actividades propuestas por la Colectiva Feminista Ni una Menos a siete a\u00f1os de su primera marcha contra la violencia de g\u00e9nero en Tres Arroyos. El encuentro se realizar\u00e1 en La Casona, Rivadavia 641, desde las 20. <\/p>\n\n\n\n<p><br>El libro \u201cG\u00e9nero y Derechos Humanos\u201d, editado y publicado recientemente por la APDH, contiene material del Curso de Formaci\u00f3n de Formadores, una propuesta de la Secretar\u00eda de Derechos de las Mujeres, Igualdad de G\u00e9nero y Diversidad de la organizaci\u00f3n, iniciada en el 2017 a partir de distintas experiencias de capacitaci\u00f3n llevadas adelante tanto a nivel nacional como en las regionales. La publicaci\u00f3n de los contenidos del curso de Formaci\u00f3n de Formadores G\u00e9nero y Derechos Humanos de la APDH tiene como objetivo la difusi\u00f3n del ideario feminista, desde la perspectiva interseccional, enlazando las luchas por la erradicaci\u00f3n de todas las formas de violencia, de la discriminaci\u00f3n \u00e9tnica, social y etaria. <\/p>\n\n\n\n<p>Tambi\u00e9n de la lucha contra la violencia institucional, el Terrorismo de Estado, y las pol\u00edticas de ajuste econ\u00f3mico y social, que son el sustento del paradigma represivo. De las ponencias se desprende un verdadero programa de transformaciones culturales, pol\u00edticas, sociales, prefiguraci\u00f3n de la sociedad libre de opresi\u00f3n y de violencia profundamente deseada.<\/p>\n\n\n\n<figure class=\"wp-block-image\"><img decoding=\"async\" data-src=\"http:\/\/ondauno.com.ar\/wp-content\/uploads\/2022\/05\/WhatsApp-Image-2022-05-30-at-6.40.50-PM.jpeg\" alt=\"\" class=\"wp-image-33796 lazyload\" src=\"data:image\/gif;base64,R0lGODlhAQABAAAAACH5BAEKAAEALAAAAAABAAEAAAICTAEAOw==\" \/><noscript><img decoding=\"async\" src=\"http:\/\/ondauno.com.ar\/wp-content\/uploads\/2022\/05\/WhatsApp-Image-2022-05-30-at-6.40.50-PM.jpeg\" alt=\"\" class=\"wp-image-33796\"\/><\/noscript><\/figure>\n\n\n\n<p><br>Cabe destacar que el viernes 3, la Colectiva Feminista Ni una Menos llevar\u00e1 adelante previamente, desde las 17.30, una nueva marcha contra la violencia de g\u00e9nero desde la plaza San Mart\u00edn. Y las actividades continuar\u00e1n en La Casona, con la presentaci\u00f3n del libro mencionado y posteriormente Pe\u00f1a Feminista con m\u00fasica y feria. <\/p>\n","protected":false},"excerpt":{"rendered":"<p>Con la presencia de la vicepresidenta de la Asamblea Permanente por los Derechos Humanos nacional, Mar\u00eda Elena Naddeo, la filial Tres Arroyos de esa organizaci\u00f3n presentar\u00e1 el viernes 3 de junio el libro \u201cG\u00e9nero y Derechos Humanos\u201d. Lo har\u00e1 en conjunto con la Mesa Intersectorial de Mujeres, G\u00e9nero y Diversidad local, en el marco de [&hellip;]<\/p>\n","protected":false},"author":1,"featured_media":0,"comment_status":"open","ping_status":"open","sticky":false,"template":"","format":"standard","meta":{"tdm_status":"","tdm_grid_status":"","_jetpack_memberships_contains_paid_content":false,"footnotes":"","jetpack_publicize_message":"","jetpack_publicize_feature_enabled":true,"jetpack_social_post_already_shared":true,"jetpack_social_options":{"image_generator_settings":{"template":"highway","default_image_id":0,"font":"","enabled":false},"version":2}},"categories":[28],"tags":[],"class_list":{"0":"post-33793","1":"post","2":"type-post","3":"status-publish","4":"format-standard","6":"category-interes-general"},"yoast_head":"<!-- This site is optimized with the Yoast SEO plugin v22.7 - https:\/\/yoast.com\/wordpress\/plugins\/seo\/ -->\n<title>La APDH y la Mesa Intersectorial de Mujeres presentan el libro \u201cG\u00e9nero y Derechos Humanos\u201d - 103.9 fm<\/title>\n<meta name=\"robots\" content=\"index, follow, max-snippet:-1, max-image-preview:large, max-video-preview:-1\" \/>\n<link rel=\"canonical\" href=\"https:\/\/ondauno.com.ar\/index.php\/2022\/05\/31\/la-apdh-y-la-mesa-intersectorial-de-mujeres-presentan-el-libro-genero-y-derechos-humanos\/\" \/>\n<meta property=\"og:locale\" content=\"es_ES\" \/>\n<meta property=\"og:type\" content=\"article\" \/>\n<meta property=\"og:title\" content=\"La APDH y la Mesa Intersectorial de Mujeres presentan el libro \u201cG\u00e9nero y Derechos Humanos\u201d - 103.9 fm\" \/>\n<meta property=\"og:description\" content=\"Con la presencia de la vicepresidenta de la Asamblea Permanente por los Derechos Humanos nacional, Mar\u00eda Elena Naddeo, la filial Tres Arroyos de esa organizaci\u00f3n presentar\u00e1 el viernes 3 de junio el libro \u201cG\u00e9nero y Derechos Humanos\u201d. Lo har\u00e1 en conjunto con la Mesa Intersectorial de Mujeres, G\u00e9nero y Diversidad local, en el marco de [&hellip;]\" \/>\n<meta property=\"og:url\" content=\"https:\/\/ondauno.com.ar\/index.php\/2022\/05\/31\/la-apdh-y-la-mesa-intersectorial-de-mujeres-presentan-el-libro-genero-y-derechos-humanos\/\" \/>\n<meta property=\"og:site_name\" content=\"103.9 fm\" \/>\n<meta property=\"article:publisher\" content=\"https:\/\/www.facebook.com\/ondauno103.9\" \/>\n<meta property=\"article:published_time\" content=\"2022-05-31T03:18:28+00:00\" \/>\n<meta property=\"article:modified_time\" content=\"2022-05-31T03:18:29+00:00\" \/>\n<meta property=\"og:image\" content=\"https:\/\/ondauno.com.ar\/wp-content\/uploads\/2022\/05\/WhatsApp-Image-2022-05-30-at-6.40.49-PM.jpeg\" \/>\n\t<meta property=\"og:image:width\" content=\"400\" \/>\n\t<meta property=\"og:image:height\" content=\"727\" \/>\n\t<meta property=\"og:image:type\" content=\"image\/jpeg\" \/>\n<meta name=\"author\" content=\"OndaUno\" \/>\n<meta name=\"twitter:card\" content=\"summary_large_image\" \/>\n<meta name=\"twitter:label1\" content=\"Escrito por\" \/>\n\t<meta name=\"twitter:data1\" content=\"OndaUno\" \/>\n\t<meta name=\"twitter:label2\" content=\"Tiempo de lectura\" \/>\n\t<meta name=\"twitter:data2\" content=\"2 minutos\" \/>\n<script type=\"application\/ld+json\" class=\"yoast-schema-graph\">{\"@context\":\"https:\/\/schema.org\",\"@graph\":[{\"@type\":\"WebPage\",\"@id\":\"https:\/\/ondauno.com.ar\/index.php\/2022\/05\/31\/la-apdh-y-la-mesa-intersectorial-de-mujeres-presentan-el-libro-genero-y-derechos-humanos\/\",\"url\":\"https:\/\/ondauno.com.ar\/index.php\/2022\/05\/31\/la-apdh-y-la-mesa-intersectorial-de-mujeres-presentan-el-libro-genero-y-derechos-humanos\/\",\"name\":\"La APDH y la Mesa Intersectorial de Mujeres presentan el libro \u201cG\u00e9nero y Derechos Humanos\u201d - 103.9 fm\",\"isPartOf\":{\"@id\":\"https:\/\/ondauno.com.ar\/#website\"},\"primaryImageOfPage\":{\"@id\":\"https:\/\/ondauno.com.ar\/index.php\/2022\/05\/31\/la-apdh-y-la-mesa-intersectorial-de-mujeres-presentan-el-libro-genero-y-derechos-humanos\/#primaryimage\"},\"image\":{\"@id\":\"https:\/\/ondauno.com.ar\/index.php\/2022\/05\/31\/la-apdh-y-la-mesa-intersectorial-de-mujeres-presentan-el-libro-genero-y-derechos-humanos\/#primaryimage\"},\"thumbnailUrl\":\"http:\/\/ondauno.com.ar\/wp-content\/uploads\/2022\/05\/WhatsApp-Image-2022-05-30-at-6.40.50-PM.jpeg\",\"datePublished\":\"2022-05-31T03:18:28+00:00\",\"dateModified\":\"2022-05-31T03:18:29+00:00\",\"author\":{\"@id\":\"https:\/\/ondauno.com.ar\/#\/schema\/person\/7ec851ddeceb4133d7d7132dc645714e\"},\"breadcrumb\":{\"@id\":\"https:\/\/ondauno.com.ar\/index.php\/2022\/05\/31\/la-apdh-y-la-mesa-intersectorial-de-mujeres-presentan-el-libro-genero-y-derechos-humanos\/#breadcrumb\"},\"inLanguage\":\"es-AR\",\"potentialAction\":[{\"@type\":\"ReadAction\",\"target\":[\"https:\/\/ondauno.com.ar\/index.php\/2022\/05\/31\/la-apdh-y-la-mesa-intersectorial-de-mujeres-presentan-el-libro-genero-y-derechos-humanos\/\"]}]},{\"@type\":\"ImageObject\",\"inLanguage\":\"es-AR\",\"@id\":\"https:\/\/ondauno.com.ar\/index.php\/2022\/05\/31\/la-apdh-y-la-mesa-intersectorial-de-mujeres-presentan-el-libro-genero-y-derechos-humanos\/#primaryimage\",\"url\":\"\",\"contentUrl\":\"\"},{\"@type\":\"BreadcrumbList\",\"@id\":\"https:\/\/ondauno.com.ar\/index.php\/2022\/05\/31\/la-apdh-y-la-mesa-intersectorial-de-mujeres-presentan-el-libro-genero-y-derechos-humanos\/#breadcrumb\",\"itemListElement\":[{\"@type\":\"ListItem\",\"position\":1,\"name\":\"Inicio\",\"item\":\"https:\/\/ondauno.com.ar\/\"},{\"@type\":\"ListItem\",\"position\":2,\"name\":\"La APDH y la Mesa Intersectorial de Mujeres presentan el libro \u201cG\u00e9nero y Derechos Humanos\u201d\"}]},{\"@type\":\"WebSite\",\"@id\":\"https:\/\/ondauno.com.ar\/#website\",\"url\":\"https:\/\/ondauno.com.ar\/\",\"name\":\"103.9 fm\",\"description\":\"LA PRIMERA RADIO MULTIMEDIA DE TRES ARROYOS\",\"potentialAction\":[{\"@type\":\"SearchAction\",\"target\":{\"@type\":\"EntryPoint\",\"urlTemplate\":\"https:\/\/ondauno.com.ar\/?s={search_term_string}\"},\"query-input\":\"required name=search_term_string\"}],\"inLanguage\":\"es-AR\"},{\"@type\":\"Person\",\"@id\":\"https:\/\/ondauno.com.ar\/#\/schema\/person\/7ec851ddeceb4133d7d7132dc645714e\",\"name\":\"OndaUno\",\"image\":{\"@type\":\"ImageObject\",\"inLanguage\":\"es-AR\",\"@id\":\"https:\/\/ondauno.com.ar\/#\/schema\/person\/image\/\",\"url\":\"https:\/\/secure.gravatar.com\/avatar\/93b8009f0de7021f1feb2bd5b32fb9e8?s=96&d=mm&r=g\",\"contentUrl\":\"https:\/\/secure.gravatar.com\/avatar\/93b8009f0de7021f1feb2bd5b32fb9e8?s=96&d=mm&r=g\",\"caption\":\"OndaUno\"},\"url\":\"https:\/\/ondauno.com.ar\/index.php\/author\/ondauno\/\"}]}<\/script>\n<!-- \/ Yoast SEO plugin. -->","yoast_head_json":{"title":"La APDH y la Mesa Intersectorial de Mujeres presentan el libro \u201cG\u00e9nero y Derechos Humanos\u201d - 103.9 fm","robots":{"index":"index","follow":"follow","max-snippet":"max-snippet:-1","max-image-preview":"max-image-preview:large","max-video-preview":"max-video-preview:-1"},"canonical":"https:\/\/ondauno.com.ar\/index.php\/2022\/05\/31\/la-apdh-y-la-mesa-intersectorial-de-mujeres-presentan-el-libro-genero-y-derechos-humanos\/","og_locale":"es_ES","og_type":"article","og_title":"La APDH y la Mesa Intersectorial de Mujeres presentan el libro \u201cG\u00e9nero y Derechos Humanos\u201d - 103.9 fm","og_description":"Con la presencia de la vicepresidenta de la Asamblea Permanente por los Derechos Humanos nacional, Mar\u00eda Elena Naddeo, la filial Tres Arroyos de esa organizaci\u00f3n presentar\u00e1 el viernes 3 de junio el libro \u201cG\u00e9nero y Derechos Humanos\u201d. Lo har\u00e1 en conjunto con la Mesa Intersectorial de Mujeres, G\u00e9nero y Diversidad local, en el marco de [&hellip;]","og_url":"https:\/\/ondauno.com.ar\/index.php\/2022\/05\/31\/la-apdh-y-la-mesa-intersectorial-de-mujeres-presentan-el-libro-genero-y-derechos-humanos\/","og_site_name":"103.9 fm","article_publisher":"https:\/\/www.facebook.com\/ondauno103.9","article_published_time":"2022-05-31T03:18:28+00:00","article_modified_time":"2022-05-31T03:18:29+00:00","og_image":[{"width":400,"height":727,"url":"https:\/\/ondauno.com.ar\/wp-content\/uploads\/2022\/05\/WhatsApp-Image-2022-05-30-at-6.40.49-PM.jpeg","type":"image\/jpeg"}],"author":"OndaUno","twitter_card":"summary_large_image","twitter_misc":{"Escrito por":"OndaUno","Tiempo de lectura":"2 minutos"},"schema":{"@context":"https:\/\/schema.org","@graph":[{"@type":"WebPage","@id":"https:\/\/ondauno.com.ar\/index.php\/2022\/05\/31\/la-apdh-y-la-mesa-intersectorial-de-mujeres-presentan-el-libro-genero-y-derechos-humanos\/","url":"https:\/\/ondauno.com.ar\/index.php\/2022\/05\/31\/la-apdh-y-la-mesa-intersectorial-de-mujeres-presentan-el-libro-genero-y-derechos-humanos\/","name":"La APDH y la Mesa Intersectorial de Mujeres presentan el libro \u201cG\u00e9nero y Derechos Humanos\u201d - 103.9 fm","isPartOf":{"@id":"https:\/\/ondauno.com.ar\/#website"},"primaryImageOfPage":{"@id":"https:\/\/ondauno.com.ar\/index.php\/2022\/05\/31\/la-apdh-y-la-mesa-intersectorial-de-mujeres-presentan-el-libro-genero-y-derechos-humanos\/#primaryimage"},"image":{"@id":"https:\/\/ondauno.com.ar\/index.php\/2022\/05\/31\/la-apdh-y-la-mesa-intersectorial-de-mujeres-presentan-el-libro-genero-y-derechos-humanos\/#primaryimage"},"thumbnailUrl":"http:\/\/ondauno.com.ar\/wp-content\/uploads\/2022\/05\/WhatsApp-Image-2022-05-30-at-6.40.50-PM.jpeg","datePublished":"2022-05-31T03:18:28+00:00","dateModified":"2022-05-31T03:18:29+00:00","author":{"@id":"https:\/\/ondauno.com.ar\/#\/schema\/person\/7ec851ddeceb4133d7d7132dc645714e"},"breadcrumb":{"@id":"https:\/\/ondauno.com.ar\/index.php\/2022\/05\/31\/la-apdh-y-la-mesa-intersectorial-de-mujeres-presentan-el-libro-genero-y-derechos-humanos\/#breadcrumb"},"inLanguage":"es-AR","potentialAction":[{"@type":"ReadAction","target":["https:\/\/ondauno.com.ar\/index.php\/2022\/05\/31\/la-apdh-y-la-mesa-intersectorial-de-mujeres-presentan-el-libro-genero-y-derechos-humanos\/"]}]},{"@type":"ImageObject","inLanguage":"es-AR","@id":"https:\/\/ondauno.com.ar\/index.php\/2022\/05\/31\/la-apdh-y-la-mesa-intersectorial-de-mujeres-presentan-el-libro-genero-y-derechos-humanos\/#primaryimage","url":"","contentUrl":""},{"@type":"BreadcrumbList","@id":"https:\/\/ondauno.com.ar\/index.php\/2022\/05\/31\/la-apdh-y-la-mesa-intersectorial-de-mujeres-presentan-el-libro-genero-y-derechos-humanos\/#breadcrumb","itemListElement":[{"@type":"ListItem","position":1,"name":"Inicio","item":"https:\/\/ondauno.com.ar\/"},{"@type":"ListItem","position":2,"name":"La APDH y la Mesa Intersectorial de Mujeres presentan el libro \u201cG\u00e9nero y Derechos Humanos\u201d"}]},{"@type":"WebSite","@id":"https:\/\/ondauno.com.ar\/#website","url":"https:\/\/ondauno.com.ar\/","name":"103.9 fm","description":"LA PRIMERA RADIO MULTIMEDIA DE TRES ARROYOS","potentialAction":[{"@type":"SearchAction","target":{"@type":"EntryPoint","urlTemplate":"https:\/\/ondauno.com.ar\/?s={search_term_string}"},"query-input":"required name=search_term_string"}],"inLanguage":"es-AR"},{"@type":"Person","@id":"https:\/\/ondauno.com.ar\/#\/schema\/person\/7ec851ddeceb4133d7d7132dc645714e","name":"OndaUno","image":{"@type":"ImageObject","inLanguage":"es-AR","@id":"https:\/\/ondauno.com.ar\/#\/schema\/person\/image\/","url":"https:\/\/secure.gravatar.com\/avatar\/93b8009f0de7021f1feb2bd5b32fb9e8?s=96&d=mm&r=g","contentUrl":"https:\/\/secure.gravatar.com\/avatar\/93b8009f0de7021f1feb2bd5b32fb9e8?s=96&d=mm&r=g","caption":"OndaUno"},"url":"https:\/\/ondauno.com.ar\/index.php\/author\/ondauno\/"}]}},"jetpack_publicize_connections":[],"jetpack_featured_media_url":"","jetpack_sharing_enabled":true,"_links":{"self":[{"href":"https:\/\/ondauno.com.ar\/index.php\/wp-json\/wp\/v2\/posts\/33793","targetHints":{"allow":["GET"]}}],"collection":[{"href":"https:\/\/ondauno.com.ar\/index.php\/wp-json\/wp\/v2\/posts"}],"about":[{"href":"https:\/\/ondauno.com.ar\/index.php\/wp-json\/wp\/v2\/types\/post"}],"author":[{"embeddable":true,"href":"https:\/\/ondauno.com.ar\/index.php\/wp-json\/wp\/v2\/users\/1"}],"replies":[{"embeddable":true,"href":"https:\/\/ondauno.com.ar\/index.php\/wp-json\/wp\/v2\/comments?post=33793"}],"version-history":[{"count":0,"href":"https:\/\/ondauno.com.ar\/index.php\/wp-json\/wp\/v2\/posts\/33793\/revisions"}],"wp:attachment":[{"href":"https:\/\/ondauno.com.ar\/index.php\/wp-json\/wp\/v2\/media?parent=33793"}],"wp:term":[{"taxonomy":"category","embeddable":true,"href":"https:\/\/ondauno.com.ar\/index.php\/wp-json\/wp\/v2\/categories?post=33793"},{"taxonomy":"post_tag","embeddable":true,"href":"https:\/\/ondauno.com.ar\/index.php\/wp-json\/wp\/v2\/tags?post=33793"}],"curies":[{"name":"wp","href":"https:\/\/api.w.org\/{rel}","templated":true}]}}