{"id":33751,"date":"2022-05-30T12:57:11","date_gmt":"2022-05-30T15:57:11","guid":{"rendered":"http:\/\/ondauno.com.ar\/?p=33751"},"modified":"2022-05-30T13:12:16","modified_gmt":"2022-05-30T16:12:16","slug":"callegari-el-presupuesto-no-se-ejecuta-como-se-presento-ni-parecido","status":"publish","type":"post","link":"https:\/\/ondauno.com.ar\/index.php\/2022\/05\/30\/callegari-el-presupuesto-no-se-ejecuta-como-se-presento-ni-parecido\/","title":{"rendered":"Callegari: &#8220;El presupuesto no se ejecuta como se present\u00f3, ni parecido&#8221;"},"content":{"rendered":"<div class=\"ondau-before-content_3\" style=\"margin-top: -30px;\" id=\"ondau-624435318\"><a href=\"https:\/\/www.lps.com.ar\/\" aria-label=\"la-perse2\"><img loading=\"lazy\" decoding=\"async\" src=\"https:\/\/ondauno.com.ar\/wp-content\/uploads\/2021\/10\/la-perse2.jpg\" alt=\"\"  srcset=\"https:\/\/ondauno.com.ar\/wp-content\/uploads\/2021\/10\/la-perse2.jpg 1353w, https:\/\/ondauno.com.ar\/wp-content\/uploads\/2021\/10\/la-perse2-300x43.jpg 300w, https:\/\/ondauno.com.ar\/wp-content\/uploads\/2021\/10\/la-perse2-1024x148.jpg 1024w, https:\/\/ondauno.com.ar\/wp-content\/uploads\/2021\/10\/la-perse2-768x111.jpg 768w, https:\/\/ondauno.com.ar\/wp-content\/uploads\/2021\/10\/la-perse2-696x100.jpg 696w, https:\/\/ondauno.com.ar\/wp-content\/uploads\/2021\/10\/la-perse2-1068x154.jpg 1068w\" sizes=\"(max-width: 1353px) 100vw, 1353px\" class=\"no-lazyload\" width=\"1353\" height=\"195\"  style=\"display: inline-block;\" \/><\/a><\/div>\n<p>&#8220;Quer\u00edan que los vecinos financien -meter las manos en los bolsillos de los vecinos- para financiar lo que ellos no usan adecuadamente de los recursos que reciben&#8221;, sostuvo en Cosas que pasan la presidente de la bancada de concejales del Frente de Todos, Graciela Callegari, al momento de explicar porqu\u00e9 no aprobaron la rendici\u00f3n de cuentas del gobierno municipal del intendente vecinalista, Carlos S\u00e1nchez.<\/p>\n\n\n\n<figure class=\"wp-block-image\"><img loading=\"lazy\" decoding=\"async\" width=\"1024\" height=\"161\" data-src=\"http:\/\/ondauno.com.ar\/wp-content\/uploads\/2022\/03\/Escucha-la-nota1-1024x161.jpg\" alt=\"\" class=\"wp-image-32072 lazyload\" data-srcset=\"https:\/\/ondauno.com.ar\/wp-content\/uploads\/2022\/03\/Escucha-la-nota1-1024x161.jpg 1024w, https:\/\/ondauno.com.ar\/wp-content\/uploads\/2022\/03\/Escucha-la-nota1-300x47.jpg 300w, https:\/\/ondauno.com.ar\/wp-content\/uploads\/2022\/03\/Escucha-la-nota1-768x121.jpg 768w, https:\/\/ondauno.com.ar\/wp-content\/uploads\/2022\/03\/Escucha-la-nota1-696x110.jpg 696w, https:\/\/ondauno.com.ar\/wp-content\/uploads\/2022\/03\/Escucha-la-nota1-1068x168.jpg 1068w, https:\/\/ondauno.com.ar\/wp-content\/uploads\/2022\/03\/Escucha-la-nota1-1920x302.jpg 1920w\" data-sizes=\"auto, (max-width: 1024px) 100vw, 1024px\" src=\"data:image\/gif;base64,R0lGODlhAQABAAAAACH5BAEKAAEALAAAAAABAAEAAAICTAEAOw==\" style=\"--smush-placeholder-width: 1024px; --smush-placeholder-aspect-ratio: 1024\/161;\" \/><noscript><img loading=\"lazy\" decoding=\"async\" width=\"1024\" height=\"161\" src=\"http:\/\/ondauno.com.ar\/wp-content\/uploads\/2022\/03\/Escucha-la-nota1-1024x161.jpg\" alt=\"\" class=\"wp-image-32072\" srcset=\"https:\/\/ondauno.com.ar\/wp-content\/uploads\/2022\/03\/Escucha-la-nota1-1024x161.jpg 1024w, https:\/\/ondauno.com.ar\/wp-content\/uploads\/2022\/03\/Escucha-la-nota1-300x47.jpg 300w, https:\/\/ondauno.com.ar\/wp-content\/uploads\/2022\/03\/Escucha-la-nota1-768x121.jpg 768w, https:\/\/ondauno.com.ar\/wp-content\/uploads\/2022\/03\/Escucha-la-nota1-696x110.jpg 696w, https:\/\/ondauno.com.ar\/wp-content\/uploads\/2022\/03\/Escucha-la-nota1-1068x168.jpg 1068w, https:\/\/ondauno.com.ar\/wp-content\/uploads\/2022\/03\/Escucha-la-nota1-1920x302.jpg 1920w\" sizes=\"auto, (max-width: 1024px) 100vw, 1024px\" \/><\/noscript><\/figure>\n\n\n\n<figure><iframe loading=\"lazy\" data-src=\"https:\/\/www.facebook.com\/plugins\/video.php?height=314&amp;href=https%3A%2F%2Fwww.facebook.com%2Fondauno103.9%2Fvideos%2F680223609710722%2F&amp;show_text=false&amp;width=560&amp;t=0\" width=\"560\" height=\"314\" allowfullscreen=\"true\" src=\"data:image\/gif;base64,R0lGODlhAQABAAAAACH5BAEKAAEALAAAAAABAAEAAAICTAEAOw==\" class=\"lazyload\" data-load-mode=\"1\"><\/iframe><\/figure>\n","protected":false},"excerpt":{"rendered":"<p>&#8220;Quer\u00edan que los vecinos financien -meter las manos en los bolsillos de los vecinos- para financiar lo que ellos no usan adecuadamente de los recursos que reciben&#8221;, sostuvo en Cosas que pasan la presidente de la bancada de concejales del Frente de Todos, Graciela Callegari, al momento de explicar porqu\u00e9 no aprobaron la rendici\u00f3n de [&hellip;]<\/p>\n","protected":false},"author":1,"featured_media":9647,"comment_status":"open","ping_status":"open","sticky":false,"template":"","format":"standard","meta":{"tdm_status":"","tdm_grid_status":"","_jetpack_memberships_contains_paid_content":false,"footnotes":"","jetpack_publicize_message":"","jetpack_publicize_feature_enabled":true,"jetpack_social_post_already_shared":true,"jetpack_social_options":{"image_generator_settings":{"template":"highway","default_image_id":0,"font":"","enabled":false},"version":2}},"categories":[2],"tags":[],"class_list":{"0":"post-33751","1":"post","2":"type-post","3":"status-publish","4":"format-standard","5":"has-post-thumbnail","7":"category-locales"},"yoast_head":"<!-- This site is optimized with the Yoast SEO plugin v22.7 - https:\/\/yoast.com\/wordpress\/plugins\/seo\/ -->\n<title>Callegari: &quot;El presupuesto no se ejecuta como se present\u00f3, ni parecido&quot; - 103.9 fm<\/title>\n<meta name=\"robots\" content=\"index, follow, max-snippet:-1, max-image-preview:large, max-video-preview:-1\" \/>\n<link rel=\"canonical\" href=\"https:\/\/ondauno.com.ar\/index.php\/2022\/05\/30\/callegari-el-presupuesto-no-se-ejecuta-como-se-presento-ni-parecido\/\" \/>\n<meta property=\"og:locale\" content=\"es_ES\" \/>\n<meta property=\"og:type\" content=\"article\" \/>\n<meta property=\"og:title\" content=\"Callegari: &quot;El presupuesto no se ejecuta como se present\u00f3, ni parecido&quot; - 103.9 fm\" \/>\n<meta property=\"og:description\" content=\"&#8220;Quer\u00edan que los vecinos financien -meter las manos en los bolsillos de los vecinos- para financiar lo que ellos no usan adecuadamente de los recursos que reciben&#8221;, sostuvo en Cosas que pasan la presidente de la bancada de concejales del Frente de Todos, Graciela Callegari, al momento de explicar porqu\u00e9 no aprobaron la rendici\u00f3n de [&hellip;]\" \/>\n<meta property=\"og:url\" content=\"https:\/\/ondauno.com.ar\/index.php\/2022\/05\/30\/callegari-el-presupuesto-no-se-ejecuta-como-se-presento-ni-parecido\/\" \/>\n<meta property=\"og:site_name\" content=\"103.9 fm\" \/>\n<meta property=\"article:publisher\" content=\"https:\/\/www.facebook.com\/ondauno103.9\" \/>\n<meta property=\"article:published_time\" content=\"2022-05-30T15:57:11+00:00\" \/>\n<meta property=\"article:modified_time\" content=\"2022-05-30T16:12:16+00:00\" \/>\n<meta property=\"og:image\" content=\"https:\/\/ondauno.com.ar\/wp-content\/uploads\/2020\/05\/graciela-callegari.jpg\" \/>\n\t<meta property=\"og:image:width\" content=\"512\" \/>\n\t<meta property=\"og:image:height\" content=\"384\" \/>\n\t<meta property=\"og:image:type\" content=\"image\/jpeg\" \/>\n<meta name=\"author\" content=\"OndaUno\" \/>\n<meta name=\"twitter:card\" content=\"summary_large_image\" \/>\n<meta name=\"twitter:label1\" content=\"Escrito por\" \/>\n\t<meta name=\"twitter:data1\" content=\"OndaUno\" \/>\n<script type=\"application\/ld+json\" class=\"yoast-schema-graph\">{\"@context\":\"https:\/\/schema.org\",\"@graph\":[{\"@type\":\"WebPage\",\"@id\":\"https:\/\/ondauno.com.ar\/index.php\/2022\/05\/30\/callegari-el-presupuesto-no-se-ejecuta-como-se-presento-ni-parecido\/\",\"url\":\"https:\/\/ondauno.com.ar\/index.php\/2022\/05\/30\/callegari-el-presupuesto-no-se-ejecuta-como-se-presento-ni-parecido\/\",\"name\":\"Callegari: \\\"El presupuesto no se ejecuta como se present\u00f3, ni parecido\\\" - 103.9 fm\",\"isPartOf\":{\"@id\":\"https:\/\/ondauno.com.ar\/#website\"},\"primaryImageOfPage\":{\"@id\":\"https:\/\/ondauno.com.ar\/index.php\/2022\/05\/30\/callegari-el-presupuesto-no-se-ejecuta-como-se-presento-ni-parecido\/#primaryimage\"},\"image\":{\"@id\":\"https:\/\/ondauno.com.ar\/index.php\/2022\/05\/30\/callegari-el-presupuesto-no-se-ejecuta-como-se-presento-ni-parecido\/#primaryimage\"},\"thumbnailUrl\":\"https:\/\/ondauno.com.ar\/wp-content\/uploads\/2020\/05\/graciela-callegari.jpg\",\"datePublished\":\"2022-05-30T15:57:11+00:00\",\"dateModified\":\"2022-05-30T16:12:16+00:00\",\"author\":{\"@id\":\"https:\/\/ondauno.com.ar\/#\/schema\/person\/7ec851ddeceb4133d7d7132dc645714e\"},\"breadcrumb\":{\"@id\":\"https:\/\/ondauno.com.ar\/index.php\/2022\/05\/30\/callegari-el-presupuesto-no-se-ejecuta-como-se-presento-ni-parecido\/#breadcrumb\"},\"inLanguage\":\"es-AR\",\"potentialAction\":[{\"@type\":\"ReadAction\",\"target\":[\"https:\/\/ondauno.com.ar\/index.php\/2022\/05\/30\/callegari-el-presupuesto-no-se-ejecuta-como-se-presento-ni-parecido\/\"]}]},{\"@type\":\"ImageObject\",\"inLanguage\":\"es-AR\",\"@id\":\"https:\/\/ondauno.com.ar\/index.php\/2022\/05\/30\/callegari-el-presupuesto-no-se-ejecuta-como-se-presento-ni-parecido\/#primaryimage\",\"url\":\"https:\/\/ondauno.com.ar\/wp-content\/uploads\/2020\/05\/graciela-callegari.jpg\",\"contentUrl\":\"https:\/\/ondauno.com.ar\/wp-content\/uploads\/2020\/05\/graciela-callegari.jpg\",\"width\":512,\"height\":384},{\"@type\":\"BreadcrumbList\",\"@id\":\"https:\/\/ondauno.com.ar\/index.php\/2022\/05\/30\/callegari-el-presupuesto-no-se-ejecuta-como-se-presento-ni-parecido\/#breadcrumb\",\"itemListElement\":[{\"@type\":\"ListItem\",\"position\":1,\"name\":\"Inicio\",\"item\":\"https:\/\/ondauno.com.ar\/\"},{\"@type\":\"ListItem\",\"position\":2,\"name\":\"Callegari: &#8220;El presupuesto no se ejecuta como se present\u00f3, ni parecido&#8221;\"}]},{\"@type\":\"WebSite\",\"@id\":\"https:\/\/ondauno.com.ar\/#website\",\"url\":\"https:\/\/ondauno.com.ar\/\",\"name\":\"103.9 fm\",\"description\":\"LA PRIMERA RADIO MULTIMEDIA DE TRES ARROYOS\",\"potentialAction\":[{\"@type\":\"SearchAction\",\"target\":{\"@type\":\"EntryPoint\",\"urlTemplate\":\"https:\/\/ondauno.com.ar\/?s={search_term_string}\"},\"query-input\":\"required name=search_term_string\"}],\"inLanguage\":\"es-AR\"},{\"@type\":\"Person\",\"@id\":\"https:\/\/ondauno.com.ar\/#\/schema\/person\/7ec851ddeceb4133d7d7132dc645714e\",\"name\":\"OndaUno\",\"image\":{\"@type\":\"ImageObject\",\"inLanguage\":\"es-AR\",\"@id\":\"https:\/\/ondauno.com.ar\/#\/schema\/person\/image\/\",\"url\":\"https:\/\/secure.gravatar.com\/avatar\/93b8009f0de7021f1feb2bd5b32fb9e8?s=96&d=mm&r=g\",\"contentUrl\":\"https:\/\/secure.gravatar.com\/avatar\/93b8009f0de7021f1feb2bd5b32fb9e8?s=96&d=mm&r=g\",\"caption\":\"OndaUno\"},\"url\":\"https:\/\/ondauno.com.ar\/index.php\/author\/ondauno\/\"}]}<\/script>\n<!-- \/ Yoast SEO plugin. -->","yoast_head_json":{"title":"Callegari: \"El presupuesto no se ejecuta como se present\u00f3, ni parecido\" - 103.9 fm","robots":{"index":"index","follow":"follow","max-snippet":"max-snippet:-1","max-image-preview":"max-image-preview:large","max-video-preview":"max-video-preview:-1"},"canonical":"https:\/\/ondauno.com.ar\/index.php\/2022\/05\/30\/callegari-el-presupuesto-no-se-ejecuta-como-se-presento-ni-parecido\/","og_locale":"es_ES","og_type":"article","og_title":"Callegari: \"El presupuesto no se ejecuta como se present\u00f3, ni parecido\" - 103.9 fm","og_description":"&#8220;Quer\u00edan que los vecinos financien -meter las manos en los bolsillos de los vecinos- para financiar lo que ellos no usan adecuadamente de los recursos que reciben&#8221;, sostuvo en Cosas que pasan la presidente de la bancada de concejales del Frente de Todos, Graciela Callegari, al momento de explicar porqu\u00e9 no aprobaron la rendici\u00f3n de [&hellip;]","og_url":"https:\/\/ondauno.com.ar\/index.php\/2022\/05\/30\/callegari-el-presupuesto-no-se-ejecuta-como-se-presento-ni-parecido\/","og_site_name":"103.9 fm","article_publisher":"https:\/\/www.facebook.com\/ondauno103.9","article_published_time":"2022-05-30T15:57:11+00:00","article_modified_time":"2022-05-30T16:12:16+00:00","og_image":[{"width":512,"height":384,"url":"https:\/\/ondauno.com.ar\/wp-content\/uploads\/2020\/05\/graciela-callegari.jpg","type":"image\/jpeg"}],"author":"OndaUno","twitter_card":"summary_large_image","twitter_misc":{"Escrito por":"OndaUno"},"schema":{"@context":"https:\/\/schema.org","@graph":[{"@type":"WebPage","@id":"https:\/\/ondauno.com.ar\/index.php\/2022\/05\/30\/callegari-el-presupuesto-no-se-ejecuta-como-se-presento-ni-parecido\/","url":"https:\/\/ondauno.com.ar\/index.php\/2022\/05\/30\/callegari-el-presupuesto-no-se-ejecuta-como-se-presento-ni-parecido\/","name":"Callegari: \"El presupuesto no se ejecuta como se present\u00f3, ni parecido\" - 103.9 fm","isPartOf":{"@id":"https:\/\/ondauno.com.ar\/#website"},"primaryImageOfPage":{"@id":"https:\/\/ondauno.com.ar\/index.php\/2022\/05\/30\/callegari-el-presupuesto-no-se-ejecuta-como-se-presento-ni-parecido\/#primaryimage"},"image":{"@id":"https:\/\/ondauno.com.ar\/index.php\/2022\/05\/30\/callegari-el-presupuesto-no-se-ejecuta-como-se-presento-ni-parecido\/#primaryimage"},"thumbnailUrl":"https:\/\/ondauno.com.ar\/wp-content\/uploads\/2020\/05\/graciela-callegari.jpg","datePublished":"2022-05-30T15:57:11+00:00","dateModified":"2022-05-30T16:12:16+00:00","author":{"@id":"https:\/\/ondauno.com.ar\/#\/schema\/person\/7ec851ddeceb4133d7d7132dc645714e"},"breadcrumb":{"@id":"https:\/\/ondauno.com.ar\/index.php\/2022\/05\/30\/callegari-el-presupuesto-no-se-ejecuta-como-se-presento-ni-parecido\/#breadcrumb"},"inLanguage":"es-AR","potentialAction":[{"@type":"ReadAction","target":["https:\/\/ondauno.com.ar\/index.php\/2022\/05\/30\/callegari-el-presupuesto-no-se-ejecuta-como-se-presento-ni-parecido\/"]}]},{"@type":"ImageObject","inLanguage":"es-AR","@id":"https:\/\/ondauno.com.ar\/index.php\/2022\/05\/30\/callegari-el-presupuesto-no-se-ejecuta-como-se-presento-ni-parecido\/#primaryimage","url":"https:\/\/ondauno.com.ar\/wp-content\/uploads\/2020\/05\/graciela-callegari.jpg","contentUrl":"https:\/\/ondauno.com.ar\/wp-content\/uploads\/2020\/05\/graciela-callegari.jpg","width":512,"height":384},{"@type":"BreadcrumbList","@id":"https:\/\/ondauno.com.ar\/index.php\/2022\/05\/30\/callegari-el-presupuesto-no-se-ejecuta-como-se-presento-ni-parecido\/#breadcrumb","itemListElement":[{"@type":"ListItem","position":1,"name":"Inicio","item":"https:\/\/ondauno.com.ar\/"},{"@type":"ListItem","position":2,"name":"Callegari: &#8220;El presupuesto no se ejecuta como se present\u00f3, ni parecido&#8221;"}]},{"@type":"WebSite","@id":"https:\/\/ondauno.com.ar\/#website","url":"https:\/\/ondauno.com.ar\/","name":"103.9 fm","description":"LA PRIMERA RADIO MULTIMEDIA DE TRES ARROYOS","potentialAction":[{"@type":"SearchAction","target":{"@type":"EntryPoint","urlTemplate":"https:\/\/ondauno.com.ar\/?s={search_term_string}"},"query-input":"required name=search_term_string"}],"inLanguage":"es-AR"},{"@type":"Person","@id":"https:\/\/ondauno.com.ar\/#\/schema\/person\/7ec851ddeceb4133d7d7132dc645714e","name":"OndaUno","image":{"@type":"ImageObject","inLanguage":"es-AR","@id":"https:\/\/ondauno.com.ar\/#\/schema\/person\/image\/","url":"https:\/\/secure.gravatar.com\/avatar\/93b8009f0de7021f1feb2bd5b32fb9e8?s=96&d=mm&r=g","contentUrl":"https:\/\/secure.gravatar.com\/avatar\/93b8009f0de7021f1feb2bd5b32fb9e8?s=96&d=mm&r=g","caption":"OndaUno"},"url":"https:\/\/ondauno.com.ar\/index.php\/author\/ondauno\/"}]}},"jetpack_publicize_connections":[],"jetpack_featured_media_url":"https:\/\/ondauno.com.ar\/wp-content\/uploads\/2020\/05\/graciela-callegari.jpg","jetpack_sharing_enabled":true,"_links":{"self":[{"href":"https:\/\/ondauno.com.ar\/index.php\/wp-json\/wp\/v2\/posts\/33751","targetHints":{"allow":["GET"]}}],"collection":[{"href":"https:\/\/ondauno.com.ar\/index.php\/wp-json\/wp\/v2\/posts"}],"about":[{"href":"https:\/\/ondauno.com.ar\/index.php\/wp-json\/wp\/v2\/types\/post"}],"author":[{"embeddable":true,"href":"https:\/\/ondauno.com.ar\/index.php\/wp-json\/wp\/v2\/users\/1"}],"replies":[{"embeddable":true,"href":"https:\/\/ondauno.com.ar\/index.php\/wp-json\/wp\/v2\/comments?post=33751"}],"version-history":[{"count":0,"href":"https:\/\/ondauno.com.ar\/index.php\/wp-json\/wp\/v2\/posts\/33751\/revisions"}],"wp:featuredmedia":[{"embeddable":true,"href":"https:\/\/ondauno.com.ar\/index.php\/wp-json\/wp\/v2\/media\/9647"}],"wp:attachment":[{"href":"https:\/\/ondauno.com.ar\/index.php\/wp-json\/wp\/v2\/media?parent=33751"}],"wp:term":[{"taxonomy":"category","embeddable":true,"href":"https:\/\/ondauno.com.ar\/index.php\/wp-json\/wp\/v2\/categories?post=33751"},{"taxonomy":"post_tag","embeddable":true,"href":"https:\/\/ondauno.com.ar\/index.php\/wp-json\/wp\/v2\/tags?post=33751"}],"curies":[{"name":"wp","href":"https:\/\/api.w.org\/{rel}","templated":true}]}}