{"id":33398,"date":"2022-05-10T18:13:14","date_gmt":"2022-05-10T21:13:14","guid":{"rendered":"http:\/\/ondauno.com.ar\/?p=33398"},"modified":"2022-05-10T18:13:15","modified_gmt":"2022-05-10T21:13:15","slug":"fueron-tumbas-y-salas-de-parto-el-recuerdo-de-miguel-savage-sobre-la-guerra-de-malvinas","status":"publish","type":"post","link":"https:\/\/ondauno.com.ar\/index.php\/2022\/05\/10\/fueron-tumbas-y-salas-de-parto-el-recuerdo-de-miguel-savage-sobre-la-guerra-de-malvinas\/","title":{"rendered":"&#8220;Fueron tumbas y salas de parto&#8221;: el recuerdo de Miguel Savage sobre la guerra de Malvinas"},"content":{"rendered":"<div class=\"ondau-before-content_3\" style=\"margin-top: -30px;\" id=\"ondau-1723446123\"><a href=\"https:\/\/www.lps.com.ar\/\" aria-label=\"la-perse2\"><img loading=\"lazy\" decoding=\"async\" src=\"https:\/\/ondauno.com.ar\/wp-content\/uploads\/2021\/10\/la-perse2.jpg\" alt=\"\"  srcset=\"https:\/\/ondauno.com.ar\/wp-content\/uploads\/2021\/10\/la-perse2.jpg 1353w, https:\/\/ondauno.com.ar\/wp-content\/uploads\/2021\/10\/la-perse2-300x43.jpg 300w, https:\/\/ondauno.com.ar\/wp-content\/uploads\/2021\/10\/la-perse2-1024x148.jpg 1024w, https:\/\/ondauno.com.ar\/wp-content\/uploads\/2021\/10\/la-perse2-768x111.jpg 768w, https:\/\/ondauno.com.ar\/wp-content\/uploads\/2021\/10\/la-perse2-696x100.jpg 696w, https:\/\/ondauno.com.ar\/wp-content\/uploads\/2021\/10\/la-perse2-1068x154.jpg 1068w\" sizes=\"(max-width: 1353px) 100vw, 1353px\" class=\"no-lazyload\" width=\"1353\" height=\"195\"  style=\"display: inline-block;\" \/><\/a><\/div>\n<p>El ex combatiente argentino cont\u00f3 en Cosas que pasan c\u00f3mo vivi\u00f3 durante dos meses en pozos y trincheras del Monte Longdon, donde se vivi\u00f3 la parte m\u00e1s cruenta del guerra.<\/p>\n\n\n\n<ul class=\"wp-block-gallery columns-2 is-cropped wp-block-gallery-1 is-layout-flex wp-block-gallery-is-layout-flex\"><li class=\"blocks-gallery-item\"><figure><img decoding=\"async\" data-src=\"http:\/\/ondauno.com.ar\/wp-content\/uploads\/2022\/05\/WhatsApp-Image-2022-05-10-at-13.33.07-1024x576.jpeg\" alt=\"\" data-id=\"33400\" data-link=\"http:\/\/ondauno.com.ar\/?attachment_id=33400\" class=\"wp-image-33400 lazyload\" src=\"data:image\/gif;base64,R0lGODlhAQABAAAAACH5BAEKAAEALAAAAAABAAEAAAICTAEAOw==\" style=\"--smush-placeholder-width: 1024px; --smush-placeholder-aspect-ratio: 1024\/576;\" \/><noscript><img decoding=\"async\" src=\"http:\/\/ondauno.com.ar\/wp-content\/uploads\/2022\/05\/WhatsApp-Image-2022-05-10-at-13.33.07-1024x576.jpeg\" alt=\"\" data-id=\"33400\" data-link=\"http:\/\/ondauno.com.ar\/?attachment_id=33400\" class=\"wp-image-33400\"\/><\/noscript><\/figure><\/li><li class=\"blocks-gallery-item\"><figure><img decoding=\"async\" data-src=\"http:\/\/ondauno.com.ar\/wp-content\/uploads\/2022\/05\/WhatsApp-Image-2022-05-10-at-13.33.08-1024x674.jpeg\" alt=\"\" data-id=\"33399\" data-link=\"http:\/\/ondauno.com.ar\/?attachment_id=33399\" class=\"wp-image-33399 lazyload\" src=\"data:image\/gif;base64,R0lGODlhAQABAAAAACH5BAEKAAEALAAAAAABAAEAAAICTAEAOw==\" style=\"--smush-placeholder-width: 1024px; --smush-placeholder-aspect-ratio: 1024\/674;\" \/><noscript><img decoding=\"async\" src=\"http:\/\/ondauno.com.ar\/wp-content\/uploads\/2022\/05\/WhatsApp-Image-2022-05-10-at-13.33.08-1024x674.jpeg\" alt=\"\" data-id=\"33399\" data-link=\"http:\/\/ondauno.com.ar\/?attachment_id=33399\" class=\"wp-image-33399\"\/><\/noscript><\/figure><\/li><\/ul>\n\n\n\n<p>Pero tambi\u00e9n habl\u00f3 de c\u00f3mo fue volver al continente argentino como prisionero de guerra en un transatl\u00e1ntico de lujo alquilado por los ingleses para llevar de vuelta a sus soldados, d\u00f3nde conoci\u00f3 al actual magnate Mark Burnet, presidente de MGM, realizador de las series Vikingos, Luis Miguel y de los riatlitys m\u00e1s taquilleros de la televisi\u00f3n mundial.<\/p>\n\n\n\n<p>En el marco de los 40 a\u00f1os de la guerra, el ex combatiente se encuentra dando charlas en El Perdido y en Oriente, invitado especialmente por el municipio de Coronel Dorrego.<\/p>\n\n\n\n<figure class=\"wp-block-image\"><img loading=\"lazy\" decoding=\"async\" width=\"1024\" height=\"161\" data-src=\"http:\/\/ondauno.com.ar\/wp-content\/uploads\/2022\/03\/Escucha-la-nota1-1024x161.jpg\" alt=\"\" class=\"wp-image-32072 lazyload\" data-srcset=\"https:\/\/ondauno.com.ar\/wp-content\/uploads\/2022\/03\/Escucha-la-nota1-1024x161.jpg 1024w, https:\/\/ondauno.com.ar\/wp-content\/uploads\/2022\/03\/Escucha-la-nota1-300x47.jpg 300w, https:\/\/ondauno.com.ar\/wp-content\/uploads\/2022\/03\/Escucha-la-nota1-768x121.jpg 768w, https:\/\/ondauno.com.ar\/wp-content\/uploads\/2022\/03\/Escucha-la-nota1-696x110.jpg 696w, https:\/\/ondauno.com.ar\/wp-content\/uploads\/2022\/03\/Escucha-la-nota1-1068x168.jpg 1068w, https:\/\/ondauno.com.ar\/wp-content\/uploads\/2022\/03\/Escucha-la-nota1-1920x302.jpg 1920w\" data-sizes=\"auto, (max-width: 1024px) 100vw, 1024px\" src=\"data:image\/gif;base64,R0lGODlhAQABAAAAACH5BAEKAAEALAAAAAABAAEAAAICTAEAOw==\" style=\"--smush-placeholder-width: 1024px; --smush-placeholder-aspect-ratio: 1024\/161;\" \/><noscript><img loading=\"lazy\" decoding=\"async\" width=\"1024\" height=\"161\" src=\"http:\/\/ondauno.com.ar\/wp-content\/uploads\/2022\/03\/Escucha-la-nota1-1024x161.jpg\" alt=\"\" class=\"wp-image-32072\" srcset=\"https:\/\/ondauno.com.ar\/wp-content\/uploads\/2022\/03\/Escucha-la-nota1-1024x161.jpg 1024w, https:\/\/ondauno.com.ar\/wp-content\/uploads\/2022\/03\/Escucha-la-nota1-300x47.jpg 300w, https:\/\/ondauno.com.ar\/wp-content\/uploads\/2022\/03\/Escucha-la-nota1-768x121.jpg 768w, https:\/\/ondauno.com.ar\/wp-content\/uploads\/2022\/03\/Escucha-la-nota1-696x110.jpg 696w, https:\/\/ondauno.com.ar\/wp-content\/uploads\/2022\/03\/Escucha-la-nota1-1068x168.jpg 1068w, https:\/\/ondauno.com.ar\/wp-content\/uploads\/2022\/03\/Escucha-la-nota1-1920x302.jpg 1920w\" sizes=\"auto, (max-width: 1024px) 100vw, 1024px\" \/><\/noscript><\/figure>\n\n\n\n<figure><iframe loading=\"lazy\" data-src=\"https:\/\/www.facebook.com\/plugins\/video.php?height=314&amp;href=https%3A%2F%2Fwww.facebook.com%2Fondauno103.9%2Fvideos%2F2855703387908395%2F&amp;show_text=false&amp;width=560&amp;t=0\" width=\"560\" height=\"314\" allowfullscreen=\"true\" src=\"data:image\/gif;base64,R0lGODlhAQABAAAAACH5BAEKAAEALAAAAAABAAEAAAICTAEAOw==\" class=\"lazyload\" data-load-mode=\"1\"><\/iframe><\/figure>\n","protected":false},"excerpt":{"rendered":"<p>El ex combatiente argentino cont\u00f3 en Cosas que pasan c\u00f3mo vivi\u00f3 durante dos meses en pozos y trincheras del Monte Longdon, donde se vivi\u00f3 la parte m\u00e1s cruenta del guerra. Pero tambi\u00e9n habl\u00f3 de c\u00f3mo fue volver al continente argentino como prisionero de guerra en un transatl\u00e1ntico de lujo alquilado por los ingleses para llevar [&hellip;]<\/p>\n","protected":false},"author":1,"featured_media":0,"comment_status":"open","ping_status":"open","sticky":false,"template":"","format":"standard","meta":{"tdm_status":"","tdm_grid_status":"","_jetpack_memberships_contains_paid_content":false,"footnotes":"","jetpack_publicize_message":"","jetpack_publicize_feature_enabled":true,"jetpack_social_post_already_shared":true,"jetpack_social_options":{"image_generator_settings":{"template":"highway","default_image_id":0,"font":"","enabled":false},"version":2}},"categories":[26],"tags":[],"class_list":{"0":"post-33398","1":"post","2":"type-post","3":"status-publish","4":"format-standard","6":"category-destacada"},"yoast_head":"<!-- This site is optimized with the Yoast SEO plugin v22.7 - https:\/\/yoast.com\/wordpress\/plugins\/seo\/ -->\n<title>&quot;Fueron tumbas y salas de parto&quot;: el recuerdo de Miguel Savage sobre la guerra de Malvinas - 103.9 fm<\/title>\n<meta name=\"robots\" content=\"index, follow, max-snippet:-1, max-image-preview:large, max-video-preview:-1\" \/>\n<link rel=\"canonical\" href=\"https:\/\/ondauno.com.ar\/index.php\/2022\/05\/10\/fueron-tumbas-y-salas-de-parto-el-recuerdo-de-miguel-savage-sobre-la-guerra-de-malvinas\/\" \/>\n<meta property=\"og:locale\" content=\"es_ES\" \/>\n<meta property=\"og:type\" content=\"article\" \/>\n<meta property=\"og:title\" content=\"&quot;Fueron tumbas y salas de parto&quot;: el recuerdo de Miguel Savage sobre la guerra de Malvinas - 103.9 fm\" \/>\n<meta property=\"og:description\" content=\"El ex combatiente argentino cont\u00f3 en Cosas que pasan c\u00f3mo vivi\u00f3 durante dos meses en pozos y trincheras del Monte Longdon, donde se vivi\u00f3 la parte m\u00e1s cruenta del guerra. Pero tambi\u00e9n habl\u00f3 de c\u00f3mo fue volver al continente argentino como prisionero de guerra en un transatl\u00e1ntico de lujo alquilado por los ingleses para llevar [&hellip;]\" \/>\n<meta property=\"og:url\" content=\"https:\/\/ondauno.com.ar\/index.php\/2022\/05\/10\/fueron-tumbas-y-salas-de-parto-el-recuerdo-de-miguel-savage-sobre-la-guerra-de-malvinas\/\" \/>\n<meta property=\"og:site_name\" content=\"103.9 fm\" \/>\n<meta property=\"article:publisher\" content=\"https:\/\/www.facebook.com\/ondauno103.9\" \/>\n<meta property=\"article:published_time\" content=\"2022-05-10T21:13:14+00:00\" \/>\n<meta property=\"article:modified_time\" content=\"2022-05-10T21:13:15+00:00\" \/>\n<meta property=\"og:image\" content=\"https:\/\/ondauno.com.ar\/wp-content\/uploads\/2022\/05\/WhatsApp-Image-2022-05-10-at-13.33.08-1.jpeg\" \/>\n\t<meta property=\"og:image:width\" content=\"1280\" \/>\n\t<meta property=\"og:image:height\" content=\"960\" \/>\n\t<meta property=\"og:image:type\" content=\"image\/jpeg\" \/>\n<meta name=\"author\" content=\"OndaUno\" \/>\n<meta name=\"twitter:card\" content=\"summary_large_image\" \/>\n<meta name=\"twitter:label1\" content=\"Escrito por\" \/>\n\t<meta name=\"twitter:data1\" content=\"OndaUno\" \/>\n\t<meta name=\"twitter:label2\" content=\"Tiempo de lectura\" \/>\n\t<meta name=\"twitter:data2\" content=\"1 minuto\" \/>\n<script type=\"application\/ld+json\" class=\"yoast-schema-graph\">{\"@context\":\"https:\/\/schema.org\",\"@graph\":[{\"@type\":\"WebPage\",\"@id\":\"https:\/\/ondauno.com.ar\/index.php\/2022\/05\/10\/fueron-tumbas-y-salas-de-parto-el-recuerdo-de-miguel-savage-sobre-la-guerra-de-malvinas\/\",\"url\":\"https:\/\/ondauno.com.ar\/index.php\/2022\/05\/10\/fueron-tumbas-y-salas-de-parto-el-recuerdo-de-miguel-savage-sobre-la-guerra-de-malvinas\/\",\"name\":\"\\\"Fueron tumbas y salas de parto\\\": el recuerdo de Miguel Savage sobre la guerra de Malvinas - 103.9 fm\",\"isPartOf\":{\"@id\":\"https:\/\/ondauno.com.ar\/#website\"},\"primaryImageOfPage\":{\"@id\":\"https:\/\/ondauno.com.ar\/index.php\/2022\/05\/10\/fueron-tumbas-y-salas-de-parto-el-recuerdo-de-miguel-savage-sobre-la-guerra-de-malvinas\/#primaryimage\"},\"image\":{\"@id\":\"https:\/\/ondauno.com.ar\/index.php\/2022\/05\/10\/fueron-tumbas-y-salas-de-parto-el-recuerdo-de-miguel-savage-sobre-la-guerra-de-malvinas\/#primaryimage\"},\"thumbnailUrl\":\"http:\/\/ondauno.com.ar\/wp-content\/uploads\/2022\/05\/WhatsApp-Image-2022-05-10-at-13.33.07-1024x576.jpeg\",\"datePublished\":\"2022-05-10T21:13:14+00:00\",\"dateModified\":\"2022-05-10T21:13:15+00:00\",\"author\":{\"@id\":\"https:\/\/ondauno.com.ar\/#\/schema\/person\/7ec851ddeceb4133d7d7132dc645714e\"},\"breadcrumb\":{\"@id\":\"https:\/\/ondauno.com.ar\/index.php\/2022\/05\/10\/fueron-tumbas-y-salas-de-parto-el-recuerdo-de-miguel-savage-sobre-la-guerra-de-malvinas\/#breadcrumb\"},\"inLanguage\":\"es-AR\",\"potentialAction\":[{\"@type\":\"ReadAction\",\"target\":[\"https:\/\/ondauno.com.ar\/index.php\/2022\/05\/10\/fueron-tumbas-y-salas-de-parto-el-recuerdo-de-miguel-savage-sobre-la-guerra-de-malvinas\/\"]}]},{\"@type\":\"ImageObject\",\"inLanguage\":\"es-AR\",\"@id\":\"https:\/\/ondauno.com.ar\/index.php\/2022\/05\/10\/fueron-tumbas-y-salas-de-parto-el-recuerdo-de-miguel-savage-sobre-la-guerra-de-malvinas\/#primaryimage\",\"url\":\"\",\"contentUrl\":\"\"},{\"@type\":\"BreadcrumbList\",\"@id\":\"https:\/\/ondauno.com.ar\/index.php\/2022\/05\/10\/fueron-tumbas-y-salas-de-parto-el-recuerdo-de-miguel-savage-sobre-la-guerra-de-malvinas\/#breadcrumb\",\"itemListElement\":[{\"@type\":\"ListItem\",\"position\":1,\"name\":\"Inicio\",\"item\":\"https:\/\/ondauno.com.ar\/\"},{\"@type\":\"ListItem\",\"position\":2,\"name\":\"&#8220;Fueron tumbas y salas de parto&#8221;: el recuerdo de Miguel Savage sobre la guerra de Malvinas\"}]},{\"@type\":\"WebSite\",\"@id\":\"https:\/\/ondauno.com.ar\/#website\",\"url\":\"https:\/\/ondauno.com.ar\/\",\"name\":\"103.9 fm\",\"description\":\"LA PRIMERA RADIO MULTIMEDIA DE TRES ARROYOS\",\"potentialAction\":[{\"@type\":\"SearchAction\",\"target\":{\"@type\":\"EntryPoint\",\"urlTemplate\":\"https:\/\/ondauno.com.ar\/?s={search_term_string}\"},\"query-input\":\"required name=search_term_string\"}],\"inLanguage\":\"es-AR\"},{\"@type\":\"Person\",\"@id\":\"https:\/\/ondauno.com.ar\/#\/schema\/person\/7ec851ddeceb4133d7d7132dc645714e\",\"name\":\"OndaUno\",\"image\":{\"@type\":\"ImageObject\",\"inLanguage\":\"es-AR\",\"@id\":\"https:\/\/ondauno.com.ar\/#\/schema\/person\/image\/\",\"url\":\"https:\/\/secure.gravatar.com\/avatar\/93b8009f0de7021f1feb2bd5b32fb9e8?s=96&d=mm&r=g\",\"contentUrl\":\"https:\/\/secure.gravatar.com\/avatar\/93b8009f0de7021f1feb2bd5b32fb9e8?s=96&d=mm&r=g\",\"caption\":\"OndaUno\"},\"url\":\"https:\/\/ondauno.com.ar\/index.php\/author\/ondauno\/\"}]}<\/script>\n<!-- \/ Yoast SEO plugin. -->","yoast_head_json":{"title":"\"Fueron tumbas y salas de parto\": el recuerdo de Miguel Savage sobre la guerra de Malvinas - 103.9 fm","robots":{"index":"index","follow":"follow","max-snippet":"max-snippet:-1","max-image-preview":"max-image-preview:large","max-video-preview":"max-video-preview:-1"},"canonical":"https:\/\/ondauno.com.ar\/index.php\/2022\/05\/10\/fueron-tumbas-y-salas-de-parto-el-recuerdo-de-miguel-savage-sobre-la-guerra-de-malvinas\/","og_locale":"es_ES","og_type":"article","og_title":"\"Fueron tumbas y salas de parto\": el recuerdo de Miguel Savage sobre la guerra de Malvinas - 103.9 fm","og_description":"El ex combatiente argentino cont\u00f3 en Cosas que pasan c\u00f3mo vivi\u00f3 durante dos meses en pozos y trincheras del Monte Longdon, donde se vivi\u00f3 la parte m\u00e1s cruenta del guerra. Pero tambi\u00e9n habl\u00f3 de c\u00f3mo fue volver al continente argentino como prisionero de guerra en un transatl\u00e1ntico de lujo alquilado por los ingleses para llevar [&hellip;]","og_url":"https:\/\/ondauno.com.ar\/index.php\/2022\/05\/10\/fueron-tumbas-y-salas-de-parto-el-recuerdo-de-miguel-savage-sobre-la-guerra-de-malvinas\/","og_site_name":"103.9 fm","article_publisher":"https:\/\/www.facebook.com\/ondauno103.9","article_published_time":"2022-05-10T21:13:14+00:00","article_modified_time":"2022-05-10T21:13:15+00:00","og_image":[{"width":1280,"height":960,"url":"https:\/\/ondauno.com.ar\/wp-content\/uploads\/2022\/05\/WhatsApp-Image-2022-05-10-at-13.33.08-1.jpeg","type":"image\/jpeg"}],"author":"OndaUno","twitter_card":"summary_large_image","twitter_misc":{"Escrito por":"OndaUno","Tiempo de lectura":"1 minuto"},"schema":{"@context":"https:\/\/schema.org","@graph":[{"@type":"WebPage","@id":"https:\/\/ondauno.com.ar\/index.php\/2022\/05\/10\/fueron-tumbas-y-salas-de-parto-el-recuerdo-de-miguel-savage-sobre-la-guerra-de-malvinas\/","url":"https:\/\/ondauno.com.ar\/index.php\/2022\/05\/10\/fueron-tumbas-y-salas-de-parto-el-recuerdo-de-miguel-savage-sobre-la-guerra-de-malvinas\/","name":"\"Fueron tumbas y salas de parto\": el recuerdo de Miguel Savage sobre la guerra de Malvinas - 103.9 fm","isPartOf":{"@id":"https:\/\/ondauno.com.ar\/#website"},"primaryImageOfPage":{"@id":"https:\/\/ondauno.com.ar\/index.php\/2022\/05\/10\/fueron-tumbas-y-salas-de-parto-el-recuerdo-de-miguel-savage-sobre-la-guerra-de-malvinas\/#primaryimage"},"image":{"@id":"https:\/\/ondauno.com.ar\/index.php\/2022\/05\/10\/fueron-tumbas-y-salas-de-parto-el-recuerdo-de-miguel-savage-sobre-la-guerra-de-malvinas\/#primaryimage"},"thumbnailUrl":"http:\/\/ondauno.com.ar\/wp-content\/uploads\/2022\/05\/WhatsApp-Image-2022-05-10-at-13.33.07-1024x576.jpeg","datePublished":"2022-05-10T21:13:14+00:00","dateModified":"2022-05-10T21:13:15+00:00","author":{"@id":"https:\/\/ondauno.com.ar\/#\/schema\/person\/7ec851ddeceb4133d7d7132dc645714e"},"breadcrumb":{"@id":"https:\/\/ondauno.com.ar\/index.php\/2022\/05\/10\/fueron-tumbas-y-salas-de-parto-el-recuerdo-de-miguel-savage-sobre-la-guerra-de-malvinas\/#breadcrumb"},"inLanguage":"es-AR","potentialAction":[{"@type":"ReadAction","target":["https:\/\/ondauno.com.ar\/index.php\/2022\/05\/10\/fueron-tumbas-y-salas-de-parto-el-recuerdo-de-miguel-savage-sobre-la-guerra-de-malvinas\/"]}]},{"@type":"ImageObject","inLanguage":"es-AR","@id":"https:\/\/ondauno.com.ar\/index.php\/2022\/05\/10\/fueron-tumbas-y-salas-de-parto-el-recuerdo-de-miguel-savage-sobre-la-guerra-de-malvinas\/#primaryimage","url":"","contentUrl":""},{"@type":"BreadcrumbList","@id":"https:\/\/ondauno.com.ar\/index.php\/2022\/05\/10\/fueron-tumbas-y-salas-de-parto-el-recuerdo-de-miguel-savage-sobre-la-guerra-de-malvinas\/#breadcrumb","itemListElement":[{"@type":"ListItem","position":1,"name":"Inicio","item":"https:\/\/ondauno.com.ar\/"},{"@type":"ListItem","position":2,"name":"&#8220;Fueron tumbas y salas de parto&#8221;: el recuerdo de Miguel Savage sobre la guerra de Malvinas"}]},{"@type":"WebSite","@id":"https:\/\/ondauno.com.ar\/#website","url":"https:\/\/ondauno.com.ar\/","name":"103.9 fm","description":"LA PRIMERA RADIO MULTIMEDIA DE TRES ARROYOS","potentialAction":[{"@type":"SearchAction","target":{"@type":"EntryPoint","urlTemplate":"https:\/\/ondauno.com.ar\/?s={search_term_string}"},"query-input":"required name=search_term_string"}],"inLanguage":"es-AR"},{"@type":"Person","@id":"https:\/\/ondauno.com.ar\/#\/schema\/person\/7ec851ddeceb4133d7d7132dc645714e","name":"OndaUno","image":{"@type":"ImageObject","inLanguage":"es-AR","@id":"https:\/\/ondauno.com.ar\/#\/schema\/person\/image\/","url":"https:\/\/secure.gravatar.com\/avatar\/93b8009f0de7021f1feb2bd5b32fb9e8?s=96&d=mm&r=g","contentUrl":"https:\/\/secure.gravatar.com\/avatar\/93b8009f0de7021f1feb2bd5b32fb9e8?s=96&d=mm&r=g","caption":"OndaUno"},"url":"https:\/\/ondauno.com.ar\/index.php\/author\/ondauno\/"}]}},"jetpack_publicize_connections":[],"jetpack_featured_media_url":"","jetpack_sharing_enabled":true,"_links":{"self":[{"href":"https:\/\/ondauno.com.ar\/index.php\/wp-json\/wp\/v2\/posts\/33398","targetHints":{"allow":["GET"]}}],"collection":[{"href":"https:\/\/ondauno.com.ar\/index.php\/wp-json\/wp\/v2\/posts"}],"about":[{"href":"https:\/\/ondauno.com.ar\/index.php\/wp-json\/wp\/v2\/types\/post"}],"author":[{"embeddable":true,"href":"https:\/\/ondauno.com.ar\/index.php\/wp-json\/wp\/v2\/users\/1"}],"replies":[{"embeddable":true,"href":"https:\/\/ondauno.com.ar\/index.php\/wp-json\/wp\/v2\/comments?post=33398"}],"version-history":[{"count":0,"href":"https:\/\/ondauno.com.ar\/index.php\/wp-json\/wp\/v2\/posts\/33398\/revisions"}],"wp:attachment":[{"href":"https:\/\/ondauno.com.ar\/index.php\/wp-json\/wp\/v2\/media?parent=33398"}],"wp:term":[{"taxonomy":"category","embeddable":true,"href":"https:\/\/ondauno.com.ar\/index.php\/wp-json\/wp\/v2\/categories?post=33398"},{"taxonomy":"post_tag","embeddable":true,"href":"https:\/\/ondauno.com.ar\/index.php\/wp-json\/wp\/v2\/tags?post=33398"}],"curies":[{"name":"wp","href":"https:\/\/api.w.org\/{rel}","templated":true}]}}