{"id":3316,"date":"2019-12-13T15:02:43","date_gmt":"2019-12-13T18:02:43","guid":{"rendered":"http:\/\/ondauno.com.ar\/?p=3316"},"modified":"2019-12-13T15:02:51","modified_gmt":"2019-12-13T18:02:51","slug":"reunion-de-la-comision-del-patio-cervecero-con-el-presidente-francisco-pancho-santaren","status":"publish","type":"post","link":"https:\/\/ondauno.com.ar\/index.php\/2019\/12\/13\/reunion-de-la-comision-del-patio-cervecero-con-el-presidente-francisco-pancho-santaren\/","title":{"rendered":"Reuni\u00f3n de la comisi\u00f3n del Patio Cervecero con el presidente Francisco &#8220;Pancho&#8221; Santar\u00e9n"},"content":{"rendered":"<div class=\"ondau-before-content_3\" style=\"margin-top: -30px;\" id=\"ondau-1467941503\"><a href=\"https:\/\/www.lps.com.ar\/\" aria-label=\"la-perse2\"><img loading=\"lazy\" decoding=\"async\" src=\"https:\/\/ondauno.com.ar\/wp-content\/uploads\/2021\/10\/la-perse2.jpg\" alt=\"\"  srcset=\"https:\/\/ondauno.com.ar\/wp-content\/uploads\/2021\/10\/la-perse2.jpg 1353w, https:\/\/ondauno.com.ar\/wp-content\/uploads\/2021\/10\/la-perse2-300x43.jpg 300w, https:\/\/ondauno.com.ar\/wp-content\/uploads\/2021\/10\/la-perse2-1024x148.jpg 1024w, https:\/\/ondauno.com.ar\/wp-content\/uploads\/2021\/10\/la-perse2-768x111.jpg 768w, https:\/\/ondauno.com.ar\/wp-content\/uploads\/2021\/10\/la-perse2-696x100.jpg 696w, https:\/\/ondauno.com.ar\/wp-content\/uploads\/2021\/10\/la-perse2-1068x154.jpg 1068w\" sizes=\"(max-width: 1353px) 100vw, 1353px\" class=\"no-lazyload\" width=\"1353\" height=\"195\"  style=\"display: inline-block;\" \/><\/a><\/div>\n<p>Se concret\u00f3 una reuni\u00f3n m\u00e1s que productiva organizada por la Sub Comisi\u00f3n del Patio Cervecero en vista a la Fiesta Provincial del Trigo 2020.<\/p>\n\n\n\n<p>Encabezada por el Presidente de la Comisi\u00f3n de la fiesta, Francisco \u201cPancho\u201d Santar\u00e9n, los productores cerveceros locales expusieron sus ideas basadas en el diagramado, de lo que se descarta, ser\u00e1 nuevamente una de las grandes atracciones del evento. Sugerencias, datos y propuestas fueron analizados por los presentes quienes se comprometieron a seguir realizando estos encuentros de cara a lo que ser\u00e1 sin dudas una gran Fiesta Provincial del Trigo, en su edici\u00f3n n\u00famero 51.<\/p>\n","protected":false},"excerpt":{"rendered":"<p>Se concret\u00f3 una reuni\u00f3n m\u00e1s que productiva organizada por la Sub Comisi\u00f3n del Patio Cervecero en vista a la Fiesta Provincial del Trigo 2020. Encabezada por el Presidente de la Comisi\u00f3n de la fiesta, Francisco \u201cPancho\u201d Santar\u00e9n, los productores cerveceros locales expusieron sus ideas basadas en el diagramado, de lo que se descarta, ser\u00e1 nuevamente [&hellip;]<\/p>\n","protected":false},"author":2,"featured_media":45248,"comment_status":"open","ping_status":"open","sticky":false,"template":"","format":"standard","meta":{"tdm_status":"","tdm_grid_status":"","_jetpack_memberships_contains_paid_content":false,"footnotes":"","jetpack_publicize_message":"","jetpack_publicize_feature_enabled":true,"jetpack_social_post_already_shared":false,"jetpack_social_options":{"image_generator_settings":{"template":"highway","default_image_id":0,"font":"","enabled":false},"version":2}},"categories":[2],"tags":[],"class_list":{"0":"post-3316","1":"post","2":"type-post","3":"status-publish","4":"format-standard","5":"has-post-thumbnail","7":"category-locales"},"yoast_head":"<!-- This site is optimized with the Yoast SEO plugin v22.7 - https:\/\/yoast.com\/wordpress\/plugins\/seo\/ -->\n<title>Reuni\u00f3n de la comisi\u00f3n del Patio Cervecero con el presidente Francisco &quot;Pancho&quot; Santar\u00e9n - 103.9 fm<\/title>\n<meta name=\"robots\" content=\"index, follow, max-snippet:-1, max-image-preview:large, max-video-preview:-1\" \/>\n<link rel=\"canonical\" href=\"https:\/\/ondauno.com.ar\/index.php\/2019\/12\/13\/reunion-de-la-comision-del-patio-cervecero-con-el-presidente-francisco-pancho-santaren\/\" \/>\n<meta property=\"og:locale\" content=\"es_ES\" \/>\n<meta property=\"og:type\" content=\"article\" \/>\n<meta property=\"og:title\" content=\"Reuni\u00f3n de la comisi\u00f3n del Patio Cervecero con el presidente Francisco &quot;Pancho&quot; Santar\u00e9n - 103.9 fm\" \/>\n<meta property=\"og:description\" content=\"Se concret\u00f3 una reuni\u00f3n m\u00e1s que productiva organizada por la Sub Comisi\u00f3n del Patio Cervecero en vista a la Fiesta Provincial del Trigo 2020. Encabezada por el Presidente de la Comisi\u00f3n de la fiesta, Francisco \u201cPancho\u201d Santar\u00e9n, los productores cerveceros locales expusieron sus ideas basadas en el diagramado, de lo que se descarta, ser\u00e1 nuevamente [&hellip;]\" \/>\n<meta property=\"og:url\" content=\"https:\/\/ondauno.com.ar\/index.php\/2019\/12\/13\/reunion-de-la-comision-del-patio-cervecero-con-el-presidente-francisco-pancho-santaren\/\" \/>\n<meta property=\"og:site_name\" content=\"103.9 fm\" \/>\n<meta property=\"article:publisher\" content=\"https:\/\/www.facebook.com\/ondauno103.9\" \/>\n<meta property=\"article:published_time\" content=\"2019-12-13T18:02:43+00:00\" \/>\n<meta property=\"article:modified_time\" content=\"2019-12-13T18:02:51+00:00\" \/>\n<meta property=\"og:image\" content=\"https:\/\/ondauno.com.ar\/wp-content\/uploads\/2024\/03\/logo-jpg.jpg\" \/>\n\t<meta property=\"og:image:width\" content=\"336\" \/>\n\t<meta property=\"og:image:height\" content=\"292\" \/>\n\t<meta property=\"og:image:type\" content=\"image\/jpeg\" \/>\n<meta name=\"author\" content=\"fernando garcia\" \/>\n<meta name=\"twitter:card\" content=\"summary_large_image\" \/>\n<meta name=\"twitter:label1\" content=\"Escrito por\" \/>\n\t<meta name=\"twitter:data1\" content=\"fernando garcia\" \/>\n\t<meta name=\"twitter:label2\" content=\"Tiempo de lectura\" \/>\n\t<meta name=\"twitter:data2\" content=\"1 minuto\" \/>\n<script type=\"application\/ld+json\" class=\"yoast-schema-graph\">{\"@context\":\"https:\/\/schema.org\",\"@graph\":[{\"@type\":\"WebPage\",\"@id\":\"https:\/\/ondauno.com.ar\/index.php\/2019\/12\/13\/reunion-de-la-comision-del-patio-cervecero-con-el-presidente-francisco-pancho-santaren\/\",\"url\":\"https:\/\/ondauno.com.ar\/index.php\/2019\/12\/13\/reunion-de-la-comision-del-patio-cervecero-con-el-presidente-francisco-pancho-santaren\/\",\"name\":\"Reuni\u00f3n de la comisi\u00f3n del Patio Cervecero con el presidente Francisco \\\"Pancho\\\" Santar\u00e9n - 103.9 fm\",\"isPartOf\":{\"@id\":\"https:\/\/ondauno.com.ar\/#website\"},\"primaryImageOfPage\":{\"@id\":\"https:\/\/ondauno.com.ar\/index.php\/2019\/12\/13\/reunion-de-la-comision-del-patio-cervecero-con-el-presidente-francisco-pancho-santaren\/#primaryimage\"},\"image\":{\"@id\":\"https:\/\/ondauno.com.ar\/index.php\/2019\/12\/13\/reunion-de-la-comision-del-patio-cervecero-con-el-presidente-francisco-pancho-santaren\/#primaryimage\"},\"thumbnailUrl\":\"https:\/\/ondauno.com.ar\/wp-content\/uploads\/2024\/03\/logo-jpg.jpg\",\"datePublished\":\"2019-12-13T18:02:43+00:00\",\"dateModified\":\"2019-12-13T18:02:51+00:00\",\"author\":{\"@id\":\"https:\/\/ondauno.com.ar\/#\/schema\/person\/201d1b68e6c75e0fd396fe5f8af5d139\"},\"breadcrumb\":{\"@id\":\"https:\/\/ondauno.com.ar\/index.php\/2019\/12\/13\/reunion-de-la-comision-del-patio-cervecero-con-el-presidente-francisco-pancho-santaren\/#breadcrumb\"},\"inLanguage\":\"es-AR\",\"potentialAction\":[{\"@type\":\"ReadAction\",\"target\":[\"https:\/\/ondauno.com.ar\/index.php\/2019\/12\/13\/reunion-de-la-comision-del-patio-cervecero-con-el-presidente-francisco-pancho-santaren\/\"]}]},{\"@type\":\"ImageObject\",\"inLanguage\":\"es-AR\",\"@id\":\"https:\/\/ondauno.com.ar\/index.php\/2019\/12\/13\/reunion-de-la-comision-del-patio-cervecero-con-el-presidente-francisco-pancho-santaren\/#primaryimage\",\"url\":\"https:\/\/ondauno.com.ar\/wp-content\/uploads\/2024\/03\/logo-jpg.jpg\",\"contentUrl\":\"https:\/\/ondauno.com.ar\/wp-content\/uploads\/2024\/03\/logo-jpg.jpg\",\"width\":336,\"height\":292},{\"@type\":\"BreadcrumbList\",\"@id\":\"https:\/\/ondauno.com.ar\/index.php\/2019\/12\/13\/reunion-de-la-comision-del-patio-cervecero-con-el-presidente-francisco-pancho-santaren\/#breadcrumb\",\"itemListElement\":[{\"@type\":\"ListItem\",\"position\":1,\"name\":\"Inicio\",\"item\":\"https:\/\/ondauno.com.ar\/\"},{\"@type\":\"ListItem\",\"position\":2,\"name\":\"Reuni\u00f3n de la comisi\u00f3n del Patio Cervecero con el presidente Francisco &#8220;Pancho&#8221; Santar\u00e9n\"}]},{\"@type\":\"WebSite\",\"@id\":\"https:\/\/ondauno.com.ar\/#website\",\"url\":\"https:\/\/ondauno.com.ar\/\",\"name\":\"103.9 fm\",\"description\":\"LA PRIMERA RADIO MULTIMEDIA DE TRES ARROYOS\",\"potentialAction\":[{\"@type\":\"SearchAction\",\"target\":{\"@type\":\"EntryPoint\",\"urlTemplate\":\"https:\/\/ondauno.com.ar\/?s={search_term_string}\"},\"query-input\":\"required name=search_term_string\"}],\"inLanguage\":\"es-AR\"},{\"@type\":\"Person\",\"@id\":\"https:\/\/ondauno.com.ar\/#\/schema\/person\/201d1b68e6c75e0fd396fe5f8af5d139\",\"name\":\"fernando garcia\",\"image\":{\"@type\":\"ImageObject\",\"inLanguage\":\"es-AR\",\"@id\":\"https:\/\/ondauno.com.ar\/#\/schema\/person\/image\/\",\"url\":\"https:\/\/secure.gravatar.com\/avatar\/5f7254642ad81272e79a2e69653cfdfc?s=96&d=mm&r=g\",\"contentUrl\":\"https:\/\/secure.gravatar.com\/avatar\/5f7254642ad81272e79a2e69653cfdfc?s=96&d=mm&r=g\",\"caption\":\"fernando garcia\"},\"url\":\"https:\/\/ondauno.com.ar\/index.php\/author\/ondaunoeditor\/\"}]}<\/script>\n<!-- \/ Yoast SEO plugin. -->","yoast_head_json":{"title":"Reuni\u00f3n de la comisi\u00f3n del Patio Cervecero con el presidente Francisco \"Pancho\" Santar\u00e9n - 103.9 fm","robots":{"index":"index","follow":"follow","max-snippet":"max-snippet:-1","max-image-preview":"max-image-preview:large","max-video-preview":"max-video-preview:-1"},"canonical":"https:\/\/ondauno.com.ar\/index.php\/2019\/12\/13\/reunion-de-la-comision-del-patio-cervecero-con-el-presidente-francisco-pancho-santaren\/","og_locale":"es_ES","og_type":"article","og_title":"Reuni\u00f3n de la comisi\u00f3n del Patio Cervecero con el presidente Francisco \"Pancho\" Santar\u00e9n - 103.9 fm","og_description":"Se concret\u00f3 una reuni\u00f3n m\u00e1s que productiva organizada por la Sub Comisi\u00f3n del Patio Cervecero en vista a la Fiesta Provincial del Trigo 2020. Encabezada por el Presidente de la Comisi\u00f3n de la fiesta, Francisco \u201cPancho\u201d Santar\u00e9n, los productores cerveceros locales expusieron sus ideas basadas en el diagramado, de lo que se descarta, ser\u00e1 nuevamente [&hellip;]","og_url":"https:\/\/ondauno.com.ar\/index.php\/2019\/12\/13\/reunion-de-la-comision-del-patio-cervecero-con-el-presidente-francisco-pancho-santaren\/","og_site_name":"103.9 fm","article_publisher":"https:\/\/www.facebook.com\/ondauno103.9","article_published_time":"2019-12-13T18:02:43+00:00","article_modified_time":"2019-12-13T18:02:51+00:00","og_image":[{"width":336,"height":292,"url":"https:\/\/ondauno.com.ar\/wp-content\/uploads\/2024\/03\/logo-jpg.jpg","type":"image\/jpeg"}],"author":"fernando garcia","twitter_card":"summary_large_image","twitter_misc":{"Escrito por":"fernando garcia","Tiempo de lectura":"1 minuto"},"schema":{"@context":"https:\/\/schema.org","@graph":[{"@type":"WebPage","@id":"https:\/\/ondauno.com.ar\/index.php\/2019\/12\/13\/reunion-de-la-comision-del-patio-cervecero-con-el-presidente-francisco-pancho-santaren\/","url":"https:\/\/ondauno.com.ar\/index.php\/2019\/12\/13\/reunion-de-la-comision-del-patio-cervecero-con-el-presidente-francisco-pancho-santaren\/","name":"Reuni\u00f3n de la comisi\u00f3n del Patio Cervecero con el presidente Francisco \"Pancho\" Santar\u00e9n - 103.9 fm","isPartOf":{"@id":"https:\/\/ondauno.com.ar\/#website"},"primaryImageOfPage":{"@id":"https:\/\/ondauno.com.ar\/index.php\/2019\/12\/13\/reunion-de-la-comision-del-patio-cervecero-con-el-presidente-francisco-pancho-santaren\/#primaryimage"},"image":{"@id":"https:\/\/ondauno.com.ar\/index.php\/2019\/12\/13\/reunion-de-la-comision-del-patio-cervecero-con-el-presidente-francisco-pancho-santaren\/#primaryimage"},"thumbnailUrl":"https:\/\/ondauno.com.ar\/wp-content\/uploads\/2024\/03\/logo-jpg.jpg","datePublished":"2019-12-13T18:02:43+00:00","dateModified":"2019-12-13T18:02:51+00:00","author":{"@id":"https:\/\/ondauno.com.ar\/#\/schema\/person\/201d1b68e6c75e0fd396fe5f8af5d139"},"breadcrumb":{"@id":"https:\/\/ondauno.com.ar\/index.php\/2019\/12\/13\/reunion-de-la-comision-del-patio-cervecero-con-el-presidente-francisco-pancho-santaren\/#breadcrumb"},"inLanguage":"es-AR","potentialAction":[{"@type":"ReadAction","target":["https:\/\/ondauno.com.ar\/index.php\/2019\/12\/13\/reunion-de-la-comision-del-patio-cervecero-con-el-presidente-francisco-pancho-santaren\/"]}]},{"@type":"ImageObject","inLanguage":"es-AR","@id":"https:\/\/ondauno.com.ar\/index.php\/2019\/12\/13\/reunion-de-la-comision-del-patio-cervecero-con-el-presidente-francisco-pancho-santaren\/#primaryimage","url":"https:\/\/ondauno.com.ar\/wp-content\/uploads\/2024\/03\/logo-jpg.jpg","contentUrl":"https:\/\/ondauno.com.ar\/wp-content\/uploads\/2024\/03\/logo-jpg.jpg","width":336,"height":292},{"@type":"BreadcrumbList","@id":"https:\/\/ondauno.com.ar\/index.php\/2019\/12\/13\/reunion-de-la-comision-del-patio-cervecero-con-el-presidente-francisco-pancho-santaren\/#breadcrumb","itemListElement":[{"@type":"ListItem","position":1,"name":"Inicio","item":"https:\/\/ondauno.com.ar\/"},{"@type":"ListItem","position":2,"name":"Reuni\u00f3n de la comisi\u00f3n del Patio Cervecero con el presidente Francisco &#8220;Pancho&#8221; Santar\u00e9n"}]},{"@type":"WebSite","@id":"https:\/\/ondauno.com.ar\/#website","url":"https:\/\/ondauno.com.ar\/","name":"103.9 fm","description":"LA PRIMERA RADIO MULTIMEDIA DE TRES ARROYOS","potentialAction":[{"@type":"SearchAction","target":{"@type":"EntryPoint","urlTemplate":"https:\/\/ondauno.com.ar\/?s={search_term_string}"},"query-input":"required name=search_term_string"}],"inLanguage":"es-AR"},{"@type":"Person","@id":"https:\/\/ondauno.com.ar\/#\/schema\/person\/201d1b68e6c75e0fd396fe5f8af5d139","name":"fernando garcia","image":{"@type":"ImageObject","inLanguage":"es-AR","@id":"https:\/\/ondauno.com.ar\/#\/schema\/person\/image\/","url":"https:\/\/secure.gravatar.com\/avatar\/5f7254642ad81272e79a2e69653cfdfc?s=96&d=mm&r=g","contentUrl":"https:\/\/secure.gravatar.com\/avatar\/5f7254642ad81272e79a2e69653cfdfc?s=96&d=mm&r=g","caption":"fernando garcia"},"url":"https:\/\/ondauno.com.ar\/index.php\/author\/ondaunoeditor\/"}]}},"jetpack_publicize_connections":[],"jetpack_featured_media_url":"https:\/\/ondauno.com.ar\/wp-content\/uploads\/2024\/03\/logo-jpg.jpg","jetpack_sharing_enabled":true,"_links":{"self":[{"href":"https:\/\/ondauno.com.ar\/index.php\/wp-json\/wp\/v2\/posts\/3316","targetHints":{"allow":["GET"]}}],"collection":[{"href":"https:\/\/ondauno.com.ar\/index.php\/wp-json\/wp\/v2\/posts"}],"about":[{"href":"https:\/\/ondauno.com.ar\/index.php\/wp-json\/wp\/v2\/types\/post"}],"author":[{"embeddable":true,"href":"https:\/\/ondauno.com.ar\/index.php\/wp-json\/wp\/v2\/users\/2"}],"replies":[{"embeddable":true,"href":"https:\/\/ondauno.com.ar\/index.php\/wp-json\/wp\/v2\/comments?post=3316"}],"version-history":[{"count":0,"href":"https:\/\/ondauno.com.ar\/index.php\/wp-json\/wp\/v2\/posts\/3316\/revisions"}],"wp:featuredmedia":[{"embeddable":true,"href":"https:\/\/ondauno.com.ar\/index.php\/wp-json\/wp\/v2\/media\/45248"}],"wp:attachment":[{"href":"https:\/\/ondauno.com.ar\/index.php\/wp-json\/wp\/v2\/media?parent=3316"}],"wp:term":[{"taxonomy":"category","embeddable":true,"href":"https:\/\/ondauno.com.ar\/index.php\/wp-json\/wp\/v2\/categories?post=3316"},{"taxonomy":"post_tag","embeddable":true,"href":"https:\/\/ondauno.com.ar\/index.php\/wp-json\/wp\/v2\/tags?post=3316"}],"curies":[{"name":"wp","href":"https:\/\/api.w.org\/{rel}","templated":true}]}}