{"id":33039,"date":"2022-04-22T18:55:15","date_gmt":"2022-04-22T21:55:15","guid":{"rendered":"http:\/\/ondauno.com.ar\/?p=33039"},"modified":"2022-04-22T18:55:16","modified_gmt":"2022-04-22T21:55:16","slug":"consejo-escolar-acto-publico-cargo-a-mensualizar","status":"publish","type":"post","link":"https:\/\/ondauno.com.ar\/index.php\/2022\/04\/22\/consejo-escolar-acto-publico-cargo-a-mensualizar\/","title":{"rendered":"Consejo Escolar: acto p\u00fablico cargo a mensualizar"},"content":{"rendered":"<div class=\"ondau-before-content_3\" style=\"margin-top: -30px;\" id=\"ondau-588403441\"><a href=\"https:\/\/www.lps.com.ar\/\" aria-label=\"la-perse2\"><img loading=\"lazy\" decoding=\"async\" src=\"https:\/\/ondauno.com.ar\/wp-content\/uploads\/2021\/10\/la-perse2.jpg\" alt=\"\"  srcset=\"https:\/\/ondauno.com.ar\/wp-content\/uploads\/2021\/10\/la-perse2.jpg 1353w, https:\/\/ondauno.com.ar\/wp-content\/uploads\/2021\/10\/la-perse2-300x43.jpg 300w, https:\/\/ondauno.com.ar\/wp-content\/uploads\/2021\/10\/la-perse2-1024x148.jpg 1024w, https:\/\/ondauno.com.ar\/wp-content\/uploads\/2021\/10\/la-perse2-768x111.jpg 768w, https:\/\/ondauno.com.ar\/wp-content\/uploads\/2021\/10\/la-perse2-696x100.jpg 696w, https:\/\/ondauno.com.ar\/wp-content\/uploads\/2021\/10\/la-perse2-1068x154.jpg 1068w\" sizes=\"(max-width: 1353px) 100vw, 1353px\" class=\"no-lazyload\" width=\"1353\" height=\"195\"  style=\"display: inline-block;\" \/><\/a><\/div>\n<p>El Consejo Escolar comunica que el mi\u00e9rcoles 27\/4 se realizar\u00e1 &nbsp;la asamblea para dar cobertura a &nbsp; 1(uno) * cargo de auxiliar a mensualizar<br>El mismo se organizar\u00e1 de la siguiente manera:<\/p>\n\n\n\n<p>A las 8:45 hs. solo se conectaran los agentes TITULARES y MENSUALIZADOS &nbsp;donde se dar\u00e1n los movimientos que surjan en base a la necesidad.<\/p>\n\n\n\n<p>Luego, a las 9:30 hs. se podr\u00e1n conectar los agentes QUE SE ENCUENTRAN EN EL LISTADO 2022 para designar el cargo mensualizado \u00a0que se generen en consecuencia de los movimientos que previamente hayan realizado los titulares\/mensualizados.<br>\u2757 Se dar\u00e1 cobertura primero por el LISTADO DE INCAPACIDAD<\/p>\n\n\n\n<p>10 00 APD con agentes del listado 2022 para cobertura de cargos REEMPLAZANTES en caso de que los hubiere<\/p>\n\n\n\n<p>Documentaci\u00f3n a presentar en los casos de designaciones por listado ( no de movimiento)<br>&#8211; DNI.<br>&#8211; PODER EN CASO DE NO PODER ESTAR PRESENTE.<br>&#8211; CERTIFICADO APTITUD PSICOFISICA VIGENTE FIRMADO POR ENTIDAD PUBLICA<br>&#8211; CERTIFICADO DE ANTECEDENTES PENALES VIGENTES<\/p>\n\n\n\n<p>Se adjunta link<br><a href=\"http:\/\/meet.google.com\/buu-orzb-jzs\" target=\"_blank\" rel=\"noreferrer noopener\">http:\/\/meet.google.com\/buu-orzb-jzs<\/a><\/p>\n\n\n\n<p>\u2757Es de imperiosa.necesidad que s\u00f3lo se conecten qui\u00e9nes corresponden en cada instancia ( en cada horario ) &nbsp;de manera de no obstaculizar el ingreso a la sala meet a quienes tienen realmente la posibilidad de tomar el cargo<\/p>\n","protected":false},"excerpt":{"rendered":"<p>El Consejo Escolar comunica que el mi\u00e9rcoles 27\/4 se realizar\u00e1 &nbsp;la asamblea para dar cobertura a &nbsp; 1(uno) * cargo de auxiliar a mensualizarEl mismo se organizar\u00e1 de la siguiente manera: A las 8:45 hs. solo se conectaran los agentes TITULARES y MENSUALIZADOS &nbsp;donde se dar\u00e1n los movimientos que surjan en base a la necesidad. [&hellip;]<\/p>\n","protected":false},"author":1,"featured_media":1277,"comment_status":"open","ping_status":"open","sticky":false,"template":"","format":"standard","meta":{"tdm_status":"","tdm_grid_status":"","_jetpack_memberships_contains_paid_content":false,"footnotes":"","jetpack_publicize_message":"","jetpack_publicize_feature_enabled":true,"jetpack_social_post_already_shared":true,"jetpack_social_options":{"image_generator_settings":{"template":"highway","default_image_id":0,"font":"","enabled":false},"version":2}},"categories":[2],"tags":[],"class_list":{"0":"post-33039","1":"post","2":"type-post","3":"status-publish","4":"format-standard","5":"has-post-thumbnail","7":"category-locales"},"yoast_head":"<!-- This site is optimized with the Yoast SEO plugin v22.7 - https:\/\/yoast.com\/wordpress\/plugins\/seo\/ -->\n<title>Consejo Escolar: acto p\u00fablico cargo a mensualizar - 103.9 fm<\/title>\n<meta name=\"robots\" content=\"index, follow, max-snippet:-1, max-image-preview:large, max-video-preview:-1\" \/>\n<link rel=\"canonical\" href=\"https:\/\/ondauno.com.ar\/index.php\/2022\/04\/22\/consejo-escolar-acto-publico-cargo-a-mensualizar\/\" \/>\n<meta property=\"og:locale\" content=\"es_ES\" \/>\n<meta property=\"og:type\" content=\"article\" \/>\n<meta property=\"og:title\" content=\"Consejo Escolar: acto p\u00fablico cargo a mensualizar - 103.9 fm\" \/>\n<meta property=\"og:description\" content=\"El Consejo Escolar comunica que el mi\u00e9rcoles 27\/4 se realizar\u00e1 &nbsp;la asamblea para dar cobertura a &nbsp; 1(uno) * cargo de auxiliar a mensualizarEl mismo se organizar\u00e1 de la siguiente manera: A las 8:45 hs. solo se conectaran los agentes TITULARES y MENSUALIZADOS &nbsp;donde se dar\u00e1n los movimientos que surjan en base a la necesidad. [&hellip;]\" \/>\n<meta property=\"og:url\" content=\"https:\/\/ondauno.com.ar\/index.php\/2022\/04\/22\/consejo-escolar-acto-publico-cargo-a-mensualizar\/\" \/>\n<meta property=\"og:site_name\" content=\"103.9 fm\" \/>\n<meta property=\"article:publisher\" content=\"https:\/\/www.facebook.com\/ondauno103.9\" \/>\n<meta property=\"article:published_time\" content=\"2022-04-22T21:55:15+00:00\" \/>\n<meta property=\"article:modified_time\" content=\"2022-04-22T21:55:16+00:00\" \/>\n<meta property=\"og:image\" content=\"https:\/\/ondauno.com.ar\/wp-content\/uploads\/2019\/11\/consejo-escolar-480x360.jpeg\" \/>\n\t<meta property=\"og:image:width\" content=\"480\" \/>\n\t<meta property=\"og:image:height\" content=\"360\" \/>\n\t<meta property=\"og:image:type\" content=\"image\/jpeg\" \/>\n<meta name=\"author\" content=\"OndaUno\" \/>\n<meta name=\"twitter:card\" content=\"summary_large_image\" \/>\n<meta name=\"twitter:label1\" content=\"Escrito por\" \/>\n\t<meta name=\"twitter:data1\" content=\"OndaUno\" \/>\n\t<meta name=\"twitter:label2\" content=\"Tiempo de lectura\" \/>\n\t<meta name=\"twitter:data2\" content=\"1 minuto\" \/>\n<script type=\"application\/ld+json\" class=\"yoast-schema-graph\">{\"@context\":\"https:\/\/schema.org\",\"@graph\":[{\"@type\":\"WebPage\",\"@id\":\"https:\/\/ondauno.com.ar\/index.php\/2022\/04\/22\/consejo-escolar-acto-publico-cargo-a-mensualizar\/\",\"url\":\"https:\/\/ondauno.com.ar\/index.php\/2022\/04\/22\/consejo-escolar-acto-publico-cargo-a-mensualizar\/\",\"name\":\"Consejo Escolar: acto p\u00fablico cargo a mensualizar - 103.9 fm\",\"isPartOf\":{\"@id\":\"https:\/\/ondauno.com.ar\/#website\"},\"primaryImageOfPage\":{\"@id\":\"https:\/\/ondauno.com.ar\/index.php\/2022\/04\/22\/consejo-escolar-acto-publico-cargo-a-mensualizar\/#primaryimage\"},\"image\":{\"@id\":\"https:\/\/ondauno.com.ar\/index.php\/2022\/04\/22\/consejo-escolar-acto-publico-cargo-a-mensualizar\/#primaryimage\"},\"thumbnailUrl\":\"https:\/\/ondauno.com.ar\/wp-content\/uploads\/2019\/11\/consejo-escolar-480x360.jpeg\",\"datePublished\":\"2022-04-22T21:55:15+00:00\",\"dateModified\":\"2022-04-22T21:55:16+00:00\",\"author\":{\"@id\":\"https:\/\/ondauno.com.ar\/#\/schema\/person\/7ec851ddeceb4133d7d7132dc645714e\"},\"breadcrumb\":{\"@id\":\"https:\/\/ondauno.com.ar\/index.php\/2022\/04\/22\/consejo-escolar-acto-publico-cargo-a-mensualizar\/#breadcrumb\"},\"inLanguage\":\"es-AR\",\"potentialAction\":[{\"@type\":\"ReadAction\",\"target\":[\"https:\/\/ondauno.com.ar\/index.php\/2022\/04\/22\/consejo-escolar-acto-publico-cargo-a-mensualizar\/\"]}]},{\"@type\":\"ImageObject\",\"inLanguage\":\"es-AR\",\"@id\":\"https:\/\/ondauno.com.ar\/index.php\/2022\/04\/22\/consejo-escolar-acto-publico-cargo-a-mensualizar\/#primaryimage\",\"url\":\"https:\/\/ondauno.com.ar\/wp-content\/uploads\/2019\/11\/consejo-escolar-480x360.jpeg\",\"contentUrl\":\"https:\/\/ondauno.com.ar\/wp-content\/uploads\/2019\/11\/consejo-escolar-480x360.jpeg\",\"width\":480,\"height\":360},{\"@type\":\"BreadcrumbList\",\"@id\":\"https:\/\/ondauno.com.ar\/index.php\/2022\/04\/22\/consejo-escolar-acto-publico-cargo-a-mensualizar\/#breadcrumb\",\"itemListElement\":[{\"@type\":\"ListItem\",\"position\":1,\"name\":\"Inicio\",\"item\":\"https:\/\/ondauno.com.ar\/\"},{\"@type\":\"ListItem\",\"position\":2,\"name\":\"Consejo Escolar: acto p\u00fablico cargo a mensualizar\"}]},{\"@type\":\"WebSite\",\"@id\":\"https:\/\/ondauno.com.ar\/#website\",\"url\":\"https:\/\/ondauno.com.ar\/\",\"name\":\"103.9 fm\",\"description\":\"LA PRIMERA RADIO MULTIMEDIA DE TRES ARROYOS\",\"potentialAction\":[{\"@type\":\"SearchAction\",\"target\":{\"@type\":\"EntryPoint\",\"urlTemplate\":\"https:\/\/ondauno.com.ar\/?s={search_term_string}\"},\"query-input\":\"required name=search_term_string\"}],\"inLanguage\":\"es-AR\"},{\"@type\":\"Person\",\"@id\":\"https:\/\/ondauno.com.ar\/#\/schema\/person\/7ec851ddeceb4133d7d7132dc645714e\",\"name\":\"OndaUno\",\"image\":{\"@type\":\"ImageObject\",\"inLanguage\":\"es-AR\",\"@id\":\"https:\/\/ondauno.com.ar\/#\/schema\/person\/image\/\",\"url\":\"https:\/\/secure.gravatar.com\/avatar\/93b8009f0de7021f1feb2bd5b32fb9e8?s=96&d=mm&r=g\",\"contentUrl\":\"https:\/\/secure.gravatar.com\/avatar\/93b8009f0de7021f1feb2bd5b32fb9e8?s=96&d=mm&r=g\",\"caption\":\"OndaUno\"},\"url\":\"https:\/\/ondauno.com.ar\/index.php\/author\/ondauno\/\"}]}<\/script>\n<!-- \/ Yoast SEO plugin. -->","yoast_head_json":{"title":"Consejo Escolar: acto p\u00fablico cargo a mensualizar - 103.9 fm","robots":{"index":"index","follow":"follow","max-snippet":"max-snippet:-1","max-image-preview":"max-image-preview:large","max-video-preview":"max-video-preview:-1"},"canonical":"https:\/\/ondauno.com.ar\/index.php\/2022\/04\/22\/consejo-escolar-acto-publico-cargo-a-mensualizar\/","og_locale":"es_ES","og_type":"article","og_title":"Consejo Escolar: acto p\u00fablico cargo a mensualizar - 103.9 fm","og_description":"El Consejo Escolar comunica que el mi\u00e9rcoles 27\/4 se realizar\u00e1 &nbsp;la asamblea para dar cobertura a &nbsp; 1(uno) * cargo de auxiliar a mensualizarEl mismo se organizar\u00e1 de la siguiente manera: A las 8:45 hs. solo se conectaran los agentes TITULARES y MENSUALIZADOS &nbsp;donde se dar\u00e1n los movimientos que surjan en base a la necesidad. [&hellip;]","og_url":"https:\/\/ondauno.com.ar\/index.php\/2022\/04\/22\/consejo-escolar-acto-publico-cargo-a-mensualizar\/","og_site_name":"103.9 fm","article_publisher":"https:\/\/www.facebook.com\/ondauno103.9","article_published_time":"2022-04-22T21:55:15+00:00","article_modified_time":"2022-04-22T21:55:16+00:00","og_image":[{"width":480,"height":360,"url":"https:\/\/ondauno.com.ar\/wp-content\/uploads\/2019\/11\/consejo-escolar-480x360.jpeg","type":"image\/jpeg"}],"author":"OndaUno","twitter_card":"summary_large_image","twitter_misc":{"Escrito por":"OndaUno","Tiempo de lectura":"1 minuto"},"schema":{"@context":"https:\/\/schema.org","@graph":[{"@type":"WebPage","@id":"https:\/\/ondauno.com.ar\/index.php\/2022\/04\/22\/consejo-escolar-acto-publico-cargo-a-mensualizar\/","url":"https:\/\/ondauno.com.ar\/index.php\/2022\/04\/22\/consejo-escolar-acto-publico-cargo-a-mensualizar\/","name":"Consejo Escolar: acto p\u00fablico cargo a mensualizar - 103.9 fm","isPartOf":{"@id":"https:\/\/ondauno.com.ar\/#website"},"primaryImageOfPage":{"@id":"https:\/\/ondauno.com.ar\/index.php\/2022\/04\/22\/consejo-escolar-acto-publico-cargo-a-mensualizar\/#primaryimage"},"image":{"@id":"https:\/\/ondauno.com.ar\/index.php\/2022\/04\/22\/consejo-escolar-acto-publico-cargo-a-mensualizar\/#primaryimage"},"thumbnailUrl":"https:\/\/ondauno.com.ar\/wp-content\/uploads\/2019\/11\/consejo-escolar-480x360.jpeg","datePublished":"2022-04-22T21:55:15+00:00","dateModified":"2022-04-22T21:55:16+00:00","author":{"@id":"https:\/\/ondauno.com.ar\/#\/schema\/person\/7ec851ddeceb4133d7d7132dc645714e"},"breadcrumb":{"@id":"https:\/\/ondauno.com.ar\/index.php\/2022\/04\/22\/consejo-escolar-acto-publico-cargo-a-mensualizar\/#breadcrumb"},"inLanguage":"es-AR","potentialAction":[{"@type":"ReadAction","target":["https:\/\/ondauno.com.ar\/index.php\/2022\/04\/22\/consejo-escolar-acto-publico-cargo-a-mensualizar\/"]}]},{"@type":"ImageObject","inLanguage":"es-AR","@id":"https:\/\/ondauno.com.ar\/index.php\/2022\/04\/22\/consejo-escolar-acto-publico-cargo-a-mensualizar\/#primaryimage","url":"https:\/\/ondauno.com.ar\/wp-content\/uploads\/2019\/11\/consejo-escolar-480x360.jpeg","contentUrl":"https:\/\/ondauno.com.ar\/wp-content\/uploads\/2019\/11\/consejo-escolar-480x360.jpeg","width":480,"height":360},{"@type":"BreadcrumbList","@id":"https:\/\/ondauno.com.ar\/index.php\/2022\/04\/22\/consejo-escolar-acto-publico-cargo-a-mensualizar\/#breadcrumb","itemListElement":[{"@type":"ListItem","position":1,"name":"Inicio","item":"https:\/\/ondauno.com.ar\/"},{"@type":"ListItem","position":2,"name":"Consejo Escolar: acto p\u00fablico cargo a mensualizar"}]},{"@type":"WebSite","@id":"https:\/\/ondauno.com.ar\/#website","url":"https:\/\/ondauno.com.ar\/","name":"103.9 fm","description":"LA PRIMERA RADIO MULTIMEDIA DE TRES ARROYOS","potentialAction":[{"@type":"SearchAction","target":{"@type":"EntryPoint","urlTemplate":"https:\/\/ondauno.com.ar\/?s={search_term_string}"},"query-input":"required name=search_term_string"}],"inLanguage":"es-AR"},{"@type":"Person","@id":"https:\/\/ondauno.com.ar\/#\/schema\/person\/7ec851ddeceb4133d7d7132dc645714e","name":"OndaUno","image":{"@type":"ImageObject","inLanguage":"es-AR","@id":"https:\/\/ondauno.com.ar\/#\/schema\/person\/image\/","url":"https:\/\/secure.gravatar.com\/avatar\/93b8009f0de7021f1feb2bd5b32fb9e8?s=96&d=mm&r=g","contentUrl":"https:\/\/secure.gravatar.com\/avatar\/93b8009f0de7021f1feb2bd5b32fb9e8?s=96&d=mm&r=g","caption":"OndaUno"},"url":"https:\/\/ondauno.com.ar\/index.php\/author\/ondauno\/"}]}},"jetpack_publicize_connections":[],"jetpack_featured_media_url":"https:\/\/ondauno.com.ar\/wp-content\/uploads\/2019\/11\/consejo-escolar-480x360.jpeg","jetpack_sharing_enabled":true,"_links":{"self":[{"href":"https:\/\/ondauno.com.ar\/index.php\/wp-json\/wp\/v2\/posts\/33039","targetHints":{"allow":["GET"]}}],"collection":[{"href":"https:\/\/ondauno.com.ar\/index.php\/wp-json\/wp\/v2\/posts"}],"about":[{"href":"https:\/\/ondauno.com.ar\/index.php\/wp-json\/wp\/v2\/types\/post"}],"author":[{"embeddable":true,"href":"https:\/\/ondauno.com.ar\/index.php\/wp-json\/wp\/v2\/users\/1"}],"replies":[{"embeddable":true,"href":"https:\/\/ondauno.com.ar\/index.php\/wp-json\/wp\/v2\/comments?post=33039"}],"version-history":[{"count":0,"href":"https:\/\/ondauno.com.ar\/index.php\/wp-json\/wp\/v2\/posts\/33039\/revisions"}],"wp:featuredmedia":[{"embeddable":true,"href":"https:\/\/ondauno.com.ar\/index.php\/wp-json\/wp\/v2\/media\/1277"}],"wp:attachment":[{"href":"https:\/\/ondauno.com.ar\/index.php\/wp-json\/wp\/v2\/media?parent=33039"}],"wp:term":[{"taxonomy":"category","embeddable":true,"href":"https:\/\/ondauno.com.ar\/index.php\/wp-json\/wp\/v2\/categories?post=33039"},{"taxonomy":"post_tag","embeddable":true,"href":"https:\/\/ondauno.com.ar\/index.php\/wp-json\/wp\/v2\/tags?post=33039"}],"curies":[{"name":"wp","href":"https:\/\/api.w.org\/{rel}","templated":true}]}}