{"id":32880,"date":"2022-04-13T23:39:55","date_gmt":"2022-04-14T02:39:55","guid":{"rendered":"http:\/\/ondauno.com.ar\/?p=32880"},"modified":"2022-04-13T23:39:56","modified_gmt":"2022-04-14T02:39:56","slug":"jornada-de-dialogo-legislacion-y-experiencias-sobre-cannabis-medicinal","status":"publish","type":"post","link":"https:\/\/ondauno.com.ar\/index.php\/2022\/04\/13\/jornada-de-dialogo-legislacion-y-experiencias-sobre-cannabis-medicinal\/","title":{"rendered":"Jornada de di\u00e1logo: legislaci\u00f3n y experiencias sobre cannabis medicinal"},"content":{"rendered":"<div class=\"ondau-before-content_3\" style=\"margin-top: -30px;\" id=\"ondau-2186829947\"><a href=\"https:\/\/www.lps.com.ar\/\" aria-label=\"la-perse2\"><img loading=\"lazy\" decoding=\"async\" src=\"https:\/\/ondauno.com.ar\/wp-content\/uploads\/2021\/10\/la-perse2.jpg\" alt=\"\"  srcset=\"https:\/\/ondauno.com.ar\/wp-content\/uploads\/2021\/10\/la-perse2.jpg 1353w, https:\/\/ondauno.com.ar\/wp-content\/uploads\/2021\/10\/la-perse2-300x43.jpg 300w, https:\/\/ondauno.com.ar\/wp-content\/uploads\/2021\/10\/la-perse2-1024x148.jpg 1024w, https:\/\/ondauno.com.ar\/wp-content\/uploads\/2021\/10\/la-perse2-768x111.jpg 768w, https:\/\/ondauno.com.ar\/wp-content\/uploads\/2021\/10\/la-perse2-696x100.jpg 696w, https:\/\/ondauno.com.ar\/wp-content\/uploads\/2021\/10\/la-perse2-1068x154.jpg 1068w\" sizes=\"(max-width: 1353px) 100vw, 1353px\" class=\"no-lazyload\" width=\"1353\" height=\"195\"  style=\"display: inline-block;\" \/><\/a><\/div>\n<p>El Concejal Cristian Ruiz contin\u00faa trabajando en la generaci\u00f3n de redes para implementar la vigencia de la Ordenanza Municipal que trata sobre el uso de Cannabis medicinal. <\/p>\n\n\n\n<p>Luego de organizar un gran conversatorio en el Sal\u00f3n Blanco y presentar un proyecto en Sesi\u00f3n solicitando la puesta en marcha de la legislaci\u00f3n 7433\/2021, el edil busca visibilizar diferentes experiencias que se aplican en otros distritos de la regi\u00f3n. <\/p>\n\n\n\n<p>Para eso, convoca a funcionarios municipales locales y la comunidad en general a una jornada de di\u00e1logo a trav\u00e9s de la plataforma virtual ZOOM el d\u00eda martes 19\/04 a las 19:30 hs. <\/p>\n\n\n\n<p>Entre los referentes de la tem\u00e1tica, se encuentran los Diputados Karina Banfi y Emiliano Balb\u00edn, el Intendente de La Madrid Mart\u00edn Randazzo, Concejales de Tornquist. <\/p>\n\n\n\n<p>Para obtener el enlace de acceso al encuentro se podr\u00e1n comunicar al 2983566010 o completar el formulario para que se remita por mail el link.<\/p>\n\n\n\n<p>Formulario de inscripci\u00f3n: https:\/\/forms.gle\/5RaGqCPu6CeSeF9f9<\/p>\n","protected":false},"excerpt":{"rendered":"<p>El Concejal Cristian Ruiz contin\u00faa trabajando en la generaci\u00f3n de redes para implementar la vigencia de la Ordenanza Municipal que trata sobre el uso de Cannabis medicinal. Luego de organizar un gran conversatorio en el Sal\u00f3n Blanco y presentar un proyecto en Sesi\u00f3n solicitando la puesta en marcha de la legislaci\u00f3n 7433\/2021, el edil busca [&hellip;]<\/p>\n","protected":false},"author":1,"featured_media":0,"comment_status":"open","ping_status":"open","sticky":false,"template":"","format":"standard","meta":{"tdm_status":"","tdm_grid_status":"","_jetpack_memberships_contains_paid_content":false,"footnotes":"","jetpack_publicize_message":"","jetpack_publicize_feature_enabled":true,"jetpack_social_post_already_shared":true,"jetpack_social_options":{"image_generator_settings":{"template":"highway","default_image_id":0,"font":"","enabled":false},"version":2}},"categories":[2],"tags":[],"class_list":{"0":"post-32880","1":"post","2":"type-post","3":"status-publish","4":"format-standard","6":"category-locales"},"yoast_head":"<!-- This site is optimized with the Yoast SEO plugin v22.7 - https:\/\/yoast.com\/wordpress\/plugins\/seo\/ -->\n<title>Jornada de di\u00e1logo: legislaci\u00f3n y experiencias sobre cannabis medicinal - 103.9 fm<\/title>\n<meta name=\"robots\" content=\"index, follow, max-snippet:-1, max-image-preview:large, max-video-preview:-1\" \/>\n<link rel=\"canonical\" href=\"https:\/\/ondauno.com.ar\/index.php\/2022\/04\/13\/jornada-de-dialogo-legislacion-y-experiencias-sobre-cannabis-medicinal\/\" \/>\n<meta property=\"og:locale\" content=\"es_ES\" \/>\n<meta property=\"og:type\" content=\"article\" \/>\n<meta property=\"og:title\" content=\"Jornada de di\u00e1logo: legislaci\u00f3n y experiencias sobre cannabis medicinal - 103.9 fm\" \/>\n<meta property=\"og:description\" content=\"El Concejal Cristian Ruiz contin\u00faa trabajando en la generaci\u00f3n de redes para implementar la vigencia de la Ordenanza Municipal que trata sobre el uso de Cannabis medicinal. Luego de organizar un gran conversatorio en el Sal\u00f3n Blanco y presentar un proyecto en Sesi\u00f3n solicitando la puesta en marcha de la legislaci\u00f3n 7433\/2021, el edil busca [&hellip;]\" \/>\n<meta property=\"og:url\" content=\"https:\/\/ondauno.com.ar\/index.php\/2022\/04\/13\/jornada-de-dialogo-legislacion-y-experiencias-sobre-cannabis-medicinal\/\" \/>\n<meta property=\"og:site_name\" content=\"103.9 fm\" \/>\n<meta property=\"article:publisher\" content=\"https:\/\/www.facebook.com\/ondauno103.9\" \/>\n<meta property=\"article:published_time\" content=\"2022-04-14T02:39:55+00:00\" \/>\n<meta property=\"article:modified_time\" content=\"2022-04-14T02:39:56+00:00\" \/>\n<meta property=\"og:image\" content=\"https:\/\/ondauno.com.ar\/wp-content\/uploads\/2022\/04\/WhatsApp-Image-2022-04-13-at-19.34.33.jpeg\" \/>\n\t<meta property=\"og:image:width\" content=\"1080\" \/>\n\t<meta property=\"og:image:height\" content=\"1080\" \/>\n\t<meta property=\"og:image:type\" content=\"image\/jpeg\" \/>\n<meta name=\"author\" content=\"OndaUno\" \/>\n<meta name=\"twitter:card\" content=\"summary_large_image\" \/>\n<meta name=\"twitter:label1\" content=\"Escrito por\" \/>\n\t<meta name=\"twitter:data1\" content=\"OndaUno\" \/>\n\t<meta name=\"twitter:label2\" content=\"Tiempo de lectura\" \/>\n\t<meta name=\"twitter:data2\" content=\"1 minuto\" \/>\n<script type=\"application\/ld+json\" class=\"yoast-schema-graph\">{\"@context\":\"https:\/\/schema.org\",\"@graph\":[{\"@type\":\"WebPage\",\"@id\":\"https:\/\/ondauno.com.ar\/index.php\/2022\/04\/13\/jornada-de-dialogo-legislacion-y-experiencias-sobre-cannabis-medicinal\/\",\"url\":\"https:\/\/ondauno.com.ar\/index.php\/2022\/04\/13\/jornada-de-dialogo-legislacion-y-experiencias-sobre-cannabis-medicinal\/\",\"name\":\"Jornada de di\u00e1logo: legislaci\u00f3n y experiencias sobre cannabis medicinal - 103.9 fm\",\"isPartOf\":{\"@id\":\"https:\/\/ondauno.com.ar\/#website\"},\"datePublished\":\"2022-04-14T02:39:55+00:00\",\"dateModified\":\"2022-04-14T02:39:56+00:00\",\"author\":{\"@id\":\"https:\/\/ondauno.com.ar\/#\/schema\/person\/7ec851ddeceb4133d7d7132dc645714e\"},\"breadcrumb\":{\"@id\":\"https:\/\/ondauno.com.ar\/index.php\/2022\/04\/13\/jornada-de-dialogo-legislacion-y-experiencias-sobre-cannabis-medicinal\/#breadcrumb\"},\"inLanguage\":\"es-AR\",\"potentialAction\":[{\"@type\":\"ReadAction\",\"target\":[\"https:\/\/ondauno.com.ar\/index.php\/2022\/04\/13\/jornada-de-dialogo-legislacion-y-experiencias-sobre-cannabis-medicinal\/\"]}]},{\"@type\":\"BreadcrumbList\",\"@id\":\"https:\/\/ondauno.com.ar\/index.php\/2022\/04\/13\/jornada-de-dialogo-legislacion-y-experiencias-sobre-cannabis-medicinal\/#breadcrumb\",\"itemListElement\":[{\"@type\":\"ListItem\",\"position\":1,\"name\":\"Inicio\",\"item\":\"https:\/\/ondauno.com.ar\/\"},{\"@type\":\"ListItem\",\"position\":2,\"name\":\"Jornada de di\u00e1logo: legislaci\u00f3n y experiencias sobre cannabis medicinal\"}]},{\"@type\":\"WebSite\",\"@id\":\"https:\/\/ondauno.com.ar\/#website\",\"url\":\"https:\/\/ondauno.com.ar\/\",\"name\":\"103.9 fm\",\"description\":\"LA PRIMERA RADIO MULTIMEDIA DE TRES ARROYOS\",\"potentialAction\":[{\"@type\":\"SearchAction\",\"target\":{\"@type\":\"EntryPoint\",\"urlTemplate\":\"https:\/\/ondauno.com.ar\/?s={search_term_string}\"},\"query-input\":\"required name=search_term_string\"}],\"inLanguage\":\"es-AR\"},{\"@type\":\"Person\",\"@id\":\"https:\/\/ondauno.com.ar\/#\/schema\/person\/7ec851ddeceb4133d7d7132dc645714e\",\"name\":\"OndaUno\",\"image\":{\"@type\":\"ImageObject\",\"inLanguage\":\"es-AR\",\"@id\":\"https:\/\/ondauno.com.ar\/#\/schema\/person\/image\/\",\"url\":\"https:\/\/secure.gravatar.com\/avatar\/93b8009f0de7021f1feb2bd5b32fb9e8?s=96&d=mm&r=g\",\"contentUrl\":\"https:\/\/secure.gravatar.com\/avatar\/93b8009f0de7021f1feb2bd5b32fb9e8?s=96&d=mm&r=g\",\"caption\":\"OndaUno\"},\"url\":\"https:\/\/ondauno.com.ar\/index.php\/author\/ondauno\/\"}]}<\/script>\n<!-- \/ Yoast SEO plugin. -->","yoast_head_json":{"title":"Jornada de di\u00e1logo: legislaci\u00f3n y experiencias sobre cannabis medicinal - 103.9 fm","robots":{"index":"index","follow":"follow","max-snippet":"max-snippet:-1","max-image-preview":"max-image-preview:large","max-video-preview":"max-video-preview:-1"},"canonical":"https:\/\/ondauno.com.ar\/index.php\/2022\/04\/13\/jornada-de-dialogo-legislacion-y-experiencias-sobre-cannabis-medicinal\/","og_locale":"es_ES","og_type":"article","og_title":"Jornada de di\u00e1logo: legislaci\u00f3n y experiencias sobre cannabis medicinal - 103.9 fm","og_description":"El Concejal Cristian Ruiz contin\u00faa trabajando en la generaci\u00f3n de redes para implementar la vigencia de la Ordenanza Municipal que trata sobre el uso de Cannabis medicinal. Luego de organizar un gran conversatorio en el Sal\u00f3n Blanco y presentar un proyecto en Sesi\u00f3n solicitando la puesta en marcha de la legislaci\u00f3n 7433\/2021, el edil busca [&hellip;]","og_url":"https:\/\/ondauno.com.ar\/index.php\/2022\/04\/13\/jornada-de-dialogo-legislacion-y-experiencias-sobre-cannabis-medicinal\/","og_site_name":"103.9 fm","article_publisher":"https:\/\/www.facebook.com\/ondauno103.9","article_published_time":"2022-04-14T02:39:55+00:00","article_modified_time":"2022-04-14T02:39:56+00:00","og_image":[{"width":1080,"height":1080,"url":"https:\/\/ondauno.com.ar\/wp-content\/uploads\/2022\/04\/WhatsApp-Image-2022-04-13-at-19.34.33.jpeg","type":"image\/jpeg"}],"author":"OndaUno","twitter_card":"summary_large_image","twitter_misc":{"Escrito por":"OndaUno","Tiempo de lectura":"1 minuto"},"schema":{"@context":"https:\/\/schema.org","@graph":[{"@type":"WebPage","@id":"https:\/\/ondauno.com.ar\/index.php\/2022\/04\/13\/jornada-de-dialogo-legislacion-y-experiencias-sobre-cannabis-medicinal\/","url":"https:\/\/ondauno.com.ar\/index.php\/2022\/04\/13\/jornada-de-dialogo-legislacion-y-experiencias-sobre-cannabis-medicinal\/","name":"Jornada de di\u00e1logo: legislaci\u00f3n y experiencias sobre cannabis medicinal - 103.9 fm","isPartOf":{"@id":"https:\/\/ondauno.com.ar\/#website"},"datePublished":"2022-04-14T02:39:55+00:00","dateModified":"2022-04-14T02:39:56+00:00","author":{"@id":"https:\/\/ondauno.com.ar\/#\/schema\/person\/7ec851ddeceb4133d7d7132dc645714e"},"breadcrumb":{"@id":"https:\/\/ondauno.com.ar\/index.php\/2022\/04\/13\/jornada-de-dialogo-legislacion-y-experiencias-sobre-cannabis-medicinal\/#breadcrumb"},"inLanguage":"es-AR","potentialAction":[{"@type":"ReadAction","target":["https:\/\/ondauno.com.ar\/index.php\/2022\/04\/13\/jornada-de-dialogo-legislacion-y-experiencias-sobre-cannabis-medicinal\/"]}]},{"@type":"BreadcrumbList","@id":"https:\/\/ondauno.com.ar\/index.php\/2022\/04\/13\/jornada-de-dialogo-legislacion-y-experiencias-sobre-cannabis-medicinal\/#breadcrumb","itemListElement":[{"@type":"ListItem","position":1,"name":"Inicio","item":"https:\/\/ondauno.com.ar\/"},{"@type":"ListItem","position":2,"name":"Jornada de di\u00e1logo: legislaci\u00f3n y experiencias sobre cannabis medicinal"}]},{"@type":"WebSite","@id":"https:\/\/ondauno.com.ar\/#website","url":"https:\/\/ondauno.com.ar\/","name":"103.9 fm","description":"LA PRIMERA RADIO MULTIMEDIA DE TRES ARROYOS","potentialAction":[{"@type":"SearchAction","target":{"@type":"EntryPoint","urlTemplate":"https:\/\/ondauno.com.ar\/?s={search_term_string}"},"query-input":"required name=search_term_string"}],"inLanguage":"es-AR"},{"@type":"Person","@id":"https:\/\/ondauno.com.ar\/#\/schema\/person\/7ec851ddeceb4133d7d7132dc645714e","name":"OndaUno","image":{"@type":"ImageObject","inLanguage":"es-AR","@id":"https:\/\/ondauno.com.ar\/#\/schema\/person\/image\/","url":"https:\/\/secure.gravatar.com\/avatar\/93b8009f0de7021f1feb2bd5b32fb9e8?s=96&d=mm&r=g","contentUrl":"https:\/\/secure.gravatar.com\/avatar\/93b8009f0de7021f1feb2bd5b32fb9e8?s=96&d=mm&r=g","caption":"OndaUno"},"url":"https:\/\/ondauno.com.ar\/index.php\/author\/ondauno\/"}]}},"jetpack_publicize_connections":[],"jetpack_featured_media_url":"","jetpack_sharing_enabled":true,"_links":{"self":[{"href":"https:\/\/ondauno.com.ar\/index.php\/wp-json\/wp\/v2\/posts\/32880","targetHints":{"allow":["GET"]}}],"collection":[{"href":"https:\/\/ondauno.com.ar\/index.php\/wp-json\/wp\/v2\/posts"}],"about":[{"href":"https:\/\/ondauno.com.ar\/index.php\/wp-json\/wp\/v2\/types\/post"}],"author":[{"embeddable":true,"href":"https:\/\/ondauno.com.ar\/index.php\/wp-json\/wp\/v2\/users\/1"}],"replies":[{"embeddable":true,"href":"https:\/\/ondauno.com.ar\/index.php\/wp-json\/wp\/v2\/comments?post=32880"}],"version-history":[{"count":0,"href":"https:\/\/ondauno.com.ar\/index.php\/wp-json\/wp\/v2\/posts\/32880\/revisions"}],"wp:attachment":[{"href":"https:\/\/ondauno.com.ar\/index.php\/wp-json\/wp\/v2\/media?parent=32880"}],"wp:term":[{"taxonomy":"category","embeddable":true,"href":"https:\/\/ondauno.com.ar\/index.php\/wp-json\/wp\/v2\/categories?post=32880"},{"taxonomy":"post_tag","embeddable":true,"href":"https:\/\/ondauno.com.ar\/index.php\/wp-json\/wp\/v2\/tags?post=32880"}],"curies":[{"name":"wp","href":"https:\/\/api.w.org\/{rel}","templated":true}]}}