{"id":3242,"date":"2019-12-11T21:48:11","date_gmt":"2019-12-12T00:48:11","guid":{"rendered":"http:\/\/ondauno.com.ar\/?p=3242"},"modified":"2019-12-11T21:48:19","modified_gmt":"2019-12-12T00:48:19","slug":"la-camara-de-diputados-sanciono-la-ley-de-ministerios","status":"publish","type":"post","link":"https:\/\/ondauno.com.ar\/index.php\/2019\/12\/11\/la-camara-de-diputados-sanciono-la-ley-de-ministerios\/","title":{"rendered":"LA C\u00c1MARA DE DIPUTADOS SANCION\u00d3 LA LEY DE MINISTERIOS"},"content":{"rendered":"<div class=\"ondau-before-content_3\" style=\"margin-top: -30px;\" id=\"ondau-1705748540\"><a href=\"https:\/\/www.lps.com.ar\/\" aria-label=\"la-perse2\"><img loading=\"lazy\" decoding=\"async\" src=\"https:\/\/ondauno.com.ar\/wp-content\/uploads\/2021\/10\/la-perse2.jpg\" alt=\"\"  srcset=\"https:\/\/ondauno.com.ar\/wp-content\/uploads\/2021\/10\/la-perse2.jpg 1353w, https:\/\/ondauno.com.ar\/wp-content\/uploads\/2021\/10\/la-perse2-300x43.jpg 300w, https:\/\/ondauno.com.ar\/wp-content\/uploads\/2021\/10\/la-perse2-1024x148.jpg 1024w, https:\/\/ondauno.com.ar\/wp-content\/uploads\/2021\/10\/la-perse2-768x111.jpg 768w, https:\/\/ondauno.com.ar\/wp-content\/uploads\/2021\/10\/la-perse2-696x100.jpg 696w, https:\/\/ondauno.com.ar\/wp-content\/uploads\/2021\/10\/la-perse2-1068x154.jpg 1068w\" sizes=\"(max-width: 1353px) 100vw, 1353px\" class=\"no-lazyload\" width=\"1353\" height=\"195\"  style=\"display: inline-block;\" \/><\/a><\/div>\n<p><strong><em>Tras la asunci\u00f3n del nuevo gobernador, Axel Kicillof, y luego de ser aprobada por el Senado bonaerense, la C\u00e1mara baja, presidida por Federico Oterm\u00edn, le dio curso a la Ley de Ministerios y con esta sanci\u00f3n quedan habilitados para jurar los nuevos miembros del Gabinete provincial.<\/em><\/strong><\/p>\n\n\n\n<p>Con la sanci\u00f3n de la Ley de Ministerios, este jueves 12 de diciembre podr\u00e1n jurar los integrantes del Gabinete provincial elegidos por el nuevo mandatario bonaerense Axel Kicillof, quien asumi\u00f3 su cargo este mediod\u00eda tras jurar ante la Asamblea Legislativa.<\/p>\n\n\n\n<p>Como se\u00f1ala en su escrito, la Ley tiene como objetivo&nbsp;<strong><em>\u201cla necesidad de optimizar la organizaci\u00f3n de la administraci\u00f3n p\u00fablica a fin de asegurar la eficiencia en su funcionamiento\u201d.<\/em><\/strong><strong><em><\/em><\/strong><\/p>\n\n\n\n<p>En este contexto, se estableci\u00f3 que habr\u00e1 trece ministerios y ser\u00e1n los siguientes: Ministerios de Jefatura de Gabinete de Ministros, Comunicaci\u00f3n P\u00fablica, Desarrollo Agrario, Desarrollo de la Comunidad, Gobierno, Hacienda y Finanzas, Infraestructura y Servicios P\u00fablicos, Justicia y Derechos Humanos, Mujeres, Pol\u00edticas de G\u00e9neros y Diversidad Sexual, Producci\u00f3n, Ciencia e Innovaci\u00f3n Tecnol\u00f3gica, Salud, Seguridad y Trabajo.<\/p>\n\n\n\n<p>En materia de Secretar\u00edas, se eliminar\u00e1n todas, con excepci\u00f3n de la Secretar\u00eda General, incorpor\u00e1ndose dentro de la ley y con relaci\u00f3n a cada Ministerio, a las Subsecretar\u00edas T\u00e9cnicas, Administrativas y Legales.&nbsp;<\/p>\n\n\n\n<p>Facundo Tignanelli, quien fue designado como Jefe del Bloque del Frente de Todos, tom\u00f3 la palabra respecto de la ley sancionada y asegur\u00f3:&nbsp;<strong><em>\u201cAgradecemos a todos los bloques por el acompa\u00f1amiento a la Ley de Ministerios, y entendemos que la convivencia democr\u00e1tica requiere del consenso entre todos&#8221;<\/em><\/strong>.&nbsp;<\/p>\n\n\n\n<p>El diputado Maximiliano Abad afirm\u00f3 al referirse a la ley que&nbsp;<strong><em>&#8220;desde nuestro bloque ha habido diferencias respecto de la Ley de Ministerios, pero entendemos la necesidad de que el nuevo gobernador cuente con ella para poder desarrollar su labor&#8221;<\/em><\/strong>.<\/p>\n\n\n\n<p>Por otra parte, juraron como nuevos legisladores la diputada D\u00e9bora Gal\u00e1n, que reemplaza a Malena Galmarini, quien asumir\u00e1&nbsp;la presidencia de la empresa estatal nacional Aguas y Saneamientos Argentinos (AySA). El ex intendente de la localidad de Capit\u00e1n Sarmiento, Oscar Ostoich, jur\u00f3 y reemplaza a Mariano Pinedo, que renunci\u00f3 a su banca legislativa. Por \u00faltimo, la diputada Micaela Mor\u00e1n, oriunda de Z\u00e1rate, asumi\u00f3 su cargo en lugar de Lisandro Bonelli, quien pidi\u00f3 licencia.<\/p>\n\n\n\n<p>\u200b&nbsp;<\/p>\n","protected":false},"excerpt":{"rendered":"<p>Tras la asunci\u00f3n del nuevo gobernador, Axel Kicillof, y luego de ser aprobada por el Senado bonaerense, la C\u00e1mara baja, presidida por Federico Oterm\u00edn, le dio curso a la Ley de Ministerios y con esta sanci\u00f3n quedan habilitados para jurar los nuevos miembros del Gabinete provincial. Con la sanci\u00f3n de la Ley de Ministerios, este [&hellip;]<\/p>\n","protected":false},"author":2,"featured_media":45248,"comment_status":"open","ping_status":"open","sticky":false,"template":"","format":"standard","meta":{"tdm_status":"","tdm_grid_status":"","_jetpack_memberships_contains_paid_content":false,"footnotes":"","jetpack_publicize_message":"","jetpack_publicize_feature_enabled":true,"jetpack_social_post_already_shared":false,"jetpack_social_options":{"image_generator_settings":{"template":"highway","default_image_id":0,"font":"","enabled":false},"version":2}},"categories":[30],"tags":[],"class_list":{"0":"post-3242","1":"post","2":"type-post","3":"status-publish","4":"format-standard","5":"has-post-thumbnail","7":"category-provinciales"},"yoast_head":"<!-- This site is optimized with the Yoast SEO plugin v22.7 - https:\/\/yoast.com\/wordpress\/plugins\/seo\/ -->\n<title>LA C\u00c1MARA DE DIPUTADOS SANCION\u00d3 LA LEY DE MINISTERIOS - 103.9 fm<\/title>\n<meta name=\"robots\" content=\"index, follow, max-snippet:-1, max-image-preview:large, max-video-preview:-1\" \/>\n<link rel=\"canonical\" href=\"https:\/\/ondauno.com.ar\/index.php\/2019\/12\/11\/la-camara-de-diputados-sanciono-la-ley-de-ministerios\/\" \/>\n<meta property=\"og:locale\" content=\"es_ES\" \/>\n<meta property=\"og:type\" content=\"article\" \/>\n<meta property=\"og:title\" content=\"LA C\u00c1MARA DE DIPUTADOS SANCION\u00d3 LA LEY DE MINISTERIOS - 103.9 fm\" \/>\n<meta property=\"og:description\" content=\"Tras la asunci\u00f3n del nuevo gobernador, Axel Kicillof, y luego de ser aprobada por el Senado bonaerense, la C\u00e1mara baja, presidida por Federico Oterm\u00edn, le dio curso a la Ley de Ministerios y con esta sanci\u00f3n quedan habilitados para jurar los nuevos miembros del Gabinete provincial. Con la sanci\u00f3n de la Ley de Ministerios, este [&hellip;]\" \/>\n<meta property=\"og:url\" content=\"https:\/\/ondauno.com.ar\/index.php\/2019\/12\/11\/la-camara-de-diputados-sanciono-la-ley-de-ministerios\/\" \/>\n<meta property=\"og:site_name\" content=\"103.9 fm\" \/>\n<meta property=\"article:publisher\" content=\"https:\/\/www.facebook.com\/ondauno103.9\" \/>\n<meta property=\"article:published_time\" content=\"2019-12-12T00:48:11+00:00\" \/>\n<meta property=\"article:modified_time\" content=\"2019-12-12T00:48:19+00:00\" \/>\n<meta property=\"og:image\" content=\"https:\/\/ondauno.com.ar\/wp-content\/uploads\/2024\/03\/logo-jpg.jpg\" \/>\n\t<meta property=\"og:image:width\" content=\"336\" \/>\n\t<meta property=\"og:image:height\" content=\"292\" \/>\n\t<meta property=\"og:image:type\" content=\"image\/jpeg\" \/>\n<meta name=\"author\" content=\"fernando garcia\" \/>\n<meta name=\"twitter:card\" content=\"summary_large_image\" \/>\n<meta name=\"twitter:label1\" content=\"Escrito por\" \/>\n\t<meta name=\"twitter:data1\" content=\"fernando garcia\" \/>\n\t<meta name=\"twitter:label2\" content=\"Tiempo de lectura\" \/>\n\t<meta name=\"twitter:data2\" content=\"2 minutos\" \/>\n<script type=\"application\/ld+json\" class=\"yoast-schema-graph\">{\"@context\":\"https:\/\/schema.org\",\"@graph\":[{\"@type\":\"WebPage\",\"@id\":\"https:\/\/ondauno.com.ar\/index.php\/2019\/12\/11\/la-camara-de-diputados-sanciono-la-ley-de-ministerios\/\",\"url\":\"https:\/\/ondauno.com.ar\/index.php\/2019\/12\/11\/la-camara-de-diputados-sanciono-la-ley-de-ministerios\/\",\"name\":\"LA C\u00c1MARA DE DIPUTADOS SANCION\u00d3 LA LEY DE MINISTERIOS - 103.9 fm\",\"isPartOf\":{\"@id\":\"https:\/\/ondauno.com.ar\/#website\"},\"primaryImageOfPage\":{\"@id\":\"https:\/\/ondauno.com.ar\/index.php\/2019\/12\/11\/la-camara-de-diputados-sanciono-la-ley-de-ministerios\/#primaryimage\"},\"image\":{\"@id\":\"https:\/\/ondauno.com.ar\/index.php\/2019\/12\/11\/la-camara-de-diputados-sanciono-la-ley-de-ministerios\/#primaryimage\"},\"thumbnailUrl\":\"https:\/\/ondauno.com.ar\/wp-content\/uploads\/2024\/03\/logo-jpg.jpg\",\"datePublished\":\"2019-12-12T00:48:11+00:00\",\"dateModified\":\"2019-12-12T00:48:19+00:00\",\"author\":{\"@id\":\"https:\/\/ondauno.com.ar\/#\/schema\/person\/201d1b68e6c75e0fd396fe5f8af5d139\"},\"breadcrumb\":{\"@id\":\"https:\/\/ondauno.com.ar\/index.php\/2019\/12\/11\/la-camara-de-diputados-sanciono-la-ley-de-ministerios\/#breadcrumb\"},\"inLanguage\":\"es-AR\",\"potentialAction\":[{\"@type\":\"ReadAction\",\"target\":[\"https:\/\/ondauno.com.ar\/index.php\/2019\/12\/11\/la-camara-de-diputados-sanciono-la-ley-de-ministerios\/\"]}]},{\"@type\":\"ImageObject\",\"inLanguage\":\"es-AR\",\"@id\":\"https:\/\/ondauno.com.ar\/index.php\/2019\/12\/11\/la-camara-de-diputados-sanciono-la-ley-de-ministerios\/#primaryimage\",\"url\":\"https:\/\/ondauno.com.ar\/wp-content\/uploads\/2024\/03\/logo-jpg.jpg\",\"contentUrl\":\"https:\/\/ondauno.com.ar\/wp-content\/uploads\/2024\/03\/logo-jpg.jpg\",\"width\":336,\"height\":292},{\"@type\":\"BreadcrumbList\",\"@id\":\"https:\/\/ondauno.com.ar\/index.php\/2019\/12\/11\/la-camara-de-diputados-sanciono-la-ley-de-ministerios\/#breadcrumb\",\"itemListElement\":[{\"@type\":\"ListItem\",\"position\":1,\"name\":\"Inicio\",\"item\":\"https:\/\/ondauno.com.ar\/\"},{\"@type\":\"ListItem\",\"position\":2,\"name\":\"LA C\u00c1MARA DE DIPUTADOS SANCION\u00d3 LA LEY DE MINISTERIOS\"}]},{\"@type\":\"WebSite\",\"@id\":\"https:\/\/ondauno.com.ar\/#website\",\"url\":\"https:\/\/ondauno.com.ar\/\",\"name\":\"103.9 fm\",\"description\":\"LA PRIMERA RADIO MULTIMEDIA DE TRES ARROYOS\",\"potentialAction\":[{\"@type\":\"SearchAction\",\"target\":{\"@type\":\"EntryPoint\",\"urlTemplate\":\"https:\/\/ondauno.com.ar\/?s={search_term_string}\"},\"query-input\":\"required name=search_term_string\"}],\"inLanguage\":\"es-AR\"},{\"@type\":\"Person\",\"@id\":\"https:\/\/ondauno.com.ar\/#\/schema\/person\/201d1b68e6c75e0fd396fe5f8af5d139\",\"name\":\"fernando garcia\",\"image\":{\"@type\":\"ImageObject\",\"inLanguage\":\"es-AR\",\"@id\":\"https:\/\/ondauno.com.ar\/#\/schema\/person\/image\/\",\"url\":\"https:\/\/secure.gravatar.com\/avatar\/5f7254642ad81272e79a2e69653cfdfc?s=96&d=mm&r=g\",\"contentUrl\":\"https:\/\/secure.gravatar.com\/avatar\/5f7254642ad81272e79a2e69653cfdfc?s=96&d=mm&r=g\",\"caption\":\"fernando garcia\"},\"url\":\"https:\/\/ondauno.com.ar\/index.php\/author\/ondaunoeditor\/\"}]}<\/script>\n<!-- \/ Yoast SEO plugin. -->","yoast_head_json":{"title":"LA C\u00c1MARA DE DIPUTADOS SANCION\u00d3 LA LEY DE MINISTERIOS - 103.9 fm","robots":{"index":"index","follow":"follow","max-snippet":"max-snippet:-1","max-image-preview":"max-image-preview:large","max-video-preview":"max-video-preview:-1"},"canonical":"https:\/\/ondauno.com.ar\/index.php\/2019\/12\/11\/la-camara-de-diputados-sanciono-la-ley-de-ministerios\/","og_locale":"es_ES","og_type":"article","og_title":"LA C\u00c1MARA DE DIPUTADOS SANCION\u00d3 LA LEY DE MINISTERIOS - 103.9 fm","og_description":"Tras la asunci\u00f3n del nuevo gobernador, Axel Kicillof, y luego de ser aprobada por el Senado bonaerense, la C\u00e1mara baja, presidida por Federico Oterm\u00edn, le dio curso a la Ley de Ministerios y con esta sanci\u00f3n quedan habilitados para jurar los nuevos miembros del Gabinete provincial. Con la sanci\u00f3n de la Ley de Ministerios, este [&hellip;]","og_url":"https:\/\/ondauno.com.ar\/index.php\/2019\/12\/11\/la-camara-de-diputados-sanciono-la-ley-de-ministerios\/","og_site_name":"103.9 fm","article_publisher":"https:\/\/www.facebook.com\/ondauno103.9","article_published_time":"2019-12-12T00:48:11+00:00","article_modified_time":"2019-12-12T00:48:19+00:00","og_image":[{"width":336,"height":292,"url":"https:\/\/ondauno.com.ar\/wp-content\/uploads\/2024\/03\/logo-jpg.jpg","type":"image\/jpeg"}],"author":"fernando garcia","twitter_card":"summary_large_image","twitter_misc":{"Escrito por":"fernando garcia","Tiempo de lectura":"2 minutos"},"schema":{"@context":"https:\/\/schema.org","@graph":[{"@type":"WebPage","@id":"https:\/\/ondauno.com.ar\/index.php\/2019\/12\/11\/la-camara-de-diputados-sanciono-la-ley-de-ministerios\/","url":"https:\/\/ondauno.com.ar\/index.php\/2019\/12\/11\/la-camara-de-diputados-sanciono-la-ley-de-ministerios\/","name":"LA C\u00c1MARA DE DIPUTADOS SANCION\u00d3 LA LEY DE MINISTERIOS - 103.9 fm","isPartOf":{"@id":"https:\/\/ondauno.com.ar\/#website"},"primaryImageOfPage":{"@id":"https:\/\/ondauno.com.ar\/index.php\/2019\/12\/11\/la-camara-de-diputados-sanciono-la-ley-de-ministerios\/#primaryimage"},"image":{"@id":"https:\/\/ondauno.com.ar\/index.php\/2019\/12\/11\/la-camara-de-diputados-sanciono-la-ley-de-ministerios\/#primaryimage"},"thumbnailUrl":"https:\/\/ondauno.com.ar\/wp-content\/uploads\/2024\/03\/logo-jpg.jpg","datePublished":"2019-12-12T00:48:11+00:00","dateModified":"2019-12-12T00:48:19+00:00","author":{"@id":"https:\/\/ondauno.com.ar\/#\/schema\/person\/201d1b68e6c75e0fd396fe5f8af5d139"},"breadcrumb":{"@id":"https:\/\/ondauno.com.ar\/index.php\/2019\/12\/11\/la-camara-de-diputados-sanciono-la-ley-de-ministerios\/#breadcrumb"},"inLanguage":"es-AR","potentialAction":[{"@type":"ReadAction","target":["https:\/\/ondauno.com.ar\/index.php\/2019\/12\/11\/la-camara-de-diputados-sanciono-la-ley-de-ministerios\/"]}]},{"@type":"ImageObject","inLanguage":"es-AR","@id":"https:\/\/ondauno.com.ar\/index.php\/2019\/12\/11\/la-camara-de-diputados-sanciono-la-ley-de-ministerios\/#primaryimage","url":"https:\/\/ondauno.com.ar\/wp-content\/uploads\/2024\/03\/logo-jpg.jpg","contentUrl":"https:\/\/ondauno.com.ar\/wp-content\/uploads\/2024\/03\/logo-jpg.jpg","width":336,"height":292},{"@type":"BreadcrumbList","@id":"https:\/\/ondauno.com.ar\/index.php\/2019\/12\/11\/la-camara-de-diputados-sanciono-la-ley-de-ministerios\/#breadcrumb","itemListElement":[{"@type":"ListItem","position":1,"name":"Inicio","item":"https:\/\/ondauno.com.ar\/"},{"@type":"ListItem","position":2,"name":"LA C\u00c1MARA DE DIPUTADOS SANCION\u00d3 LA LEY DE MINISTERIOS"}]},{"@type":"WebSite","@id":"https:\/\/ondauno.com.ar\/#website","url":"https:\/\/ondauno.com.ar\/","name":"103.9 fm","description":"LA PRIMERA RADIO MULTIMEDIA DE TRES ARROYOS","potentialAction":[{"@type":"SearchAction","target":{"@type":"EntryPoint","urlTemplate":"https:\/\/ondauno.com.ar\/?s={search_term_string}"},"query-input":"required name=search_term_string"}],"inLanguage":"es-AR"},{"@type":"Person","@id":"https:\/\/ondauno.com.ar\/#\/schema\/person\/201d1b68e6c75e0fd396fe5f8af5d139","name":"fernando garcia","image":{"@type":"ImageObject","inLanguage":"es-AR","@id":"https:\/\/ondauno.com.ar\/#\/schema\/person\/image\/","url":"https:\/\/secure.gravatar.com\/avatar\/5f7254642ad81272e79a2e69653cfdfc?s=96&d=mm&r=g","contentUrl":"https:\/\/secure.gravatar.com\/avatar\/5f7254642ad81272e79a2e69653cfdfc?s=96&d=mm&r=g","caption":"fernando garcia"},"url":"https:\/\/ondauno.com.ar\/index.php\/author\/ondaunoeditor\/"}]}},"jetpack_publicize_connections":[],"jetpack_featured_media_url":"https:\/\/ondauno.com.ar\/wp-content\/uploads\/2024\/03\/logo-jpg.jpg","jetpack_sharing_enabled":true,"_links":{"self":[{"href":"https:\/\/ondauno.com.ar\/index.php\/wp-json\/wp\/v2\/posts\/3242","targetHints":{"allow":["GET"]}}],"collection":[{"href":"https:\/\/ondauno.com.ar\/index.php\/wp-json\/wp\/v2\/posts"}],"about":[{"href":"https:\/\/ondauno.com.ar\/index.php\/wp-json\/wp\/v2\/types\/post"}],"author":[{"embeddable":true,"href":"https:\/\/ondauno.com.ar\/index.php\/wp-json\/wp\/v2\/users\/2"}],"replies":[{"embeddable":true,"href":"https:\/\/ondauno.com.ar\/index.php\/wp-json\/wp\/v2\/comments?post=3242"}],"version-history":[{"count":0,"href":"https:\/\/ondauno.com.ar\/index.php\/wp-json\/wp\/v2\/posts\/3242\/revisions"}],"wp:featuredmedia":[{"embeddable":true,"href":"https:\/\/ondauno.com.ar\/index.php\/wp-json\/wp\/v2\/media\/45248"}],"wp:attachment":[{"href":"https:\/\/ondauno.com.ar\/index.php\/wp-json\/wp\/v2\/media?parent=3242"}],"wp:term":[{"taxonomy":"category","embeddable":true,"href":"https:\/\/ondauno.com.ar\/index.php\/wp-json\/wp\/v2\/categories?post=3242"},{"taxonomy":"post_tag","embeddable":true,"href":"https:\/\/ondauno.com.ar\/index.php\/wp-json\/wp\/v2\/tags?post=3242"}],"curies":[{"name":"wp","href":"https:\/\/api.w.org\/{rel}","templated":true}]}}