{"id":32157,"date":"2022-03-08T21:54:43","date_gmt":"2022-03-09T00:54:43","guid":{"rendered":"http:\/\/ondauno.com.ar\/?p=32157"},"modified":"2022-03-08T21:54:44","modified_gmt":"2022-03-09T00:54:44","slug":"el-16-de-marzo-comienza-la-copa-cuidad","status":"publish","type":"post","link":"https:\/\/ondauno.com.ar\/index.php\/2022\/03\/08\/el-16-de-marzo-comienza-la-copa-cuidad\/","title":{"rendered":"El 16 de marzo comienza la copa cuidad"},"content":{"rendered":"<div class=\"ondau-before-content_3\" style=\"margin-top: -30px;\" id=\"ondau-215859987\"><a href=\"https:\/\/www.lps.com.ar\/\" aria-label=\"la-perse2\"><img loading=\"lazy\" decoding=\"async\" src=\"https:\/\/ondauno.com.ar\/wp-content\/uploads\/2021\/10\/la-perse2.jpg\" alt=\"\"  srcset=\"https:\/\/ondauno.com.ar\/wp-content\/uploads\/2021\/10\/la-perse2.jpg 1353w, https:\/\/ondauno.com.ar\/wp-content\/uploads\/2021\/10\/la-perse2-300x43.jpg 300w, https:\/\/ondauno.com.ar\/wp-content\/uploads\/2021\/10\/la-perse2-1024x148.jpg 1024w, https:\/\/ondauno.com.ar\/wp-content\/uploads\/2021\/10\/la-perse2-768x111.jpg 768w, https:\/\/ondauno.com.ar\/wp-content\/uploads\/2021\/10\/la-perse2-696x100.jpg 696w, https:\/\/ondauno.com.ar\/wp-content\/uploads\/2021\/10\/la-perse2-1068x154.jpg 1068w\" sizes=\"(max-width: 1353px) 100vw, 1353px\" class=\"no-lazyload\" width=\"1353\" height=\"195\"  style=\"display: inline-block;\" \/><\/a><\/div>\n<p>Se desarroll\u00f3 en la noche del Lunes la reuni\u00f3n de delegados en la sede de Humberto Primo 120 con la ausencia s\u00f2lo de Blanco y Negro de Coronel Suarez.<\/p>\n\n\n\n<p>Luego de la recepci\u00f3n y lectura de notas entradas por secretaria, se procedi\u00f3 a informar que para participar del Torneo Ciudad, las afiliadas deber\u00e1n presentas lista de buena fe, seguro, pases y notas de autorizaci\u00f3n.<\/p>\n\n\n\n<p>Posteriormente, se comenz\u00f3 a explicar el Ciudad de Primera Divisi\u00f2n, se inform\u00f3 que se invit\u00f3 a participar del mismo a Centro Basko de Necochea para completar las dos zonas de 4 equipos y que se agreg\u00f3 una fecha interzonal para que todos los equipos tengan dos localias y dos juegos de visitante y que Sarmiento y Centro Basko jugar\u00e0n todos los partidos en Tres Arroyos en la cancha del equipo que sea su oponente. Seguidamente se sorte\u00f3 el Fixture, la Zona \u201cA\u201d quedo compuesta por Argentino Jr., Costa Sud, Sarmiento (CS) y Quilmes, la Zona \u201cB\u201d por Hurac\u00e1n, Club de Pelota, Centro Basko (Nec) y Alumni (O).<\/p>\n\n\n\n<p>La 1\u00ba fecha interzonal jugar\u00e0n el Mi\u00e9rcoles 16\/03, Hurac\u00e1n vs. Sarmiento (CS) y Quilmes vs. Club de Pelota y el Viernes 18\/03, Argentino Jr. vs. Centro Basko (Nec) y Alumni (O) vs. Costa Sud.<\/p>\n\n\n\n<p>Luego se pas\u00f3 a divisiones menores que se jugar\u00e0n en dos zonas de 4 con un interzonal, luego se consensuo que la categor\u00eda U13 ante la poca cantidad de jugadores se autoriza que los equipos completen con categor\u00edas mini primer y segundo a\u00f1o, y el club que tenga tambi\u00e9n puede incluir alguna mujer de esas edades. Las zonas son las mismas que en primera divisi\u00f3n s\u00f2lo que cambia Recreativo Claromec\u00f2 por Centro Basko. La primera fecha interzonal se jugar\u00e1 el s\u00e1bado 19\/03 con las siguientes tiras, Hurac\u00e1n vs. Sarmiento (CS), Quilmes vs. Club de Pelota, Recreativo Claromec\u00f2 vs. Argentino Jr. y Alumni (O) vs. Costa Sud.<\/p>\n\n\n\n<p>Se aprob\u00f3 por unanimidad que por esta competencia los partidos por el 3 y 4 puesto son obligatorios jugarlos, <\/p>\n\n\n\n<p>Seguidamente el Sr. Tesorero inform\u00f3 los nuevos aranceles mensuales y que en los pr\u00f3ximos d\u00edas se comunicar\u00e1n los precios por fichajes, pases, etc.<\/p>\n\n\n\n<p>Por \u00faltimo, se solicit\u00f3 a los clubes que informaran antes del dia viernes la participaci\u00f3n del Torneo Femenino que se conformar\u00e1 por la Primera Divisi\u00f2n y Categor\u00eda Superior, las que jugaran juntas el Ciudad y podr\u00edan ser entre 5 y 7 equipos, luego de las confirmaciones se har\u00e1 la primera reuni\u00f3n de la mesa de femenino para realizar reglamento y Fixture.<\/p>\n","protected":false},"excerpt":{"rendered":"<p>Se desarroll\u00f3 en la noche del Lunes la reuni\u00f3n de delegados en la sede de Humberto Primo 120 con la ausencia s\u00f2lo de Blanco y Negro de Coronel Suarez. Luego de la recepci\u00f3n y lectura de notas entradas por secretaria, se procedi\u00f3 a informar que para participar del Torneo Ciudad, las afiliadas deber\u00e1n presentas lista [&hellip;]<\/p>\n","protected":false},"author":2,"featured_media":45248,"comment_status":"open","ping_status":"open","sticky":false,"template":"","format":"standard","meta":{"tdm_status":"","tdm_grid_status":"","_jetpack_memberships_contains_paid_content":false,"footnotes":"","jetpack_publicize_message":"","jetpack_publicize_feature_enabled":true,"jetpack_social_post_already_shared":true,"jetpack_social_options":{"image_generator_settings":{"template":"highway","default_image_id":0,"font":"","enabled":false},"version":2}},"categories":[5],"tags":[],"class_list":{"0":"post-32157","1":"post","2":"type-post","3":"status-publish","4":"format-standard","5":"has-post-thumbnail","7":"category-basquet"},"yoast_head":"<!-- This site is optimized with the Yoast SEO plugin v22.7 - https:\/\/yoast.com\/wordpress\/plugins\/seo\/ -->\n<title>El 16 de marzo comienza la copa cuidad - 103.9 fm<\/title>\n<meta name=\"robots\" content=\"index, follow, max-snippet:-1, max-image-preview:large, max-video-preview:-1\" \/>\n<link rel=\"canonical\" href=\"https:\/\/ondauno.com.ar\/index.php\/2022\/03\/08\/el-16-de-marzo-comienza-la-copa-cuidad\/\" \/>\n<meta property=\"og:locale\" content=\"es_ES\" \/>\n<meta property=\"og:type\" content=\"article\" \/>\n<meta property=\"og:title\" content=\"El 16 de marzo comienza la copa cuidad - 103.9 fm\" \/>\n<meta property=\"og:description\" content=\"Se desarroll\u00f3 en la noche del Lunes la reuni\u00f3n de delegados en la sede de Humberto Primo 120 con la ausencia s\u00f2lo de Blanco y Negro de Coronel Suarez. Luego de la recepci\u00f3n y lectura de notas entradas por secretaria, se procedi\u00f3 a informar que para participar del Torneo Ciudad, las afiliadas deber\u00e1n presentas lista [&hellip;]\" \/>\n<meta property=\"og:url\" content=\"https:\/\/ondauno.com.ar\/index.php\/2022\/03\/08\/el-16-de-marzo-comienza-la-copa-cuidad\/\" \/>\n<meta property=\"og:site_name\" content=\"103.9 fm\" \/>\n<meta property=\"article:publisher\" content=\"https:\/\/www.facebook.com\/ondauno103.9\" \/>\n<meta property=\"article:published_time\" content=\"2022-03-09T00:54:43+00:00\" \/>\n<meta property=\"article:modified_time\" content=\"2022-03-09T00:54:44+00:00\" \/>\n<meta property=\"og:image\" content=\"https:\/\/ondauno.com.ar\/wp-content\/uploads\/2024\/03\/logo-jpg.jpg\" \/>\n\t<meta property=\"og:image:width\" content=\"336\" \/>\n\t<meta property=\"og:image:height\" content=\"292\" \/>\n\t<meta property=\"og:image:type\" content=\"image\/jpeg\" \/>\n<meta name=\"author\" content=\"fernando garcia\" \/>\n<meta name=\"twitter:card\" content=\"summary_large_image\" \/>\n<meta name=\"twitter:label1\" content=\"Escrito por\" \/>\n\t<meta name=\"twitter:data1\" content=\"fernando garcia\" \/>\n\t<meta name=\"twitter:label2\" content=\"Tiempo de lectura\" \/>\n\t<meta name=\"twitter:data2\" content=\"2 minutos\" \/>\n<script type=\"application\/ld+json\" class=\"yoast-schema-graph\">{\"@context\":\"https:\/\/schema.org\",\"@graph\":[{\"@type\":\"WebPage\",\"@id\":\"https:\/\/ondauno.com.ar\/index.php\/2022\/03\/08\/el-16-de-marzo-comienza-la-copa-cuidad\/\",\"url\":\"https:\/\/ondauno.com.ar\/index.php\/2022\/03\/08\/el-16-de-marzo-comienza-la-copa-cuidad\/\",\"name\":\"El 16 de marzo comienza la copa cuidad - 103.9 fm\",\"isPartOf\":{\"@id\":\"https:\/\/ondauno.com.ar\/#website\"},\"primaryImageOfPage\":{\"@id\":\"https:\/\/ondauno.com.ar\/index.php\/2022\/03\/08\/el-16-de-marzo-comienza-la-copa-cuidad\/#primaryimage\"},\"image\":{\"@id\":\"https:\/\/ondauno.com.ar\/index.php\/2022\/03\/08\/el-16-de-marzo-comienza-la-copa-cuidad\/#primaryimage\"},\"thumbnailUrl\":\"https:\/\/ondauno.com.ar\/wp-content\/uploads\/2024\/03\/logo-jpg.jpg\",\"datePublished\":\"2022-03-09T00:54:43+00:00\",\"dateModified\":\"2022-03-09T00:54:44+00:00\",\"author\":{\"@id\":\"https:\/\/ondauno.com.ar\/#\/schema\/person\/201d1b68e6c75e0fd396fe5f8af5d139\"},\"breadcrumb\":{\"@id\":\"https:\/\/ondauno.com.ar\/index.php\/2022\/03\/08\/el-16-de-marzo-comienza-la-copa-cuidad\/#breadcrumb\"},\"inLanguage\":\"es-AR\",\"potentialAction\":[{\"@type\":\"ReadAction\",\"target\":[\"https:\/\/ondauno.com.ar\/index.php\/2022\/03\/08\/el-16-de-marzo-comienza-la-copa-cuidad\/\"]}]},{\"@type\":\"ImageObject\",\"inLanguage\":\"es-AR\",\"@id\":\"https:\/\/ondauno.com.ar\/index.php\/2022\/03\/08\/el-16-de-marzo-comienza-la-copa-cuidad\/#primaryimage\",\"url\":\"https:\/\/ondauno.com.ar\/wp-content\/uploads\/2024\/03\/logo-jpg.jpg\",\"contentUrl\":\"https:\/\/ondauno.com.ar\/wp-content\/uploads\/2024\/03\/logo-jpg.jpg\",\"width\":336,\"height\":292},{\"@type\":\"BreadcrumbList\",\"@id\":\"https:\/\/ondauno.com.ar\/index.php\/2022\/03\/08\/el-16-de-marzo-comienza-la-copa-cuidad\/#breadcrumb\",\"itemListElement\":[{\"@type\":\"ListItem\",\"position\":1,\"name\":\"Inicio\",\"item\":\"https:\/\/ondauno.com.ar\/\"},{\"@type\":\"ListItem\",\"position\":2,\"name\":\"El 16 de marzo comienza la copa cuidad\"}]},{\"@type\":\"WebSite\",\"@id\":\"https:\/\/ondauno.com.ar\/#website\",\"url\":\"https:\/\/ondauno.com.ar\/\",\"name\":\"103.9 fm\",\"description\":\"LA PRIMERA RADIO MULTIMEDIA DE TRES ARROYOS\",\"potentialAction\":[{\"@type\":\"SearchAction\",\"target\":{\"@type\":\"EntryPoint\",\"urlTemplate\":\"https:\/\/ondauno.com.ar\/?s={search_term_string}\"},\"query-input\":\"required name=search_term_string\"}],\"inLanguage\":\"es-AR\"},{\"@type\":\"Person\",\"@id\":\"https:\/\/ondauno.com.ar\/#\/schema\/person\/201d1b68e6c75e0fd396fe5f8af5d139\",\"name\":\"fernando garcia\",\"image\":{\"@type\":\"ImageObject\",\"inLanguage\":\"es-AR\",\"@id\":\"https:\/\/ondauno.com.ar\/#\/schema\/person\/image\/\",\"url\":\"https:\/\/secure.gravatar.com\/avatar\/5f7254642ad81272e79a2e69653cfdfc?s=96&d=mm&r=g\",\"contentUrl\":\"https:\/\/secure.gravatar.com\/avatar\/5f7254642ad81272e79a2e69653cfdfc?s=96&d=mm&r=g\",\"caption\":\"fernando garcia\"},\"url\":\"https:\/\/ondauno.com.ar\/index.php\/author\/ondaunoeditor\/\"}]}<\/script>\n<!-- \/ Yoast SEO plugin. -->","yoast_head_json":{"title":"El 16 de marzo comienza la copa cuidad - 103.9 fm","robots":{"index":"index","follow":"follow","max-snippet":"max-snippet:-1","max-image-preview":"max-image-preview:large","max-video-preview":"max-video-preview:-1"},"canonical":"https:\/\/ondauno.com.ar\/index.php\/2022\/03\/08\/el-16-de-marzo-comienza-la-copa-cuidad\/","og_locale":"es_ES","og_type":"article","og_title":"El 16 de marzo comienza la copa cuidad - 103.9 fm","og_description":"Se desarroll\u00f3 en la noche del Lunes la reuni\u00f3n de delegados en la sede de Humberto Primo 120 con la ausencia s\u00f2lo de Blanco y Negro de Coronel Suarez. Luego de la recepci\u00f3n y lectura de notas entradas por secretaria, se procedi\u00f3 a informar que para participar del Torneo Ciudad, las afiliadas deber\u00e1n presentas lista [&hellip;]","og_url":"https:\/\/ondauno.com.ar\/index.php\/2022\/03\/08\/el-16-de-marzo-comienza-la-copa-cuidad\/","og_site_name":"103.9 fm","article_publisher":"https:\/\/www.facebook.com\/ondauno103.9","article_published_time":"2022-03-09T00:54:43+00:00","article_modified_time":"2022-03-09T00:54:44+00:00","og_image":[{"width":336,"height":292,"url":"https:\/\/ondauno.com.ar\/wp-content\/uploads\/2024\/03\/logo-jpg.jpg","type":"image\/jpeg"}],"author":"fernando garcia","twitter_card":"summary_large_image","twitter_misc":{"Escrito por":"fernando garcia","Tiempo de lectura":"2 minutos"},"schema":{"@context":"https:\/\/schema.org","@graph":[{"@type":"WebPage","@id":"https:\/\/ondauno.com.ar\/index.php\/2022\/03\/08\/el-16-de-marzo-comienza-la-copa-cuidad\/","url":"https:\/\/ondauno.com.ar\/index.php\/2022\/03\/08\/el-16-de-marzo-comienza-la-copa-cuidad\/","name":"El 16 de marzo comienza la copa cuidad - 103.9 fm","isPartOf":{"@id":"https:\/\/ondauno.com.ar\/#website"},"primaryImageOfPage":{"@id":"https:\/\/ondauno.com.ar\/index.php\/2022\/03\/08\/el-16-de-marzo-comienza-la-copa-cuidad\/#primaryimage"},"image":{"@id":"https:\/\/ondauno.com.ar\/index.php\/2022\/03\/08\/el-16-de-marzo-comienza-la-copa-cuidad\/#primaryimage"},"thumbnailUrl":"https:\/\/ondauno.com.ar\/wp-content\/uploads\/2024\/03\/logo-jpg.jpg","datePublished":"2022-03-09T00:54:43+00:00","dateModified":"2022-03-09T00:54:44+00:00","author":{"@id":"https:\/\/ondauno.com.ar\/#\/schema\/person\/201d1b68e6c75e0fd396fe5f8af5d139"},"breadcrumb":{"@id":"https:\/\/ondauno.com.ar\/index.php\/2022\/03\/08\/el-16-de-marzo-comienza-la-copa-cuidad\/#breadcrumb"},"inLanguage":"es-AR","potentialAction":[{"@type":"ReadAction","target":["https:\/\/ondauno.com.ar\/index.php\/2022\/03\/08\/el-16-de-marzo-comienza-la-copa-cuidad\/"]}]},{"@type":"ImageObject","inLanguage":"es-AR","@id":"https:\/\/ondauno.com.ar\/index.php\/2022\/03\/08\/el-16-de-marzo-comienza-la-copa-cuidad\/#primaryimage","url":"https:\/\/ondauno.com.ar\/wp-content\/uploads\/2024\/03\/logo-jpg.jpg","contentUrl":"https:\/\/ondauno.com.ar\/wp-content\/uploads\/2024\/03\/logo-jpg.jpg","width":336,"height":292},{"@type":"BreadcrumbList","@id":"https:\/\/ondauno.com.ar\/index.php\/2022\/03\/08\/el-16-de-marzo-comienza-la-copa-cuidad\/#breadcrumb","itemListElement":[{"@type":"ListItem","position":1,"name":"Inicio","item":"https:\/\/ondauno.com.ar\/"},{"@type":"ListItem","position":2,"name":"El 16 de marzo comienza la copa cuidad"}]},{"@type":"WebSite","@id":"https:\/\/ondauno.com.ar\/#website","url":"https:\/\/ondauno.com.ar\/","name":"103.9 fm","description":"LA PRIMERA RADIO MULTIMEDIA DE TRES ARROYOS","potentialAction":[{"@type":"SearchAction","target":{"@type":"EntryPoint","urlTemplate":"https:\/\/ondauno.com.ar\/?s={search_term_string}"},"query-input":"required name=search_term_string"}],"inLanguage":"es-AR"},{"@type":"Person","@id":"https:\/\/ondauno.com.ar\/#\/schema\/person\/201d1b68e6c75e0fd396fe5f8af5d139","name":"fernando garcia","image":{"@type":"ImageObject","inLanguage":"es-AR","@id":"https:\/\/ondauno.com.ar\/#\/schema\/person\/image\/","url":"https:\/\/secure.gravatar.com\/avatar\/5f7254642ad81272e79a2e69653cfdfc?s=96&d=mm&r=g","contentUrl":"https:\/\/secure.gravatar.com\/avatar\/5f7254642ad81272e79a2e69653cfdfc?s=96&d=mm&r=g","caption":"fernando garcia"},"url":"https:\/\/ondauno.com.ar\/index.php\/author\/ondaunoeditor\/"}]}},"jetpack_publicize_connections":[],"jetpack_featured_media_url":"https:\/\/ondauno.com.ar\/wp-content\/uploads\/2024\/03\/logo-jpg.jpg","jetpack_sharing_enabled":true,"_links":{"self":[{"href":"https:\/\/ondauno.com.ar\/index.php\/wp-json\/wp\/v2\/posts\/32157","targetHints":{"allow":["GET"]}}],"collection":[{"href":"https:\/\/ondauno.com.ar\/index.php\/wp-json\/wp\/v2\/posts"}],"about":[{"href":"https:\/\/ondauno.com.ar\/index.php\/wp-json\/wp\/v2\/types\/post"}],"author":[{"embeddable":true,"href":"https:\/\/ondauno.com.ar\/index.php\/wp-json\/wp\/v2\/users\/2"}],"replies":[{"embeddable":true,"href":"https:\/\/ondauno.com.ar\/index.php\/wp-json\/wp\/v2\/comments?post=32157"}],"version-history":[{"count":0,"href":"https:\/\/ondauno.com.ar\/index.php\/wp-json\/wp\/v2\/posts\/32157\/revisions"}],"wp:featuredmedia":[{"embeddable":true,"href":"https:\/\/ondauno.com.ar\/index.php\/wp-json\/wp\/v2\/media\/45248"}],"wp:attachment":[{"href":"https:\/\/ondauno.com.ar\/index.php\/wp-json\/wp\/v2\/media?parent=32157"}],"wp:term":[{"taxonomy":"category","embeddable":true,"href":"https:\/\/ondauno.com.ar\/index.php\/wp-json\/wp\/v2\/categories?post=32157"},{"taxonomy":"post_tag","embeddable":true,"href":"https:\/\/ondauno.com.ar\/index.php\/wp-json\/wp\/v2\/tags?post=32157"}],"curies":[{"name":"wp","href":"https:\/\/api.w.org\/{rel}","templated":true}]}}