{"id":3211,"date":"2019-12-11T15:57:48","date_gmt":"2019-12-11T18:57:48","guid":{"rendered":"http:\/\/ondauno.com.ar\/?p=3211"},"modified":"2019-12-11T15:57:54","modified_gmt":"2019-12-11T18:57:54","slug":"guillermo-torremare-hablo-de-todos-los-derechos-humanos","status":"publish","type":"post","link":"https:\/\/ondauno.com.ar\/index.php\/2019\/12\/11\/guillermo-torremare-hablo-de-todos-los-derechos-humanos\/","title":{"rendered":"Guillermo Torremare habl\u00f3 de todos los derechos humanos"},"content":{"rendered":"<div class=\"ondau-before-content_3\" style=\"margin-top: -30px;\" id=\"ondau-2004920026\"><a href=\"https:\/\/www.lps.com.ar\/\" aria-label=\"la-perse2\"><img loading=\"lazy\" decoding=\"async\" src=\"https:\/\/ondauno.com.ar\/wp-content\/uploads\/2021\/10\/la-perse2.jpg\" alt=\"\"  srcset=\"https:\/\/ondauno.com.ar\/wp-content\/uploads\/2021\/10\/la-perse2.jpg 1353w, https:\/\/ondauno.com.ar\/wp-content\/uploads\/2021\/10\/la-perse2-300x43.jpg 300w, https:\/\/ondauno.com.ar\/wp-content\/uploads\/2021\/10\/la-perse2-1024x148.jpg 1024w, https:\/\/ondauno.com.ar\/wp-content\/uploads\/2021\/10\/la-perse2-768x111.jpg 768w, https:\/\/ondauno.com.ar\/wp-content\/uploads\/2021\/10\/la-perse2-696x100.jpg 696w, https:\/\/ondauno.com.ar\/wp-content\/uploads\/2021\/10\/la-perse2-1068x154.jpg 1068w\" sizes=\"(max-width: 1353px) 100vw, 1353px\" class=\"no-lazyload\" width=\"1353\" height=\"195\"  style=\"display: inline-block;\" \/><\/a><\/div>\n<p> El Doctor en Derechos Humanos, Guillermo Francisco Torremare, ser\u00e1 designado a partir del pr\u00f3ximo 14 de diciembre como nuevo Presidente de la Mesa Directiva Nacional de la Asamblea Permanente por los Derechos Humanos en Argentina. <\/p>\n\n\n\n<p>El m\u00e1ximo cargo en el organismo le llega al tresarroyense despu\u00e9s de haber militado en \u00e9l durante los \u00faltimos 25 a\u00f1os de su vida, de haber sido parte de la Mesa Nacional en los \u00faltimos 4 a\u00f1os, y de haber sido el responsable jur\u00eddico a lo largo de los dos \u00faltimos. <\/p>\n\n\n\n<p>Torremare habl\u00f3 en Cosas que Pasan de el origen de la Asamblea Permanente por los Derechos Humanos en nuestro pa\u00eds y en Tres Arroyos.<\/p>\n\n\n\n<p>El doctor en Derechos Humanos explic\u00f3 a partir de ejemplos muy gr\u00e1ficos la funci\u00f3n de la APDH y analiz\u00f3 cuestiones relacionadas con los derechos, tratados e informes de gesti\u00f3n.<\/p>\n\n\n\n<figure class=\"wp-block-image\"><img loading=\"lazy\" decoding=\"async\" width=\"1024\" height=\"768\" data-src=\"http:\/\/ondauno.com.ar\/wp-content\/uploads\/2019\/12\/WhatsApp-Image-2019-12-11-at-13.41.00-1-1024x768.jpeg\" alt=\"\" class=\"wp-image-3207 lazyload\" data-srcset=\"https:\/\/ondauno.com.ar\/wp-content\/uploads\/2019\/12\/WhatsApp-Image-2019-12-11-at-13.41.00-1-1024x768.jpeg 1024w, https:\/\/ondauno.com.ar\/wp-content\/uploads\/2019\/12\/WhatsApp-Image-2019-12-11-at-13.41.00-1-300x225.jpeg 300w, https:\/\/ondauno.com.ar\/wp-content\/uploads\/2019\/12\/WhatsApp-Image-2019-12-11-at-13.41.00-1-768x576.jpeg 768w, https:\/\/ondauno.com.ar\/wp-content\/uploads\/2019\/12\/WhatsApp-Image-2019-12-11-at-13.41.00-1-80x60.jpeg 80w, https:\/\/ondauno.com.ar\/wp-content\/uploads\/2019\/12\/WhatsApp-Image-2019-12-11-at-13.41.00-1-265x198.jpeg 265w, https:\/\/ondauno.com.ar\/wp-content\/uploads\/2019\/12\/WhatsApp-Image-2019-12-11-at-13.41.00-1-696x522.jpeg 696w, https:\/\/ondauno.com.ar\/wp-content\/uploads\/2019\/12\/WhatsApp-Image-2019-12-11-at-13.41.00-1-560x420.jpeg 560w, https:\/\/ondauno.com.ar\/wp-content\/uploads\/2019\/12\/WhatsApp-Image-2019-12-11-at-13.41.00-1.jpeg 1040w\" data-sizes=\"auto, (max-width: 1024px) 100vw, 1024px\" src=\"data:image\/gif;base64,R0lGODlhAQABAAAAACH5BAEKAAEALAAAAAABAAEAAAICTAEAOw==\" style=\"--smush-placeholder-width: 1024px; --smush-placeholder-aspect-ratio: 1024\/768;\" \/><noscript><img loading=\"lazy\" decoding=\"async\" width=\"1024\" height=\"768\" src=\"http:\/\/ondauno.com.ar\/wp-content\/uploads\/2019\/12\/WhatsApp-Image-2019-12-11-at-13.41.00-1-1024x768.jpeg\" alt=\"\" class=\"wp-image-3207\" srcset=\"https:\/\/ondauno.com.ar\/wp-content\/uploads\/2019\/12\/WhatsApp-Image-2019-12-11-at-13.41.00-1-1024x768.jpeg 1024w, https:\/\/ondauno.com.ar\/wp-content\/uploads\/2019\/12\/WhatsApp-Image-2019-12-11-at-13.41.00-1-300x225.jpeg 300w, https:\/\/ondauno.com.ar\/wp-content\/uploads\/2019\/12\/WhatsApp-Image-2019-12-11-at-13.41.00-1-768x576.jpeg 768w, https:\/\/ondauno.com.ar\/wp-content\/uploads\/2019\/12\/WhatsApp-Image-2019-12-11-at-13.41.00-1-80x60.jpeg 80w, https:\/\/ondauno.com.ar\/wp-content\/uploads\/2019\/12\/WhatsApp-Image-2019-12-11-at-13.41.00-1-265x198.jpeg 265w, https:\/\/ondauno.com.ar\/wp-content\/uploads\/2019\/12\/WhatsApp-Image-2019-12-11-at-13.41.00-1-696x522.jpeg 696w, https:\/\/ondauno.com.ar\/wp-content\/uploads\/2019\/12\/WhatsApp-Image-2019-12-11-at-13.41.00-1-560x420.jpeg 560w, https:\/\/ondauno.com.ar\/wp-content\/uploads\/2019\/12\/WhatsApp-Image-2019-12-11-at-13.41.00-1.jpeg 1040w\" sizes=\"auto, (max-width: 1024px) 100vw, 1024px\" \/><\/noscript><\/figure>\n\n\n\n<p>Guillermo Francisco Torremare presidir\u00e1 la APDH nacional<\/p>\n\n\n\n<p><\/p>\n\n\n\n<figure class=\"wp-block-embed-facebook wp-block-embed is-type-video is-provider-facebook\"><div class=\"wp-block-embed__wrapper\">\n<div class=\"fb-video\" data-allowfullscreen=\"true\" data-href=\"https:\/\/www.facebook.com\/ondauno103.9\/videos\/449866495646505\/\" style=\"background-color: #fff; display: inline-block;\"><\/div>\n<\/div><\/figure>\n\n\n\n<p>Asimismo por la celebraci\u00f3n del D\u00eda de los Derechos Humanos anunci\u00f3 que  la APDH Regional Tres Arroyos, la Biblioteca Jos\u00e9 Ingenieros y Centro Cultural La Casona y varias organizaciones del distrito y la regi\u00f3n, brindar\u00e1n un informe sobre la Situaci\u00f3n de los DDHH en la Argentina, con traslado de varios de los temas a la \u00f3rbita local, en un encuentro a realizarse este jueves 12 a las 20 en Rivadavia 641. <\/p>\n\n\n\n<p><\/p>\n","protected":false},"excerpt":{"rendered":"<p>El Doctor en Derechos Humanos, Guillermo Francisco Torremare, ser\u00e1 designado a partir del pr\u00f3ximo 14 de diciembre como nuevo Presidente de la Mesa Directiva Nacional de la Asamblea Permanente por los Derechos Humanos en Argentina. El m\u00e1ximo cargo en el organismo le llega al tresarroyense despu\u00e9s de haber militado en \u00e9l durante los \u00faltimos 25 [&hellip;]<\/p>\n","protected":false},"author":2,"featured_media":3206,"comment_status":"open","ping_status":"open","sticky":false,"template":"","format":"standard","meta":{"tdm_status":"","tdm_grid_status":"","_jetpack_memberships_contains_paid_content":false,"footnotes":"","jetpack_publicize_message":"","jetpack_publicize_feature_enabled":true,"jetpack_social_post_already_shared":false,"jetpack_social_options":{"image_generator_settings":{"template":"highway","default_image_id":0,"font":"","enabled":false},"version":2}},"categories":[2],"tags":[],"class_list":{"0":"post-3211","1":"post","2":"type-post","3":"status-publish","4":"format-standard","5":"has-post-thumbnail","7":"category-locales"},"yoast_head":"<!-- This site is optimized with the Yoast SEO plugin v22.7 - https:\/\/yoast.com\/wordpress\/plugins\/seo\/ -->\n<title>Guillermo Torremare habl\u00f3 de todos los derechos humanos - 103.9 fm<\/title>\n<meta name=\"robots\" content=\"index, follow, max-snippet:-1, max-image-preview:large, max-video-preview:-1\" \/>\n<link rel=\"canonical\" href=\"https:\/\/ondauno.com.ar\/index.php\/2019\/12\/11\/guillermo-torremare-hablo-de-todos-los-derechos-humanos\/\" \/>\n<meta property=\"og:locale\" content=\"es_ES\" \/>\n<meta property=\"og:type\" content=\"article\" \/>\n<meta property=\"og:title\" content=\"Guillermo Torremare habl\u00f3 de todos los derechos humanos - 103.9 fm\" \/>\n<meta property=\"og:description\" content=\"El Doctor en Derechos Humanos, Guillermo Francisco Torremare, ser\u00e1 designado a partir del pr\u00f3ximo 14 de diciembre como nuevo Presidente de la Mesa Directiva Nacional de la Asamblea Permanente por los Derechos Humanos en Argentina. El m\u00e1ximo cargo en el organismo le llega al tresarroyense despu\u00e9s de haber militado en \u00e9l durante los \u00faltimos 25 [&hellip;]\" \/>\n<meta property=\"og:url\" content=\"https:\/\/ondauno.com.ar\/index.php\/2019\/12\/11\/guillermo-torremare-hablo-de-todos-los-derechos-humanos\/\" \/>\n<meta property=\"og:site_name\" content=\"103.9 fm\" \/>\n<meta property=\"article:publisher\" content=\"https:\/\/www.facebook.com\/ondauno103.9\" \/>\n<meta property=\"article:published_time\" content=\"2019-12-11T18:57:48+00:00\" \/>\n<meta property=\"article:modified_time\" content=\"2019-12-11T18:57:54+00:00\" \/>\n<meta property=\"og:image\" content=\"https:\/\/ondauno.com.ar\/wp-content\/uploads\/2019\/12\/WhatsApp-Image-2019-12-11-at-13.41.00-2.jpeg\" \/>\n\t<meta property=\"og:image:width\" content=\"1040\" \/>\n\t<meta property=\"og:image:height\" content=\"780\" \/>\n\t<meta property=\"og:image:type\" content=\"image\/jpeg\" \/>\n<meta name=\"author\" content=\"fernando garcia\" \/>\n<meta name=\"twitter:card\" content=\"summary_large_image\" \/>\n<meta name=\"twitter:label1\" content=\"Escrito por\" \/>\n\t<meta name=\"twitter:data1\" content=\"fernando garcia\" \/>\n\t<meta name=\"twitter:label2\" content=\"Tiempo de lectura\" \/>\n\t<meta name=\"twitter:data2\" content=\"1 minuto\" \/>\n<script type=\"application\/ld+json\" class=\"yoast-schema-graph\">{\"@context\":\"https:\/\/schema.org\",\"@graph\":[{\"@type\":\"WebPage\",\"@id\":\"https:\/\/ondauno.com.ar\/index.php\/2019\/12\/11\/guillermo-torremare-hablo-de-todos-los-derechos-humanos\/\",\"url\":\"https:\/\/ondauno.com.ar\/index.php\/2019\/12\/11\/guillermo-torremare-hablo-de-todos-los-derechos-humanos\/\",\"name\":\"Guillermo Torremare habl\u00f3 de todos los derechos humanos - 103.9 fm\",\"isPartOf\":{\"@id\":\"https:\/\/ondauno.com.ar\/#website\"},\"primaryImageOfPage\":{\"@id\":\"https:\/\/ondauno.com.ar\/index.php\/2019\/12\/11\/guillermo-torremare-hablo-de-todos-los-derechos-humanos\/#primaryimage\"},\"image\":{\"@id\":\"https:\/\/ondauno.com.ar\/index.php\/2019\/12\/11\/guillermo-torremare-hablo-de-todos-los-derechos-humanos\/#primaryimage\"},\"thumbnailUrl\":\"https:\/\/ondauno.com.ar\/wp-content\/uploads\/2019\/12\/WhatsApp-Image-2019-12-11-at-13.41.00-2.jpeg\",\"datePublished\":\"2019-12-11T18:57:48+00:00\",\"dateModified\":\"2019-12-11T18:57:54+00:00\",\"author\":{\"@id\":\"https:\/\/ondauno.com.ar\/#\/schema\/person\/201d1b68e6c75e0fd396fe5f8af5d139\"},\"breadcrumb\":{\"@id\":\"https:\/\/ondauno.com.ar\/index.php\/2019\/12\/11\/guillermo-torremare-hablo-de-todos-los-derechos-humanos\/#breadcrumb\"},\"inLanguage\":\"es-AR\",\"potentialAction\":[{\"@type\":\"ReadAction\",\"target\":[\"https:\/\/ondauno.com.ar\/index.php\/2019\/12\/11\/guillermo-torremare-hablo-de-todos-los-derechos-humanos\/\"]}]},{\"@type\":\"ImageObject\",\"inLanguage\":\"es-AR\",\"@id\":\"https:\/\/ondauno.com.ar\/index.php\/2019\/12\/11\/guillermo-torremare-hablo-de-todos-los-derechos-humanos\/#primaryimage\",\"url\":\"https:\/\/ondauno.com.ar\/wp-content\/uploads\/2019\/12\/WhatsApp-Image-2019-12-11-at-13.41.00-2.jpeg\",\"contentUrl\":\"https:\/\/ondauno.com.ar\/wp-content\/uploads\/2019\/12\/WhatsApp-Image-2019-12-11-at-13.41.00-2.jpeg\",\"width\":1040,\"height\":780},{\"@type\":\"BreadcrumbList\",\"@id\":\"https:\/\/ondauno.com.ar\/index.php\/2019\/12\/11\/guillermo-torremare-hablo-de-todos-los-derechos-humanos\/#breadcrumb\",\"itemListElement\":[{\"@type\":\"ListItem\",\"position\":1,\"name\":\"Inicio\",\"item\":\"https:\/\/ondauno.com.ar\/\"},{\"@type\":\"ListItem\",\"position\":2,\"name\":\"Guillermo Torremare habl\u00f3 de todos los derechos humanos\"}]},{\"@type\":\"WebSite\",\"@id\":\"https:\/\/ondauno.com.ar\/#website\",\"url\":\"https:\/\/ondauno.com.ar\/\",\"name\":\"103.9 fm\",\"description\":\"LA PRIMERA RADIO MULTIMEDIA DE TRES ARROYOS\",\"potentialAction\":[{\"@type\":\"SearchAction\",\"target\":{\"@type\":\"EntryPoint\",\"urlTemplate\":\"https:\/\/ondauno.com.ar\/?s={search_term_string}\"},\"query-input\":\"required name=search_term_string\"}],\"inLanguage\":\"es-AR\"},{\"@type\":\"Person\",\"@id\":\"https:\/\/ondauno.com.ar\/#\/schema\/person\/201d1b68e6c75e0fd396fe5f8af5d139\",\"name\":\"fernando garcia\",\"image\":{\"@type\":\"ImageObject\",\"inLanguage\":\"es-AR\",\"@id\":\"https:\/\/ondauno.com.ar\/#\/schema\/person\/image\/\",\"url\":\"https:\/\/secure.gravatar.com\/avatar\/5f7254642ad81272e79a2e69653cfdfc?s=96&d=mm&r=g\",\"contentUrl\":\"https:\/\/secure.gravatar.com\/avatar\/5f7254642ad81272e79a2e69653cfdfc?s=96&d=mm&r=g\",\"caption\":\"fernando garcia\"},\"url\":\"https:\/\/ondauno.com.ar\/index.php\/author\/ondaunoeditor\/\"}]}<\/script>\n<!-- \/ Yoast SEO plugin. -->","yoast_head_json":{"title":"Guillermo Torremare habl\u00f3 de todos los derechos humanos - 103.9 fm","robots":{"index":"index","follow":"follow","max-snippet":"max-snippet:-1","max-image-preview":"max-image-preview:large","max-video-preview":"max-video-preview:-1"},"canonical":"https:\/\/ondauno.com.ar\/index.php\/2019\/12\/11\/guillermo-torremare-hablo-de-todos-los-derechos-humanos\/","og_locale":"es_ES","og_type":"article","og_title":"Guillermo Torremare habl\u00f3 de todos los derechos humanos - 103.9 fm","og_description":"El Doctor en Derechos Humanos, Guillermo Francisco Torremare, ser\u00e1 designado a partir del pr\u00f3ximo 14 de diciembre como nuevo Presidente de la Mesa Directiva Nacional de la Asamblea Permanente por los Derechos Humanos en Argentina. El m\u00e1ximo cargo en el organismo le llega al tresarroyense despu\u00e9s de haber militado en \u00e9l durante los \u00faltimos 25 [&hellip;]","og_url":"https:\/\/ondauno.com.ar\/index.php\/2019\/12\/11\/guillermo-torremare-hablo-de-todos-los-derechos-humanos\/","og_site_name":"103.9 fm","article_publisher":"https:\/\/www.facebook.com\/ondauno103.9","article_published_time":"2019-12-11T18:57:48+00:00","article_modified_time":"2019-12-11T18:57:54+00:00","og_image":[{"width":1040,"height":780,"url":"https:\/\/ondauno.com.ar\/wp-content\/uploads\/2019\/12\/WhatsApp-Image-2019-12-11-at-13.41.00-2.jpeg","type":"image\/jpeg"}],"author":"fernando garcia","twitter_card":"summary_large_image","twitter_misc":{"Escrito por":"fernando garcia","Tiempo de lectura":"1 minuto"},"schema":{"@context":"https:\/\/schema.org","@graph":[{"@type":"WebPage","@id":"https:\/\/ondauno.com.ar\/index.php\/2019\/12\/11\/guillermo-torremare-hablo-de-todos-los-derechos-humanos\/","url":"https:\/\/ondauno.com.ar\/index.php\/2019\/12\/11\/guillermo-torremare-hablo-de-todos-los-derechos-humanos\/","name":"Guillermo Torremare habl\u00f3 de todos los derechos humanos - 103.9 fm","isPartOf":{"@id":"https:\/\/ondauno.com.ar\/#website"},"primaryImageOfPage":{"@id":"https:\/\/ondauno.com.ar\/index.php\/2019\/12\/11\/guillermo-torremare-hablo-de-todos-los-derechos-humanos\/#primaryimage"},"image":{"@id":"https:\/\/ondauno.com.ar\/index.php\/2019\/12\/11\/guillermo-torremare-hablo-de-todos-los-derechos-humanos\/#primaryimage"},"thumbnailUrl":"https:\/\/ondauno.com.ar\/wp-content\/uploads\/2019\/12\/WhatsApp-Image-2019-12-11-at-13.41.00-2.jpeg","datePublished":"2019-12-11T18:57:48+00:00","dateModified":"2019-12-11T18:57:54+00:00","author":{"@id":"https:\/\/ondauno.com.ar\/#\/schema\/person\/201d1b68e6c75e0fd396fe5f8af5d139"},"breadcrumb":{"@id":"https:\/\/ondauno.com.ar\/index.php\/2019\/12\/11\/guillermo-torremare-hablo-de-todos-los-derechos-humanos\/#breadcrumb"},"inLanguage":"es-AR","potentialAction":[{"@type":"ReadAction","target":["https:\/\/ondauno.com.ar\/index.php\/2019\/12\/11\/guillermo-torremare-hablo-de-todos-los-derechos-humanos\/"]}]},{"@type":"ImageObject","inLanguage":"es-AR","@id":"https:\/\/ondauno.com.ar\/index.php\/2019\/12\/11\/guillermo-torremare-hablo-de-todos-los-derechos-humanos\/#primaryimage","url":"https:\/\/ondauno.com.ar\/wp-content\/uploads\/2019\/12\/WhatsApp-Image-2019-12-11-at-13.41.00-2.jpeg","contentUrl":"https:\/\/ondauno.com.ar\/wp-content\/uploads\/2019\/12\/WhatsApp-Image-2019-12-11-at-13.41.00-2.jpeg","width":1040,"height":780},{"@type":"BreadcrumbList","@id":"https:\/\/ondauno.com.ar\/index.php\/2019\/12\/11\/guillermo-torremare-hablo-de-todos-los-derechos-humanos\/#breadcrumb","itemListElement":[{"@type":"ListItem","position":1,"name":"Inicio","item":"https:\/\/ondauno.com.ar\/"},{"@type":"ListItem","position":2,"name":"Guillermo Torremare habl\u00f3 de todos los derechos humanos"}]},{"@type":"WebSite","@id":"https:\/\/ondauno.com.ar\/#website","url":"https:\/\/ondauno.com.ar\/","name":"103.9 fm","description":"LA PRIMERA RADIO MULTIMEDIA DE TRES ARROYOS","potentialAction":[{"@type":"SearchAction","target":{"@type":"EntryPoint","urlTemplate":"https:\/\/ondauno.com.ar\/?s={search_term_string}"},"query-input":"required name=search_term_string"}],"inLanguage":"es-AR"},{"@type":"Person","@id":"https:\/\/ondauno.com.ar\/#\/schema\/person\/201d1b68e6c75e0fd396fe5f8af5d139","name":"fernando garcia","image":{"@type":"ImageObject","inLanguage":"es-AR","@id":"https:\/\/ondauno.com.ar\/#\/schema\/person\/image\/","url":"https:\/\/secure.gravatar.com\/avatar\/5f7254642ad81272e79a2e69653cfdfc?s=96&d=mm&r=g","contentUrl":"https:\/\/secure.gravatar.com\/avatar\/5f7254642ad81272e79a2e69653cfdfc?s=96&d=mm&r=g","caption":"fernando garcia"},"url":"https:\/\/ondauno.com.ar\/index.php\/author\/ondaunoeditor\/"}]}},"jetpack_publicize_connections":[],"jetpack_featured_media_url":"https:\/\/ondauno.com.ar\/wp-content\/uploads\/2019\/12\/WhatsApp-Image-2019-12-11-at-13.41.00-2.jpeg","jetpack_sharing_enabled":true,"_links":{"self":[{"href":"https:\/\/ondauno.com.ar\/index.php\/wp-json\/wp\/v2\/posts\/3211","targetHints":{"allow":["GET"]}}],"collection":[{"href":"https:\/\/ondauno.com.ar\/index.php\/wp-json\/wp\/v2\/posts"}],"about":[{"href":"https:\/\/ondauno.com.ar\/index.php\/wp-json\/wp\/v2\/types\/post"}],"author":[{"embeddable":true,"href":"https:\/\/ondauno.com.ar\/index.php\/wp-json\/wp\/v2\/users\/2"}],"replies":[{"embeddable":true,"href":"https:\/\/ondauno.com.ar\/index.php\/wp-json\/wp\/v2\/comments?post=3211"}],"version-history":[{"count":0,"href":"https:\/\/ondauno.com.ar\/index.php\/wp-json\/wp\/v2\/posts\/3211\/revisions"}],"wp:featuredmedia":[{"embeddable":true,"href":"https:\/\/ondauno.com.ar\/index.php\/wp-json\/wp\/v2\/media\/3206"}],"wp:attachment":[{"href":"https:\/\/ondauno.com.ar\/index.php\/wp-json\/wp\/v2\/media?parent=3211"}],"wp:term":[{"taxonomy":"category","embeddable":true,"href":"https:\/\/ondauno.com.ar\/index.php\/wp-json\/wp\/v2\/categories?post=3211"},{"taxonomy":"post_tag","embeddable":true,"href":"https:\/\/ondauno.com.ar\/index.php\/wp-json\/wp\/v2\/tags?post=3211"}],"curies":[{"name":"wp","href":"https:\/\/api.w.org\/{rel}","templated":true}]}}