{"id":31209,"date":"2021-12-31T19:57:05","date_gmt":"2021-12-31T22:57:05","guid":{"rendered":"http:\/\/ondauno.com.ar\/?p=31209"},"modified":"2021-12-31T19:57:07","modified_gmt":"2021-12-31T22:57:07","slug":"advierten-por-las-exploraciones-sismicas-sobre-el-mar-del-sur-bonaerense-aprobadas-por-el-ministro-cabandie","status":"publish","type":"post","link":"https:\/\/ondauno.com.ar\/index.php\/2021\/12\/31\/advierten-por-las-exploraciones-sismicas-sobre-el-mar-del-sur-bonaerense-aprobadas-por-el-ministro-cabandie\/","title":{"rendered":"Advierten por las exploraciones s\u00edsmicas sobre el mar del sur bonaerense, aprobadas por el ministro Cabandi\u00e9"},"content":{"rendered":"<div class=\"ondau-before-content_3\" style=\"margin-top: -30px;\" id=\"ondau-2175436937\"><a href=\"https:\/\/www.lps.com.ar\/\" aria-label=\"la-perse2\"><img loading=\"lazy\" decoding=\"async\" src=\"https:\/\/ondauno.com.ar\/wp-content\/uploads\/2021\/10\/la-perse2.jpg\" alt=\"\"  srcset=\"https:\/\/ondauno.com.ar\/wp-content\/uploads\/2021\/10\/la-perse2.jpg 1353w, https:\/\/ondauno.com.ar\/wp-content\/uploads\/2021\/10\/la-perse2-300x43.jpg 300w, https:\/\/ondauno.com.ar\/wp-content\/uploads\/2021\/10\/la-perse2-1024x148.jpg 1024w, https:\/\/ondauno.com.ar\/wp-content\/uploads\/2021\/10\/la-perse2-768x111.jpg 768w, https:\/\/ondauno.com.ar\/wp-content\/uploads\/2021\/10\/la-perse2-696x100.jpg 696w, https:\/\/ondauno.com.ar\/wp-content\/uploads\/2021\/10\/la-perse2-1068x154.jpg 1068w\" sizes=\"(max-width: 1353px) 100vw, 1353px\" class=\"no-lazyload\" width=\"1353\" height=\"195\"  style=\"display: inline-block;\" \/><\/a><\/div>\n<p>Una reciente resoluci\u00f3n del ministro nacional de Medio Ambiente, Juan Cabandi\u00e9, permite a la empresa Equinor llevar adelante tareas de b\u00fasqueda de petr\u00f3leo en la Cuenca Argentina Norte, poniendo en riesgo la biodiversidad de una muy amplia franja mar\u00edtima de nuestro pa\u00eds.<\/p>\n\n\n\n<p>Diego Taboada, presidente del Instituto de Conservaci\u00f3n de Ballenas, cont\u00f3 en Cosas que pasan cu\u00e1les son los riesgos que se enfrentan de prosperar la actividad.<\/p>\n\n\n\n<figure class=\"wp-block-image\"><img loading=\"lazy\" decoding=\"async\" width=\"709\" height=\"853\" data-src=\"https:\/\/ondauno.com.ar\/wp-content\/uploads\/2021\/12\/Diego-Taboada.jpeg\" alt=\"\" class=\"wp-image-31210 lazyload\" data-srcset=\"https:\/\/ondauno.com.ar\/wp-content\/uploads\/2021\/12\/Diego-Taboada.jpeg 709w, https:\/\/ondauno.com.ar\/wp-content\/uploads\/2021\/12\/Diego-Taboada-249x300.jpeg 249w, https:\/\/ondauno.com.ar\/wp-content\/uploads\/2021\/12\/Diego-Taboada-696x837.jpeg 696w, https:\/\/ondauno.com.ar\/wp-content\/uploads\/2021\/12\/Diego-Taboada-349x420.jpeg 349w\" data-sizes=\"auto, (max-width: 709px) 100vw, 709px\" src=\"data:image\/gif;base64,R0lGODlhAQABAAAAACH5BAEKAAEALAAAAAABAAEAAAICTAEAOw==\" style=\"--smush-placeholder-width: 709px; --smush-placeholder-aspect-ratio: 709\/853;\" \/><noscript><img loading=\"lazy\" decoding=\"async\" width=\"709\" height=\"853\" src=\"https:\/\/ondauno.com.ar\/wp-content\/uploads\/2021\/12\/Diego-Taboada.jpeg\" alt=\"\" class=\"wp-image-31210\" srcset=\"https:\/\/ondauno.com.ar\/wp-content\/uploads\/2021\/12\/Diego-Taboada.jpeg 709w, https:\/\/ondauno.com.ar\/wp-content\/uploads\/2021\/12\/Diego-Taboada-249x300.jpeg 249w, https:\/\/ondauno.com.ar\/wp-content\/uploads\/2021\/12\/Diego-Taboada-696x837.jpeg 696w, https:\/\/ondauno.com.ar\/wp-content\/uploads\/2021\/12\/Diego-Taboada-349x420.jpeg 349w\" sizes=\"auto, (max-width: 709px) 100vw, 709px\" \/><\/noscript><figcaption>Diego Taboada, habl\u00f3 en Cosas que pasan<\/figcaption><\/figure>\n\n\n\n<figure><iframe loading=\"lazy\" data-src=\"https:\/\/www.facebook.com\/plugins\/video.php?height=314&amp;href=https%3A%2F%2Fwww.facebook.com%2Fondauno103.9%2Fvideos%2F441850727396596%2F&amp;show_text=false&amp;width=560&amp;t=0\" width=\"560\" height=\"314\" allowfullscreen=\"true\" src=\"data:image\/gif;base64,R0lGODlhAQABAAAAACH5BAEKAAEALAAAAAABAAEAAAICTAEAOw==\" class=\"lazyload\" data-load-mode=\"1\"><\/iframe><\/figure>\n\n\n\n<figure class=\"wp-block-image\"><img decoding=\"async\" data-src=\"https:\/\/ondauno.com.ar\/wp-content\/uploads\/2021\/12\/WhatsApp-Image-2021-12-31-at-19.00.12.jpeg\" alt=\"\" class=\"wp-image-31211 lazyload\" src=\"data:image\/gif;base64,R0lGODlhAQABAAAAACH5BAEKAAEALAAAAAABAAEAAAICTAEAOw==\" \/><noscript><img decoding=\"async\" src=\"https:\/\/ondauno.com.ar\/wp-content\/uploads\/2021\/12\/WhatsApp-Image-2021-12-31-at-19.00.12.jpeg\" alt=\"\" class=\"wp-image-31211\"\/><\/noscript><figcaption>Mapa que muestra la zona afectada a la exploraci\u00f3n en b\u00fasqueda de petr\u00f3leo<\/figcaption><\/figure>\n\n\n\n<p><\/p>\n","protected":false},"excerpt":{"rendered":"<p>Una reciente resoluci\u00f3n del ministro nacional de Medio Ambiente, Juan Cabandi\u00e9, permite a la empresa Equinor llevar adelante tareas de b\u00fasqueda de petr\u00f3leo en la Cuenca Argentina Norte, poniendo en riesgo la biodiversidad de una muy amplia franja mar\u00edtima de nuestro pa\u00eds. Diego Taboada, presidente del Instituto de Conservaci\u00f3n de Ballenas, cont\u00f3 en Cosas que [&hellip;]<\/p>\n","protected":false},"author":2,"featured_media":0,"comment_status":"open","ping_status":"open","sticky":false,"template":"","format":"standard","meta":{"tdm_status":"","tdm_grid_status":"","_jetpack_memberships_contains_paid_content":false,"footnotes":"","jetpack_publicize_message":"","jetpack_publicize_feature_enabled":true,"jetpack_social_post_already_shared":true,"jetpack_social_options":{"image_generator_settings":{"template":"highway","default_image_id":0,"font":"","enabled":false},"version":2}},"categories":[26],"tags":[],"class_list":{"0":"post-31209","1":"post","2":"type-post","3":"status-publish","4":"format-standard","6":"category-destacada"},"yoast_head":"<!-- This site is optimized with the Yoast SEO plugin v22.7 - https:\/\/yoast.com\/wordpress\/plugins\/seo\/ -->\n<title>Advierten por las exploraciones s\u00edsmicas sobre el mar del sur bonaerense, aprobadas por el ministro Cabandi\u00e9 - 103.9 fm<\/title>\n<meta name=\"robots\" content=\"index, follow, max-snippet:-1, max-image-preview:large, max-video-preview:-1\" \/>\n<link rel=\"canonical\" href=\"https:\/\/ondauno.com.ar\/index.php\/2021\/12\/31\/advierten-por-las-exploraciones-sismicas-sobre-el-mar-del-sur-bonaerense-aprobadas-por-el-ministro-cabandie\/\" \/>\n<meta property=\"og:locale\" content=\"es_ES\" \/>\n<meta property=\"og:type\" content=\"article\" \/>\n<meta property=\"og:title\" content=\"Advierten por las exploraciones s\u00edsmicas sobre el mar del sur bonaerense, aprobadas por el ministro Cabandi\u00e9 - 103.9 fm\" \/>\n<meta property=\"og:description\" content=\"Una reciente resoluci\u00f3n del ministro nacional de Medio Ambiente, Juan Cabandi\u00e9, permite a la empresa Equinor llevar adelante tareas de b\u00fasqueda de petr\u00f3leo en la Cuenca Argentina Norte, poniendo en riesgo la biodiversidad de una muy amplia franja mar\u00edtima de nuestro pa\u00eds. Diego Taboada, presidente del Instituto de Conservaci\u00f3n de Ballenas, cont\u00f3 en Cosas que [&hellip;]\" \/>\n<meta property=\"og:url\" content=\"https:\/\/ondauno.com.ar\/index.php\/2021\/12\/31\/advierten-por-las-exploraciones-sismicas-sobre-el-mar-del-sur-bonaerense-aprobadas-por-el-ministro-cabandie\/\" \/>\n<meta property=\"og:site_name\" content=\"103.9 fm\" \/>\n<meta property=\"article:publisher\" content=\"https:\/\/www.facebook.com\/ondauno103.9\" \/>\n<meta property=\"article:published_time\" content=\"2021-12-31T22:57:05+00:00\" \/>\n<meta property=\"article:modified_time\" content=\"2021-12-31T22:57:07+00:00\" \/>\n<meta property=\"og:image\" content=\"https:\/\/ondauno.com.ar\/wp-content\/uploads\/2021\/12\/exploracion-sismica.jpg\" \/>\n\t<meta property=\"og:image:width\" content=\"1440\" \/>\n\t<meta property=\"og:image:height\" content=\"778\" \/>\n\t<meta property=\"og:image:type\" content=\"image\/jpeg\" \/>\n<meta name=\"author\" content=\"fernando garcia\" \/>\n<meta name=\"twitter:card\" content=\"summary_large_image\" \/>\n<meta name=\"twitter:label1\" content=\"Escrito por\" \/>\n\t<meta name=\"twitter:data1\" content=\"fernando garcia\" \/>\n<script type=\"application\/ld+json\" class=\"yoast-schema-graph\">{\"@context\":\"https:\/\/schema.org\",\"@graph\":[{\"@type\":\"WebPage\",\"@id\":\"https:\/\/ondauno.com.ar\/index.php\/2021\/12\/31\/advierten-por-las-exploraciones-sismicas-sobre-el-mar-del-sur-bonaerense-aprobadas-por-el-ministro-cabandie\/\",\"url\":\"https:\/\/ondauno.com.ar\/index.php\/2021\/12\/31\/advierten-por-las-exploraciones-sismicas-sobre-el-mar-del-sur-bonaerense-aprobadas-por-el-ministro-cabandie\/\",\"name\":\"Advierten por las exploraciones s\u00edsmicas sobre el mar del sur bonaerense, aprobadas por el ministro Cabandi\u00e9 - 103.9 fm\",\"isPartOf\":{\"@id\":\"https:\/\/ondauno.com.ar\/#website\"},\"primaryImageOfPage\":{\"@id\":\"https:\/\/ondauno.com.ar\/index.php\/2021\/12\/31\/advierten-por-las-exploraciones-sismicas-sobre-el-mar-del-sur-bonaerense-aprobadas-por-el-ministro-cabandie\/#primaryimage\"},\"image\":{\"@id\":\"https:\/\/ondauno.com.ar\/index.php\/2021\/12\/31\/advierten-por-las-exploraciones-sismicas-sobre-el-mar-del-sur-bonaerense-aprobadas-por-el-ministro-cabandie\/#primaryimage\"},\"thumbnailUrl\":\"https:\/\/ondauno.com.ar\/wp-content\/uploads\/2021\/12\/Diego-Taboada.jpeg\",\"datePublished\":\"2021-12-31T22:57:05+00:00\",\"dateModified\":\"2021-12-31T22:57:07+00:00\",\"author\":{\"@id\":\"https:\/\/ondauno.com.ar\/#\/schema\/person\/201d1b68e6c75e0fd396fe5f8af5d139\"},\"breadcrumb\":{\"@id\":\"https:\/\/ondauno.com.ar\/index.php\/2021\/12\/31\/advierten-por-las-exploraciones-sismicas-sobre-el-mar-del-sur-bonaerense-aprobadas-por-el-ministro-cabandie\/#breadcrumb\"},\"inLanguage\":\"es-AR\",\"potentialAction\":[{\"@type\":\"ReadAction\",\"target\":[\"https:\/\/ondauno.com.ar\/index.php\/2021\/12\/31\/advierten-por-las-exploraciones-sismicas-sobre-el-mar-del-sur-bonaerense-aprobadas-por-el-ministro-cabandie\/\"]}]},{\"@type\":\"ImageObject\",\"inLanguage\":\"es-AR\",\"@id\":\"https:\/\/ondauno.com.ar\/index.php\/2021\/12\/31\/advierten-por-las-exploraciones-sismicas-sobre-el-mar-del-sur-bonaerense-aprobadas-por-el-ministro-cabandie\/#primaryimage\",\"url\":\"https:\/\/ondauno.com.ar\/wp-content\/uploads\/2021\/12\/Diego-Taboada.jpeg\",\"contentUrl\":\"https:\/\/ondauno.com.ar\/wp-content\/uploads\/2021\/12\/Diego-Taboada.jpeg\",\"width\":709,\"height\":853},{\"@type\":\"BreadcrumbList\",\"@id\":\"https:\/\/ondauno.com.ar\/index.php\/2021\/12\/31\/advierten-por-las-exploraciones-sismicas-sobre-el-mar-del-sur-bonaerense-aprobadas-por-el-ministro-cabandie\/#breadcrumb\",\"itemListElement\":[{\"@type\":\"ListItem\",\"position\":1,\"name\":\"Inicio\",\"item\":\"https:\/\/ondauno.com.ar\/\"},{\"@type\":\"ListItem\",\"position\":2,\"name\":\"Advierten por las exploraciones s\u00edsmicas sobre el mar del sur bonaerense, aprobadas por el ministro Cabandi\u00e9\"}]},{\"@type\":\"WebSite\",\"@id\":\"https:\/\/ondauno.com.ar\/#website\",\"url\":\"https:\/\/ondauno.com.ar\/\",\"name\":\"103.9 fm\",\"description\":\"LA PRIMERA RADIO MULTIMEDIA DE TRES ARROYOS\",\"potentialAction\":[{\"@type\":\"SearchAction\",\"target\":{\"@type\":\"EntryPoint\",\"urlTemplate\":\"https:\/\/ondauno.com.ar\/?s={search_term_string}\"},\"query-input\":\"required name=search_term_string\"}],\"inLanguage\":\"es-AR\"},{\"@type\":\"Person\",\"@id\":\"https:\/\/ondauno.com.ar\/#\/schema\/person\/201d1b68e6c75e0fd396fe5f8af5d139\",\"name\":\"fernando garcia\",\"image\":{\"@type\":\"ImageObject\",\"inLanguage\":\"es-AR\",\"@id\":\"https:\/\/ondauno.com.ar\/#\/schema\/person\/image\/\",\"url\":\"https:\/\/secure.gravatar.com\/avatar\/5f7254642ad81272e79a2e69653cfdfc?s=96&d=mm&r=g\",\"contentUrl\":\"https:\/\/secure.gravatar.com\/avatar\/5f7254642ad81272e79a2e69653cfdfc?s=96&d=mm&r=g\",\"caption\":\"fernando garcia\"},\"url\":\"https:\/\/ondauno.com.ar\/index.php\/author\/ondaunoeditor\/\"}]}<\/script>\n<!-- \/ Yoast SEO plugin. -->","yoast_head_json":{"title":"Advierten por las exploraciones s\u00edsmicas sobre el mar del sur bonaerense, aprobadas por el ministro Cabandi\u00e9 - 103.9 fm","robots":{"index":"index","follow":"follow","max-snippet":"max-snippet:-1","max-image-preview":"max-image-preview:large","max-video-preview":"max-video-preview:-1"},"canonical":"https:\/\/ondauno.com.ar\/index.php\/2021\/12\/31\/advierten-por-las-exploraciones-sismicas-sobre-el-mar-del-sur-bonaerense-aprobadas-por-el-ministro-cabandie\/","og_locale":"es_ES","og_type":"article","og_title":"Advierten por las exploraciones s\u00edsmicas sobre el mar del sur bonaerense, aprobadas por el ministro Cabandi\u00e9 - 103.9 fm","og_description":"Una reciente resoluci\u00f3n del ministro nacional de Medio Ambiente, Juan Cabandi\u00e9, permite a la empresa Equinor llevar adelante tareas de b\u00fasqueda de petr\u00f3leo en la Cuenca Argentina Norte, poniendo en riesgo la biodiversidad de una muy amplia franja mar\u00edtima de nuestro pa\u00eds. Diego Taboada, presidente del Instituto de Conservaci\u00f3n de Ballenas, cont\u00f3 en Cosas que [&hellip;]","og_url":"https:\/\/ondauno.com.ar\/index.php\/2021\/12\/31\/advierten-por-las-exploraciones-sismicas-sobre-el-mar-del-sur-bonaerense-aprobadas-por-el-ministro-cabandie\/","og_site_name":"103.9 fm","article_publisher":"https:\/\/www.facebook.com\/ondauno103.9","article_published_time":"2021-12-31T22:57:05+00:00","article_modified_time":"2021-12-31T22:57:07+00:00","og_image":[{"width":1440,"height":778,"url":"https:\/\/ondauno.com.ar\/wp-content\/uploads\/2021\/12\/exploracion-sismica.jpg","type":"image\/jpeg"}],"author":"fernando garcia","twitter_card":"summary_large_image","twitter_misc":{"Escrito por":"fernando garcia"},"schema":{"@context":"https:\/\/schema.org","@graph":[{"@type":"WebPage","@id":"https:\/\/ondauno.com.ar\/index.php\/2021\/12\/31\/advierten-por-las-exploraciones-sismicas-sobre-el-mar-del-sur-bonaerense-aprobadas-por-el-ministro-cabandie\/","url":"https:\/\/ondauno.com.ar\/index.php\/2021\/12\/31\/advierten-por-las-exploraciones-sismicas-sobre-el-mar-del-sur-bonaerense-aprobadas-por-el-ministro-cabandie\/","name":"Advierten por las exploraciones s\u00edsmicas sobre el mar del sur bonaerense, aprobadas por el ministro Cabandi\u00e9 - 103.9 fm","isPartOf":{"@id":"https:\/\/ondauno.com.ar\/#website"},"primaryImageOfPage":{"@id":"https:\/\/ondauno.com.ar\/index.php\/2021\/12\/31\/advierten-por-las-exploraciones-sismicas-sobre-el-mar-del-sur-bonaerense-aprobadas-por-el-ministro-cabandie\/#primaryimage"},"image":{"@id":"https:\/\/ondauno.com.ar\/index.php\/2021\/12\/31\/advierten-por-las-exploraciones-sismicas-sobre-el-mar-del-sur-bonaerense-aprobadas-por-el-ministro-cabandie\/#primaryimage"},"thumbnailUrl":"https:\/\/ondauno.com.ar\/wp-content\/uploads\/2021\/12\/Diego-Taboada.jpeg","datePublished":"2021-12-31T22:57:05+00:00","dateModified":"2021-12-31T22:57:07+00:00","author":{"@id":"https:\/\/ondauno.com.ar\/#\/schema\/person\/201d1b68e6c75e0fd396fe5f8af5d139"},"breadcrumb":{"@id":"https:\/\/ondauno.com.ar\/index.php\/2021\/12\/31\/advierten-por-las-exploraciones-sismicas-sobre-el-mar-del-sur-bonaerense-aprobadas-por-el-ministro-cabandie\/#breadcrumb"},"inLanguage":"es-AR","potentialAction":[{"@type":"ReadAction","target":["https:\/\/ondauno.com.ar\/index.php\/2021\/12\/31\/advierten-por-las-exploraciones-sismicas-sobre-el-mar-del-sur-bonaerense-aprobadas-por-el-ministro-cabandie\/"]}]},{"@type":"ImageObject","inLanguage":"es-AR","@id":"https:\/\/ondauno.com.ar\/index.php\/2021\/12\/31\/advierten-por-las-exploraciones-sismicas-sobre-el-mar-del-sur-bonaerense-aprobadas-por-el-ministro-cabandie\/#primaryimage","url":"https:\/\/ondauno.com.ar\/wp-content\/uploads\/2021\/12\/Diego-Taboada.jpeg","contentUrl":"https:\/\/ondauno.com.ar\/wp-content\/uploads\/2021\/12\/Diego-Taboada.jpeg","width":709,"height":853},{"@type":"BreadcrumbList","@id":"https:\/\/ondauno.com.ar\/index.php\/2021\/12\/31\/advierten-por-las-exploraciones-sismicas-sobre-el-mar-del-sur-bonaerense-aprobadas-por-el-ministro-cabandie\/#breadcrumb","itemListElement":[{"@type":"ListItem","position":1,"name":"Inicio","item":"https:\/\/ondauno.com.ar\/"},{"@type":"ListItem","position":2,"name":"Advierten por las exploraciones s\u00edsmicas sobre el mar del sur bonaerense, aprobadas por el ministro Cabandi\u00e9"}]},{"@type":"WebSite","@id":"https:\/\/ondauno.com.ar\/#website","url":"https:\/\/ondauno.com.ar\/","name":"103.9 fm","description":"LA PRIMERA RADIO MULTIMEDIA DE TRES ARROYOS","potentialAction":[{"@type":"SearchAction","target":{"@type":"EntryPoint","urlTemplate":"https:\/\/ondauno.com.ar\/?s={search_term_string}"},"query-input":"required name=search_term_string"}],"inLanguage":"es-AR"},{"@type":"Person","@id":"https:\/\/ondauno.com.ar\/#\/schema\/person\/201d1b68e6c75e0fd396fe5f8af5d139","name":"fernando garcia","image":{"@type":"ImageObject","inLanguage":"es-AR","@id":"https:\/\/ondauno.com.ar\/#\/schema\/person\/image\/","url":"https:\/\/secure.gravatar.com\/avatar\/5f7254642ad81272e79a2e69653cfdfc?s=96&d=mm&r=g","contentUrl":"https:\/\/secure.gravatar.com\/avatar\/5f7254642ad81272e79a2e69653cfdfc?s=96&d=mm&r=g","caption":"fernando garcia"},"url":"https:\/\/ondauno.com.ar\/index.php\/author\/ondaunoeditor\/"}]}},"jetpack_publicize_connections":[],"jetpack_featured_media_url":"","jetpack_sharing_enabled":true,"_links":{"self":[{"href":"https:\/\/ondauno.com.ar\/index.php\/wp-json\/wp\/v2\/posts\/31209","targetHints":{"allow":["GET"]}}],"collection":[{"href":"https:\/\/ondauno.com.ar\/index.php\/wp-json\/wp\/v2\/posts"}],"about":[{"href":"https:\/\/ondauno.com.ar\/index.php\/wp-json\/wp\/v2\/types\/post"}],"author":[{"embeddable":true,"href":"https:\/\/ondauno.com.ar\/index.php\/wp-json\/wp\/v2\/users\/2"}],"replies":[{"embeddable":true,"href":"https:\/\/ondauno.com.ar\/index.php\/wp-json\/wp\/v2\/comments?post=31209"}],"version-history":[{"count":0,"href":"https:\/\/ondauno.com.ar\/index.php\/wp-json\/wp\/v2\/posts\/31209\/revisions"}],"wp:attachment":[{"href":"https:\/\/ondauno.com.ar\/index.php\/wp-json\/wp\/v2\/media?parent=31209"}],"wp:term":[{"taxonomy":"category","embeddable":true,"href":"https:\/\/ondauno.com.ar\/index.php\/wp-json\/wp\/v2\/categories?post=31209"},{"taxonomy":"post_tag","embeddable":true,"href":"https:\/\/ondauno.com.ar\/index.php\/wp-json\/wp\/v2\/tags?post=31209"}],"curies":[{"name":"wp","href":"https:\/\/api.w.org\/{rel}","templated":true}]}}