{"id":31123,"date":"2021-12-28T13:31:18","date_gmt":"2021-12-28T16:31:18","guid":{"rendered":"http:\/\/ondauno.com.ar\/?p=31123"},"modified":"2021-12-28T21:23:20","modified_gmt":"2021-12-29T00:23:20","slug":"coronavirus-la-comision-de-reyes-adapta-la-caravana-para-evitar-una-presencia-masiva","status":"publish","type":"post","link":"https:\/\/ondauno.com.ar\/index.php\/2021\/12\/28\/coronavirus-la-comision-de-reyes-adapta-la-caravana-para-evitar-una-presencia-masiva\/","title":{"rendered":"Coronavirus: la comisi\u00f3n de Reyes adapta la caravana para evitar una presencia masiva"},"content":{"rendered":"<div class=\"ondau-before-content_3\" style=\"margin-top: -30px;\" id=\"ondau-950002994\"><a href=\"https:\/\/www.lps.com.ar\/\" aria-label=\"la-perse2\"><img loading=\"lazy\" decoding=\"async\" src=\"https:\/\/ondauno.com.ar\/wp-content\/uploads\/2021\/10\/la-perse2.jpg\" alt=\"\"  srcset=\"https:\/\/ondauno.com.ar\/wp-content\/uploads\/2021\/10\/la-perse2.jpg 1353w, https:\/\/ondauno.com.ar\/wp-content\/uploads\/2021\/10\/la-perse2-300x43.jpg 300w, https:\/\/ondauno.com.ar\/wp-content\/uploads\/2021\/10\/la-perse2-1024x148.jpg 1024w, https:\/\/ondauno.com.ar\/wp-content\/uploads\/2021\/10\/la-perse2-768x111.jpg 768w, https:\/\/ondauno.com.ar\/wp-content\/uploads\/2021\/10\/la-perse2-696x100.jpg 696w, https:\/\/ondauno.com.ar\/wp-content\/uploads\/2021\/10\/la-perse2-1068x154.jpg 1068w\" sizes=\"(max-width: 1353px) 100vw, 1353px\" class=\"no-lazyload\" width=\"1353\" height=\"195\"  style=\"display: inline-block;\" \/><\/a><\/div>\n<p><\/p>\n\n\n\n<p>Ante el recrudecimiento de casos de coronavirus,  integrantes de la comisi\u00f3n de Reyes confiaron a Cosas que pasan que tal como lo hicieron en la edici\u00f3n anterior, implementar\u00e1n un recorrido por los barrios para evitar la tradicional reuni\u00f3n masiva de personas alrededor de la Plaza San Mart\u00edn.<\/p>\n\n\n\n<p>En tanto el arribo a la iglesia Nuestra Se\u00f1ora del Carmen se har\u00e1 sin presencia de p\u00fablico, y la distribuci\u00f3n de juguetes se har\u00eda a trav\u00e9s de instituciones.<\/p>\n\n\n\n<p>La decisi\u00f3n se habr\u00eda tomado en una reuni\u00f3n encabezada por el p\u00e1rroco Roberto Buckle, quien habr\u00eda propuesto aplicar las medidas que fueron luego acompa\u00f1ada por el resto de los colaboradores.<\/p>\n","protected":false},"excerpt":{"rendered":"<p>Ante el recrudecimiento de casos de coronavirus, integrantes de la comisi\u00f3n de Reyes confiaron a Cosas que pasan que tal como lo hicieron en la edici\u00f3n anterior, implementar\u00e1n un recorrido por los barrios para evitar la tradicional reuni\u00f3n masiva de personas alrededor de la Plaza San Mart\u00edn. En tanto el arribo a la iglesia Nuestra [&hellip;]<\/p>\n","protected":false},"author":2,"featured_media":0,"comment_status":"open","ping_status":"open","sticky":false,"template":"","format":"standard","meta":{"tdm_status":"","tdm_grid_status":"","_jetpack_memberships_contains_paid_content":false,"footnotes":"","jetpack_publicize_message":"","jetpack_publicize_feature_enabled":true,"jetpack_social_post_already_shared":true,"jetpack_social_options":{"image_generator_settings":{"template":"highway","default_image_id":0,"font":"","enabled":false},"version":2}},"categories":[2],"tags":[],"class_list":{"0":"post-31123","1":"post","2":"type-post","3":"status-publish","4":"format-standard","6":"category-locales"},"yoast_head":"<!-- This site is optimized with the Yoast SEO plugin v22.7 - https:\/\/yoast.com\/wordpress\/plugins\/seo\/ -->\n<title>Coronavirus: la comisi\u00f3n de Reyes adapta la caravana para evitar una presencia masiva - 103.9 fm<\/title>\n<meta name=\"robots\" content=\"index, follow, max-snippet:-1, max-image-preview:large, max-video-preview:-1\" \/>\n<link rel=\"canonical\" href=\"https:\/\/ondauno.com.ar\/index.php\/2021\/12\/28\/coronavirus-la-comision-de-reyes-adapta-la-caravana-para-evitar-una-presencia-masiva\/\" \/>\n<meta property=\"og:locale\" content=\"es_ES\" \/>\n<meta property=\"og:type\" content=\"article\" \/>\n<meta property=\"og:title\" content=\"Coronavirus: la comisi\u00f3n de Reyes adapta la caravana para evitar una presencia masiva - 103.9 fm\" \/>\n<meta property=\"og:description\" content=\"Ante el recrudecimiento de casos de coronavirus, integrantes de la comisi\u00f3n de Reyes confiaron a Cosas que pasan que tal como lo hicieron en la edici\u00f3n anterior, implementar\u00e1n un recorrido por los barrios para evitar la tradicional reuni\u00f3n masiva de personas alrededor de la Plaza San Mart\u00edn. En tanto el arribo a la iglesia Nuestra [&hellip;]\" \/>\n<meta property=\"og:url\" content=\"https:\/\/ondauno.com.ar\/index.php\/2021\/12\/28\/coronavirus-la-comision-de-reyes-adapta-la-caravana-para-evitar-una-presencia-masiva\/\" \/>\n<meta property=\"og:site_name\" content=\"103.9 fm\" \/>\n<meta property=\"article:publisher\" content=\"https:\/\/www.facebook.com\/ondauno103.9\" \/>\n<meta property=\"article:published_time\" content=\"2021-12-28T16:31:18+00:00\" \/>\n<meta property=\"article:modified_time\" content=\"2021-12-29T00:23:20+00:00\" \/>\n<meta property=\"og:image\" content=\"https:\/\/ondauno.com.ar\/wp-content\/uploads\/2021\/12\/comision-de-reyes-magos.jpg\" \/>\n\t<meta property=\"og:image:width\" content=\"1280\" \/>\n\t<meta property=\"og:image:height\" content=\"720\" \/>\n\t<meta property=\"og:image:type\" content=\"image\/jpeg\" \/>\n<meta name=\"author\" content=\"fernando garcia\" \/>\n<meta name=\"twitter:card\" content=\"summary_large_image\" \/>\n<meta name=\"twitter:label1\" content=\"Escrito por\" \/>\n\t<meta name=\"twitter:data1\" content=\"fernando garcia\" \/>\n\t<meta name=\"twitter:label2\" content=\"Tiempo de lectura\" \/>\n\t<meta name=\"twitter:data2\" content=\"1 minuto\" \/>\n<script type=\"application\/ld+json\" class=\"yoast-schema-graph\">{\"@context\":\"https:\/\/schema.org\",\"@graph\":[{\"@type\":\"WebPage\",\"@id\":\"https:\/\/ondauno.com.ar\/index.php\/2021\/12\/28\/coronavirus-la-comision-de-reyes-adapta-la-caravana-para-evitar-una-presencia-masiva\/\",\"url\":\"https:\/\/ondauno.com.ar\/index.php\/2021\/12\/28\/coronavirus-la-comision-de-reyes-adapta-la-caravana-para-evitar-una-presencia-masiva\/\",\"name\":\"Coronavirus: la comisi\u00f3n de Reyes adapta la caravana para evitar una presencia masiva - 103.9 fm\",\"isPartOf\":{\"@id\":\"https:\/\/ondauno.com.ar\/#website\"},\"datePublished\":\"2021-12-28T16:31:18+00:00\",\"dateModified\":\"2021-12-29T00:23:20+00:00\",\"author\":{\"@id\":\"https:\/\/ondauno.com.ar\/#\/schema\/person\/201d1b68e6c75e0fd396fe5f8af5d139\"},\"breadcrumb\":{\"@id\":\"https:\/\/ondauno.com.ar\/index.php\/2021\/12\/28\/coronavirus-la-comision-de-reyes-adapta-la-caravana-para-evitar-una-presencia-masiva\/#breadcrumb\"},\"inLanguage\":\"es-AR\",\"potentialAction\":[{\"@type\":\"ReadAction\",\"target\":[\"https:\/\/ondauno.com.ar\/index.php\/2021\/12\/28\/coronavirus-la-comision-de-reyes-adapta-la-caravana-para-evitar-una-presencia-masiva\/\"]}]},{\"@type\":\"BreadcrumbList\",\"@id\":\"https:\/\/ondauno.com.ar\/index.php\/2021\/12\/28\/coronavirus-la-comision-de-reyes-adapta-la-caravana-para-evitar-una-presencia-masiva\/#breadcrumb\",\"itemListElement\":[{\"@type\":\"ListItem\",\"position\":1,\"name\":\"Inicio\",\"item\":\"https:\/\/ondauno.com.ar\/\"},{\"@type\":\"ListItem\",\"position\":2,\"name\":\"Coronavirus: la comisi\u00f3n de Reyes adapta la caravana para evitar una presencia masiva\"}]},{\"@type\":\"WebSite\",\"@id\":\"https:\/\/ondauno.com.ar\/#website\",\"url\":\"https:\/\/ondauno.com.ar\/\",\"name\":\"103.9 fm\",\"description\":\"LA PRIMERA RADIO MULTIMEDIA DE TRES ARROYOS\",\"potentialAction\":[{\"@type\":\"SearchAction\",\"target\":{\"@type\":\"EntryPoint\",\"urlTemplate\":\"https:\/\/ondauno.com.ar\/?s={search_term_string}\"},\"query-input\":\"required name=search_term_string\"}],\"inLanguage\":\"es-AR\"},{\"@type\":\"Person\",\"@id\":\"https:\/\/ondauno.com.ar\/#\/schema\/person\/201d1b68e6c75e0fd396fe5f8af5d139\",\"name\":\"fernando garcia\",\"image\":{\"@type\":\"ImageObject\",\"inLanguage\":\"es-AR\",\"@id\":\"https:\/\/ondauno.com.ar\/#\/schema\/person\/image\/\",\"url\":\"https:\/\/secure.gravatar.com\/avatar\/5f7254642ad81272e79a2e69653cfdfc?s=96&d=mm&r=g\",\"contentUrl\":\"https:\/\/secure.gravatar.com\/avatar\/5f7254642ad81272e79a2e69653cfdfc?s=96&d=mm&r=g\",\"caption\":\"fernando garcia\"},\"url\":\"https:\/\/ondauno.com.ar\/index.php\/author\/ondaunoeditor\/\"}]}<\/script>\n<!-- \/ Yoast SEO plugin. -->","yoast_head_json":{"title":"Coronavirus: la comisi\u00f3n de Reyes adapta la caravana para evitar una presencia masiva - 103.9 fm","robots":{"index":"index","follow":"follow","max-snippet":"max-snippet:-1","max-image-preview":"max-image-preview:large","max-video-preview":"max-video-preview:-1"},"canonical":"https:\/\/ondauno.com.ar\/index.php\/2021\/12\/28\/coronavirus-la-comision-de-reyes-adapta-la-caravana-para-evitar-una-presencia-masiva\/","og_locale":"es_ES","og_type":"article","og_title":"Coronavirus: la comisi\u00f3n de Reyes adapta la caravana para evitar una presencia masiva - 103.9 fm","og_description":"Ante el recrudecimiento de casos de coronavirus, integrantes de la comisi\u00f3n de Reyes confiaron a Cosas que pasan que tal como lo hicieron en la edici\u00f3n anterior, implementar\u00e1n un recorrido por los barrios para evitar la tradicional reuni\u00f3n masiva de personas alrededor de la Plaza San Mart\u00edn. En tanto el arribo a la iglesia Nuestra [&hellip;]","og_url":"https:\/\/ondauno.com.ar\/index.php\/2021\/12\/28\/coronavirus-la-comision-de-reyes-adapta-la-caravana-para-evitar-una-presencia-masiva\/","og_site_name":"103.9 fm","article_publisher":"https:\/\/www.facebook.com\/ondauno103.9","article_published_time":"2021-12-28T16:31:18+00:00","article_modified_time":"2021-12-29T00:23:20+00:00","og_image":[{"width":1280,"height":720,"url":"https:\/\/ondauno.com.ar\/wp-content\/uploads\/2021\/12\/comision-de-reyes-magos.jpg","type":"image\/jpeg"}],"author":"fernando garcia","twitter_card":"summary_large_image","twitter_misc":{"Escrito por":"fernando garcia","Tiempo de lectura":"1 minuto"},"schema":{"@context":"https:\/\/schema.org","@graph":[{"@type":"WebPage","@id":"https:\/\/ondauno.com.ar\/index.php\/2021\/12\/28\/coronavirus-la-comision-de-reyes-adapta-la-caravana-para-evitar-una-presencia-masiva\/","url":"https:\/\/ondauno.com.ar\/index.php\/2021\/12\/28\/coronavirus-la-comision-de-reyes-adapta-la-caravana-para-evitar-una-presencia-masiva\/","name":"Coronavirus: la comisi\u00f3n de Reyes adapta la caravana para evitar una presencia masiva - 103.9 fm","isPartOf":{"@id":"https:\/\/ondauno.com.ar\/#website"},"datePublished":"2021-12-28T16:31:18+00:00","dateModified":"2021-12-29T00:23:20+00:00","author":{"@id":"https:\/\/ondauno.com.ar\/#\/schema\/person\/201d1b68e6c75e0fd396fe5f8af5d139"},"breadcrumb":{"@id":"https:\/\/ondauno.com.ar\/index.php\/2021\/12\/28\/coronavirus-la-comision-de-reyes-adapta-la-caravana-para-evitar-una-presencia-masiva\/#breadcrumb"},"inLanguage":"es-AR","potentialAction":[{"@type":"ReadAction","target":["https:\/\/ondauno.com.ar\/index.php\/2021\/12\/28\/coronavirus-la-comision-de-reyes-adapta-la-caravana-para-evitar-una-presencia-masiva\/"]}]},{"@type":"BreadcrumbList","@id":"https:\/\/ondauno.com.ar\/index.php\/2021\/12\/28\/coronavirus-la-comision-de-reyes-adapta-la-caravana-para-evitar-una-presencia-masiva\/#breadcrumb","itemListElement":[{"@type":"ListItem","position":1,"name":"Inicio","item":"https:\/\/ondauno.com.ar\/"},{"@type":"ListItem","position":2,"name":"Coronavirus: la comisi\u00f3n de Reyes adapta la caravana para evitar una presencia masiva"}]},{"@type":"WebSite","@id":"https:\/\/ondauno.com.ar\/#website","url":"https:\/\/ondauno.com.ar\/","name":"103.9 fm","description":"LA PRIMERA RADIO MULTIMEDIA DE TRES ARROYOS","potentialAction":[{"@type":"SearchAction","target":{"@type":"EntryPoint","urlTemplate":"https:\/\/ondauno.com.ar\/?s={search_term_string}"},"query-input":"required name=search_term_string"}],"inLanguage":"es-AR"},{"@type":"Person","@id":"https:\/\/ondauno.com.ar\/#\/schema\/person\/201d1b68e6c75e0fd396fe5f8af5d139","name":"fernando garcia","image":{"@type":"ImageObject","inLanguage":"es-AR","@id":"https:\/\/ondauno.com.ar\/#\/schema\/person\/image\/","url":"https:\/\/secure.gravatar.com\/avatar\/5f7254642ad81272e79a2e69653cfdfc?s=96&d=mm&r=g","contentUrl":"https:\/\/secure.gravatar.com\/avatar\/5f7254642ad81272e79a2e69653cfdfc?s=96&d=mm&r=g","caption":"fernando garcia"},"url":"https:\/\/ondauno.com.ar\/index.php\/author\/ondaunoeditor\/"}]}},"jetpack_publicize_connections":[],"jetpack_featured_media_url":"","jetpack_sharing_enabled":true,"_links":{"self":[{"href":"https:\/\/ondauno.com.ar\/index.php\/wp-json\/wp\/v2\/posts\/31123","targetHints":{"allow":["GET"]}}],"collection":[{"href":"https:\/\/ondauno.com.ar\/index.php\/wp-json\/wp\/v2\/posts"}],"about":[{"href":"https:\/\/ondauno.com.ar\/index.php\/wp-json\/wp\/v2\/types\/post"}],"author":[{"embeddable":true,"href":"https:\/\/ondauno.com.ar\/index.php\/wp-json\/wp\/v2\/users\/2"}],"replies":[{"embeddable":true,"href":"https:\/\/ondauno.com.ar\/index.php\/wp-json\/wp\/v2\/comments?post=31123"}],"version-history":[{"count":0,"href":"https:\/\/ondauno.com.ar\/index.php\/wp-json\/wp\/v2\/posts\/31123\/revisions"}],"wp:attachment":[{"href":"https:\/\/ondauno.com.ar\/index.php\/wp-json\/wp\/v2\/media?parent=31123"}],"wp:term":[{"taxonomy":"category","embeddable":true,"href":"https:\/\/ondauno.com.ar\/index.php\/wp-json\/wp\/v2\/categories?post=31123"},{"taxonomy":"post_tag","embeddable":true,"href":"https:\/\/ondauno.com.ar\/index.php\/wp-json\/wp\/v2\/tags?post=31123"}],"curies":[{"name":"wp","href":"https:\/\/api.w.org\/{rel}","templated":true}]}}