{"id":30059,"date":"2021-11-04T10:30:30","date_gmt":"2021-11-04T13:30:30","guid":{"rendered":"http:\/\/ondauno.com.ar\/?p=30059"},"modified":"2021-11-04T10:30:33","modified_gmt":"2021-11-04T13:30:33","slug":"esta-en-plena-organizacion-una-gran-cena-baile-por-parte-del-centro-de-jubilados-y-pensionados-de-tres-arroyos","status":"publish","type":"post","link":"https:\/\/ondauno.com.ar\/index.php\/2021\/11\/04\/esta-en-plena-organizacion-una-gran-cena-baile-por-parte-del-centro-de-jubilados-y-pensionados-de-tres-arroyos\/","title":{"rendered":"Est\u00e1 en plena organizaci\u00f3n una gran cena baile por parte del Centro de Jubilados y Pensionados de Tres Arroyos."},"content":{"rendered":"<div class=\"ondau-before-content_3\" style=\"margin-top: -30px;\" id=\"ondau-2606717019\"><a href=\"https:\/\/www.lps.com.ar\/\" aria-label=\"la-perse2\"><img loading=\"lazy\" decoding=\"async\" src=\"https:\/\/ondauno.com.ar\/wp-content\/uploads\/2021\/10\/la-perse2.jpg\" alt=\"\"  srcset=\"https:\/\/ondauno.com.ar\/wp-content\/uploads\/2021\/10\/la-perse2.jpg 1353w, https:\/\/ondauno.com.ar\/wp-content\/uploads\/2021\/10\/la-perse2-300x43.jpg 300w, https:\/\/ondauno.com.ar\/wp-content\/uploads\/2021\/10\/la-perse2-1024x148.jpg 1024w, https:\/\/ondauno.com.ar\/wp-content\/uploads\/2021\/10\/la-perse2-768x111.jpg 768w, https:\/\/ondauno.com.ar\/wp-content\/uploads\/2021\/10\/la-perse2-696x100.jpg 696w, https:\/\/ondauno.com.ar\/wp-content\/uploads\/2021\/10\/la-perse2-1068x154.jpg 1068w\" sizes=\"(max-width: 1353px) 100vw, 1353px\" class=\"no-lazyload\" width=\"1353\" height=\"195\"  style=\"display: inline-block;\" \/><\/a><\/div>\n<p>La misma tendr\u00e1 lugar el 27\ndel corriente desde las 21,30 en la sede de Pedro N. Carrera 355,\nconstituy\u00e9ndose en la primera realizaci\u00f3n de la entidad luego del receso\nforzado por la pandemia.<\/p>\n\n\n\n<p>Las tarjetas se encuentran ya\na la venta con un valor de 1700 pesos.<\/p>\n\n\n\n<p>Se inform\u00f3 que se contar\u00e1 con\nla actuaci\u00f3n de Los 4 amantes, pero adem\u00e1s habr\u00e1 sorteos varios y un show\nsorpresa.<\/p>\n\n\n\n<p>En la cena se servir\u00e1 pollo arrollado\ncon ensalada rusa; chorizos y asados con ensaladas varias y postre helado,\nadem\u00e1s de la bebida, es decir vino y gaseosas.<\/p>\n\n\n\n<p>Las autoridades del Centro han\nrecomendado que los interesados reserven sus entradas con antelaci\u00f3n a los\nefectos de una mejor organizaci\u00f3n.<\/p>\n\n\n\n<p>La compra o mayores detalles se atienden por la secretar\u00eda\nde la instituci\u00f3n en horario matutino. <\/p>\n","protected":false},"excerpt":{"rendered":"<p>La misma tendr\u00e1 lugar el 27 del corriente desde las 21,30 en la sede de Pedro N. Carrera 355, constituy\u00e9ndose en la primera realizaci\u00f3n de la entidad luego del receso forzado por la pandemia. Las tarjetas se encuentran ya a la venta con un valor de 1700 pesos. Se inform\u00f3 que se contar\u00e1 con la [&hellip;]<\/p>\n","protected":false},"author":2,"featured_media":23943,"comment_status":"open","ping_status":"open","sticky":false,"template":"","format":"standard","meta":{"tdm_status":"","tdm_grid_status":"","_jetpack_memberships_contains_paid_content":false,"footnotes":"","jetpack_publicize_message":"","jetpack_publicize_feature_enabled":true,"jetpack_social_post_already_shared":true,"jetpack_social_options":{"image_generator_settings":{"template":"highway","default_image_id":0,"font":"","enabled":false},"version":2}},"categories":[2],"tags":[],"class_list":{"0":"post-30059","1":"post","2":"type-post","3":"status-publish","4":"format-standard","5":"has-post-thumbnail","7":"category-locales"},"yoast_head":"<!-- This site is optimized with the Yoast SEO plugin v22.7 - https:\/\/yoast.com\/wordpress\/plugins\/seo\/ -->\n<title>Est\u00e1 en plena organizaci\u00f3n una gran cena baile por parte del Centro de Jubilados y Pensionados de Tres Arroyos. - 103.9 fm<\/title>\n<meta name=\"robots\" content=\"index, follow, max-snippet:-1, max-image-preview:large, max-video-preview:-1\" \/>\n<link rel=\"canonical\" href=\"https:\/\/ondauno.com.ar\/index.php\/2021\/11\/04\/esta-en-plena-organizacion-una-gran-cena-baile-por-parte-del-centro-de-jubilados-y-pensionados-de-tres-arroyos\/\" \/>\n<meta property=\"og:locale\" content=\"es_ES\" \/>\n<meta property=\"og:type\" content=\"article\" \/>\n<meta property=\"og:title\" content=\"Est\u00e1 en plena organizaci\u00f3n una gran cena baile por parte del Centro de Jubilados y Pensionados de Tres Arroyos. - 103.9 fm\" \/>\n<meta property=\"og:description\" content=\"La misma tendr\u00e1 lugar el 27 del corriente desde las 21,30 en la sede de Pedro N. Carrera 355, constituy\u00e9ndose en la primera realizaci\u00f3n de la entidad luego del receso forzado por la pandemia. Las tarjetas se encuentran ya a la venta con un valor de 1700 pesos. Se inform\u00f3 que se contar\u00e1 con la [&hellip;]\" \/>\n<meta property=\"og:url\" content=\"https:\/\/ondauno.com.ar\/index.php\/2021\/11\/04\/esta-en-plena-organizacion-una-gran-cena-baile-por-parte-del-centro-de-jubilados-y-pensionados-de-tres-arroyos\/\" \/>\n<meta property=\"og:site_name\" content=\"103.9 fm\" \/>\n<meta property=\"article:publisher\" content=\"https:\/\/www.facebook.com\/ondauno103.9\" \/>\n<meta property=\"article:published_time\" content=\"2021-11-04T13:30:30+00:00\" \/>\n<meta property=\"article:modified_time\" content=\"2021-11-04T13:30:33+00:00\" \/>\n<meta property=\"og:image\" content=\"https:\/\/ondauno.com.ar\/wp-content\/uploads\/2021\/03\/centro-jubilados.jpg\" \/>\n\t<meta property=\"og:image:width\" content=\"763\" \/>\n\t<meta property=\"og:image:height\" content=\"457\" \/>\n\t<meta property=\"og:image:type\" content=\"image\/jpeg\" \/>\n<meta name=\"author\" content=\"fernando garcia\" \/>\n<meta name=\"twitter:card\" content=\"summary_large_image\" \/>\n<meta name=\"twitter:label1\" content=\"Escrito por\" \/>\n\t<meta name=\"twitter:data1\" content=\"fernando garcia\" \/>\n\t<meta name=\"twitter:label2\" content=\"Tiempo de lectura\" \/>\n\t<meta name=\"twitter:data2\" content=\"1 minuto\" \/>\n<script type=\"application\/ld+json\" class=\"yoast-schema-graph\">{\"@context\":\"https:\/\/schema.org\",\"@graph\":[{\"@type\":\"WebPage\",\"@id\":\"https:\/\/ondauno.com.ar\/index.php\/2021\/11\/04\/esta-en-plena-organizacion-una-gran-cena-baile-por-parte-del-centro-de-jubilados-y-pensionados-de-tres-arroyos\/\",\"url\":\"https:\/\/ondauno.com.ar\/index.php\/2021\/11\/04\/esta-en-plena-organizacion-una-gran-cena-baile-por-parte-del-centro-de-jubilados-y-pensionados-de-tres-arroyos\/\",\"name\":\"Est\u00e1 en plena organizaci\u00f3n una gran cena baile por parte del Centro de Jubilados y Pensionados de Tres Arroyos. - 103.9 fm\",\"isPartOf\":{\"@id\":\"https:\/\/ondauno.com.ar\/#website\"},\"primaryImageOfPage\":{\"@id\":\"https:\/\/ondauno.com.ar\/index.php\/2021\/11\/04\/esta-en-plena-organizacion-una-gran-cena-baile-por-parte-del-centro-de-jubilados-y-pensionados-de-tres-arroyos\/#primaryimage\"},\"image\":{\"@id\":\"https:\/\/ondauno.com.ar\/index.php\/2021\/11\/04\/esta-en-plena-organizacion-una-gran-cena-baile-por-parte-del-centro-de-jubilados-y-pensionados-de-tres-arroyos\/#primaryimage\"},\"thumbnailUrl\":\"https:\/\/ondauno.com.ar\/wp-content\/uploads\/2021\/03\/centro-jubilados.jpg\",\"datePublished\":\"2021-11-04T13:30:30+00:00\",\"dateModified\":\"2021-11-04T13:30:33+00:00\",\"author\":{\"@id\":\"https:\/\/ondauno.com.ar\/#\/schema\/person\/201d1b68e6c75e0fd396fe5f8af5d139\"},\"breadcrumb\":{\"@id\":\"https:\/\/ondauno.com.ar\/index.php\/2021\/11\/04\/esta-en-plena-organizacion-una-gran-cena-baile-por-parte-del-centro-de-jubilados-y-pensionados-de-tres-arroyos\/#breadcrumb\"},\"inLanguage\":\"es-AR\",\"potentialAction\":[{\"@type\":\"ReadAction\",\"target\":[\"https:\/\/ondauno.com.ar\/index.php\/2021\/11\/04\/esta-en-plena-organizacion-una-gran-cena-baile-por-parte-del-centro-de-jubilados-y-pensionados-de-tres-arroyos\/\"]}]},{\"@type\":\"ImageObject\",\"inLanguage\":\"es-AR\",\"@id\":\"https:\/\/ondauno.com.ar\/index.php\/2021\/11\/04\/esta-en-plena-organizacion-una-gran-cena-baile-por-parte-del-centro-de-jubilados-y-pensionados-de-tres-arroyos\/#primaryimage\",\"url\":\"https:\/\/ondauno.com.ar\/wp-content\/uploads\/2021\/03\/centro-jubilados.jpg\",\"contentUrl\":\"https:\/\/ondauno.com.ar\/wp-content\/uploads\/2021\/03\/centro-jubilados.jpg\",\"width\":763,\"height\":457},{\"@type\":\"BreadcrumbList\",\"@id\":\"https:\/\/ondauno.com.ar\/index.php\/2021\/11\/04\/esta-en-plena-organizacion-una-gran-cena-baile-por-parte-del-centro-de-jubilados-y-pensionados-de-tres-arroyos\/#breadcrumb\",\"itemListElement\":[{\"@type\":\"ListItem\",\"position\":1,\"name\":\"Inicio\",\"item\":\"https:\/\/ondauno.com.ar\/\"},{\"@type\":\"ListItem\",\"position\":2,\"name\":\"Est\u00e1 en plena organizaci\u00f3n una gran cena baile por parte del Centro de Jubilados y Pensionados de Tres Arroyos.\"}]},{\"@type\":\"WebSite\",\"@id\":\"https:\/\/ondauno.com.ar\/#website\",\"url\":\"https:\/\/ondauno.com.ar\/\",\"name\":\"103.9 fm\",\"description\":\"LA PRIMERA RADIO MULTIMEDIA DE TRES ARROYOS\",\"potentialAction\":[{\"@type\":\"SearchAction\",\"target\":{\"@type\":\"EntryPoint\",\"urlTemplate\":\"https:\/\/ondauno.com.ar\/?s={search_term_string}\"},\"query-input\":\"required name=search_term_string\"}],\"inLanguage\":\"es-AR\"},{\"@type\":\"Person\",\"@id\":\"https:\/\/ondauno.com.ar\/#\/schema\/person\/201d1b68e6c75e0fd396fe5f8af5d139\",\"name\":\"fernando garcia\",\"image\":{\"@type\":\"ImageObject\",\"inLanguage\":\"es-AR\",\"@id\":\"https:\/\/ondauno.com.ar\/#\/schema\/person\/image\/\",\"url\":\"https:\/\/secure.gravatar.com\/avatar\/5f7254642ad81272e79a2e69653cfdfc?s=96&d=mm&r=g\",\"contentUrl\":\"https:\/\/secure.gravatar.com\/avatar\/5f7254642ad81272e79a2e69653cfdfc?s=96&d=mm&r=g\",\"caption\":\"fernando garcia\"},\"url\":\"https:\/\/ondauno.com.ar\/index.php\/author\/ondaunoeditor\/\"}]}<\/script>\n<!-- \/ Yoast SEO plugin. -->","yoast_head_json":{"title":"Est\u00e1 en plena organizaci\u00f3n una gran cena baile por parte del Centro de Jubilados y Pensionados de Tres Arroyos. - 103.9 fm","robots":{"index":"index","follow":"follow","max-snippet":"max-snippet:-1","max-image-preview":"max-image-preview:large","max-video-preview":"max-video-preview:-1"},"canonical":"https:\/\/ondauno.com.ar\/index.php\/2021\/11\/04\/esta-en-plena-organizacion-una-gran-cena-baile-por-parte-del-centro-de-jubilados-y-pensionados-de-tres-arroyos\/","og_locale":"es_ES","og_type":"article","og_title":"Est\u00e1 en plena organizaci\u00f3n una gran cena baile por parte del Centro de Jubilados y Pensionados de Tres Arroyos. - 103.9 fm","og_description":"La misma tendr\u00e1 lugar el 27 del corriente desde las 21,30 en la sede de Pedro N. Carrera 355, constituy\u00e9ndose en la primera realizaci\u00f3n de la entidad luego del receso forzado por la pandemia. Las tarjetas se encuentran ya a la venta con un valor de 1700 pesos. Se inform\u00f3 que se contar\u00e1 con la [&hellip;]","og_url":"https:\/\/ondauno.com.ar\/index.php\/2021\/11\/04\/esta-en-plena-organizacion-una-gran-cena-baile-por-parte-del-centro-de-jubilados-y-pensionados-de-tres-arroyos\/","og_site_name":"103.9 fm","article_publisher":"https:\/\/www.facebook.com\/ondauno103.9","article_published_time":"2021-11-04T13:30:30+00:00","article_modified_time":"2021-11-04T13:30:33+00:00","og_image":[{"width":763,"height":457,"url":"https:\/\/ondauno.com.ar\/wp-content\/uploads\/2021\/03\/centro-jubilados.jpg","type":"image\/jpeg"}],"author":"fernando garcia","twitter_card":"summary_large_image","twitter_misc":{"Escrito por":"fernando garcia","Tiempo de lectura":"1 minuto"},"schema":{"@context":"https:\/\/schema.org","@graph":[{"@type":"WebPage","@id":"https:\/\/ondauno.com.ar\/index.php\/2021\/11\/04\/esta-en-plena-organizacion-una-gran-cena-baile-por-parte-del-centro-de-jubilados-y-pensionados-de-tres-arroyos\/","url":"https:\/\/ondauno.com.ar\/index.php\/2021\/11\/04\/esta-en-plena-organizacion-una-gran-cena-baile-por-parte-del-centro-de-jubilados-y-pensionados-de-tres-arroyos\/","name":"Est\u00e1 en plena organizaci\u00f3n una gran cena baile por parte del Centro de Jubilados y Pensionados de Tres Arroyos. - 103.9 fm","isPartOf":{"@id":"https:\/\/ondauno.com.ar\/#website"},"primaryImageOfPage":{"@id":"https:\/\/ondauno.com.ar\/index.php\/2021\/11\/04\/esta-en-plena-organizacion-una-gran-cena-baile-por-parte-del-centro-de-jubilados-y-pensionados-de-tres-arroyos\/#primaryimage"},"image":{"@id":"https:\/\/ondauno.com.ar\/index.php\/2021\/11\/04\/esta-en-plena-organizacion-una-gran-cena-baile-por-parte-del-centro-de-jubilados-y-pensionados-de-tres-arroyos\/#primaryimage"},"thumbnailUrl":"https:\/\/ondauno.com.ar\/wp-content\/uploads\/2021\/03\/centro-jubilados.jpg","datePublished":"2021-11-04T13:30:30+00:00","dateModified":"2021-11-04T13:30:33+00:00","author":{"@id":"https:\/\/ondauno.com.ar\/#\/schema\/person\/201d1b68e6c75e0fd396fe5f8af5d139"},"breadcrumb":{"@id":"https:\/\/ondauno.com.ar\/index.php\/2021\/11\/04\/esta-en-plena-organizacion-una-gran-cena-baile-por-parte-del-centro-de-jubilados-y-pensionados-de-tres-arroyos\/#breadcrumb"},"inLanguage":"es-AR","potentialAction":[{"@type":"ReadAction","target":["https:\/\/ondauno.com.ar\/index.php\/2021\/11\/04\/esta-en-plena-organizacion-una-gran-cena-baile-por-parte-del-centro-de-jubilados-y-pensionados-de-tres-arroyos\/"]}]},{"@type":"ImageObject","inLanguage":"es-AR","@id":"https:\/\/ondauno.com.ar\/index.php\/2021\/11\/04\/esta-en-plena-organizacion-una-gran-cena-baile-por-parte-del-centro-de-jubilados-y-pensionados-de-tres-arroyos\/#primaryimage","url":"https:\/\/ondauno.com.ar\/wp-content\/uploads\/2021\/03\/centro-jubilados.jpg","contentUrl":"https:\/\/ondauno.com.ar\/wp-content\/uploads\/2021\/03\/centro-jubilados.jpg","width":763,"height":457},{"@type":"BreadcrumbList","@id":"https:\/\/ondauno.com.ar\/index.php\/2021\/11\/04\/esta-en-plena-organizacion-una-gran-cena-baile-por-parte-del-centro-de-jubilados-y-pensionados-de-tres-arroyos\/#breadcrumb","itemListElement":[{"@type":"ListItem","position":1,"name":"Inicio","item":"https:\/\/ondauno.com.ar\/"},{"@type":"ListItem","position":2,"name":"Est\u00e1 en plena organizaci\u00f3n una gran cena baile por parte del Centro de Jubilados y Pensionados de Tres Arroyos."}]},{"@type":"WebSite","@id":"https:\/\/ondauno.com.ar\/#website","url":"https:\/\/ondauno.com.ar\/","name":"103.9 fm","description":"LA PRIMERA RADIO MULTIMEDIA DE TRES ARROYOS","potentialAction":[{"@type":"SearchAction","target":{"@type":"EntryPoint","urlTemplate":"https:\/\/ondauno.com.ar\/?s={search_term_string}"},"query-input":"required name=search_term_string"}],"inLanguage":"es-AR"},{"@type":"Person","@id":"https:\/\/ondauno.com.ar\/#\/schema\/person\/201d1b68e6c75e0fd396fe5f8af5d139","name":"fernando garcia","image":{"@type":"ImageObject","inLanguage":"es-AR","@id":"https:\/\/ondauno.com.ar\/#\/schema\/person\/image\/","url":"https:\/\/secure.gravatar.com\/avatar\/5f7254642ad81272e79a2e69653cfdfc?s=96&d=mm&r=g","contentUrl":"https:\/\/secure.gravatar.com\/avatar\/5f7254642ad81272e79a2e69653cfdfc?s=96&d=mm&r=g","caption":"fernando garcia"},"url":"https:\/\/ondauno.com.ar\/index.php\/author\/ondaunoeditor\/"}]}},"jetpack_publicize_connections":[],"jetpack_featured_media_url":"https:\/\/ondauno.com.ar\/wp-content\/uploads\/2021\/03\/centro-jubilados.jpg","jetpack_sharing_enabled":true,"_links":{"self":[{"href":"https:\/\/ondauno.com.ar\/index.php\/wp-json\/wp\/v2\/posts\/30059","targetHints":{"allow":["GET"]}}],"collection":[{"href":"https:\/\/ondauno.com.ar\/index.php\/wp-json\/wp\/v2\/posts"}],"about":[{"href":"https:\/\/ondauno.com.ar\/index.php\/wp-json\/wp\/v2\/types\/post"}],"author":[{"embeddable":true,"href":"https:\/\/ondauno.com.ar\/index.php\/wp-json\/wp\/v2\/users\/2"}],"replies":[{"embeddable":true,"href":"https:\/\/ondauno.com.ar\/index.php\/wp-json\/wp\/v2\/comments?post=30059"}],"version-history":[{"count":0,"href":"https:\/\/ondauno.com.ar\/index.php\/wp-json\/wp\/v2\/posts\/30059\/revisions"}],"wp:featuredmedia":[{"embeddable":true,"href":"https:\/\/ondauno.com.ar\/index.php\/wp-json\/wp\/v2\/media\/23943"}],"wp:attachment":[{"href":"https:\/\/ondauno.com.ar\/index.php\/wp-json\/wp\/v2\/media?parent=30059"}],"wp:term":[{"taxonomy":"category","embeddable":true,"href":"https:\/\/ondauno.com.ar\/index.php\/wp-json\/wp\/v2\/categories?post=30059"},{"taxonomy":"post_tag","embeddable":true,"href":"https:\/\/ondauno.com.ar\/index.php\/wp-json\/wp\/v2\/tags?post=30059"}],"curies":[{"name":"wp","href":"https:\/\/api.w.org\/{rel}","templated":true}]}}